{"id":99781,"date":"2013-11-02T16:43:45","date_gmt":"2013-11-02T15:43:45","guid":{"rendered":"http:\/\/www.mojabochnia.pl\/?p=99781"},"modified":"2013-11-04T09:39:05","modified_gmt":"2013-11-04T08:39:05","slug":"kazanie-eschatologiczne","status":"publish","type":"post","link":"https:\/\/www.mojabochnia.pl\/?p=99781","title":{"rendered":"Zaduszkowy spacer"},"content":{"rendered":"<p>W milczeniu zapalam \u015bwieczk\u0119 na grobie, i rodzi si\u0119 we mnie pytanie, dlaczego musia\u0142e\u015b umrze\u0107 dziadku? My\u015bli te s\u0105 mocniejsze kiedy przypominam sobie babci\u0119 m\u00f3wi\u0105c\u0105: \u201eszkoda, \u017ce dziadek umar\u0142, m\u00f3g\u0142 przecie\u017c jeszcze \u017cy\u0107\u201d. Wracaj\u0105 s\u0142owa wypowiadane do mnie i koleg\u00f3w przez r\u00f3\u017cnych profesor\u00f3w na wyk\u0142adach. <em>Dzi\u0119ki Chrystusowi \u015bmier\u0107 chrze\u015bcija\u0144ska ma sens pozytywny, poniewa\u017c przez chrzest chrze\u015bcijanin ju\u017c w spos\u00f3b sakramentalny &#8222;umar\u0142 z Chrystusem&#8221;, by \u017cy\u0107 nowym \u017cyciem. Je\u017celi umieramy w \u0142asce Chrystusa, przez \u015bmier\u0107 fizyczn\u0105 wype\u0142nia si\u0119 to &#8222;umieranie z Chrystusem&#8221; i dope\u0142nia w ten spos\u00f3b nasze wszczepienie w Niego w Jego akcie odkupie\u0144czym<\/em>. Co te s\u0142owa dla mnie teraz znacz\u0105 gdy stoj\u0119 nad grobem bliskiej osoby? S\u0105 dla mnie \u017ar\u00f3d\u0142em spokoju, poniewa\u017c pokazuj\u0105 mi \u017ce przecie\u017c Ty wszed\u0142e\u015b ju\u017c do domu kochaj\u0105cego Ojca, osi\u0105gn\u0105\u0142e\u015b ju\u017c cel do kt\u00f3rego przez ca\u0142e \u017cycie zmierza\u0142e\u015b. <\/p>\n<p>\u015amier\u0107 nie oddziela nas od siebie, poniewa\u017c wszyscy zd\u0105\u017camy t\u0105 sam\u0105 drog\u0105 i odnajdziemy si\u0119 w tym samym miejscu. Nie b\u0119dziemy nigdy roz\u0142\u0105czeni, poniewa\u017c \u017cyjemy dla Chrystusa i teraz jeste\u015bmy zjednoczeni z Chrystusem, id\u0105c ku Niemu. To w\u0142a\u015bnie znacz\u0105 s\u0142owa z Ewangelii \u201eJa jestem drog\u0105, prawd\u0105 i \u017cyciem\u201d. <\/p>\n<p>W milczeniu zapalam \u015bwieczk\u0119 na grobie wujka, i rodzi si\u0119 we mnie pytanie jak b\u0119dzie z Zmartwychwstaniem? W jaki spos\u00f3b to si\u0119 odb\u0119dzie? Wracam my\u015bl\u0105 do dzisiejszego czytania ze \u015bwi\u0119tego Paw\u0142a: \u201echocia\u017c bowiem niszczeje nasz cz\u0142owiek zewn\u0119trzny, to jednak ten, kt\u00f3ry jest wewn\u0105trz, odnawia si\u0119 z dnia na dzie\u0144\u201d. Kim jest ten wewn\u0119trzny cz\u0142owiek? Okre\u015blenie to oznacza cz\u0142owieka odkupionego, ca\u0142\u0105 jego duchow\u0105 sfer\u0119 stanowi\u0105c\u0105 miejsce zamieszkania Boga; to co w cz\u0142owieku niezniszczalne, co decyduje o jego warto\u015bci autentycznej. Cz\u0142owiek odnawiaj\u0105cy si\u0119, wewn\u0119trzny &#8211; to rodz\u0105cy si\u0119 w nas ci\u0105gle na nowo przez wiar\u0119 i mi\u0142o\u015b\u0107 Chrystus, w skutek czego ca\u0142y cz\u0142owiek jest jakby stworzony na nowo, staje si\u0119 nowy. Chrystus zmartwychwsta\u0142 we w\u0142asnym ciele &#8211; \u015bwiadcz\u0105 o tym znaki m\u0119ki, jednak nie by\u0142o to Jego ziemskie cia\u0142o ale cia\u0142o chwalebne, uwielbione. Tak samo b\u0119dzie z nami, te\u017c zmartwychwstaniemy we w\u0142asnych cia\u0142ach, ale b\u0119d\u0105 one cia\u0142ami chwalebnymi.<br \/>\nStaj\u0119 przed kolejnym grobem, kt\u00f3ry jest dla mnie szczeg\u00f3lny \u2013 grobem mojej mamy. W milczeniu zapalam \u015bwieczk\u0119 na grobie, i rodzi si\u0119 we mnie pytanie &#8211; jak Ci pom\u00f3c mamo? I tu dotykam poj\u0119cia tak niezrozumia\u0142ego teraz \u201e\u015bwi\u0119tych obcowanie\u201d. Przez chrzest zostali\u015bmy w\u0142\u0105czeni do Ko\u015bcio\u0142a w kt\u00f3rym ju\u017c ci\u0105gle jeste\u015bmy. I gdy zbieramy si\u0119 na modlitw\u0119 a zw\u0142aszcza na Msz\u0119 \u015awi\u0119t\u0105 to uczestniczymy w Liturgii r\u00f3wnie\u017c z tymi kt\u00f3rzy ju\u017c odeszli do Pana. Dlatego prosimy \u015bwi\u0119tych o wstawiennictwo u Boga w naszej intencji, ale r\u00f3wnie\u017c dlatego my mo\u017cemy u Boga uprasza\u0107 mi\u0142osierdzie dla tych co odeszli z tego \u015bwiata i przebywaj\u0105 w czy\u015b\u0107cu. Mo\u017cemy to robi\u0107 modl\u0105c si\u0119 za nich, przyjmuj\u0105c w ich intencji Komuni\u0119 \u015awi\u0119t\u0105 ofiaruj\u0105c w ich intencji odpusty. <\/p>\n<p>Gdy wychodz\u0119 z cmentarza, mrok ju\u017c spowija cmentarz i wida\u0107 tysi\u0105ce zapalonych zniczy, symboli pami\u0119ci o zmar\u0142ych. Ale znicz nie jest tylko znakiem pami\u0119ci, poniewa\u017c \u015bwiat\u0142o jest symbolem Chrystusa, kt\u00f3ry jest dla nas Przewodnikiem jest \u201eDrog\u0105, Prawd\u0105 i \u017byciem\u201d. Dlatego te\u017c gdy zapalamy na grobie naszych bliskich \u015bwiat\u0142o to mo\u017ce to by\u0107 dla nas najprostsz\u0105 modlitw\u0105, w kt\u00f3rej prosimy Chrystusa by wprowadzi\u0142 naszych bliskich do Domu Ojca, jest to r\u00f3wnie\u017c wyznanie naszej wiary w zmartwychwstanie. <\/p>\n<p>Podsumowuj\u0105c: dla nas chrze\u015bcijan gr\u00f3b nie powinien by\u0107 miejscem smutku ale nadziei na to, \u017ce nasi zmarli raduj\u0105 si\u0119 przebywaniem w domu Ojca, a je\u015bli jeszcze tam nie weszli, bo musz\u0105 si\u0119 oczy\u015bci\u0107, to my mo\u017cemy im w tym pom\u00f3c naszymi modlitwami. <\/p>\n<p>\u015awi\u0119ta Teresa od Dzieci\u0105tka Jezus gdy umiera\u0142a to tak powiedzia\u0142a do siostry \u201eJa nie umieram, ja wchodz\u0119 w \u017cycie\u201d. <\/p>\n","protected":false},"excerpt":{"rendered":"<p>Dzie\u0144 Zaduszny, wyj\u0105tkowy dzie\u0144, dzie\u0144 kiedy zapominamy o tym co nas otacza, dzie\u0144 w kt\u00f3rym nasze my\u015bli dotykaj\u0105 spraw o kt\u00f3rych zazwyczaj si\u0119 nie my\u015bli, spraw kt\u00f3re nie s\u0105 modne, poniewa\u017c dotycz\u0105 przemijania, pokazuj\u0105 nam \u017ce opr\u00f3cz tego \u015bwiata jest jeszcze inny \u015bwiat, wykraczaj\u0105cy poza nasz rozum i zmys\u0142y, jeden taki dzie\u0144 w roku. <\/p>\n","protected":false},"author":1165,"featured_media":0,"comment_status":"open","ping_status":"closed","sticky":false,"template":"","format":"standard","meta":{"_acf_changed":false,"footnotes":""},"categories":[5,6250,1342],"tags":[17844,17834,17323,17365],"class_list":["post-99781","post","type-post","status-publish","format-standard","hentry","category-biezace-wydarzenia","category-tematyka","category-zycie-religijne","tag-jezus","tag-refleksje","tag-smierc","tag-wiara","main_tag-refleksje-na-niedziele"],"acf":[],"yoast_head":"<!-- This site is optimized with the Yoast SEO plugin v26.9 - https:\/\/yoast.com\/product\/yoast-seo-wordpress\/ -->\n<title>Zaduszkowy spacer - mojabochnia.pl - portal informacyjny<\/title>\n<meta name=\"robots\" content=\"index, follow, max-snippet:-1, max-image-preview:large, max-video-preview:-1\" \/>\n<link rel=\"canonical\" href=\"https:\/\/www.mojabochnia.pl\/?p=99781\" \/>\n<meta property=\"og:locale\" content=\"pl_PL\" \/>\n<meta property=\"og:type\" content=\"article\" \/>\n<meta property=\"og:title\" content=\"Zaduszkowy spacer - mojabochnia.pl - portal informacyjny\" \/>\n<meta property=\"og:description\" content=\"Dzie\u0144 Zaduszny, wyj\u0105tkowy dzie\u0144, dzie\u0144 kiedy zapominamy o tym co nas otacza, dzie\u0144 w kt\u00f3rym nasze my\u015bli dotykaj\u0105 spraw o kt\u00f3rych zazwyczaj si\u0119 nie my\u015bli, spraw kt\u00f3re nie s\u0105 modne, poniewa\u017c dotycz\u0105 przemijania, pokazuj\u0105 nam \u017ce opr\u00f3cz tego \u015bwiata jest jeszcze inny \u015bwiat, wykraczaj\u0105cy poza nasz rozum i zmys\u0142y, jeden taki dzie\u0144 w roku.\" \/>\n<meta property=\"og:url\" content=\"https:\/\/www.mojabochnia.pl\/?p=99781\" \/>\n<meta property=\"og:site_name\" content=\"mojabochnia.pl - portal informacyjny\" \/>\n<meta property=\"article:publisher\" content=\"https:\/\/www.facebook.com\/mojabochnia\" \/>\n<meta property=\"article:published_time\" content=\"2013-11-02T15:43:45+00:00\" \/>\n<meta property=\"article:modified_time\" content=\"2013-11-04T08:39:05+00:00\" \/>\n<meta name=\"author\" content=\"Grzegorz P. Bronowski\" \/>\n<meta name=\"twitter:card\" content=\"summary_large_image\" \/>\n<meta name=\"twitter:label1\" content=\"Written by\" \/>\n\t<meta name=\"twitter:data1\" content=\"Grzegorz P. Bronowski\" \/>\n\t<meta name=\"twitter:label2\" content=\"Est. reading time\" \/>\n\t<meta name=\"twitter:data2\" content=\"4 minuty\" \/>\n<script type=\"application\/ld+json\" class=\"yoast-schema-graph\">{\"@context\":\"https:\/\/schema.org\",\"@graph\":[{\"@type\":\"Article\",\"@id\":\"https:\/\/www.mojabochnia.pl\/?p=99781#article\",\"isPartOf\":{\"@id\":\"https:\/\/www.mojabochnia.pl\/?p=99781\"},\"author\":{\"name\":\"Grzegorz P. Bronowski\",\"@id\":\"https:\/\/www.mojabochnia.pl\/#\/schema\/person\/e69284965a8b760e6471c06218b14017\"},\"headline\":\"Zaduszkowy spacer\",\"datePublished\":\"2013-11-02T15:43:45+00:00\",\"dateModified\":\"2013-11-04T08:39:05+00:00\",\"mainEntityOfPage\":{\"@id\":\"https:\/\/www.mojabochnia.pl\/?p=99781\"},\"wordCount\":706,\"commentCount\":0,\"publisher\":{\"@id\":\"https:\/\/www.mojabochnia.pl\/#organization\"},\"keywords\":[\"jezus\",\"refleksje\",\"\u015bmier\u0107\",\"wiara\"],\"articleSection\":[\"2_ostatnie\",\"tematyka\",\"\u017bycie religijne\"],\"inLanguage\":\"pl-PL\",\"potentialAction\":[{\"@type\":\"CommentAction\",\"name\":\"Comment\",\"target\":[\"https:\/\/www.mojabochnia.pl\/?p=99781#respond\"]}]},{\"@type\":\"WebPage\",\"@id\":\"https:\/\/www.mojabochnia.pl\/?p=99781\",\"url\":\"https:\/\/www.mojabochnia.pl\/?p=99781\",\"name\":\"Zaduszkowy spacer - mojabochnia.pl - portal informacyjny\",\"isPartOf\":{\"@id\":\"https:\/\/www.mojabochnia.pl\/#website\"},\"datePublished\":\"2013-11-02T15:43:45+00:00\",\"dateModified\":\"2013-11-04T08:39:05+00:00\",\"breadcrumb\":{\"@id\":\"https:\/\/www.mojabochnia.pl\/?p=99781#breadcrumb\"},\"inLanguage\":\"pl-PL\",\"potentialAction\":[{\"@type\":\"ReadAction\",\"target\":[\"https:\/\/www.mojabochnia.pl\/?p=99781\"]}]},{\"@type\":\"BreadcrumbList\",\"@id\":\"https:\/\/www.mojabochnia.pl\/?p=99781#breadcrumb\",\"itemListElement\":[{\"@type\":\"ListItem\",\"position\":1,\"name\":\"Home\",\"item\":\"https:\/\/www.mojabochnia.pl\/\"},{\"@type\":\"ListItem\",\"position\":2,\"name\":\"Zaduszkowy spacer\"}]},{\"@type\":\"WebSite\",\"@id\":\"https:\/\/www.mojabochnia.pl\/#website\",\"url\":\"https:\/\/www.mojabochnia.pl\/\",\"name\":\"mojabochnia.pl - portal informacyjny\",\"description\":\"mojaBochnia to portal informacyjny o Bochni. Codziennie o Bochni piszemy i pokazujemy najwa\u017cniejsze wydarzenia\",\"publisher\":{\"@id\":\"https:\/\/www.mojabochnia.pl\/#organization\"},\"potentialAction\":[{\"@type\":\"SearchAction\",\"target\":{\"@type\":\"EntryPoint\",\"urlTemplate\":\"https:\/\/www.mojabochnia.pl\/?s={search_term_string}\"},\"query-input\":{\"@type\":\"PropertyValueSpecification\",\"valueRequired\":true,\"valueName\":\"search_term_string\"}}],\"inLanguage\":\"pl-PL\"},{\"@type\":\"Organization\",\"@id\":\"https:\/\/www.mojabochnia.pl\/#organization\",\"name\":\"mojabochnia.pl - portal informacyjny\",\"url\":\"https:\/\/www.mojabochnia.pl\/\",\"logo\":{\"@type\":\"ImageObject\",\"inLanguage\":\"pl-PL\",\"@id\":\"https:\/\/www.mojabochnia.pl\/#\/schema\/logo\/image\/\",\"url\":\"https:\/\/www.mojabochnia.pl\/wp-content\/uploads\/2017\/08\/logo-mb-opt.png\",\"contentUrl\":\"https:\/\/www.mojabochnia.pl\/wp-content\/uploads\/2017\/08\/logo-mb-opt.png\",\"width\":250,\"height\":48,\"caption\":\"mojabochnia.pl - portal informacyjny\"},\"image\":{\"@id\":\"https:\/\/www.mojabochnia.pl\/#\/schema\/logo\/image\/\"},\"sameAs\":[\"https:\/\/www.facebook.com\/mojabochnia\"]},{\"@type\":\"Person\",\"@id\":\"https:\/\/www.mojabochnia.pl\/#\/schema\/person\/e69284965a8b760e6471c06218b14017\",\"name\":\"Grzegorz P. Bronowski\",\"url\":\"https:\/\/www.mojabochnia.pl\/?author=1165\"}]}<\/script>\n<!-- \/ Yoast SEO plugin. -->","yoast_head_json":{"title":"Zaduszkowy spacer - mojabochnia.pl - portal informacyjny","robots":{"index":"index","follow":"follow","max-snippet":"max-snippet:-1","max-image-preview":"max-image-preview:large","max-video-preview":"max-video-preview:-1"},"canonical":"https:\/\/www.mojabochnia.pl\/?p=99781","og_locale":"pl_PL","og_type":"article","og_title":"Zaduszkowy spacer - mojabochnia.pl - portal informacyjny","og_description":"Dzie\u0144 Zaduszny, wyj\u0105tkowy dzie\u0144, dzie\u0144 kiedy zapominamy o tym co nas otacza, dzie\u0144 w kt\u00f3rym nasze my\u015bli dotykaj\u0105 spraw o kt\u00f3rych zazwyczaj si\u0119 nie my\u015bli, spraw kt\u00f3re nie s\u0105 modne, poniewa\u017c dotycz\u0105 przemijania, pokazuj\u0105 nam \u017ce opr\u00f3cz tego \u015bwiata jest jeszcze inny \u015bwiat, wykraczaj\u0105cy poza nasz rozum i zmys\u0142y, jeden taki dzie\u0144 w roku.","og_url":"https:\/\/www.mojabochnia.pl\/?p=99781","og_site_name":"mojabochnia.pl - portal informacyjny","article_publisher":"https:\/\/www.facebook.com\/mojabochnia","article_published_time":"2013-11-02T15:43:45+00:00","article_modified_time":"2013-11-04T08:39:05+00:00","author":"Grzegorz P. Bronowski","twitter_card":"summary_large_image","twitter_misc":{"Written by":"Grzegorz P. Bronowski","Est. reading time":"4 minuty"},"schema":{"@context":"https:\/\/schema.org","@graph":[{"@type":"Article","@id":"https:\/\/www.mojabochnia.pl\/?p=99781#article","isPartOf":{"@id":"https:\/\/www.mojabochnia.pl\/?p=99781"},"author":{"name":"Grzegorz P. Bronowski","@id":"https:\/\/www.mojabochnia.pl\/#\/schema\/person\/e69284965a8b760e6471c06218b14017"},"headline":"Zaduszkowy spacer","datePublished":"2013-11-02T15:43:45+00:00","dateModified":"2013-11-04T08:39:05+00:00","mainEntityOfPage":{"@id":"https:\/\/www.mojabochnia.pl\/?p=99781"},"wordCount":706,"commentCount":0,"publisher":{"@id":"https:\/\/www.mojabochnia.pl\/#organization"},"keywords":["jezus","refleksje","\u015bmier\u0107","wiara"],"articleSection":["2_ostatnie","tematyka","\u017bycie religijne"],"inLanguage":"pl-PL","potentialAction":[{"@type":"CommentAction","name":"Comment","target":["https:\/\/www.mojabochnia.pl\/?p=99781#respond"]}]},{"@type":"WebPage","@id":"https:\/\/www.mojabochnia.pl\/?p=99781","url":"https:\/\/www.mojabochnia.pl\/?p=99781","name":"Zaduszkowy spacer - mojabochnia.pl - portal informacyjny","isPartOf":{"@id":"https:\/\/www.mojabochnia.pl\/#website"},"datePublished":"2013-11-02T15:43:45+00:00","dateModified":"2013-11-04T08:39:05+00:00","breadcrumb":{"@id":"https:\/\/www.mojabochnia.pl\/?p=99781#breadcrumb"},"inLanguage":"pl-PL","potentialAction":[{"@type":"ReadAction","target":["https:\/\/www.mojabochnia.pl\/?p=99781"]}]},{"@type":"BreadcrumbList","@id":"https:\/\/www.mojabochnia.pl\/?p=99781#breadcrumb","itemListElement":[{"@type":"ListItem","position":1,"name":"Home","item":"https:\/\/www.mojabochnia.pl\/"},{"@type":"ListItem","position":2,"name":"Zaduszkowy spacer"}]},{"@type":"WebSite","@id":"https:\/\/www.mojabochnia.pl\/#website","url":"https:\/\/www.mojabochnia.pl\/","name":"mojabochnia.pl - portal informacyjny","description":"mojaBochnia to portal informacyjny o Bochni. Codziennie o Bochni piszemy i pokazujemy najwa\u017cniejsze wydarzenia","publisher":{"@id":"https:\/\/www.mojabochnia.pl\/#organization"},"potentialAction":[{"@type":"SearchAction","target":{"@type":"EntryPoint","urlTemplate":"https:\/\/www.mojabochnia.pl\/?s={search_term_string}"},"query-input":{"@type":"PropertyValueSpecification","valueRequired":true,"valueName":"search_term_string"}}],"inLanguage":"pl-PL"},{"@type":"Organization","@id":"https:\/\/www.mojabochnia.pl\/#organization","name":"mojabochnia.pl - portal informacyjny","url":"https:\/\/www.mojabochnia.pl\/","logo":{"@type":"ImageObject","inLanguage":"pl-PL","@id":"https:\/\/www.mojabochnia.pl\/#\/schema\/logo\/image\/","url":"https:\/\/www.mojabochnia.pl\/wp-content\/uploads\/2017\/08\/logo-mb-opt.png","contentUrl":"https:\/\/www.mojabochnia.pl\/wp-content\/uploads\/2017\/08\/logo-mb-opt.png","width":250,"height":48,"caption":"mojabochnia.pl - portal informacyjny"},"image":{"@id":"https:\/\/www.mojabochnia.pl\/#\/schema\/logo\/image\/"},"sameAs":["https:\/\/www.facebook.com\/mojabochnia"]},{"@type":"Person","@id":"https:\/\/www.mojabochnia.pl\/#\/schema\/person\/e69284965a8b760e6471c06218b14017","name":"Grzegorz P. Bronowski","url":"https:\/\/www.mojabochnia.pl\/?author=1165"}]}},"_links":{"self":[{"href":"https:\/\/www.mojabochnia.pl\/index.php?rest_route=\/wp\/v2\/posts\/99781","targetHints":{"allow":["GET"]}}],"collection":[{"href":"https:\/\/www.mojabochnia.pl\/index.php?rest_route=\/wp\/v2\/posts"}],"about":[{"href":"https:\/\/www.mojabochnia.pl\/index.php?rest_route=\/wp\/v2\/types\/post"}],"author":[{"embeddable":true,"href":"https:\/\/www.mojabochnia.pl\/index.php?rest_route=\/wp\/v2\/users\/1165"}],"replies":[{"embeddable":true,"href":"https:\/\/www.mojabochnia.pl\/index.php?rest_route=%2Fwp%2Fv2%2Fcomments&post=99781"}],"version-history":[{"count":5,"href":"https:\/\/www.mojabochnia.pl\/index.php?rest_route=\/wp\/v2\/posts\/99781\/revisions"}],"predecessor-version":[{"id":99805,"href":"https:\/\/www.mojabochnia.pl\/index.php?rest_route=\/wp\/v2\/posts\/99781\/revisions\/99805"}],"wp:attachment":[{"href":"https:\/\/www.mojabochnia.pl\/index.php?rest_route=%2Fwp%2Fv2%2Fmedia&parent=99781"}],"wp:term":[{"taxonomy":"category","embeddable":true,"href":"https:\/\/www.mojabochnia.pl\/index.php?rest_route=%2Fwp%2Fv2%2Fcategories&post=99781"},{"taxonomy":"post_tag","embeddable":true,"href":"https:\/\/www.mojabochnia.pl\/index.php?rest_route=%2Fwp%2Fv2%2Ftags&post=99781"}],"curies":[{"name":"wp","href":"https:\/\/api.w.org\/{rel}","templated":true}]}}