{"id":99389,"date":"2013-10-26T07:44:52","date_gmt":"2013-10-26T05:44:52","guid":{"rendered":"http:\/\/www.mojabochnia.pl\/?p=99389"},"modified":"2013-10-25T16:45:38","modified_gmt":"2013-10-25T14:45:38","slug":"medale-dla-wyroznionych-pedagogow","status":"publish","type":"post","link":"https:\/\/www.mojabochnia.pl\/?p=99389","title":{"rendered":"Medale dla wyr\u00f3\u017cnionych pedagog\u00f3w"},"content":{"rendered":"<p>W gronie os\u00f3b wyr\u00f3\u017cnionych znalaz\u0142a si\u0119 liczna reprezentacja nauczycieli szk\u00f3\u0142 ponadgimnazjalnych z terenu powiatu boche\u0144skiego, kt\u00f3rzy przyj\u0119li wyr\u00f3\u017cnienia z r\u0105k Wicewojewody Ma\u0142opolskiego Andrzeja Har\u0119\u017alaka i Ma\u0142opolskiego Kuratora O\u015bwiaty Aleksandra Palczewskiego.<\/p>\n<p><strong>Lista wyr\u00f3\u017cnionych:<\/p>\n<p>Nagroda Ma\u0142opolskiego Kuratora O\u015bwiaty:<\/strong><br \/>\n1. Alicja D\u0105browska \u2013 Zesp\u00f3\u0142 Szk\u00f3\u0142 Nr 3 w Bochni<\/p>\n<p><strong>Medal Z\u0142oty za d\u0142ugoletni\u0105 s\u0142u\u017cb\u0119:<\/strong><br \/>\n1. Anna Jop \u2013 Zesp\u00f3\u0142 Szk\u00f3\u0142 w D\u0105browicy<\/p>\n<p><strong>Medal srebrny za d\u0142ugoletni\u0105 s\u0142u\u017cb\u0119:<\/strong><br \/>\n1. El\u017cbieta Madej &#8211; Zesp\u00f3\u0142 Szk\u00f3\u0142 Nr 3 w Bochni<br \/>\n2. Ma\u0142gorzata Pietraszko &#8211; Zesp\u00f3\u0142 Szk\u00f3\u0142 Nr 3 w Bochni<br \/>\n3. Barbara Sieczka &#8211; Zesp\u00f3\u0142 Szk\u00f3\u0142 Nr 3 w Bochni<br \/>\n4. Maria Wi\u0119cek &#8211; Zesp\u00f3\u0142 Szk\u00f3\u0142 Nr 3 w Bochni<br \/>\n5. Anna Biernat &#8211; Zesp\u00f3\u0142 Szk\u00f3\u0142 w D\u0105browicy<br \/>\n6. Bogus\u0142aw Janik &#8211; Zesp\u00f3\u0142 Szk\u00f3\u0142 w D\u0105browicy<br \/>\n7. Joanna Stano &#8211; Specjalny O\u015brodek Szkolno \u2013 Wychowawczy w Bochni<br \/>\n8. Ewa Kozak &#8211; Specjalny O\u015brodek Szkolno \u2013 Wychowawczy w Bochni<\/p>\n<p><strong>Medal br\u0105zowy za d\u0142ugoletni\u0105 s\u0142u\u017cb\u0119:<\/strong><br \/>\n1. Piotr Czekaj &#8211; Zesp\u00f3\u0142 Szk\u00f3\u0142 Nr 3 w Bochni<br \/>\n2. Lucyna Korta &#8211; Zesp\u00f3\u0142 Szk\u00f3\u0142 Nr 3 w Bochni<br \/>\n3. Anna Kurkiewicz &#8211; Zesp\u00f3\u0142 Szk\u00f3\u0142 Nr 3 w Bochni<br \/>\n4. Katarzyna Wojas &#8211; Zesp\u00f3\u0142 Szk\u00f3\u0142 Nr 3 w Bochni<br \/>\n5. Agnieszka Skoczek &#8211; Specjalny O\u015brodek Szkolno \u2013 Wychowawczy w Bochni<\/p>\n<p><strong>Medal Komisji Edukacji Narodowej:<\/strong><br \/>\n1. Lucyna Korta &#8211; Zesp\u00f3\u0142 Szk\u00f3\u0142 Nr 3 w Bochni<br \/>\n2. Teresa Jaszczy\u0144ska \u2013 Specjalny O\u015brodek Szkolno \u2013 Wychowawczy w Bochni<\/p>\n<p><strong>Srebrny Krzy\u017c Zas\u0142ugi:<\/strong><br \/>\n1. Bo\u017cena Gogola Basi\u0144ska &#8211; Specjalny O\u015brodek Szkolno \u2013 Wychowawczy w Bochni<br \/>\n2. Beata Tyszkowska &#8211; Specjalny O\u015brodek Szkolno \u2013 Wychowawczy w Bochni<\/p>\n<p><strong>Br\u0105zowy Krzy\u017c Zas\u0142ugi:<\/strong><br \/>\n1. Monika Synowiec-P\u0142onka &#8211; Specjalny O\u015brodek Szkolno \u2013 Wychowawczy w Bochni<\/p>\n\t  \r\n\t\r\n\t    <div class=\"mb-gallery\">\r\n\t    <a href=\"https:\/\/www.mojabochnia.pl\/?attachment_id=99391\" class=\"\"><img loading=\"lazy\" decoding=\"async\" width=\"100\" height=\"56\" src=\"https:\/\/www.mojabochnia.pl\/wp-content\/uploads\/2013\/10\/DSCF0993-120x67.jpg\" class=\"attachment-100x100 size-100x100\" alt=\"\" srcset=\"https:\/\/www.mojabochnia.pl\/wp-content\/uploads\/2013\/10\/DSCF0993-120x67.jpg 120w, https:\/\/www.mojabochnia.pl\/wp-content\/uploads\/2013\/10\/DSCF0993-468x263.jpg 468w, https:\/\/www.mojabochnia.pl\/wp-content\/uploads\/2013\/10\/DSCF0993-660x371.jpg 660w, https:\/\/www.mojabochnia.pl\/wp-content\/uploads\/2013\/10\/DSCF0993.jpg 800w\" sizes=\"auto, (max-width: 100px) 100vw, 100px\" \/><\/a><a href=\"https:\/\/www.mojabochnia.pl\/?attachment_id=99392\" class=\"\"><img loading=\"lazy\" decoding=\"async\" width=\"100\" height=\"56\" src=\"https:\/\/www.mojabochnia.pl\/wp-content\/uploads\/2013\/10\/DSCF1021-120x67.jpg\" class=\"attachment-100x100 size-100x100\" alt=\"\" srcset=\"https:\/\/www.mojabochnia.pl\/wp-content\/uploads\/2013\/10\/DSCF1021-120x67.jpg 120w, https:\/\/www.mojabochnia.pl\/wp-content\/uploads\/2013\/10\/DSCF1021-468x263.jpg 468w, https:\/\/www.mojabochnia.pl\/wp-content\/uploads\/2013\/10\/DSCF1021-660x371.jpg 660w, https:\/\/www.mojabochnia.pl\/wp-content\/uploads\/2013\/10\/DSCF1021.jpg 800w\" sizes=\"auto, (max-width: 100px) 100vw, 100px\" \/><\/a><a href=\"https:\/\/www.mojabochnia.pl\/?attachment_id=99393\" class=\"\"><img loading=\"lazy\" decoding=\"async\" width=\"100\" height=\"56\" src=\"https:\/\/www.mojabochnia.pl\/wp-content\/uploads\/2013\/10\/DSCF1042-120x67.jpg\" class=\"attachment-100x100 size-100x100\" alt=\"\" srcset=\"https:\/\/www.mojabochnia.pl\/wp-content\/uploads\/2013\/10\/DSCF1042-120x67.jpg 120w, https:\/\/www.mojabochnia.pl\/wp-content\/uploads\/2013\/10\/DSCF1042-468x263.jpg 468w, https:\/\/www.mojabochnia.pl\/wp-content\/uploads\/2013\/10\/DSCF1042-660x371.jpg 660w, https:\/\/www.mojabochnia.pl\/wp-content\/uploads\/2013\/10\/DSCF1042.jpg 800w\" sizes=\"auto, (max-width: 100px) 100vw, 100px\" \/><\/a><a href=\"https:\/\/www.mojabochnia.pl\/?attachment_id=99394\" class=\"\"><img loading=\"lazy\" decoding=\"async\" width=\"100\" height=\"56\" src=\"https:\/\/www.mojabochnia.pl\/wp-content\/uploads\/2013\/10\/DSCF1051-120x67.jpg\" class=\"attachment-100x100 size-100x100\" alt=\"\" srcset=\"https:\/\/www.mojabochnia.pl\/wp-content\/uploads\/2013\/10\/DSCF1051-120x67.jpg 120w, https:\/\/www.mojabochnia.pl\/wp-content\/uploads\/2013\/10\/DSCF1051-468x263.jpg 468w, https:\/\/www.mojabochnia.pl\/wp-content\/uploads\/2013\/10\/DSCF1051-660x371.jpg 660w, https:\/\/www.mojabochnia.pl\/wp-content\/uploads\/2013\/10\/DSCF1051.jpg 800w\" sizes=\"auto, (max-width: 100px) 100vw, 100px\" \/><\/a><a href=\"https:\/\/www.mojabochnia.pl\/?attachment_id=99395\" class=\"\"><img loading=\"lazy\" decoding=\"async\" width=\"100\" height=\"56\" src=\"https:\/\/www.mojabochnia.pl\/wp-content\/uploads\/2013\/10\/DSCF1058-120x67.jpg\" class=\"attachment-100x100 size-100x100\" alt=\"\" srcset=\"https:\/\/www.mojabochnia.pl\/wp-content\/uploads\/2013\/10\/DSCF1058-120x67.jpg 120w, https:\/\/www.mojabochnia.pl\/wp-content\/uploads\/2013\/10\/DSCF1058-468x263.jpg 468w, https:\/\/www.mojabochnia.pl\/wp-content\/uploads\/2013\/10\/DSCF1058-660x371.jpg 660w, https:\/\/www.mojabochnia.pl\/wp-content\/uploads\/2013\/10\/DSCF1058.jpg 800w\" sizes=\"auto, (max-width: 100px) 100vw, 100px\" \/><\/a><a href=\"https:\/\/www.mojabochnia.pl\/?attachment_id=99396\" class=\"\"><img loading=\"lazy\" decoding=\"async\" width=\"100\" height=\"56\" src=\"https:\/\/www.mojabochnia.pl\/wp-content\/uploads\/2013\/10\/m2-120x67.jpg\" class=\"attachment-100x100 size-100x100\" alt=\"\" srcset=\"https:\/\/www.mojabochnia.pl\/wp-content\/uploads\/2013\/10\/m2-120x67.jpg 120w, https:\/\/www.mojabochnia.pl\/wp-content\/uploads\/2013\/10\/m2-468x263.jpg 468w, https:\/\/www.mojabochnia.pl\/wp-content\/uploads\/2013\/10\/m2-660x371.jpg 660w, https:\/\/www.mojabochnia.pl\/wp-content\/uploads\/2013\/10\/m2.jpg 800w\" sizes=\"auto, (max-width: 100px) 100vw, 100px\" \/><\/a>\t    <\/div>\r\n\t    ","protected":false},"excerpt":{"rendered":"<p>W zwi\u0105zku z Dniem Edukacji Narodowej 24 pa\u017adziernika w Delegaturze Ma\u0142opolskiego Urz\u0119du Wojew\u00f3dzkiego w Tarnowie odby\u0142a si\u0119 ceremonia wr\u0119czania nagr\u00f3d i odznacze\u0144 dla szczeg\u00f3lnie zas\u0142u\u017conych pedagog\u00f3w.<\/p>\n","protected":false},"author":13,"featured_media":0,"comment_status":"open","ping_status":"closed","sticky":false,"template":"","format":"standard","meta":{"_acf_changed":false,"footnotes":""},"categories":[5,6247,6246,6251,6250],"tags":[1133,17736,17249,17383],"class_list":["post-99389","post","type-post","status-publish","format-standard","hentry","category-biezace-wydarzenia","category-fotogaleria","category-medium","category-polityka-i-wydarzenia","category-tematyka","tag-dzien-nauczyciela","tag-nauczyciel","tag-szkola","tag-wyroznienie","main_tag-szkola"],"acf":[],"yoast_head":"<!-- This site is optimized with the Yoast SEO plugin v26.9 - https:\/\/yoast.com\/product\/yoast-seo-wordpress\/ -->\n<title>Medale dla wyr\u00f3\u017cnionych pedagog\u00f3w - mojabochnia.pl - portal informacyjny<\/title>\n<meta name=\"robots\" content=\"index, follow, max-snippet:-1, max-image-preview:large, max-video-preview:-1\" \/>\n<link rel=\"canonical\" href=\"https:\/\/www.mojabochnia.pl\/?p=99389\" \/>\n<meta property=\"og:locale\" content=\"pl_PL\" \/>\n<meta property=\"og:type\" content=\"article\" \/>\n<meta property=\"og:title\" content=\"Medale dla wyr\u00f3\u017cnionych pedagog\u00f3w - mojabochnia.pl - portal informacyjny\" \/>\n<meta property=\"og:description\" content=\"W zwi\u0105zku z Dniem Edukacji Narodowej 24 pa\u017adziernika w Delegaturze Ma\u0142opolskiego Urz\u0119du Wojew\u00f3dzkiego w Tarnowie odby\u0142a si\u0119 ceremonia wr\u0119czania nagr\u00f3d i odznacze\u0144 dla szczeg\u00f3lnie zas\u0142u\u017conych pedagog\u00f3w.\" \/>\n<meta property=\"og:url\" content=\"https:\/\/www.mojabochnia.pl\/?p=99389\" \/>\n<meta property=\"og:site_name\" content=\"mojabochnia.pl - portal informacyjny\" \/>\n<meta property=\"article:publisher\" content=\"https:\/\/www.facebook.com\/mojabochnia\" \/>\n<meta property=\"article:published_time\" content=\"2013-10-26T05:44:52+00:00\" \/>\n<meta name=\"author\" content=\"redakcja\" \/>\n<meta name=\"twitter:card\" content=\"summary_large_image\" \/>\n<meta name=\"twitter:label1\" content=\"Written by\" \/>\n\t<meta name=\"twitter:data1\" content=\"redakcja\" \/>\n\t<meta name=\"twitter:label2\" content=\"Est. reading time\" \/>\n\t<meta name=\"twitter:data2\" content=\"1 minuta\" \/>\n<script type=\"application\/ld+json\" class=\"yoast-schema-graph\">{\"@context\":\"https:\/\/schema.org\",\"@graph\":[{\"@type\":\"Article\",\"@id\":\"https:\/\/www.mojabochnia.pl\/?p=99389#article\",\"isPartOf\":{\"@id\":\"https:\/\/www.mojabochnia.pl\/?p=99389\"},\"author\":{\"name\":\"redakcja\",\"@id\":\"https:\/\/www.mojabochnia.pl\/#\/schema\/person\/7e2f20ead9902216a3384f13606c0ab7\"},\"headline\":\"Medale dla wyr\u00f3\u017cnionych pedagog\u00f3w\",\"datePublished\":\"2013-10-26T05:44:52+00:00\",\"mainEntityOfPage\":{\"@id\":\"https:\/\/www.mojabochnia.pl\/?p=99389\"},\"wordCount\":277,\"commentCount\":0,\"publisher\":{\"@id\":\"https:\/\/www.mojabochnia.pl\/#organization\"},\"keywords\":[\"dzie\u0144 nauczyciela\",\"nauczyciel\",\"szko\u0142a\",\"wyr\u00f3\u017cnienie\"],\"articleSection\":[\"2_ostatnie\",\"fotogaleria\",\"Medium\",\"polityka i wydarzenia\",\"tematyka\"],\"inLanguage\":\"pl-PL\",\"potentialAction\":[{\"@type\":\"CommentAction\",\"name\":\"Comment\",\"target\":[\"https:\/\/www.mojabochnia.pl\/?p=99389#respond\"]}]},{\"@type\":\"WebPage\",\"@id\":\"https:\/\/www.mojabochnia.pl\/?p=99389\",\"url\":\"https:\/\/www.mojabochnia.pl\/?p=99389\",\"name\":\"Medale dla wyr\u00f3\u017cnionych pedagog\u00f3w - mojabochnia.pl - portal informacyjny\",\"isPartOf\":{\"@id\":\"https:\/\/www.mojabochnia.pl\/#website\"},\"datePublished\":\"2013-10-26T05:44:52+00:00\",\"breadcrumb\":{\"@id\":\"https:\/\/www.mojabochnia.pl\/?p=99389#breadcrumb\"},\"inLanguage\":\"pl-PL\",\"potentialAction\":[{\"@type\":\"ReadAction\",\"target\":[\"https:\/\/www.mojabochnia.pl\/?p=99389\"]}]},{\"@type\":\"BreadcrumbList\",\"@id\":\"https:\/\/www.mojabochnia.pl\/?p=99389#breadcrumb\",\"itemListElement\":[{\"@type\":\"ListItem\",\"position\":1,\"name\":\"Home\",\"item\":\"https:\/\/www.mojabochnia.pl\/\"},{\"@type\":\"ListItem\",\"position\":2,\"name\":\"Medale dla wyr\u00f3\u017cnionych pedagog\u00f3w\"}]},{\"@type\":\"WebSite\",\"@id\":\"https:\/\/www.mojabochnia.pl\/#website\",\"url\":\"https:\/\/www.mojabochnia.pl\/\",\"name\":\"mojabochnia.pl - portal informacyjny\",\"description\":\"mojaBochnia to portal informacyjny o Bochni. Codziennie o Bochni piszemy i pokazujemy najwa\u017cniejsze wydarzenia\",\"publisher\":{\"@id\":\"https:\/\/www.mojabochnia.pl\/#organization\"},\"potentialAction\":[{\"@type\":\"SearchAction\",\"target\":{\"@type\":\"EntryPoint\",\"urlTemplate\":\"https:\/\/www.mojabochnia.pl\/?s={search_term_string}\"},\"query-input\":{\"@type\":\"PropertyValueSpecification\",\"valueRequired\":true,\"valueName\":\"search_term_string\"}}],\"inLanguage\":\"pl-PL\"},{\"@type\":\"Organization\",\"@id\":\"https:\/\/www.mojabochnia.pl\/#organization\",\"name\":\"mojabochnia.pl - portal informacyjny\",\"url\":\"https:\/\/www.mojabochnia.pl\/\",\"logo\":{\"@type\":\"ImageObject\",\"inLanguage\":\"pl-PL\",\"@id\":\"https:\/\/www.mojabochnia.pl\/#\/schema\/logo\/image\/\",\"url\":\"https:\/\/www.mojabochnia.pl\/wp-content\/uploads\/2017\/08\/logo-mb-opt.png\",\"contentUrl\":\"https:\/\/www.mojabochnia.pl\/wp-content\/uploads\/2017\/08\/logo-mb-opt.png\",\"width\":250,\"height\":48,\"caption\":\"mojabochnia.pl - portal informacyjny\"},\"image\":{\"@id\":\"https:\/\/www.mojabochnia.pl\/#\/schema\/logo\/image\/\"},\"sameAs\":[\"https:\/\/www.facebook.com\/mojabochnia\"]},{\"@type\":\"Person\",\"@id\":\"https:\/\/www.mojabochnia.pl\/#\/schema\/person\/7e2f20ead9902216a3384f13606c0ab7\",\"name\":\"redakcja\",\"sameAs\":[\"http:\/\/\"],\"url\":\"https:\/\/www.mojabochnia.pl\/?author=13\"}]}<\/script>\n<!-- \/ Yoast SEO plugin. -->","yoast_head_json":{"title":"Medale dla wyr\u00f3\u017cnionych pedagog\u00f3w - mojabochnia.pl - portal informacyjny","robots":{"index":"index","follow":"follow","max-snippet":"max-snippet:-1","max-image-preview":"max-image-preview:large","max-video-preview":"max-video-preview:-1"},"canonical":"https:\/\/www.mojabochnia.pl\/?p=99389","og_locale":"pl_PL","og_type":"article","og_title":"Medale dla wyr\u00f3\u017cnionych pedagog\u00f3w - mojabochnia.pl - portal informacyjny","og_description":"W zwi\u0105zku z Dniem Edukacji Narodowej 24 pa\u017adziernika w Delegaturze Ma\u0142opolskiego Urz\u0119du Wojew\u00f3dzkiego w Tarnowie odby\u0142a si\u0119 ceremonia wr\u0119czania nagr\u00f3d i odznacze\u0144 dla szczeg\u00f3lnie zas\u0142u\u017conych pedagog\u00f3w.","og_url":"https:\/\/www.mojabochnia.pl\/?p=99389","og_site_name":"mojabochnia.pl - portal informacyjny","article_publisher":"https:\/\/www.facebook.com\/mojabochnia","article_published_time":"2013-10-26T05:44:52+00:00","author":"redakcja","twitter_card":"summary_large_image","twitter_misc":{"Written by":"redakcja","Est. reading time":"1 minuta"},"schema":{"@context":"https:\/\/schema.org","@graph":[{"@type":"Article","@id":"https:\/\/www.mojabochnia.pl\/?p=99389#article","isPartOf":{"@id":"https:\/\/www.mojabochnia.pl\/?p=99389"},"author":{"name":"redakcja","@id":"https:\/\/www.mojabochnia.pl\/#\/schema\/person\/7e2f20ead9902216a3384f13606c0ab7"},"headline":"Medale dla wyr\u00f3\u017cnionych pedagog\u00f3w","datePublished":"2013-10-26T05:44:52+00:00","mainEntityOfPage":{"@id":"https:\/\/www.mojabochnia.pl\/?p=99389"},"wordCount":277,"commentCount":0,"publisher":{"@id":"https:\/\/www.mojabochnia.pl\/#organization"},"keywords":["dzie\u0144 nauczyciela","nauczyciel","szko\u0142a","wyr\u00f3\u017cnienie"],"articleSection":["2_ostatnie","fotogaleria","Medium","polityka i wydarzenia","tematyka"],"inLanguage":"pl-PL","potentialAction":[{"@type":"CommentAction","name":"Comment","target":["https:\/\/www.mojabochnia.pl\/?p=99389#respond"]}]},{"@type":"WebPage","@id":"https:\/\/www.mojabochnia.pl\/?p=99389","url":"https:\/\/www.mojabochnia.pl\/?p=99389","name":"Medale dla wyr\u00f3\u017cnionych pedagog\u00f3w - mojabochnia.pl - portal informacyjny","isPartOf":{"@id":"https:\/\/www.mojabochnia.pl\/#website"},"datePublished":"2013-10-26T05:44:52+00:00","breadcrumb":{"@id":"https:\/\/www.mojabochnia.pl\/?p=99389#breadcrumb"},"inLanguage":"pl-PL","potentialAction":[{"@type":"ReadAction","target":["https:\/\/www.mojabochnia.pl\/?p=99389"]}]},{"@type":"BreadcrumbList","@id":"https:\/\/www.mojabochnia.pl\/?p=99389#breadcrumb","itemListElement":[{"@type":"ListItem","position":1,"name":"Home","item":"https:\/\/www.mojabochnia.pl\/"},{"@type":"ListItem","position":2,"name":"Medale dla wyr\u00f3\u017cnionych pedagog\u00f3w"}]},{"@type":"WebSite","@id":"https:\/\/www.mojabochnia.pl\/#website","url":"https:\/\/www.mojabochnia.pl\/","name":"mojabochnia.pl - portal informacyjny","description":"mojaBochnia to portal informacyjny o Bochni. Codziennie o Bochni piszemy i pokazujemy najwa\u017cniejsze wydarzenia","publisher":{"@id":"https:\/\/www.mojabochnia.pl\/#organization"},"potentialAction":[{"@type":"SearchAction","target":{"@type":"EntryPoint","urlTemplate":"https:\/\/www.mojabochnia.pl\/?s={search_term_string}"},"query-input":{"@type":"PropertyValueSpecification","valueRequired":true,"valueName":"search_term_string"}}],"inLanguage":"pl-PL"},{"@type":"Organization","@id":"https:\/\/www.mojabochnia.pl\/#organization","name":"mojabochnia.pl - portal informacyjny","url":"https:\/\/www.mojabochnia.pl\/","logo":{"@type":"ImageObject","inLanguage":"pl-PL","@id":"https:\/\/www.mojabochnia.pl\/#\/schema\/logo\/image\/","url":"https:\/\/www.mojabochnia.pl\/wp-content\/uploads\/2017\/08\/logo-mb-opt.png","contentUrl":"https:\/\/www.mojabochnia.pl\/wp-content\/uploads\/2017\/08\/logo-mb-opt.png","width":250,"height":48,"caption":"mojabochnia.pl - portal informacyjny"},"image":{"@id":"https:\/\/www.mojabochnia.pl\/#\/schema\/logo\/image\/"},"sameAs":["https:\/\/www.facebook.com\/mojabochnia"]},{"@type":"Person","@id":"https:\/\/www.mojabochnia.pl\/#\/schema\/person\/7e2f20ead9902216a3384f13606c0ab7","name":"redakcja","sameAs":["http:\/\/"],"url":"https:\/\/www.mojabochnia.pl\/?author=13"}]}},"_links":{"self":[{"href":"https:\/\/www.mojabochnia.pl\/index.php?rest_route=\/wp\/v2\/posts\/99389","targetHints":{"allow":["GET"]}}],"collection":[{"href":"https:\/\/www.mojabochnia.pl\/index.php?rest_route=\/wp\/v2\/posts"}],"about":[{"href":"https:\/\/www.mojabochnia.pl\/index.php?rest_route=\/wp\/v2\/types\/post"}],"author":[{"embeddable":true,"href":"https:\/\/www.mojabochnia.pl\/index.php?rest_route=\/wp\/v2\/users\/13"}],"replies":[{"embeddable":true,"href":"https:\/\/www.mojabochnia.pl\/index.php?rest_route=%2Fwp%2Fv2%2Fcomments&post=99389"}],"version-history":[{"count":4,"href":"https:\/\/www.mojabochnia.pl\/index.php?rest_route=\/wp\/v2\/posts\/99389\/revisions"}],"predecessor-version":[{"id":99399,"href":"https:\/\/www.mojabochnia.pl\/index.php?rest_route=\/wp\/v2\/posts\/99389\/revisions\/99399"}],"wp:attachment":[{"href":"https:\/\/www.mojabochnia.pl\/index.php?rest_route=%2Fwp%2Fv2%2Fmedia&parent=99389"}],"wp:term":[{"taxonomy":"category","embeddable":true,"href":"https:\/\/www.mojabochnia.pl\/index.php?rest_route=%2Fwp%2Fv2%2Fcategories&post=99389"},{"taxonomy":"post_tag","embeddable":true,"href":"https:\/\/www.mojabochnia.pl\/index.php?rest_route=%2Fwp%2Fv2%2Ftags&post=99389"}],"curies":[{"name":"wp","href":"https:\/\/api.w.org\/{rel}","templated":true}]}}