{"id":99008,"date":"2013-10-19T21:10:37","date_gmt":"2013-10-19T19:10:37","guid":{"rendered":"http:\/\/www.mojabochnia.pl\/?p=99008"},"modified":"2013-10-21T09:48:59","modified_gmt":"2013-10-21T07:48:59","slug":"marsz-dla-zycia-i-rodziny-w-bochni-szczegoly","status":"publish","type":"post","link":"https:\/\/www.mojabochnia.pl\/?p=99008","title":{"rendered":"Marsz dla \u017bycia i Rodziny w Bochni &#8211; szczeg\u00f3\u0142y"},"content":{"rendered":"<p>Marsz dla \u017bycia i Rodziny w Bochni wpisze si\u0119 w obchody XIII Dnia Papieskiego, kt\u00f3rego tegoroczne has\u0142o brzmi: Jan Pawe\u0142 II \u2013 Papie\u017c dialogu. Patronat honorowy nad marszem obj\u0119li biskup tarnowski Andrzej Je\u017c oraz burmistrz Bochni Stefan Kolawi\u0144ski. Dotychczas takie marsze odby\u0142y si\u0119 w Tarnowie (dwukrotnie), Nowym S\u0105czu i Mielcu. Pierwszy z nich zorganizowano jesieni\u0105 1996 r. z inicjatywy tarnowskich \u015brodowisk ko\u015bcielnych i spo\u0142ecznych.<\/p>\n<p><strong>Program marszu:<br \/>\n<\/strong><br \/>\nGodz. 11.00 \u2013 Ko\u015bci\u00f3\u0142 \u015bw. Paw\u0142a Aposto\u0142a<br \/>\nMsza \u015awi\u0119ta pod przewodnictwem biskupa tarnowskiego Andrzeja Je\u017ca<\/p>\n<p>Godz. 12.15\/12.30<br \/>\nMarsz ulicami miasta: Wyspia\u0144skiego, Nowy \u015awiat, Legion\u00f3w Polskich, Krakowskie Przedmie\u015bcie, Krakowsk\u0105, Matejki, Kazimierza Wielkiego, Rynek<\/p>\n<p>Godz. 13.30\/14.00 \u2013 rynek<br \/>\nPiknik rodzinny z rozstrzygni\u0119ciem konkursu plastycznego dla dzieci \u201eMoja rodzina\u201d<br \/>\nKoncert zespo\u0142u Siostry Jeremiasza<\/p>\n<p>&#8212;&#8212;&#8212;&#8212;&#8212;&#8212;&#8212;&#8212;&#8212;&#8212;&#8212;&#8212;&#8212;&#8212;&#8212;&#8212;&#8212;&#8212;&#8212;&#8212;&#8212;&#8212;&#8212;&#8212;&#8212;&#8212;&#8212;&#8212;-<\/p>\n<p><strong>Smaczki \u201emarszowe\u201d<\/strong><\/p>\n<p>1. Wizerunek do kampanii plakatowej marszu udost\u0119pni\u0142a 11-osobowa rodzina Kowalskich z Ostrowca \u015awi\u0119tokrzyskiego. Rodzice Iwona i Grzegorz wraz z dzie\u0107mi \u2013 pierwszym synem Jeremiaszem i jego starszymi siostrami Ann\u0105, Weronik\u0105, Agnieszk\u0105, Mari\u0105 i Gabriel\u0105 \u2013 w r\u00f3\u017cnej konfiguracji koncertuj\u0105 pod nazw\u0105 Siostry Jeremiasza. <\/p>\n<p>W Bochni zesp\u00f3\u0142 wyst\u0105pi w 7-osobowym sk\u0142adzie:<\/p>\n<p>Agnieszka (\u015bpiew g\u0142\u00f3wny, skrzypce)<br \/>\nWeronika (\u015bpiew, flet poprzeczny)<br \/>\nMaria (gitara basowa, \u015bpiew)<br \/>\nGabriela (instrumenty klawiszowe, \u015bpiew)<br \/>\nJeremiasz (perkusja)<br \/>\nIwona (skrzypce, \u015bpiew)<br \/>\nGrzegorz (gitara elektryczna)<\/p>\n<p>Zesp\u00f3\u0142 Siostry Jeremiasza istnieje od 2002 r. W dorobku ma dwie p\u0142yty: \u201eRodzina\u201d (2004) ze sztandarow\u0105 piosenk\u0105 o tym samym tytule oraz \u201eS\u0142owo\u201d (2012) z nowatorskimi kompozycjami. Autorami wszystkich tekst\u00f3w s\u0105 rodzice Iwona i Grzegorz. Muzyk\u0119 grupy charakteryzuj\u0105 ciekawe, a nawet zaskakuj\u0105ce aran\u017cacje, nie brak te\u017c w ich brzmieniu mocnych d\u017awi\u0119k\u00f3w. Nade wszystko grupa stawiaj\u0105 na warto\u015bciowe przes\u0142anie, z kt\u00f3rym pragnie dotrze\u0107 do jak najliczniejszego grona s\u0142uchaczy.<\/p>\n<p>2. Spot filmowy promuj\u0105cy marsz powsta\u0142 dzi\u0119ki wsp\u00f3\u0142pracy z Centrum Wpierania Inicjatyw dla \u017bycia i Rodziny w Warszawie. Film wpisa\u0142 si\u0119 w og\u00f3lnopolsk\u0105 akcj\u0119 promocyjn\u0105 pod nazw\u0105 \u201eKierunek: Rodzina!\u201d.<\/p>\n<p>3. Po\u015bwi\u0119cenie pomnika dziecka utraconego b\u0119dzie transmitowane na \u017cywo za po\u015brednictwem ekran\u00f3w w ko\u015bciele \u015bw. Paw\u0142a Aposto\u0142a, co stanie si\u0119 mo\u017cliwe dzi\u0119ki staraniom nauczycieli z Zespo\u0142u Szk\u00f3\u0142 nr 1 w Bochni i uczni\u00f3w Technikum Informatycznego z tej\u017ce szko\u0142y.<\/p>\n<p>4. Msza inauguruj\u0105ca marsz b\u0119dzie transmitowana na \u017cywo na falach radia RDN Ma\u0142opolska.<\/p>\n<p>5. Podczas Mszy w procesji z darami ofiarnymi na r\u0119ce g\u0142\u00f3wnego celebransa bp. Andrzeja Je\u017ca zostan\u0105 z\u0142o\u017cone m.in.:<\/p>\n<p>\u2022 Przez dzieci \u2013 tzw. ma\u0142e st\u00f3pki &#8211; znaczek przedstawiaj\u0105cy stopy 11-tygodniowego dziecka. Jest to odznaka Bractwa Ma\u0142ych St\u00f3pek, kt\u00f3re dzia\u0142a w obronie ka\u017cdego ludzkiego \u017cycia. <\/p>\n<p>\u2022 Przez m\u0142odzie\u017c \u2013 ofiary pieni\u0119\u017cne zebrane podczas XIII Dnia Papieskiego na rzecz stypendyst\u00f3w Fundacji Dzie\u0142o Nowego Tysi\u0105clecia, wspieraj\u0105cej kszta\u0142cenie m\u0142odych i zdolnych ludzi, kt\u00f3rych niejednokrotnie nie sta\u0107 na dalsz\u0105 nauk\u0119 w szkole czy studia.  <\/p>\n<p>\u2022 Przez Agnieszk\u0119 i Marka Ma\u015bla\u0144c\u00f3w, projektant\u00f3w i wykonawc\u00f3w pomnika Dziecka Utraconego \u2013 makieta tego pomnika.<\/p>\n<p>\u2022 Przez Mari\u0119 i J\u00f3zefa \u015alusarz\u00f3w, cz\u0142onk\u00f3w Stowarzyszenia Rodzin Katolickich przy parafii \u015bw. Paw\u0142a w Bochni, kt\u00f3re zainicjowa\u0142o dzie\u0142o budowy pomnika, powsta\u0142ego z mi\u0142o\u015bci do dzieci utraconych \u2013 bia\u0142e kwiaty, kt\u00f3re maj\u0105 symbolizowa\u0107 niewinno\u015b\u0107 tych przedwcze\u015bnie utraconych dzieci.<\/p>\n<p>6. Trasa marszu liczy ok. 3 km (wg mapy Google).<\/p>\n<p>7. Po raz pierwszy w historii diecezjalnych marsz\u00f3w z ich uczestnikami b\u0119dzie maszerowa\u0142 Biskup Tarnowski (hierarcha przejdzie po\u0142ow\u0119 trasy).<\/p>\n<p>8. Uczestnicy marszu zostan\u0105 \u201euzbrojeni\u201d w chor\u0105giewki z graficznymi akcentami boche\u0144skimi i z tre\u015bciami religijnymi, nawi\u0105zuj\u0105cymi do prze\u017cywanego miesi\u0105ca r\u00f3\u017ca\u0144ca (wizerunek Matki Bo\u017cej Boche\u0144skiej) oraz do peregrynacji obrazu Jezusa Mi\u0142osiernego i relikwii \u015bw. siostry Faustyny i b\u0142. Jana Paw\u0142a II w diecezji tarnowskiej (witra\u017c z ko\u015bcio\u0142a \u015bw. Paw\u0142a Aposto\u0142a w Bochni). Maszeruj\u0105cy zostan\u0105 r\u00f3wnie\u017c obdarowani kwiatami z bibu\u0142y (w liczbie 800 sztuk), przygotowanymi przez boche\u0144skich przedszkolak\u00f3w i ich opiekun\u00f3w oraz pracownik\u00f3w i uczni\u00f3w szk\u00f3\u0142 podstawowych z Bochni.<\/p>\n<p>9. Animacja marszu b\u0119dzie prowadzona z platformy ameryka\u0144skiego trucka marki Volvo, sprowadzonego ze s\u0142onecznej Kalifornii za spraw\u0105 mieszka\u0144ca powiatu boche\u0144skiego Andrzeja \u015awigosta. Platform\u0119 samochodu b\u0119dzie okrasza\u0142 baner ze scenkami z \u017cycia rodziny, namalowanymi przez uczni\u00f3w Gimnazjum nr 2 im. Cypriana Kamila Norwida w Bochni.<\/p>\n<p>10. Animacj\u0119 poprowadzi bochnianin Robert Ho\u0142da \u2013 m\u0105\u017c Joanny i tata Helenki, Jasia, Frania i ma\u0142ego dzieci\u0105tka, kt\u00f3re jest jeszcze w \u0142onie mamy.<\/p>\n<p>Udzia\u0142 w niej wezm\u0105:<br \/>\n\u2022 Dziewcz\u0119ca S\u0142u\u017cba Maryjna parafii \u015bw. Paw\u0142a Aposto\u0142a w Bochni<br \/>\n\u2022 M\u0142odzie\u017c z Gimnazjum nr 1 im. \u015bw. Kingi w Bochni<br \/>\n\u2022 M\u0142odzie\u017c z Zespo\u0142u Szk\u00f3\u0142 nr 1 im. Stanis\u0142awa Staszica w Bochni<br \/>\n\u2022 Lidia Wojewoda-Mroczek i przyjaciele<\/p>\n<p>11. Udzia\u0142 w marszu zapowiedzieli m.in.:<br \/>\n\u2022 D\u0119ta orkiestra g\u00f3rnicza z boche\u0144skiej kopalni soli<br \/>\n\u2022 Rycerze Kolumba<\/p>\n<p>12. Piknik rodzinny na rynku poprowadzi bochnianin Jan Tru\u015b \u2013 m\u0105\u017c Beaty i tata Marii, Maksymiliana i Zuzanny.<\/p>\n<p>\u2022 Wyst\u0105pienia:<br \/>\nStefan Kolawi\u0144ski \u2013 burmistrz Bochni<br \/>\nKs. dr Jan Banach \u2013 dyrektor Wydzia\u0142u Duszpasterstwa Ma\u0142\u017ce\u0144stw i Rodzin diecezji tarnowskiej<br \/>\nKs. infu\u0142at Zdzis\u0142aw Sadko \u2013 proboszcz parafii \u015bw. Miko\u0142aja biskupa w Bochni, dziekan dekanatu Bochnia-Wsch\u00f3d<br \/>\nKs. pra\u0142at Jan Nowakowski \u2013 proboszcz parafii \u015bw. Paw\u0142a Aposto\u0142a w Bochni, dziekan dekanatu Bochnia-Zach\u00f3d<\/p>\n<p>\u2022 Wr\u0119czenie nagr\u00f3d laureatom konkursu plastycznego pt. \u201eMoja rodzina\u201d w trzech kategoriach: przedszkola i klasy zerowe, klasy I-III, klasy IV-VI (szko\u0142y i przedszkola w Bochni). W ramach konkursu zg\u0142oszono 400 prac, wyr\u00f3\u017cniono 9 z nich. Kilkadziesi\u0105t prac zosta\u0142o wystawionych w prezbiterium ko\u015bcio\u0142a \u015bw. Paw\u0142a Aposto\u0142a w Bochni.<\/p>\n<p>Laureaci konkursu<\/p>\n<p>W kategorii przedszkola i klasy zerowe:<br \/>\nI miejsce \u2013 Gabrysia Bej (lat 5), Niepubliczne Przedszkole Si\u00f3str S\u0142u\u017cebniczek D\u0119bickich<br \/>\nII miejsce \u2013 Zofia Obuszko (lat 4), Miejskie Przedszkole nr 1<br \/>\nIII miejsce \u2013 Ania Olesi\u0144ska (lat 4), Miejskie Przedszkole nr 2<\/p>\n<p>W kategorii klasy I-III:<br \/>\nI miejsce \u2013 Zuzanna Kurczab, kl. IIIa, PSP 2<br \/>\nII miejsce \u2013 Patrycja Sarli\u0144ska, kl. IIId, PSP 1<br \/>\nIII miejsce \u2013 Katarzyna Szczupak, kl. IIIa, PSP 4<\/p>\n<p>W kategorii klasy IV-VI:<br \/>\nI miejsce \u2013 Julia Jeziorek, kl. V, PSP 7<br \/>\nII miejsce \u2013 Aleksandra Spyrka, kl. IVc, PSP 4<br \/>\nIII miejsce \u2013 Julia Jachowicz, kl. IVc, PSP 2<\/p>\n<p>Prace oceni\u0142a komisja plastyk\u00f3w w sk\u0142adzie: Bernadetta Gaw\u0105d i Marcin Siwy oraz ks. Maciej Gorgosz, wikariusz parafii \u015bw. Paw\u0142a Aposto\u0142a w Bochni.<\/p>\n<p>Nagrody: rodzinne karnety na zjazd do Kopalni Soli w Bochni, rodzinne karnety na Kryt\u0105 P\u0142ywalni\u0119 w Bochni, zestawy gad\u017cet\u00f3w promuj\u0105cych Bochni\u0119<\/p>\n<p>Wr\u0119czaj\u0105:<br \/>\nBurmistrz Bochni Stefan Kolawi\u0144ski<br \/>\nKs. infu\u0142at Zdzis\u0142aw Sadko<br \/>\nKs. pra\u0142at Jan Nowakowski<br \/>\n(ewentualnie tak\u017ce ks. dyrektor Jan Banach)<\/p>\n<p>\u2022 Rozprowadzanie przypinek Bractwa Ma\u0142ych St\u00f3pek ze Szczecina, z kt\u00f3rych doch\u00f3d zostanie przeznaczony na leczenie chorej na raka 2-letniej bochnianki Dorotki Botkowskiej. W\u015br\u00f3d kwestuj\u0105cych b\u0119d\u0105 m.in. rodzice dziecka i burmistrz miasta<\/p>\n<p>\u2022 Pocz\u0119stunek przygotuj\u0105: Dom Pielgrzyma \u201eBursa\u201d w Bochni, Dom Pomocy Spo\u0142ecznej w Bochni oraz kucharze rekrutuj\u0105cy si\u0119 spo\u015br\u00f3d wi\u0119\u017ani\u00f3w Zak\u0142adu Karnego w Nowym Wi\u015bniczu<\/p>\n<p>\u2022 KONCERT<br \/>\nSiostry Jeremiasza<\/p>\n<p>13. Przysz\u0142oroczny Marsz dla \u017bycia i Rodziny diecezji tarnowskiej zaplanowano w D\u0119bicy.<\/p>\n","protected":false},"excerpt":{"rendered":"<p>W niedziel\u0119 odb\u0119dzie si\u0119 w Bochni V Marsz dla \u017bycia i Rodziny w diecezji tarnowskiej. B\u0119dzie to spotkanie ludzi przywi\u0105zanych do tradycyjnych warto\u015bci rodzinnych oraz szacunku dla ka\u017cdej osoby i ka\u017cdego \u017cycia. Przedstawiamy wszystkie szczeg\u00f3\u0142y zwi\u0105zane z tym wydarzeniem.<\/p>\n","protected":false},"author":13,"featured_media":0,"comment_status":"open","ping_status":"closed","sticky":false,"template":"","format":"standard","meta":{"_acf_changed":false,"footnotes":""},"categories":[5,6250,1342],"tags":[7629,361],"class_list":["post-99008","post","type-post","status-publish","format-standard","hentry","category-biezace-wydarzenia","category-tematyka","category-zycie-religijne","tag-marsz-dla-zycia-i-rodziny","tag-parafia-sw-pawla-apostola","main_tag-rodzina"],"acf":[],"yoast_head":"<!-- This site is optimized with the Yoast SEO plugin v26.9 - https:\/\/yoast.com\/product\/yoast-seo-wordpress\/ -->\n<title>Marsz dla \u017bycia i Rodziny w Bochni - szczeg\u00f3\u0142y - mojabochnia.pl - portal informacyjny<\/title>\n<meta name=\"robots\" content=\"index, follow, max-snippet:-1, max-image-preview:large, max-video-preview:-1\" \/>\n<link rel=\"canonical\" href=\"https:\/\/www.mojabochnia.pl\/?p=99008\" \/>\n<meta property=\"og:locale\" content=\"pl_PL\" \/>\n<meta property=\"og:type\" content=\"article\" \/>\n<meta property=\"og:title\" content=\"Marsz dla \u017bycia i Rodziny w Bochni - szczeg\u00f3\u0142y - mojabochnia.pl - portal informacyjny\" \/>\n<meta property=\"og:description\" content=\"W niedziel\u0119 odb\u0119dzie si\u0119 w Bochni V Marsz dla \u017bycia i Rodziny w diecezji tarnowskiej. B\u0119dzie to spotkanie ludzi przywi\u0105zanych do tradycyjnych warto\u015bci rodzinnych oraz szacunku dla ka\u017cdej osoby i ka\u017cdego \u017cycia. Przedstawiamy wszystkie szczeg\u00f3\u0142y zwi\u0105zane z tym wydarzeniem.\" \/>\n<meta property=\"og:url\" content=\"https:\/\/www.mojabochnia.pl\/?p=99008\" \/>\n<meta property=\"og:site_name\" content=\"mojabochnia.pl - portal informacyjny\" \/>\n<meta property=\"article:publisher\" content=\"https:\/\/www.facebook.com\/mojabochnia\" \/>\n<meta property=\"article:published_time\" content=\"2013-10-19T19:10:37+00:00\" \/>\n<meta property=\"article:modified_time\" content=\"2013-10-21T07:48:59+00:00\" \/>\n<meta name=\"author\" content=\"redakcja\" \/>\n<meta name=\"twitter:card\" content=\"summary_large_image\" \/>\n<meta name=\"twitter:label1\" content=\"Written by\" \/>\n\t<meta name=\"twitter:data1\" content=\"redakcja\" \/>\n\t<meta name=\"twitter:label2\" content=\"Est. reading time\" \/>\n\t<meta name=\"twitter:data2\" content=\"6 minut\" \/>\n<script type=\"application\/ld+json\" class=\"yoast-schema-graph\">{\"@context\":\"https:\/\/schema.org\",\"@graph\":[{\"@type\":\"Article\",\"@id\":\"https:\/\/www.mojabochnia.pl\/?p=99008#article\",\"isPartOf\":{\"@id\":\"https:\/\/www.mojabochnia.pl\/?p=99008\"},\"author\":{\"name\":\"redakcja\",\"@id\":\"https:\/\/www.mojabochnia.pl\/#\/schema\/person\/7e2f20ead9902216a3384f13606c0ab7\"},\"headline\":\"Marsz dla \u017bycia i Rodziny w Bochni &#8211; szczeg\u00f3\u0142y\",\"datePublished\":\"2013-10-19T19:10:37+00:00\",\"dateModified\":\"2013-10-21T07:48:59+00:00\",\"mainEntityOfPage\":{\"@id\":\"https:\/\/www.mojabochnia.pl\/?p=99008\"},\"wordCount\":1208,\"commentCount\":0,\"publisher\":{\"@id\":\"https:\/\/www.mojabochnia.pl\/#organization\"},\"keywords\":[\"marsz dla \u017cycia i rodziny\",\"parafia \u015bw. paw\u0142a aposto\u0142a\"],\"articleSection\":[\"2_ostatnie\",\"tematyka\",\"\u017bycie religijne\"],\"inLanguage\":\"pl-PL\",\"potentialAction\":[{\"@type\":\"CommentAction\",\"name\":\"Comment\",\"target\":[\"https:\/\/www.mojabochnia.pl\/?p=99008#respond\"]}]},{\"@type\":\"WebPage\",\"@id\":\"https:\/\/www.mojabochnia.pl\/?p=99008\",\"url\":\"https:\/\/www.mojabochnia.pl\/?p=99008\",\"name\":\"Marsz dla \u017bycia i Rodziny w Bochni - szczeg\u00f3\u0142y - mojabochnia.pl - portal informacyjny\",\"isPartOf\":{\"@id\":\"https:\/\/www.mojabochnia.pl\/#website\"},\"datePublished\":\"2013-10-19T19:10:37+00:00\",\"dateModified\":\"2013-10-21T07:48:59+00:00\",\"breadcrumb\":{\"@id\":\"https:\/\/www.mojabochnia.pl\/?p=99008#breadcrumb\"},\"inLanguage\":\"pl-PL\",\"potentialAction\":[{\"@type\":\"ReadAction\",\"target\":[\"https:\/\/www.mojabochnia.pl\/?p=99008\"]}]},{\"@type\":\"BreadcrumbList\",\"@id\":\"https:\/\/www.mojabochnia.pl\/?p=99008#breadcrumb\",\"itemListElement\":[{\"@type\":\"ListItem\",\"position\":1,\"name\":\"Home\",\"item\":\"https:\/\/www.mojabochnia.pl\/\"},{\"@type\":\"ListItem\",\"position\":2,\"name\":\"Marsz dla \u017bycia i Rodziny w Bochni &#8211; szczeg\u00f3\u0142y\"}]},{\"@type\":\"WebSite\",\"@id\":\"https:\/\/www.mojabochnia.pl\/#website\",\"url\":\"https:\/\/www.mojabochnia.pl\/\",\"name\":\"mojabochnia.pl - portal informacyjny\",\"description\":\"mojaBochnia to portal informacyjny o Bochni. Codziennie o Bochni piszemy i pokazujemy najwa\u017cniejsze wydarzenia\",\"publisher\":{\"@id\":\"https:\/\/www.mojabochnia.pl\/#organization\"},\"potentialAction\":[{\"@type\":\"SearchAction\",\"target\":{\"@type\":\"EntryPoint\",\"urlTemplate\":\"https:\/\/www.mojabochnia.pl\/?s={search_term_string}\"},\"query-input\":{\"@type\":\"PropertyValueSpecification\",\"valueRequired\":true,\"valueName\":\"search_term_string\"}}],\"inLanguage\":\"pl-PL\"},{\"@type\":\"Organization\",\"@id\":\"https:\/\/www.mojabochnia.pl\/#organization\",\"name\":\"mojabochnia.pl - portal informacyjny\",\"url\":\"https:\/\/www.mojabochnia.pl\/\",\"logo\":{\"@type\":\"ImageObject\",\"inLanguage\":\"pl-PL\",\"@id\":\"https:\/\/www.mojabochnia.pl\/#\/schema\/logo\/image\/\",\"url\":\"https:\/\/www.mojabochnia.pl\/wp-content\/uploads\/2017\/08\/logo-mb-opt.png\",\"contentUrl\":\"https:\/\/www.mojabochnia.pl\/wp-content\/uploads\/2017\/08\/logo-mb-opt.png\",\"width\":250,\"height\":48,\"caption\":\"mojabochnia.pl - portal informacyjny\"},\"image\":{\"@id\":\"https:\/\/www.mojabochnia.pl\/#\/schema\/logo\/image\/\"},\"sameAs\":[\"https:\/\/www.facebook.com\/mojabochnia\"]},{\"@type\":\"Person\",\"@id\":\"https:\/\/www.mojabochnia.pl\/#\/schema\/person\/7e2f20ead9902216a3384f13606c0ab7\",\"name\":\"redakcja\",\"sameAs\":[\"http:\/\/\"],\"url\":\"https:\/\/www.mojabochnia.pl\/?author=13\"}]}<\/script>\n<!-- \/ Yoast SEO plugin. -->","yoast_head_json":{"title":"Marsz dla \u017bycia i Rodziny w Bochni - szczeg\u00f3\u0142y - mojabochnia.pl - portal informacyjny","robots":{"index":"index","follow":"follow","max-snippet":"max-snippet:-1","max-image-preview":"max-image-preview:large","max-video-preview":"max-video-preview:-1"},"canonical":"https:\/\/www.mojabochnia.pl\/?p=99008","og_locale":"pl_PL","og_type":"article","og_title":"Marsz dla \u017bycia i Rodziny w Bochni - szczeg\u00f3\u0142y - mojabochnia.pl - portal informacyjny","og_description":"W niedziel\u0119 odb\u0119dzie si\u0119 w Bochni V Marsz dla \u017bycia i Rodziny w diecezji tarnowskiej. B\u0119dzie to spotkanie ludzi przywi\u0105zanych do tradycyjnych warto\u015bci rodzinnych oraz szacunku dla ka\u017cdej osoby i ka\u017cdego \u017cycia. Przedstawiamy wszystkie szczeg\u00f3\u0142y zwi\u0105zane z tym wydarzeniem.","og_url":"https:\/\/www.mojabochnia.pl\/?p=99008","og_site_name":"mojabochnia.pl - portal informacyjny","article_publisher":"https:\/\/www.facebook.com\/mojabochnia","article_published_time":"2013-10-19T19:10:37+00:00","article_modified_time":"2013-10-21T07:48:59+00:00","author":"redakcja","twitter_card":"summary_large_image","twitter_misc":{"Written by":"redakcja","Est. reading time":"6 minut"},"schema":{"@context":"https:\/\/schema.org","@graph":[{"@type":"Article","@id":"https:\/\/www.mojabochnia.pl\/?p=99008#article","isPartOf":{"@id":"https:\/\/www.mojabochnia.pl\/?p=99008"},"author":{"name":"redakcja","@id":"https:\/\/www.mojabochnia.pl\/#\/schema\/person\/7e2f20ead9902216a3384f13606c0ab7"},"headline":"Marsz dla \u017bycia i Rodziny w Bochni &#8211; szczeg\u00f3\u0142y","datePublished":"2013-10-19T19:10:37+00:00","dateModified":"2013-10-21T07:48:59+00:00","mainEntityOfPage":{"@id":"https:\/\/www.mojabochnia.pl\/?p=99008"},"wordCount":1208,"commentCount":0,"publisher":{"@id":"https:\/\/www.mojabochnia.pl\/#organization"},"keywords":["marsz dla \u017cycia i rodziny","parafia \u015bw. paw\u0142a aposto\u0142a"],"articleSection":["2_ostatnie","tematyka","\u017bycie religijne"],"inLanguage":"pl-PL","potentialAction":[{"@type":"CommentAction","name":"Comment","target":["https:\/\/www.mojabochnia.pl\/?p=99008#respond"]}]},{"@type":"WebPage","@id":"https:\/\/www.mojabochnia.pl\/?p=99008","url":"https:\/\/www.mojabochnia.pl\/?p=99008","name":"Marsz dla \u017bycia i Rodziny w Bochni - szczeg\u00f3\u0142y - mojabochnia.pl - portal informacyjny","isPartOf":{"@id":"https:\/\/www.mojabochnia.pl\/#website"},"datePublished":"2013-10-19T19:10:37+00:00","dateModified":"2013-10-21T07:48:59+00:00","breadcrumb":{"@id":"https:\/\/www.mojabochnia.pl\/?p=99008#breadcrumb"},"inLanguage":"pl-PL","potentialAction":[{"@type":"ReadAction","target":["https:\/\/www.mojabochnia.pl\/?p=99008"]}]},{"@type":"BreadcrumbList","@id":"https:\/\/www.mojabochnia.pl\/?p=99008#breadcrumb","itemListElement":[{"@type":"ListItem","position":1,"name":"Home","item":"https:\/\/www.mojabochnia.pl\/"},{"@type":"ListItem","position":2,"name":"Marsz dla \u017bycia i Rodziny w Bochni &#8211; szczeg\u00f3\u0142y"}]},{"@type":"WebSite","@id":"https:\/\/www.mojabochnia.pl\/#website","url":"https:\/\/www.mojabochnia.pl\/","name":"mojabochnia.pl - portal informacyjny","description":"mojaBochnia to portal informacyjny o Bochni. Codziennie o Bochni piszemy i pokazujemy najwa\u017cniejsze wydarzenia","publisher":{"@id":"https:\/\/www.mojabochnia.pl\/#organization"},"potentialAction":[{"@type":"SearchAction","target":{"@type":"EntryPoint","urlTemplate":"https:\/\/www.mojabochnia.pl\/?s={search_term_string}"},"query-input":{"@type":"PropertyValueSpecification","valueRequired":true,"valueName":"search_term_string"}}],"inLanguage":"pl-PL"},{"@type":"Organization","@id":"https:\/\/www.mojabochnia.pl\/#organization","name":"mojabochnia.pl - portal informacyjny","url":"https:\/\/www.mojabochnia.pl\/","logo":{"@type":"ImageObject","inLanguage":"pl-PL","@id":"https:\/\/www.mojabochnia.pl\/#\/schema\/logo\/image\/","url":"https:\/\/www.mojabochnia.pl\/wp-content\/uploads\/2017\/08\/logo-mb-opt.png","contentUrl":"https:\/\/www.mojabochnia.pl\/wp-content\/uploads\/2017\/08\/logo-mb-opt.png","width":250,"height":48,"caption":"mojabochnia.pl - portal informacyjny"},"image":{"@id":"https:\/\/www.mojabochnia.pl\/#\/schema\/logo\/image\/"},"sameAs":["https:\/\/www.facebook.com\/mojabochnia"]},{"@type":"Person","@id":"https:\/\/www.mojabochnia.pl\/#\/schema\/person\/7e2f20ead9902216a3384f13606c0ab7","name":"redakcja","sameAs":["http:\/\/"],"url":"https:\/\/www.mojabochnia.pl\/?author=13"}]}},"_links":{"self":[{"href":"https:\/\/www.mojabochnia.pl\/index.php?rest_route=\/wp\/v2\/posts\/99008","targetHints":{"allow":["GET"]}}],"collection":[{"href":"https:\/\/www.mojabochnia.pl\/index.php?rest_route=\/wp\/v2\/posts"}],"about":[{"href":"https:\/\/www.mojabochnia.pl\/index.php?rest_route=\/wp\/v2\/types\/post"}],"author":[{"embeddable":true,"href":"https:\/\/www.mojabochnia.pl\/index.php?rest_route=\/wp\/v2\/users\/13"}],"replies":[{"embeddable":true,"href":"https:\/\/www.mojabochnia.pl\/index.php?rest_route=%2Fwp%2Fv2%2Fcomments&post=99008"}],"version-history":[{"count":6,"href":"https:\/\/www.mojabochnia.pl\/index.php?rest_route=\/wp\/v2\/posts\/99008\/revisions"}],"predecessor-version":[{"id":99120,"href":"https:\/\/www.mojabochnia.pl\/index.php?rest_route=\/wp\/v2\/posts\/99008\/revisions\/99120"}],"wp:attachment":[{"href":"https:\/\/www.mojabochnia.pl\/index.php?rest_route=%2Fwp%2Fv2%2Fmedia&parent=99008"}],"wp:term":[{"taxonomy":"category","embeddable":true,"href":"https:\/\/www.mojabochnia.pl\/index.php?rest_route=%2Fwp%2Fv2%2Fcategories&post=99008"},{"taxonomy":"post_tag","embeddable":true,"href":"https:\/\/www.mojabochnia.pl\/index.php?rest_route=%2Fwp%2Fv2%2Ftags&post=99008"}],"curies":[{"name":"wp","href":"https:\/\/api.w.org\/{rel}","templated":true}]}}