{"id":98953,"date":"2013-10-18T13:18:47","date_gmt":"2013-10-18T11:18:47","guid":{"rendered":"http:\/\/www.mojabochnia.pl\/?p=98953"},"modified":"2013-10-18T13:18:47","modified_gmt":"2013-10-18T11:18:47","slug":"powiat-zawarl-porozumienie-z-uniwersytetem-pedagogicznym","status":"publish","type":"post","link":"https:\/\/www.mojabochnia.pl\/?p=98953","title":{"rendered":"Powiat zawar\u0142 porozumienie z Uniwersytetem Pedagogicznym"},"content":{"rendered":"<p>Dzi\u0119ki porozumieniu Uniwersytet Pedagogiczny obejmie szko\u0142y ponadgimnazjalne, podleg\u0142e powiatowi, patronatem naukowym i zobowi\u0105zuje si\u0119 do nadania wybranym spo\u015br\u00f3d nich statusu \u201eszk\u00f3\u0142 \u0107wicze\u0144\u201d oraz b\u0119dzie organizowa\u0142 w nich przedsi\u0119wzi\u0119cia edukacyjne. B\u0119dzie r\u00f3wnie\u017c inspirowa\u0142 i wdra\u017ca\u0142 innowacje i eksperymenty edukacyjne, promowa\u0142 nauk\u0119 i edukacj\u0119 w\u015br\u00f3d mieszka\u0144c\u00f3w powiatu, m.in. poprzez realizacje idei kszta\u0142cenia ustawicznego oraz udost\u0119pni wyniki badan naukowych, prowadzonych przez jego pracownik\u00f3w naukowo-dydaktycznych w szko\u0142ach powiatu.<\/p>\n<p><em>Porozumienie otwiera drog\u0119 do podpisywania konkretnych um\u00f3w pomi\u0119dzy szko\u0142ami powiatu a uczelni\u0105. Um\u00f3w obustronnie korzystnych, gdy\u017c otwieraj\u0105cych naszym szko\u0142om dost\u0119p do zasob\u00f3w naukowych i ludzkich najwi\u0119kszej w Ma\u0142opolsce uczelni, przygotowuj\u0105cej kadry pedagogiczne. Uniwersytet Pedagogiczny zyskuje za\u015b szersze pole dzia\u0142ania do prowadzenia swych bada\u0144 naukowych <\/em>\u2013 wyja\u015bnia starosta boche\u0144ski Jacek Paj\u0105k.<\/p>\n<p>Porozumienie zosta\u0142o zawarte na czas okre\u015blony i nie generuje skutk\u00f3w finansowych dla \u017cadnej ze stron.<\/p>\n","protected":false},"excerpt":{"rendered":"<p>Starosta Jacek Paj\u0105k i rektor Uniwersytetu Pedagogicznego w Krakowie prof. dr hab. Micha\u0142 \u015aliwa podpisali porozumienie, kt\u00f3rego intencj\u0105 jest wsp\u00f3\u0142praca powiatu boche\u0144skiego i jego jednostek organizacyjnych z kadr\u0105 naukowo-dydaktyczn\u0105 i studentami UP.<\/p>\n","protected":false},"author":13,"featured_media":0,"comment_status":"open","ping_status":"closed","sticky":false,"template":"","format":"standard","meta":{"_acf_changed":false,"footnotes":""},"categories":[5,6251,6250],"tags":[610,17398,3203],"class_list":["post-98953","post","type-post","status-publish","format-standard","hentry","category-biezace-wydarzenia","category-polityka-i-wydarzenia","category-tematyka","tag-porozumienie","tag-powiat","tag-uniwersytet-pedagogiczny","main_tag-powiat"],"acf":[],"yoast_head":"<!-- This site is optimized with the Yoast SEO plugin v26.9 - https:\/\/yoast.com\/product\/yoast-seo-wordpress\/ -->\n<title>Powiat zawar\u0142 porozumienie z Uniwersytetem Pedagogicznym  - mojabochnia.pl - portal informacyjny<\/title>\n<meta name=\"robots\" content=\"index, follow, max-snippet:-1, max-image-preview:large, max-video-preview:-1\" \/>\n<link rel=\"canonical\" href=\"https:\/\/www.mojabochnia.pl\/?p=98953\" \/>\n<meta property=\"og:locale\" content=\"pl_PL\" \/>\n<meta property=\"og:type\" content=\"article\" \/>\n<meta property=\"og:title\" content=\"Powiat zawar\u0142 porozumienie z Uniwersytetem Pedagogicznym  - mojabochnia.pl - portal informacyjny\" \/>\n<meta property=\"og:description\" content=\"Starosta Jacek Paj\u0105k i rektor Uniwersytetu Pedagogicznego w Krakowie prof. dr hab. Micha\u0142 \u015aliwa podpisali porozumienie, kt\u00f3rego intencj\u0105 jest wsp\u00f3\u0142praca powiatu boche\u0144skiego i jego jednostek organizacyjnych z kadr\u0105 naukowo-dydaktyczn\u0105 i studentami UP.\" \/>\n<meta property=\"og:url\" content=\"https:\/\/www.mojabochnia.pl\/?p=98953\" \/>\n<meta property=\"og:site_name\" content=\"mojabochnia.pl - portal informacyjny\" \/>\n<meta property=\"article:publisher\" content=\"https:\/\/www.facebook.com\/mojabochnia\" \/>\n<meta property=\"article:published_time\" content=\"2013-10-18T11:18:47+00:00\" \/>\n<meta name=\"author\" content=\"redakcja\" \/>\n<meta name=\"twitter:card\" content=\"summary_large_image\" \/>\n<meta name=\"twitter:label1\" content=\"Written by\" \/>\n\t<meta name=\"twitter:data1\" content=\"redakcja\" \/>\n\t<meta name=\"twitter:label2\" content=\"Est. reading time\" \/>\n\t<meta name=\"twitter:data2\" content=\"1 minuta\" \/>\n<script type=\"application\/ld+json\" class=\"yoast-schema-graph\">{\"@context\":\"https:\/\/schema.org\",\"@graph\":[{\"@type\":\"Article\",\"@id\":\"https:\/\/www.mojabochnia.pl\/?p=98953#article\",\"isPartOf\":{\"@id\":\"https:\/\/www.mojabochnia.pl\/?p=98953\"},\"author\":{\"name\":\"redakcja\",\"@id\":\"https:\/\/www.mojabochnia.pl\/#\/schema\/person\/7e2f20ead9902216a3384f13606c0ab7\"},\"headline\":\"Powiat zawar\u0142 porozumienie z Uniwersytetem Pedagogicznym\",\"datePublished\":\"2013-10-18T11:18:47+00:00\",\"mainEntityOfPage\":{\"@id\":\"https:\/\/www.mojabochnia.pl\/?p=98953\"},\"wordCount\":173,\"commentCount\":0,\"publisher\":{\"@id\":\"https:\/\/www.mojabochnia.pl\/#organization\"},\"keywords\":[\"porozumienie\",\"powiat\",\"uniwersytet pedagogiczny\"],\"articleSection\":[\"2_ostatnie\",\"polityka i wydarzenia\",\"tematyka\"],\"inLanguage\":\"pl-PL\",\"potentialAction\":[{\"@type\":\"CommentAction\",\"name\":\"Comment\",\"target\":[\"https:\/\/www.mojabochnia.pl\/?p=98953#respond\"]}]},{\"@type\":\"WebPage\",\"@id\":\"https:\/\/www.mojabochnia.pl\/?p=98953\",\"url\":\"https:\/\/www.mojabochnia.pl\/?p=98953\",\"name\":\"Powiat zawar\u0142 porozumienie z Uniwersytetem Pedagogicznym - mojabochnia.pl - portal informacyjny\",\"isPartOf\":{\"@id\":\"https:\/\/www.mojabochnia.pl\/#website\"},\"datePublished\":\"2013-10-18T11:18:47+00:00\",\"breadcrumb\":{\"@id\":\"https:\/\/www.mojabochnia.pl\/?p=98953#breadcrumb\"},\"inLanguage\":\"pl-PL\",\"potentialAction\":[{\"@type\":\"ReadAction\",\"target\":[\"https:\/\/www.mojabochnia.pl\/?p=98953\"]}]},{\"@type\":\"BreadcrumbList\",\"@id\":\"https:\/\/www.mojabochnia.pl\/?p=98953#breadcrumb\",\"itemListElement\":[{\"@type\":\"ListItem\",\"position\":1,\"name\":\"Home\",\"item\":\"https:\/\/www.mojabochnia.pl\/\"},{\"@type\":\"ListItem\",\"position\":2,\"name\":\"Powiat zawar\u0142 porozumienie z Uniwersytetem Pedagogicznym\"}]},{\"@type\":\"WebSite\",\"@id\":\"https:\/\/www.mojabochnia.pl\/#website\",\"url\":\"https:\/\/www.mojabochnia.pl\/\",\"name\":\"mojabochnia.pl - portal informacyjny\",\"description\":\"mojaBochnia to portal informacyjny o Bochni. Codziennie o Bochni piszemy i pokazujemy najwa\u017cniejsze wydarzenia\",\"publisher\":{\"@id\":\"https:\/\/www.mojabochnia.pl\/#organization\"},\"potentialAction\":[{\"@type\":\"SearchAction\",\"target\":{\"@type\":\"EntryPoint\",\"urlTemplate\":\"https:\/\/www.mojabochnia.pl\/?s={search_term_string}\"},\"query-input\":{\"@type\":\"PropertyValueSpecification\",\"valueRequired\":true,\"valueName\":\"search_term_string\"}}],\"inLanguage\":\"pl-PL\"},{\"@type\":\"Organization\",\"@id\":\"https:\/\/www.mojabochnia.pl\/#organization\",\"name\":\"mojabochnia.pl - portal informacyjny\",\"url\":\"https:\/\/www.mojabochnia.pl\/\",\"logo\":{\"@type\":\"ImageObject\",\"inLanguage\":\"pl-PL\",\"@id\":\"https:\/\/www.mojabochnia.pl\/#\/schema\/logo\/image\/\",\"url\":\"https:\/\/www.mojabochnia.pl\/wp-content\/uploads\/2017\/08\/logo-mb-opt.png\",\"contentUrl\":\"https:\/\/www.mojabochnia.pl\/wp-content\/uploads\/2017\/08\/logo-mb-opt.png\",\"width\":250,\"height\":48,\"caption\":\"mojabochnia.pl - portal informacyjny\"},\"image\":{\"@id\":\"https:\/\/www.mojabochnia.pl\/#\/schema\/logo\/image\/\"},\"sameAs\":[\"https:\/\/www.facebook.com\/mojabochnia\"]},{\"@type\":\"Person\",\"@id\":\"https:\/\/www.mojabochnia.pl\/#\/schema\/person\/7e2f20ead9902216a3384f13606c0ab7\",\"name\":\"redakcja\",\"sameAs\":[\"http:\/\/\"],\"url\":\"https:\/\/www.mojabochnia.pl\/?author=13\"}]}<\/script>\n<!-- \/ Yoast SEO plugin. -->","yoast_head_json":{"title":"Powiat zawar\u0142 porozumienie z Uniwersytetem Pedagogicznym  - mojabochnia.pl - portal informacyjny","robots":{"index":"index","follow":"follow","max-snippet":"max-snippet:-1","max-image-preview":"max-image-preview:large","max-video-preview":"max-video-preview:-1"},"canonical":"https:\/\/www.mojabochnia.pl\/?p=98953","og_locale":"pl_PL","og_type":"article","og_title":"Powiat zawar\u0142 porozumienie z Uniwersytetem Pedagogicznym  - mojabochnia.pl - portal informacyjny","og_description":"Starosta Jacek Paj\u0105k i rektor Uniwersytetu Pedagogicznego w Krakowie prof. dr hab. Micha\u0142 \u015aliwa podpisali porozumienie, kt\u00f3rego intencj\u0105 jest wsp\u00f3\u0142praca powiatu boche\u0144skiego i jego jednostek organizacyjnych z kadr\u0105 naukowo-dydaktyczn\u0105 i studentami UP.","og_url":"https:\/\/www.mojabochnia.pl\/?p=98953","og_site_name":"mojabochnia.pl - portal informacyjny","article_publisher":"https:\/\/www.facebook.com\/mojabochnia","article_published_time":"2013-10-18T11:18:47+00:00","author":"redakcja","twitter_card":"summary_large_image","twitter_misc":{"Written by":"redakcja","Est. reading time":"1 minuta"},"schema":{"@context":"https:\/\/schema.org","@graph":[{"@type":"Article","@id":"https:\/\/www.mojabochnia.pl\/?p=98953#article","isPartOf":{"@id":"https:\/\/www.mojabochnia.pl\/?p=98953"},"author":{"name":"redakcja","@id":"https:\/\/www.mojabochnia.pl\/#\/schema\/person\/7e2f20ead9902216a3384f13606c0ab7"},"headline":"Powiat zawar\u0142 porozumienie z Uniwersytetem Pedagogicznym","datePublished":"2013-10-18T11:18:47+00:00","mainEntityOfPage":{"@id":"https:\/\/www.mojabochnia.pl\/?p=98953"},"wordCount":173,"commentCount":0,"publisher":{"@id":"https:\/\/www.mojabochnia.pl\/#organization"},"keywords":["porozumienie","powiat","uniwersytet pedagogiczny"],"articleSection":["2_ostatnie","polityka i wydarzenia","tematyka"],"inLanguage":"pl-PL","potentialAction":[{"@type":"CommentAction","name":"Comment","target":["https:\/\/www.mojabochnia.pl\/?p=98953#respond"]}]},{"@type":"WebPage","@id":"https:\/\/www.mojabochnia.pl\/?p=98953","url":"https:\/\/www.mojabochnia.pl\/?p=98953","name":"Powiat zawar\u0142 porozumienie z Uniwersytetem Pedagogicznym - mojabochnia.pl - portal informacyjny","isPartOf":{"@id":"https:\/\/www.mojabochnia.pl\/#website"},"datePublished":"2013-10-18T11:18:47+00:00","breadcrumb":{"@id":"https:\/\/www.mojabochnia.pl\/?p=98953#breadcrumb"},"inLanguage":"pl-PL","potentialAction":[{"@type":"ReadAction","target":["https:\/\/www.mojabochnia.pl\/?p=98953"]}]},{"@type":"BreadcrumbList","@id":"https:\/\/www.mojabochnia.pl\/?p=98953#breadcrumb","itemListElement":[{"@type":"ListItem","position":1,"name":"Home","item":"https:\/\/www.mojabochnia.pl\/"},{"@type":"ListItem","position":2,"name":"Powiat zawar\u0142 porozumienie z Uniwersytetem Pedagogicznym"}]},{"@type":"WebSite","@id":"https:\/\/www.mojabochnia.pl\/#website","url":"https:\/\/www.mojabochnia.pl\/","name":"mojabochnia.pl - portal informacyjny","description":"mojaBochnia to portal informacyjny o Bochni. Codziennie o Bochni piszemy i pokazujemy najwa\u017cniejsze wydarzenia","publisher":{"@id":"https:\/\/www.mojabochnia.pl\/#organization"},"potentialAction":[{"@type":"SearchAction","target":{"@type":"EntryPoint","urlTemplate":"https:\/\/www.mojabochnia.pl\/?s={search_term_string}"},"query-input":{"@type":"PropertyValueSpecification","valueRequired":true,"valueName":"search_term_string"}}],"inLanguage":"pl-PL"},{"@type":"Organization","@id":"https:\/\/www.mojabochnia.pl\/#organization","name":"mojabochnia.pl - portal informacyjny","url":"https:\/\/www.mojabochnia.pl\/","logo":{"@type":"ImageObject","inLanguage":"pl-PL","@id":"https:\/\/www.mojabochnia.pl\/#\/schema\/logo\/image\/","url":"https:\/\/www.mojabochnia.pl\/wp-content\/uploads\/2017\/08\/logo-mb-opt.png","contentUrl":"https:\/\/www.mojabochnia.pl\/wp-content\/uploads\/2017\/08\/logo-mb-opt.png","width":250,"height":48,"caption":"mojabochnia.pl - portal informacyjny"},"image":{"@id":"https:\/\/www.mojabochnia.pl\/#\/schema\/logo\/image\/"},"sameAs":["https:\/\/www.facebook.com\/mojabochnia"]},{"@type":"Person","@id":"https:\/\/www.mojabochnia.pl\/#\/schema\/person\/7e2f20ead9902216a3384f13606c0ab7","name":"redakcja","sameAs":["http:\/\/"],"url":"https:\/\/www.mojabochnia.pl\/?author=13"}]}},"_links":{"self":[{"href":"https:\/\/www.mojabochnia.pl\/index.php?rest_route=\/wp\/v2\/posts\/98953","targetHints":{"allow":["GET"]}}],"collection":[{"href":"https:\/\/www.mojabochnia.pl\/index.php?rest_route=\/wp\/v2\/posts"}],"about":[{"href":"https:\/\/www.mojabochnia.pl\/index.php?rest_route=\/wp\/v2\/types\/post"}],"author":[{"embeddable":true,"href":"https:\/\/www.mojabochnia.pl\/index.php?rest_route=\/wp\/v2\/users\/13"}],"replies":[{"embeddable":true,"href":"https:\/\/www.mojabochnia.pl\/index.php?rest_route=%2Fwp%2Fv2%2Fcomments&post=98953"}],"version-history":[{"count":2,"href":"https:\/\/www.mojabochnia.pl\/index.php?rest_route=\/wp\/v2\/posts\/98953\/revisions"}],"predecessor-version":[{"id":98955,"href":"https:\/\/www.mojabochnia.pl\/index.php?rest_route=\/wp\/v2\/posts\/98953\/revisions\/98955"}],"wp:attachment":[{"href":"https:\/\/www.mojabochnia.pl\/index.php?rest_route=%2Fwp%2Fv2%2Fmedia&parent=98953"}],"wp:term":[{"taxonomy":"category","embeddable":true,"href":"https:\/\/www.mojabochnia.pl\/index.php?rest_route=%2Fwp%2Fv2%2Fcategories&post=98953"},{"taxonomy":"post_tag","embeddable":true,"href":"https:\/\/www.mojabochnia.pl\/index.php?rest_route=%2Fwp%2Fv2%2Ftags&post=98953"}],"curies":[{"name":"wp","href":"https:\/\/api.w.org\/{rel}","templated":true}]}}