{"id":98946,"date":"2013-10-18T13:15:25","date_gmt":"2013-10-18T11:15:25","guid":{"rendered":"http:\/\/www.mojabochnia.pl\/?p=98946"},"modified":"2013-10-18T13:15:25","modified_gmt":"2013-10-18T11:15:25","slug":"starosta-wreczyl-stypendia-zdolnej-mlodziezy","status":"publish","type":"post","link":"https:\/\/www.mojabochnia.pl\/?p=98946","title":{"rendered":"Starosta wr\u0119czy\u0142 stypendia zdolnej m\u0142odzie\u017cy"},"content":{"rendered":"<p>Stypendia za szczeg\u00f3lne osi\u0105gni\u0119cia w nauce otrzymali:<\/p>\n<p>Angelika Kluba &#8211; Zesp\u00f3\u0142 Szk\u00f3\u0142 Og\u00f3lnokszta\u0142c\u0105cych w Bochni<\/p>\n<p>Micha\u0142 W\u0105sik &#8211; Zesp\u00f3\u0142 Szk\u00f3\u0142 Og\u00f3lnokszta\u0142c\u0105cych w Bochni<\/p>\n<p>Iwona Krok &#8211; Zesp\u00f3\u0142 Szk\u00f3\u0142 Og\u00f3lnokszta\u0142c\u0105cych w Bochni<\/p>\n<p>Jagoda Paw &#8211; Zesp\u00f3\u0142 Szk\u00f3\u0142 Og\u00f3lnokszta\u0142c\u0105cych w Bochni<\/p>\n<p>Mieszko K\u0142usek &#8211; Zesp\u00f3\u0142 Szk\u00f3\u0142 Og\u00f3lnokszta\u0142c\u0105cych w Bochni<\/p>\n<p>Mariola Panna &#8211; Zesp\u00f3\u0142 Szk\u00f3\u0142 Og\u00f3lnokszta\u0142c\u0105cych w Bochni<\/p>\n<p>Jakub Florek &#8211; Zesp\u00f3\u0142 Szk\u00f3\u0142 Og\u00f3lnokszta\u0142c\u0105cych w Bochni<\/p>\n<p>Magdalena Bielec &#8211; Zesp\u00f3\u0142 Szk\u00f3\u0142 Nr 3 w Bochni<\/p>\n<p>Stypendia za szczeg\u00f3lne osi\u0105gni\u0119cia sportowe otrzymali:<\/p>\n<p>Paulina Jacewicz &#8211; ULKS \u201eFAJFER 2001\u201d<\/p>\n<p>\u0141ukasz Wrona &#8211; ULKS \u201eFAJFER 2001\u201d<\/p>\n<p>Micha\u0142 Gorczyca &#8211; Klub Modelarstwa Lotniczego im. Dywizjonu 316<\/p>\n<p>Jadwiga Trojan &#8211; Zesp\u00f3\u0142 Szk\u00f3\u0142 Nr 3 w Bochni<\/p>\n<p>Maciej \u015amia\u0142ek &#8211; Zesp\u00f3\u0142 Szk\u00f3\u0142 Og\u00f3lnokszta\u0142c\u0105cych w Bochni<\/p>\n<p>Dominik Tabor &#8211; Zesp\u00f3\u0142 Szk\u00f3\u0142 Og\u00f3lnokszta\u0142c\u0105cych w Bochni<\/p>\n<p>Patrycja Maria \u017bo\u0142na &#8211; Zesp\u00f3\u0142 Szk\u00f3\u0142 Nr 1 w Bochni<\/p>\n<p>Magdalena W\u0119grzyn &#8211; Zesp\u00f3\u0142 Szk\u00f3\u0142 w D\u0105browicy<\/p>\n<p>Krzysztof Buczek &#8211; II Liceum Og\u00f3lnokszta\u0142c\u0105ce w Bochni<\/p>\n<p>Stypendium Starosty Boche\u0144skiego za szczeg\u00f3lne osi\u0105gni\u0119cia  w nauce lub artystyczne przyznawane jest m.in. za: szczeg\u00f3lne osi\u0105gni\u0119cia w nauce ze \u015bredni\u0105 ocen co najmniej 4,80, wzorow\u0105 ocen\u0119 z zachowania oraz dla uczni\u00f3w b\u0119d\u0105cych laureatem lub uczestnikiem np. krajowej olimpiady przedmiotowej, og\u00f3lnopolskiego konkursu wiedzy, wojew\u00f3dzkiej olimpiady przedmiotowej czy konkurs\u00f3w.<\/p>\n<p>Stypendium Starosty Boche\u0144skiego za szczeg\u00f3lne osi\u0105gni\u0119cia sportowe przyznawane jest m.in. za: udzia\u0142 w imprezach o randze mistrzowskiej organizowanych przez polskie zwi\u0105zki sportowe, uzyskuj\u0105c I, II lub III miejsce co najmniej w fina\u0142ach wojew\u00f3dzkich, uzyskanie I, II lub III miejsce w zawodach sportowych organizowanych w ramach Pa\u0144stwowego Systemu Sportu M\u0142odzie\u017cowego,  wyr\u00f3\u017cniaj\u0105cego si\u0119 zawodnikiem w grach zespo\u0142owych, bior\u0105cych udzia\u0142 w rozgrywkach na szczeblu wojew\u00f3dzkim.<\/p>\n\t  \r\n\t\r\n\t    <div class=\"mb-gallery\">\r\n\t    <a href=\"https:\/\/www.mojabochnia.pl\/?attachment_id=98948\" class=\"\"><img loading=\"lazy\" decoding=\"async\" width=\"100\" height=\"56\" src=\"https:\/\/www.mojabochnia.pl\/wp-content\/uploads\/2013\/10\/DSC_4810-120x67.jpg\" class=\"attachment-100x100 size-100x100\" alt=\"\" srcset=\"https:\/\/www.mojabochnia.pl\/wp-content\/uploads\/2013\/10\/DSC_4810-120x67.jpg 120w, https:\/\/www.mojabochnia.pl\/wp-content\/uploads\/2013\/10\/DSC_4810-468x263.jpg 468w, https:\/\/www.mojabochnia.pl\/wp-content\/uploads\/2013\/10\/DSC_4810-660x371.jpg 660w, https:\/\/www.mojabochnia.pl\/wp-content\/uploads\/2013\/10\/DSC_4810.jpg 800w\" sizes=\"auto, (max-width: 100px) 100vw, 100px\" \/><\/a><a href=\"https:\/\/www.mojabochnia.pl\/?attachment_id=98949\" class=\"\"><img loading=\"lazy\" decoding=\"async\" width=\"100\" height=\"56\" src=\"https:\/\/www.mojabochnia.pl\/wp-content\/uploads\/2013\/10\/DSC_4824-120x67.jpg\" class=\"attachment-100x100 size-100x100\" alt=\"\" srcset=\"https:\/\/www.mojabochnia.pl\/wp-content\/uploads\/2013\/10\/DSC_4824-120x67.jpg 120w, https:\/\/www.mojabochnia.pl\/wp-content\/uploads\/2013\/10\/DSC_4824-468x263.jpg 468w, https:\/\/www.mojabochnia.pl\/wp-content\/uploads\/2013\/10\/DSC_4824-660x371.jpg 660w, https:\/\/www.mojabochnia.pl\/wp-content\/uploads\/2013\/10\/DSC_4824.jpg 800w\" sizes=\"auto, (max-width: 100px) 100vw, 100px\" \/><\/a><a href=\"https:\/\/www.mojabochnia.pl\/?attachment_id=98950\" class=\"\"><img loading=\"lazy\" decoding=\"async\" width=\"100\" height=\"56\" src=\"https:\/\/www.mojabochnia.pl\/wp-content\/uploads\/2013\/10\/DSC_4828-120x67.jpg\" class=\"attachment-100x100 size-100x100\" alt=\"\" srcset=\"https:\/\/www.mojabochnia.pl\/wp-content\/uploads\/2013\/10\/DSC_4828-120x67.jpg 120w, https:\/\/www.mojabochnia.pl\/wp-content\/uploads\/2013\/10\/DSC_4828-468x263.jpg 468w, https:\/\/www.mojabochnia.pl\/wp-content\/uploads\/2013\/10\/DSC_4828-660x371.jpg 660w, https:\/\/www.mojabochnia.pl\/wp-content\/uploads\/2013\/10\/DSC_4828.jpg 800w\" sizes=\"auto, (max-width: 100px) 100vw, 100px\" \/><\/a>\t    <\/div>\r\n\t    ","protected":false},"excerpt":{"rendered":"<p>Uczniowie szk\u00f3\u0142 i plac\u00f3wek o\u015bwiatowych prowadzonych przez powiat boche\u0144ski odebrali stypendia starosty. Zosta\u0142y one przyznane w dziedzinach: nauki i sportu. W roku bie\u017c\u0105cym zosta\u0142o przyznanych 17 stypendi\u00f3w &#8211;  8 stypendyst\u00f3w zosta\u0142o wyr\u00f3\u017cnionych za wybitne wyniki w nauce, za\u015b 9 za znacz\u0105ce osi\u0105gni\u0119cia w dzia\u0142alno\u015bci sportowej. <\/p>\n","protected":false},"author":13,"featured_media":0,"comment_status":"open","ping_status":"closed","sticky":false,"template":"","format":"standard","meta":{"_acf_changed":false,"footnotes":""},"categories":[5,6247,6246,6251,6250],"tags":[17136,17494,17743,17249,731],"class_list":["post-98946","post","type-post","status-publish","format-standard","hentry","category-biezace-wydarzenia","category-fotogaleria","category-medium","category-polityka-i-wydarzenia","category-tematyka","tag-jacek-pajak","tag-starosta","tag-stypendium","tag-szkola","tag-uczniowie","main_tag-szkola"],"acf":[],"yoast_head":"<!-- This site is optimized with the Yoast SEO plugin v26.9 - https:\/\/yoast.com\/product\/yoast-seo-wordpress\/ -->\n<title>Starosta wr\u0119czy\u0142 stypendia zdolnej m\u0142odzie\u017cy - mojabochnia.pl - portal informacyjny<\/title>\n<meta name=\"robots\" content=\"index, follow, max-snippet:-1, max-image-preview:large, max-video-preview:-1\" \/>\n<link rel=\"canonical\" href=\"https:\/\/www.mojabochnia.pl\/?p=98946\" \/>\n<meta property=\"og:locale\" content=\"pl_PL\" \/>\n<meta property=\"og:type\" content=\"article\" \/>\n<meta property=\"og:title\" content=\"Starosta wr\u0119czy\u0142 stypendia zdolnej m\u0142odzie\u017cy - mojabochnia.pl - portal informacyjny\" \/>\n<meta property=\"og:description\" content=\"Uczniowie szk\u00f3\u0142 i plac\u00f3wek o\u015bwiatowych prowadzonych przez powiat boche\u0144ski odebrali stypendia starosty. Zosta\u0142y one przyznane w dziedzinach: nauki i sportu. W roku bie\u017c\u0105cym zosta\u0142o przyznanych 17 stypendi\u00f3w - 8 stypendyst\u00f3w zosta\u0142o wyr\u00f3\u017cnionych za wybitne wyniki w nauce, za\u015b 9 za znacz\u0105ce osi\u0105gni\u0119cia w dzia\u0142alno\u015bci sportowej.\" \/>\n<meta property=\"og:url\" content=\"https:\/\/www.mojabochnia.pl\/?p=98946\" \/>\n<meta property=\"og:site_name\" content=\"mojabochnia.pl - portal informacyjny\" \/>\n<meta property=\"article:publisher\" content=\"https:\/\/www.facebook.com\/mojabochnia\" \/>\n<meta property=\"article:published_time\" content=\"2013-10-18T11:15:25+00:00\" \/>\n<meta name=\"author\" content=\"redakcja\" \/>\n<meta name=\"twitter:card\" content=\"summary_large_image\" \/>\n<meta name=\"twitter:label1\" content=\"Written by\" \/>\n\t<meta name=\"twitter:data1\" content=\"redakcja\" \/>\n\t<meta name=\"twitter:label2\" content=\"Est. reading time\" \/>\n\t<meta name=\"twitter:data2\" content=\"2 minuty\" \/>\n<script type=\"application\/ld+json\" class=\"yoast-schema-graph\">{\"@context\":\"https:\/\/schema.org\",\"@graph\":[{\"@type\":\"Article\",\"@id\":\"https:\/\/www.mojabochnia.pl\/?p=98946#article\",\"isPartOf\":{\"@id\":\"https:\/\/www.mojabochnia.pl\/?p=98946\"},\"author\":{\"name\":\"redakcja\",\"@id\":\"https:\/\/www.mojabochnia.pl\/#\/schema\/person\/7e2f20ead9902216a3384f13606c0ab7\"},\"headline\":\"Starosta wr\u0119czy\u0142 stypendia zdolnej m\u0142odzie\u017cy\",\"datePublished\":\"2013-10-18T11:15:25+00:00\",\"mainEntityOfPage\":{\"@id\":\"https:\/\/www.mojabochnia.pl\/?p=98946\"},\"wordCount\":332,\"commentCount\":0,\"publisher\":{\"@id\":\"https:\/\/www.mojabochnia.pl\/#organization\"},\"keywords\":[\"jacek paj\u0105k\",\"starosta\",\"stypendium\",\"szko\u0142a\",\"uczniowie\"],\"articleSection\":[\"2_ostatnie\",\"fotogaleria\",\"Medium\",\"polityka i wydarzenia\",\"tematyka\"],\"inLanguage\":\"pl-PL\",\"potentialAction\":[{\"@type\":\"CommentAction\",\"name\":\"Comment\",\"target\":[\"https:\/\/www.mojabochnia.pl\/?p=98946#respond\"]}]},{\"@type\":\"WebPage\",\"@id\":\"https:\/\/www.mojabochnia.pl\/?p=98946\",\"url\":\"https:\/\/www.mojabochnia.pl\/?p=98946\",\"name\":\"Starosta wr\u0119czy\u0142 stypendia zdolnej m\u0142odzie\u017cy - mojabochnia.pl - portal informacyjny\",\"isPartOf\":{\"@id\":\"https:\/\/www.mojabochnia.pl\/#website\"},\"datePublished\":\"2013-10-18T11:15:25+00:00\",\"breadcrumb\":{\"@id\":\"https:\/\/www.mojabochnia.pl\/?p=98946#breadcrumb\"},\"inLanguage\":\"pl-PL\",\"potentialAction\":[{\"@type\":\"ReadAction\",\"target\":[\"https:\/\/www.mojabochnia.pl\/?p=98946\"]}]},{\"@type\":\"BreadcrumbList\",\"@id\":\"https:\/\/www.mojabochnia.pl\/?p=98946#breadcrumb\",\"itemListElement\":[{\"@type\":\"ListItem\",\"position\":1,\"name\":\"Home\",\"item\":\"https:\/\/www.mojabochnia.pl\/\"},{\"@type\":\"ListItem\",\"position\":2,\"name\":\"Starosta wr\u0119czy\u0142 stypendia zdolnej m\u0142odzie\u017cy\"}]},{\"@type\":\"WebSite\",\"@id\":\"https:\/\/www.mojabochnia.pl\/#website\",\"url\":\"https:\/\/www.mojabochnia.pl\/\",\"name\":\"mojabochnia.pl - portal informacyjny\",\"description\":\"mojaBochnia to portal informacyjny o Bochni. Codziennie o Bochni piszemy i pokazujemy najwa\u017cniejsze wydarzenia\",\"publisher\":{\"@id\":\"https:\/\/www.mojabochnia.pl\/#organization\"},\"potentialAction\":[{\"@type\":\"SearchAction\",\"target\":{\"@type\":\"EntryPoint\",\"urlTemplate\":\"https:\/\/www.mojabochnia.pl\/?s={search_term_string}\"},\"query-input\":{\"@type\":\"PropertyValueSpecification\",\"valueRequired\":true,\"valueName\":\"search_term_string\"}}],\"inLanguage\":\"pl-PL\"},{\"@type\":\"Organization\",\"@id\":\"https:\/\/www.mojabochnia.pl\/#organization\",\"name\":\"mojabochnia.pl - portal informacyjny\",\"url\":\"https:\/\/www.mojabochnia.pl\/\",\"logo\":{\"@type\":\"ImageObject\",\"inLanguage\":\"pl-PL\",\"@id\":\"https:\/\/www.mojabochnia.pl\/#\/schema\/logo\/image\/\",\"url\":\"https:\/\/www.mojabochnia.pl\/wp-content\/uploads\/2017\/08\/logo-mb-opt.png\",\"contentUrl\":\"https:\/\/www.mojabochnia.pl\/wp-content\/uploads\/2017\/08\/logo-mb-opt.png\",\"width\":250,\"height\":48,\"caption\":\"mojabochnia.pl - portal informacyjny\"},\"image\":{\"@id\":\"https:\/\/www.mojabochnia.pl\/#\/schema\/logo\/image\/\"},\"sameAs\":[\"https:\/\/www.facebook.com\/mojabochnia\"]},{\"@type\":\"Person\",\"@id\":\"https:\/\/www.mojabochnia.pl\/#\/schema\/person\/7e2f20ead9902216a3384f13606c0ab7\",\"name\":\"redakcja\",\"sameAs\":[\"http:\/\/\"],\"url\":\"https:\/\/www.mojabochnia.pl\/?author=13\"}]}<\/script>\n<!-- \/ Yoast SEO plugin. -->","yoast_head_json":{"title":"Starosta wr\u0119czy\u0142 stypendia zdolnej m\u0142odzie\u017cy - mojabochnia.pl - portal informacyjny","robots":{"index":"index","follow":"follow","max-snippet":"max-snippet:-1","max-image-preview":"max-image-preview:large","max-video-preview":"max-video-preview:-1"},"canonical":"https:\/\/www.mojabochnia.pl\/?p=98946","og_locale":"pl_PL","og_type":"article","og_title":"Starosta wr\u0119czy\u0142 stypendia zdolnej m\u0142odzie\u017cy - mojabochnia.pl - portal informacyjny","og_description":"Uczniowie szk\u00f3\u0142 i plac\u00f3wek o\u015bwiatowych prowadzonych przez powiat boche\u0144ski odebrali stypendia starosty. Zosta\u0142y one przyznane w dziedzinach: nauki i sportu. W roku bie\u017c\u0105cym zosta\u0142o przyznanych 17 stypendi\u00f3w - 8 stypendyst\u00f3w zosta\u0142o wyr\u00f3\u017cnionych za wybitne wyniki w nauce, za\u015b 9 za znacz\u0105ce osi\u0105gni\u0119cia w dzia\u0142alno\u015bci sportowej.","og_url":"https:\/\/www.mojabochnia.pl\/?p=98946","og_site_name":"mojabochnia.pl - portal informacyjny","article_publisher":"https:\/\/www.facebook.com\/mojabochnia","article_published_time":"2013-10-18T11:15:25+00:00","author":"redakcja","twitter_card":"summary_large_image","twitter_misc":{"Written by":"redakcja","Est. reading time":"2 minuty"},"schema":{"@context":"https:\/\/schema.org","@graph":[{"@type":"Article","@id":"https:\/\/www.mojabochnia.pl\/?p=98946#article","isPartOf":{"@id":"https:\/\/www.mojabochnia.pl\/?p=98946"},"author":{"name":"redakcja","@id":"https:\/\/www.mojabochnia.pl\/#\/schema\/person\/7e2f20ead9902216a3384f13606c0ab7"},"headline":"Starosta wr\u0119czy\u0142 stypendia zdolnej m\u0142odzie\u017cy","datePublished":"2013-10-18T11:15:25+00:00","mainEntityOfPage":{"@id":"https:\/\/www.mojabochnia.pl\/?p=98946"},"wordCount":332,"commentCount":0,"publisher":{"@id":"https:\/\/www.mojabochnia.pl\/#organization"},"keywords":["jacek paj\u0105k","starosta","stypendium","szko\u0142a","uczniowie"],"articleSection":["2_ostatnie","fotogaleria","Medium","polityka i wydarzenia","tematyka"],"inLanguage":"pl-PL","potentialAction":[{"@type":"CommentAction","name":"Comment","target":["https:\/\/www.mojabochnia.pl\/?p=98946#respond"]}]},{"@type":"WebPage","@id":"https:\/\/www.mojabochnia.pl\/?p=98946","url":"https:\/\/www.mojabochnia.pl\/?p=98946","name":"Starosta wr\u0119czy\u0142 stypendia zdolnej m\u0142odzie\u017cy - mojabochnia.pl - portal informacyjny","isPartOf":{"@id":"https:\/\/www.mojabochnia.pl\/#website"},"datePublished":"2013-10-18T11:15:25+00:00","breadcrumb":{"@id":"https:\/\/www.mojabochnia.pl\/?p=98946#breadcrumb"},"inLanguage":"pl-PL","potentialAction":[{"@type":"ReadAction","target":["https:\/\/www.mojabochnia.pl\/?p=98946"]}]},{"@type":"BreadcrumbList","@id":"https:\/\/www.mojabochnia.pl\/?p=98946#breadcrumb","itemListElement":[{"@type":"ListItem","position":1,"name":"Home","item":"https:\/\/www.mojabochnia.pl\/"},{"@type":"ListItem","position":2,"name":"Starosta wr\u0119czy\u0142 stypendia zdolnej m\u0142odzie\u017cy"}]},{"@type":"WebSite","@id":"https:\/\/www.mojabochnia.pl\/#website","url":"https:\/\/www.mojabochnia.pl\/","name":"mojabochnia.pl - portal informacyjny","description":"mojaBochnia to portal informacyjny o Bochni. Codziennie o Bochni piszemy i pokazujemy najwa\u017cniejsze wydarzenia","publisher":{"@id":"https:\/\/www.mojabochnia.pl\/#organization"},"potentialAction":[{"@type":"SearchAction","target":{"@type":"EntryPoint","urlTemplate":"https:\/\/www.mojabochnia.pl\/?s={search_term_string}"},"query-input":{"@type":"PropertyValueSpecification","valueRequired":true,"valueName":"search_term_string"}}],"inLanguage":"pl-PL"},{"@type":"Organization","@id":"https:\/\/www.mojabochnia.pl\/#organization","name":"mojabochnia.pl - portal informacyjny","url":"https:\/\/www.mojabochnia.pl\/","logo":{"@type":"ImageObject","inLanguage":"pl-PL","@id":"https:\/\/www.mojabochnia.pl\/#\/schema\/logo\/image\/","url":"https:\/\/www.mojabochnia.pl\/wp-content\/uploads\/2017\/08\/logo-mb-opt.png","contentUrl":"https:\/\/www.mojabochnia.pl\/wp-content\/uploads\/2017\/08\/logo-mb-opt.png","width":250,"height":48,"caption":"mojabochnia.pl - portal informacyjny"},"image":{"@id":"https:\/\/www.mojabochnia.pl\/#\/schema\/logo\/image\/"},"sameAs":["https:\/\/www.facebook.com\/mojabochnia"]},{"@type":"Person","@id":"https:\/\/www.mojabochnia.pl\/#\/schema\/person\/7e2f20ead9902216a3384f13606c0ab7","name":"redakcja","sameAs":["http:\/\/"],"url":"https:\/\/www.mojabochnia.pl\/?author=13"}]}},"_links":{"self":[{"href":"https:\/\/www.mojabochnia.pl\/index.php?rest_route=\/wp\/v2\/posts\/98946","targetHints":{"allow":["GET"]}}],"collection":[{"href":"https:\/\/www.mojabochnia.pl\/index.php?rest_route=\/wp\/v2\/posts"}],"about":[{"href":"https:\/\/www.mojabochnia.pl\/index.php?rest_route=\/wp\/v2\/types\/post"}],"author":[{"embeddable":true,"href":"https:\/\/www.mojabochnia.pl\/index.php?rest_route=\/wp\/v2\/users\/13"}],"replies":[{"embeddable":true,"href":"https:\/\/www.mojabochnia.pl\/index.php?rest_route=%2Fwp%2Fv2%2Fcomments&post=98946"}],"version-history":[{"count":3,"href":"https:\/\/www.mojabochnia.pl\/index.php?rest_route=\/wp\/v2\/posts\/98946\/revisions"}],"predecessor-version":[{"id":98952,"href":"https:\/\/www.mojabochnia.pl\/index.php?rest_route=\/wp\/v2\/posts\/98946\/revisions\/98952"}],"wp:attachment":[{"href":"https:\/\/www.mojabochnia.pl\/index.php?rest_route=%2Fwp%2Fv2%2Fmedia&parent=98946"}],"wp:term":[{"taxonomy":"category","embeddable":true,"href":"https:\/\/www.mojabochnia.pl\/index.php?rest_route=%2Fwp%2Fv2%2Fcategories&post=98946"},{"taxonomy":"post_tag","embeddable":true,"href":"https:\/\/www.mojabochnia.pl\/index.php?rest_route=%2Fwp%2Fv2%2Ftags&post=98946"}],"curies":[{"name":"wp","href":"https:\/\/api.w.org\/{rel}","templated":true}]}}