{"id":98940,"date":"2013-10-18T09:46:16","date_gmt":"2013-10-18T07:46:16","guid":{"rendered":"http:\/\/www.mojabochnia.pl\/?p=98940"},"modified":"2013-10-18T09:46:16","modified_gmt":"2013-10-18T07:46:16","slug":"zabraklo-pieniedzy-na-promocje-bochni","status":"publish","type":"post","link":"https:\/\/www.mojabochnia.pl\/?p=98940","title":{"rendered":"Zabrak\u0142o pieni\u0119dzy na promocj\u0119 Bochni"},"content":{"rendered":"<p><em>Niestety nie ma i nigdy nie b\u0119dzie w bud\u017cecie tyle pieni\u0119dzy, ile by si\u0119 chcia\u0142o, \u017ceby by\u0142o. Co za tym idzie, nie wszystkie potrzebne zadania s\u0105 realizowane, gdy\u017c brakuje na nie \u015brodk\u00f3w. Je\u015bli chodzi o zadania promocyjne, sytuacja jest podobna. Mamy wiele fajnych pomys\u0142\u00f3w, plan\u00f3w i zamiar\u00f3w, ale trzeba dokonywa\u0107 trudnych wybor\u00f3w, na co przeznaczy\u0107 te szczup\u0142e i zdecydowanie za ma\u0142e \u015brodki, kt\u00f3re mamy do dyspozycji. Ju\u017c w bie\u017c\u0105cym roku ilo\u015b\u0107 pieni\u0119dzy przeznaczonych na zadania realizowane przez Wydzia\u0142 Promocji i Rozwoju Miasta zosta\u0142a ograniczona, bud\u017cet zosta\u0142 obci\u0119ty o ponad 40 tys. z\u0142 (z 667 tys. z\u0142 na 626 tys. 500 z\u0142)<\/em> \u2013 m\u00f3wi Tomasz Przyby\u0142o, zast\u0119pca burmistrza Bochni. <\/p>\n<p><em>Trzeba mie\u0107 \u015bwiadomo\u015b\u0107 tego, \u017ce to nie s\u0105 pieni\u0105dze kt\u00f3re w ca\u0142o\u015bci id\u0105 na \u015bci\u015ble rozumian\u0105 promocj\u0119, poniewa\u017c dwie trzecie z tej kwoty, dok\u0142adnie 402 tys. z\u0142 to wsparcie, kt\u00f3re w formie dotacji otrzymuje szereg organizacji pozarz\u0105dowych, g\u0142\u00f3wnie na zadania z zakresu rozwoju sportu i kultury fizycznej, ale r\u00f3wnie\u017c ochrony i promocji zdrowia, kultury, sztuki, jak te\u017c na dzia\u0142alno\u015b\u0107 na rzecz os\u00f3b niepe\u0142nosprawnych i emeryt\u00f3w. Najwi\u0119kszymi beneficjentami s\u0105: Towarzystwo Sportowe \u201eMOSiR\u201d i Boche\u0144ski Klub Sportowy, kt\u00f3re otrzyma\u0142y w tym roku odpowiednio: 153,5 tys. z\u0142 i 143 tys. z\u0142. Tak wi\u0119c zostaje nam troch\u0119 ponad 200 tys. z\u0142, z czego musimy wydzieli\u0107 jeszcze \u015brodki na organizacj\u0119 r\u00f3\u017cnego typu imprez (rocznice, \u015bwi\u0119ta, eventy) oraz na wsp\u00f3\u0142prac\u0119 mi\u0119dzynarodow\u0105 z miastami partnerskimi. Tym sposobem na stricte rozumian\u0105 promocj\u0119 miasta zostaje niewiele ponad 120 tys. z\u0142<\/em> \u2013 kontynuuje Tomasz Przyby\u0142o. <\/p>\n<p>Pieni\u0119dzy w kasie miejskiej by\u0142oby wi\u0119cej, gdyby uda\u0142o si\u0119 zrealizowa\u0107 za\u0142o\u017cone w bud\u017cecie dochody maj\u0105tkowe. Kolejny rok z rz\u0119du nie udaje si\u0119 sprzeda\u0107 kamienicy Rynek 13 i kamienicy przy ul. Rze\u017anickiej. S\u0105 te\u017c problemy ze zbyciem teren\u00f3w przemys\u0142owych. Po raz ostatni w\u0142adze Bochni podpisywa\u0142y umow\u0119 na sprzeda\u017c dzia\u0142ki w Boche\u0144skiej Strefie Aktywno\u015bci Gospodarczej w grudniu ubieg\u0142ego roku. Od tego czasu nie zawarto ani jednej transakcji. Radni krytykuj\u0105 w\u0142adze za s\u0142ab\u0105 promocj\u0119 Strefy i wydaje si\u0119, \u017ce maj\u0105 sporo racji. \u015awiadcz\u0105 o tym podane wy\u017cej przez Tomasza Przyby\u0142o liczby.<\/p>\n<p>Zast\u0119pca burmistrza Bochni odpowiedzialny za promocj\u0119 miasta liczy, \u017ce radni wspomog\u0105 jego dzia\u0142ania w przysz\u0142ym roku zabezpieczaj\u0105c odpowiedni\u0105 pule pieni\u0119dzy w bud\u017cecie. <em>Mamy wiele pomys\u0142\u00f3w na promocj\u0119 Bochni poza naszym regionem, tak aby z informacj\u0105 o Bochni i Boche\u0144skiej Strefie Aktywno\u015bci Gospodarczej wyj\u015b\u0107 poza Ma\u0142opolsk\u0119. Trzeba wykorzysta\u0107 potencja\u0142 jaki wynika z wpisu Kopalni na list\u0119 UNESCO. S\u0105 oczekiwania \u2013 w mojej opinii uzasadnione \u2013 aby bardziej aktywnie reklamowa\u0107 miasto i nasze tereny inwestycyjne, ale niestety nic nie jest za darmo. Cho\u0107by jednorazowy wyjazd na targi inwestycyjne (najbli\u017csze odb\u0119d\u0105 si\u0119 w marcu w Toruniu) to koszt co najmniej kilka tysi\u0119cy z\u0142otych<\/em>. <\/p>\n<p>Tomasz Przyby\u0142o m\u00f3wi, \u017ce r\u00f3wnie\u017c w zakresie promocji miast i oferowanych przez nie nieruchomo\u015bci rz\u0105dz\u0105 prawa rynku. Jedno z nich zwane zasad\u0105 d\u017awigni finansowej zak\u0142ada poniesienie pewnych koszt\u00f3w w celu uzyskania niepor\u00f3wnanie wi\u0119kszych przychod\u00f3w.<\/p>\n<p><em> Wed\u0142ug mnie s\u0105 to wydatki konieczne, kt\u00f3re trzeba ponie\u015b\u0107, by osi\u0105gn\u0105\u0107 po\u017c\u0105dany efekt. Bo je\u015bli wydamy na promocj\u0119 BSAG nawet kilkadziesi\u0105t tysi\u0119cy z\u0142otych, ale ze sprzeda\u017cy dzia\u0142ek uzyskamy tych z\u0142ot\u00f3wek kilka milion\u00f3w, to my\u015bl\u0119 \u017ce prze\u0142o\u017cenie skali \u015brodk\u00f3w zainwestowanych do uzyskanych korzy\u015bci jest wr\u0119cz niepor\u00f3wnywalne. Stref ekonomicznych jest bardzo du\u017co, miast o potencjale turystycznym podobnym do Bochni r\u00f3wnie\u017c. Rz\u0105dz\u0105 prawa rynku \u2013 kto lepiej si\u0119 sprzeda, ten cieszy si\u0119 z inwestor\u00f3w i turyst\u00f3w. A lepiej sprzedaj\u0105 si\u0119 te miejsca, kt\u00f3re wi\u0119cej przeznaczaj\u0105 na promocj\u0119. Wystarczy przygl\u0105dn\u0105\u0107 si\u0119 bud\u017cetom innych miast. Mam nadziej\u0119, \u017ce nasi radni, pochylaj\u0105c si\u0119 nad uchwa\u0142\u0105 bud\u017cetow\u0105 na 2014 r., r\u00f3wnie\u017c wezm\u0105 to pod uwag\u0119<\/em> \u2013 m\u00f3wi Tomasz Przyby\u0142o.<\/p>\n","protected":false},"excerpt":{"rendered":"<p>Bochnia nie ma ju\u017c w tym roku pieni\u0119dzy na promocj\u0119. Pula zosta\u0142a obci\u0119ta o  40 tys. z\u0142 i wiele wskazuje, \u017ce w przysz\u0142ym roku bud\u017cet b\u0119dzie jeszcze ubo\u017cszy. To powa\u017cny problem, zw\u0142aszcza w obliczu k\u0142opot\u00f3w ze sprzeda\u017c\u0105 dzia\u0142ek  strefie gospodarczej.<\/p>\n","protected":false},"author":4,"featured_media":0,"comment_status":"open","ping_status":"closed","sticky":true,"template":"","format":"standard","meta":{"_acf_changed":false,"footnotes":""},"categories":[5,6251,6250],"tags":[17962,17336,17355,17521,17956,9678],"class_list":["post-98940","post","type-post","status-publish","format-standard","hentry","category-biezace-wydarzenia","category-polityka-i-wydarzenia","category-tematyka","tag-bsag","tag-budzet","tag-pieniadze","tag-promocja","tag-tomasz-przybylo","tag-wydzial-promocji","main_tag-promocja-2"],"acf":[],"yoast_head":"<!-- This site is optimized with the Yoast SEO plugin v26.9 - https:\/\/yoast.com\/product\/yoast-seo-wordpress\/ -->\n<title>Zabrak\u0142o pieni\u0119dzy na promocj\u0119 Bochni - mojabochnia.pl - portal informacyjny<\/title>\n<meta name=\"robots\" content=\"index, follow, max-snippet:-1, max-image-preview:large, max-video-preview:-1\" \/>\n<link rel=\"canonical\" href=\"https:\/\/www.mojabochnia.pl\/?p=98940\" \/>\n<meta property=\"og:locale\" content=\"pl_PL\" \/>\n<meta property=\"og:type\" content=\"article\" \/>\n<meta property=\"og:title\" content=\"Zabrak\u0142o pieni\u0119dzy na promocj\u0119 Bochni - mojabochnia.pl - portal informacyjny\" \/>\n<meta property=\"og:description\" content=\"Bochnia nie ma ju\u017c w tym roku pieni\u0119dzy na promocj\u0119. Pula zosta\u0142a obci\u0119ta o 40 tys. z\u0142 i wiele wskazuje, \u017ce w przysz\u0142ym roku bud\u017cet b\u0119dzie jeszcze ubo\u017cszy. To powa\u017cny problem, zw\u0142aszcza w obliczu k\u0142opot\u00f3w ze sprzeda\u017c\u0105 dzia\u0142ek strefie gospodarczej.\" \/>\n<meta property=\"og:url\" content=\"https:\/\/www.mojabochnia.pl\/?p=98940\" \/>\n<meta property=\"og:site_name\" content=\"mojabochnia.pl - portal informacyjny\" \/>\n<meta property=\"article:publisher\" content=\"https:\/\/www.facebook.com\/mojabochnia\" \/>\n<meta property=\"article:published_time\" content=\"2013-10-18T07:46:16+00:00\" \/>\n<meta name=\"author\" content=\"Pawe\u0142 Michalczyk\" \/>\n<meta name=\"twitter:card\" content=\"summary_large_image\" \/>\n<meta name=\"twitter:label1\" content=\"Written by\" \/>\n\t<meta name=\"twitter:data1\" content=\"Pawe\u0142 Michalczyk\" \/>\n\t<meta name=\"twitter:label2\" content=\"Est. reading time\" \/>\n\t<meta name=\"twitter:data2\" content=\"3 minuty\" \/>\n<script type=\"application\/ld+json\" class=\"yoast-schema-graph\">{\"@context\":\"https:\/\/schema.org\",\"@graph\":[{\"@type\":\"Article\",\"@id\":\"https:\/\/www.mojabochnia.pl\/?p=98940#article\",\"isPartOf\":{\"@id\":\"https:\/\/www.mojabochnia.pl\/?p=98940\"},\"author\":{\"name\":\"Pawe\u0142 Michalczyk\",\"@id\":\"https:\/\/www.mojabochnia.pl\/#\/schema\/person\/ea042e4724a77627963f02166828ead4\"},\"headline\":\"Zabrak\u0142o pieni\u0119dzy na promocj\u0119 Bochni\",\"datePublished\":\"2013-10-18T07:46:16+00:00\",\"mainEntityOfPage\":{\"@id\":\"https:\/\/www.mojabochnia.pl\/?p=98940\"},\"wordCount\":695,\"commentCount\":0,\"publisher\":{\"@id\":\"https:\/\/www.mojabochnia.pl\/#organization\"},\"keywords\":[\"bsag\",\"bud\u017cet\",\"pieni\u0105dze\",\"Promocja\",\"tomasz przyby\u0142o\",\"wydzia\u0142 promocji\"],\"articleSection\":[\"2_ostatnie\",\"polityka i wydarzenia\",\"tematyka\"],\"inLanguage\":\"pl-PL\",\"potentialAction\":[{\"@type\":\"CommentAction\",\"name\":\"Comment\",\"target\":[\"https:\/\/www.mojabochnia.pl\/?p=98940#respond\"]}]},{\"@type\":\"WebPage\",\"@id\":\"https:\/\/www.mojabochnia.pl\/?p=98940\",\"url\":\"https:\/\/www.mojabochnia.pl\/?p=98940\",\"name\":\"Zabrak\u0142o pieni\u0119dzy na promocj\u0119 Bochni - mojabochnia.pl - portal informacyjny\",\"isPartOf\":{\"@id\":\"https:\/\/www.mojabochnia.pl\/#website\"},\"datePublished\":\"2013-10-18T07:46:16+00:00\",\"breadcrumb\":{\"@id\":\"https:\/\/www.mojabochnia.pl\/?p=98940#breadcrumb\"},\"inLanguage\":\"pl-PL\",\"potentialAction\":[{\"@type\":\"ReadAction\",\"target\":[\"https:\/\/www.mojabochnia.pl\/?p=98940\"]}]},{\"@type\":\"BreadcrumbList\",\"@id\":\"https:\/\/www.mojabochnia.pl\/?p=98940#breadcrumb\",\"itemListElement\":[{\"@type\":\"ListItem\",\"position\":1,\"name\":\"Home\",\"item\":\"https:\/\/www.mojabochnia.pl\/\"},{\"@type\":\"ListItem\",\"position\":2,\"name\":\"Zabrak\u0142o pieni\u0119dzy na promocj\u0119 Bochni\"}]},{\"@type\":\"WebSite\",\"@id\":\"https:\/\/www.mojabochnia.pl\/#website\",\"url\":\"https:\/\/www.mojabochnia.pl\/\",\"name\":\"mojabochnia.pl - portal informacyjny\",\"description\":\"mojaBochnia to portal informacyjny o Bochni. Codziennie o Bochni piszemy i pokazujemy najwa\u017cniejsze wydarzenia\",\"publisher\":{\"@id\":\"https:\/\/www.mojabochnia.pl\/#organization\"},\"potentialAction\":[{\"@type\":\"SearchAction\",\"target\":{\"@type\":\"EntryPoint\",\"urlTemplate\":\"https:\/\/www.mojabochnia.pl\/?s={search_term_string}\"},\"query-input\":{\"@type\":\"PropertyValueSpecification\",\"valueRequired\":true,\"valueName\":\"search_term_string\"}}],\"inLanguage\":\"pl-PL\"},{\"@type\":\"Organization\",\"@id\":\"https:\/\/www.mojabochnia.pl\/#organization\",\"name\":\"mojabochnia.pl - portal informacyjny\",\"url\":\"https:\/\/www.mojabochnia.pl\/\",\"logo\":{\"@type\":\"ImageObject\",\"inLanguage\":\"pl-PL\",\"@id\":\"https:\/\/www.mojabochnia.pl\/#\/schema\/logo\/image\/\",\"url\":\"https:\/\/www.mojabochnia.pl\/wp-content\/uploads\/2017\/08\/logo-mb-opt.png\",\"contentUrl\":\"https:\/\/www.mojabochnia.pl\/wp-content\/uploads\/2017\/08\/logo-mb-opt.png\",\"width\":250,\"height\":48,\"caption\":\"mojabochnia.pl - portal informacyjny\"},\"image\":{\"@id\":\"https:\/\/www.mojabochnia.pl\/#\/schema\/logo\/image\/\"},\"sameAs\":[\"https:\/\/www.facebook.com\/mojabochnia\"]},{\"@type\":\"Person\",\"@id\":\"https:\/\/www.mojabochnia.pl\/#\/schema\/person\/ea042e4724a77627963f02166828ead4\",\"name\":\"Pawe\u0142 Michalczyk\",\"url\":\"https:\/\/www.mojabochnia.pl\/?author=4\"}]}<\/script>\n<!-- \/ Yoast SEO plugin. -->","yoast_head_json":{"title":"Zabrak\u0142o pieni\u0119dzy na promocj\u0119 Bochni - mojabochnia.pl - portal informacyjny","robots":{"index":"index","follow":"follow","max-snippet":"max-snippet:-1","max-image-preview":"max-image-preview:large","max-video-preview":"max-video-preview:-1"},"canonical":"https:\/\/www.mojabochnia.pl\/?p=98940","og_locale":"pl_PL","og_type":"article","og_title":"Zabrak\u0142o pieni\u0119dzy na promocj\u0119 Bochni - mojabochnia.pl - portal informacyjny","og_description":"Bochnia nie ma ju\u017c w tym roku pieni\u0119dzy na promocj\u0119. Pula zosta\u0142a obci\u0119ta o 40 tys. z\u0142 i wiele wskazuje, \u017ce w przysz\u0142ym roku bud\u017cet b\u0119dzie jeszcze ubo\u017cszy. To powa\u017cny problem, zw\u0142aszcza w obliczu k\u0142opot\u00f3w ze sprzeda\u017c\u0105 dzia\u0142ek strefie gospodarczej.","og_url":"https:\/\/www.mojabochnia.pl\/?p=98940","og_site_name":"mojabochnia.pl - portal informacyjny","article_publisher":"https:\/\/www.facebook.com\/mojabochnia","article_published_time":"2013-10-18T07:46:16+00:00","author":"Pawe\u0142 Michalczyk","twitter_card":"summary_large_image","twitter_misc":{"Written by":"Pawe\u0142 Michalczyk","Est. reading time":"3 minuty"},"schema":{"@context":"https:\/\/schema.org","@graph":[{"@type":"Article","@id":"https:\/\/www.mojabochnia.pl\/?p=98940#article","isPartOf":{"@id":"https:\/\/www.mojabochnia.pl\/?p=98940"},"author":{"name":"Pawe\u0142 Michalczyk","@id":"https:\/\/www.mojabochnia.pl\/#\/schema\/person\/ea042e4724a77627963f02166828ead4"},"headline":"Zabrak\u0142o pieni\u0119dzy na promocj\u0119 Bochni","datePublished":"2013-10-18T07:46:16+00:00","mainEntityOfPage":{"@id":"https:\/\/www.mojabochnia.pl\/?p=98940"},"wordCount":695,"commentCount":0,"publisher":{"@id":"https:\/\/www.mojabochnia.pl\/#organization"},"keywords":["bsag","bud\u017cet","pieni\u0105dze","Promocja","tomasz przyby\u0142o","wydzia\u0142 promocji"],"articleSection":["2_ostatnie","polityka i wydarzenia","tematyka"],"inLanguage":"pl-PL","potentialAction":[{"@type":"CommentAction","name":"Comment","target":["https:\/\/www.mojabochnia.pl\/?p=98940#respond"]}]},{"@type":"WebPage","@id":"https:\/\/www.mojabochnia.pl\/?p=98940","url":"https:\/\/www.mojabochnia.pl\/?p=98940","name":"Zabrak\u0142o pieni\u0119dzy na promocj\u0119 Bochni - mojabochnia.pl - portal informacyjny","isPartOf":{"@id":"https:\/\/www.mojabochnia.pl\/#website"},"datePublished":"2013-10-18T07:46:16+00:00","breadcrumb":{"@id":"https:\/\/www.mojabochnia.pl\/?p=98940#breadcrumb"},"inLanguage":"pl-PL","potentialAction":[{"@type":"ReadAction","target":["https:\/\/www.mojabochnia.pl\/?p=98940"]}]},{"@type":"BreadcrumbList","@id":"https:\/\/www.mojabochnia.pl\/?p=98940#breadcrumb","itemListElement":[{"@type":"ListItem","position":1,"name":"Home","item":"https:\/\/www.mojabochnia.pl\/"},{"@type":"ListItem","position":2,"name":"Zabrak\u0142o pieni\u0119dzy na promocj\u0119 Bochni"}]},{"@type":"WebSite","@id":"https:\/\/www.mojabochnia.pl\/#website","url":"https:\/\/www.mojabochnia.pl\/","name":"mojabochnia.pl - portal informacyjny","description":"mojaBochnia to portal informacyjny o Bochni. Codziennie o Bochni piszemy i pokazujemy najwa\u017cniejsze wydarzenia","publisher":{"@id":"https:\/\/www.mojabochnia.pl\/#organization"},"potentialAction":[{"@type":"SearchAction","target":{"@type":"EntryPoint","urlTemplate":"https:\/\/www.mojabochnia.pl\/?s={search_term_string}"},"query-input":{"@type":"PropertyValueSpecification","valueRequired":true,"valueName":"search_term_string"}}],"inLanguage":"pl-PL"},{"@type":"Organization","@id":"https:\/\/www.mojabochnia.pl\/#organization","name":"mojabochnia.pl - portal informacyjny","url":"https:\/\/www.mojabochnia.pl\/","logo":{"@type":"ImageObject","inLanguage":"pl-PL","@id":"https:\/\/www.mojabochnia.pl\/#\/schema\/logo\/image\/","url":"https:\/\/www.mojabochnia.pl\/wp-content\/uploads\/2017\/08\/logo-mb-opt.png","contentUrl":"https:\/\/www.mojabochnia.pl\/wp-content\/uploads\/2017\/08\/logo-mb-opt.png","width":250,"height":48,"caption":"mojabochnia.pl - portal informacyjny"},"image":{"@id":"https:\/\/www.mojabochnia.pl\/#\/schema\/logo\/image\/"},"sameAs":["https:\/\/www.facebook.com\/mojabochnia"]},{"@type":"Person","@id":"https:\/\/www.mojabochnia.pl\/#\/schema\/person\/ea042e4724a77627963f02166828ead4","name":"Pawe\u0142 Michalczyk","url":"https:\/\/www.mojabochnia.pl\/?author=4"}]}},"_links":{"self":[{"href":"https:\/\/www.mojabochnia.pl\/index.php?rest_route=\/wp\/v2\/posts\/98940","targetHints":{"allow":["GET"]}}],"collection":[{"href":"https:\/\/www.mojabochnia.pl\/index.php?rest_route=\/wp\/v2\/posts"}],"about":[{"href":"https:\/\/www.mojabochnia.pl\/index.php?rest_route=\/wp\/v2\/types\/post"}],"author":[{"embeddable":true,"href":"https:\/\/www.mojabochnia.pl\/index.php?rest_route=\/wp\/v2\/users\/4"}],"replies":[{"embeddable":true,"href":"https:\/\/www.mojabochnia.pl\/index.php?rest_route=%2Fwp%2Fv2%2Fcomments&post=98940"}],"version-history":[{"count":4,"href":"https:\/\/www.mojabochnia.pl\/index.php?rest_route=\/wp\/v2\/posts\/98940\/revisions"}],"predecessor-version":[{"id":98945,"href":"https:\/\/www.mojabochnia.pl\/index.php?rest_route=\/wp\/v2\/posts\/98940\/revisions\/98945"}],"wp:attachment":[{"href":"https:\/\/www.mojabochnia.pl\/index.php?rest_route=%2Fwp%2Fv2%2Fmedia&parent=98940"}],"wp:term":[{"taxonomy":"category","embeddable":true,"href":"https:\/\/www.mojabochnia.pl\/index.php?rest_route=%2Fwp%2Fv2%2Fcategories&post=98940"},{"taxonomy":"post_tag","embeddable":true,"href":"https:\/\/www.mojabochnia.pl\/index.php?rest_route=%2Fwp%2Fv2%2Ftags&post=98940"}],"curies":[{"name":"wp","href":"https:\/\/api.w.org\/{rel}","templated":true}]}}