{"id":98900,"date":"2013-10-17T07:56:12","date_gmt":"2013-10-17T05:56:12","guid":{"rendered":"http:\/\/www.mojabochnia.pl\/?p=98900"},"modified":"2013-10-16T16:57:20","modified_gmt":"2013-10-16T14:57:20","slug":"sniadanie-dla-ngo-u-kolpinga","status":"publish","type":"post","link":"https:\/\/www.mojabochnia.pl\/?p=98900","title":{"rendered":"Pi\u0105tek: \u015aniadanie dla NGO u Kolpinga"},"content":{"rendered":"<p><em>Zapraszamy przedstawicieli ma\u0142opolskich organizacji pozarz\u0105dowych dzia\u0142aj\u0105cych na rzecz os\u00f3b starszych do udzia\u0142u w spotkaniu pn. \u201e\u015aniadanie u Kolpinga\u201d, kt\u00f3re w swoim zamy\u015ble ma by\u0107 okazj\u0105 do tworzenie sieci networkingowych organizacji aktywnych w podobnych obszarach<\/em> \u2013 m\u00f3wi Gra\u017cyna Rzepka-P\u0142achta ze stowarzyszenia Rodzina Kolpinga w Bochni. Spotkanie odb\u0119dzie 18.10.2013 r. (pi\u0105tek) godz. 9.30-13.30 w Bochni, ul. Regis 8 (Planty) &#8211; Restauracja Kasztelania.<\/p>\n<p>Uczestnicy b\u0119d\u0105 mieli okazj\u0119 zaprezentowa\u0107 swoje organizacje w dowolnej, wybranej przez siebie formie (prezentacja multimedialna, kr\u00f3tkie wyst\u0105pienie, itp.) w czasie do 5 minut. Po bloku prezentacji odb\u0119dzie si\u0119 warsztat moderowany z zakresu r\u00f3\u017cnych form wsp\u00f3\u0142pracy organizacji pozarz\u0105dowych oraz dyskusja na temat przeszk\u00f3d w podejmowaniu wsp\u00f3\u0142pracy.<\/p>\n<p>Moderatork\u0105 spotkania b\u0119dzie dr Lidia Maria Jedli\u0144ska. Aby wzi\u0105\u0107 udzia\u0142 w wystarczy wype\u0142ni\u0107 za\u0142\u0105czony formularz zg\u0142oszenia i przes\u0142a\u0107 go na adres mailowy: ngo.bochnia@kolping.pl do 16 pa\u017adziernika 2013 r. Udzia\u0142 Pa\u0144stwa w spotkaniu zostanie potwierdzony mailowo.<\/p>\n<p><strong>Moderatorka<br \/>\n\t<\/strong><br \/>\n<strong>Lidia Maria Jedli\u0144ska<\/strong> \u2013 pracownik Dzia\u0142u Nauki, Edukacji i Bada\u0144 Wojew\u00f3dzkiej Biblioteki Publicznej w Krakowie; doktor nauk przyrodniczych; praktyk z prawie 20-letnim do\u015bwiadczeniem w obszarze edukacji pozaformalnej \u201euczenie si\u0119 przez ca\u0142e \u017cycie\u201d ( Promotor Grundtviga); inicjator  i koordynator  partnerskiego programu \u201eSzko\u0142a @ktywnego Seniora-S@S\u201d.<\/p>\n<p>Autor i koordynator krajowych i mi\u0119dzynarodowych projekt\u00f3w zwi\u0105zanych  z edukacj\u0105 i integracj\u0105 os\u00f3b starszych; ekspert program\u00f3w w obszarze w\u0142\u0105czenia cyfrowego i spo\u0142ecznego (INTERREG IVC, EPALE); promotor wsp\u00f3\u0142pracy mi\u0119dzypokoleniowej; cz\u0142onek Rady ds. Polityki Senioralnej przy MPiPS, prezes Stowarzyszenia Ko\u0142o Integracji Bibic, cz\u0142onek organizacji pozarz\u0105dowych. <\/p>\n","protected":false},"excerpt":{"rendered":"<p>Centrum NGO KOLPING zaprasza przedstawicieli ma\u0142opolskich organizacji pozarz\u0105dowych do udzia\u0142u w spotkaniu z cyklu &#8222;\u015aniadanie u Kolpinga&#8221;, tym razem pod has\u0142em:  Edukacja senior\u00f3w \u2013 mi\u0119dzy teori\u0105 a praktyk\u0105. <\/p>\n","protected":false},"author":13,"featured_media":0,"comment_status":"open","ping_status":"closed","sticky":false,"template":"","format":"standard","meta":{"_acf_changed":false,"footnotes":""},"categories":[5,6251,6250],"tags":[17908,7881],"class_list":["post-98900","post","type-post","status-publish","format-standard","hentry","category-biezace-wydarzenia","category-polityka-i-wydarzenia","category-tematyka","tag-kolping","tag-stowarzyszenie-kolpinga","main_tag-kolping"],"acf":[],"yoast_head":"<!-- This site is optimized with the Yoast SEO plugin v26.9 - https:\/\/yoast.com\/product\/yoast-seo-wordpress\/ -->\n<title>Pi\u0105tek: \u015aniadanie dla NGO u Kolpinga - mojabochnia.pl - portal informacyjny<\/title>\n<meta name=\"robots\" content=\"index, follow, max-snippet:-1, max-image-preview:large, max-video-preview:-1\" \/>\n<link rel=\"canonical\" href=\"https:\/\/www.mojabochnia.pl\/?p=98900\" \/>\n<meta property=\"og:locale\" content=\"pl_PL\" \/>\n<meta property=\"og:type\" content=\"article\" \/>\n<meta property=\"og:title\" content=\"Pi\u0105tek: \u015aniadanie dla NGO u Kolpinga - mojabochnia.pl - portal informacyjny\" \/>\n<meta property=\"og:description\" content=\"Centrum NGO KOLPING zaprasza przedstawicieli ma\u0142opolskich organizacji pozarz\u0105dowych do udzia\u0142u w spotkaniu z cyklu &quot;\u015aniadanie u Kolpinga&quot;, tym razem pod has\u0142em: Edukacja senior\u00f3w \u2013 mi\u0119dzy teori\u0105 a praktyk\u0105.\" \/>\n<meta property=\"og:url\" content=\"https:\/\/www.mojabochnia.pl\/?p=98900\" \/>\n<meta property=\"og:site_name\" content=\"mojabochnia.pl - portal informacyjny\" \/>\n<meta property=\"article:publisher\" content=\"https:\/\/www.facebook.com\/mojabochnia\" \/>\n<meta property=\"article:published_time\" content=\"2013-10-17T05:56:12+00:00\" \/>\n<meta name=\"author\" content=\"redakcja\" \/>\n<meta name=\"twitter:card\" content=\"summary_large_image\" \/>\n<meta name=\"twitter:label1\" content=\"Written by\" \/>\n\t<meta name=\"twitter:data1\" content=\"redakcja\" \/>\n\t<meta name=\"twitter:label2\" content=\"Est. reading time\" \/>\n\t<meta name=\"twitter:data2\" content=\"1 minuta\" \/>\n<script type=\"application\/ld+json\" class=\"yoast-schema-graph\">{\"@context\":\"https:\/\/schema.org\",\"@graph\":[{\"@type\":\"Article\",\"@id\":\"https:\/\/www.mojabochnia.pl\/?p=98900#article\",\"isPartOf\":{\"@id\":\"https:\/\/www.mojabochnia.pl\/?p=98900\"},\"author\":{\"name\":\"redakcja\",\"@id\":\"https:\/\/www.mojabochnia.pl\/#\/schema\/person\/7e2f20ead9902216a3384f13606c0ab7\"},\"headline\":\"Pi\u0105tek: \u015aniadanie dla NGO u Kolpinga\",\"datePublished\":\"2013-10-17T05:56:12+00:00\",\"mainEntityOfPage\":{\"@id\":\"https:\/\/www.mojabochnia.pl\/?p=98900\"},\"wordCount\":279,\"commentCount\":0,\"publisher\":{\"@id\":\"https:\/\/www.mojabochnia.pl\/#organization\"},\"keywords\":[\"kolping\",\"stowarzyszenie kolpinga\"],\"articleSection\":[\"2_ostatnie\",\"polityka i wydarzenia\",\"tematyka\"],\"inLanguage\":\"pl-PL\",\"potentialAction\":[{\"@type\":\"CommentAction\",\"name\":\"Comment\",\"target\":[\"https:\/\/www.mojabochnia.pl\/?p=98900#respond\"]}]},{\"@type\":\"WebPage\",\"@id\":\"https:\/\/www.mojabochnia.pl\/?p=98900\",\"url\":\"https:\/\/www.mojabochnia.pl\/?p=98900\",\"name\":\"Pi\u0105tek: \u015aniadanie dla NGO u Kolpinga - mojabochnia.pl - portal informacyjny\",\"isPartOf\":{\"@id\":\"https:\/\/www.mojabochnia.pl\/#website\"},\"datePublished\":\"2013-10-17T05:56:12+00:00\",\"breadcrumb\":{\"@id\":\"https:\/\/www.mojabochnia.pl\/?p=98900#breadcrumb\"},\"inLanguage\":\"pl-PL\",\"potentialAction\":[{\"@type\":\"ReadAction\",\"target\":[\"https:\/\/www.mojabochnia.pl\/?p=98900\"]}]},{\"@type\":\"BreadcrumbList\",\"@id\":\"https:\/\/www.mojabochnia.pl\/?p=98900#breadcrumb\",\"itemListElement\":[{\"@type\":\"ListItem\",\"position\":1,\"name\":\"Home\",\"item\":\"https:\/\/www.mojabochnia.pl\/\"},{\"@type\":\"ListItem\",\"position\":2,\"name\":\"Pi\u0105tek: \u015aniadanie dla NGO u Kolpinga\"}]},{\"@type\":\"WebSite\",\"@id\":\"https:\/\/www.mojabochnia.pl\/#website\",\"url\":\"https:\/\/www.mojabochnia.pl\/\",\"name\":\"mojabochnia.pl - portal informacyjny\",\"description\":\"mojaBochnia to portal informacyjny o Bochni. Codziennie o Bochni piszemy i pokazujemy najwa\u017cniejsze wydarzenia\",\"publisher\":{\"@id\":\"https:\/\/www.mojabochnia.pl\/#organization\"},\"potentialAction\":[{\"@type\":\"SearchAction\",\"target\":{\"@type\":\"EntryPoint\",\"urlTemplate\":\"https:\/\/www.mojabochnia.pl\/?s={search_term_string}\"},\"query-input\":{\"@type\":\"PropertyValueSpecification\",\"valueRequired\":true,\"valueName\":\"search_term_string\"}}],\"inLanguage\":\"pl-PL\"},{\"@type\":\"Organization\",\"@id\":\"https:\/\/www.mojabochnia.pl\/#organization\",\"name\":\"mojabochnia.pl - portal informacyjny\",\"url\":\"https:\/\/www.mojabochnia.pl\/\",\"logo\":{\"@type\":\"ImageObject\",\"inLanguage\":\"pl-PL\",\"@id\":\"https:\/\/www.mojabochnia.pl\/#\/schema\/logo\/image\/\",\"url\":\"https:\/\/www.mojabochnia.pl\/wp-content\/uploads\/2017\/08\/logo-mb-opt.png\",\"contentUrl\":\"https:\/\/www.mojabochnia.pl\/wp-content\/uploads\/2017\/08\/logo-mb-opt.png\",\"width\":250,\"height\":48,\"caption\":\"mojabochnia.pl - portal informacyjny\"},\"image\":{\"@id\":\"https:\/\/www.mojabochnia.pl\/#\/schema\/logo\/image\/\"},\"sameAs\":[\"https:\/\/www.facebook.com\/mojabochnia\"]},{\"@type\":\"Person\",\"@id\":\"https:\/\/www.mojabochnia.pl\/#\/schema\/person\/7e2f20ead9902216a3384f13606c0ab7\",\"name\":\"redakcja\",\"sameAs\":[\"http:\/\/\"],\"url\":\"https:\/\/www.mojabochnia.pl\/?author=13\"}]}<\/script>\n<!-- \/ Yoast SEO plugin. -->","yoast_head_json":{"title":"Pi\u0105tek: \u015aniadanie dla NGO u Kolpinga - mojabochnia.pl - portal informacyjny","robots":{"index":"index","follow":"follow","max-snippet":"max-snippet:-1","max-image-preview":"max-image-preview:large","max-video-preview":"max-video-preview:-1"},"canonical":"https:\/\/www.mojabochnia.pl\/?p=98900","og_locale":"pl_PL","og_type":"article","og_title":"Pi\u0105tek: \u015aniadanie dla NGO u Kolpinga - mojabochnia.pl - portal informacyjny","og_description":"Centrum NGO KOLPING zaprasza przedstawicieli ma\u0142opolskich organizacji pozarz\u0105dowych do udzia\u0142u w spotkaniu z cyklu \"\u015aniadanie u Kolpinga\", tym razem pod has\u0142em: Edukacja senior\u00f3w \u2013 mi\u0119dzy teori\u0105 a praktyk\u0105.","og_url":"https:\/\/www.mojabochnia.pl\/?p=98900","og_site_name":"mojabochnia.pl - portal informacyjny","article_publisher":"https:\/\/www.facebook.com\/mojabochnia","article_published_time":"2013-10-17T05:56:12+00:00","author":"redakcja","twitter_card":"summary_large_image","twitter_misc":{"Written by":"redakcja","Est. reading time":"1 minuta"},"schema":{"@context":"https:\/\/schema.org","@graph":[{"@type":"Article","@id":"https:\/\/www.mojabochnia.pl\/?p=98900#article","isPartOf":{"@id":"https:\/\/www.mojabochnia.pl\/?p=98900"},"author":{"name":"redakcja","@id":"https:\/\/www.mojabochnia.pl\/#\/schema\/person\/7e2f20ead9902216a3384f13606c0ab7"},"headline":"Pi\u0105tek: \u015aniadanie dla NGO u Kolpinga","datePublished":"2013-10-17T05:56:12+00:00","mainEntityOfPage":{"@id":"https:\/\/www.mojabochnia.pl\/?p=98900"},"wordCount":279,"commentCount":0,"publisher":{"@id":"https:\/\/www.mojabochnia.pl\/#organization"},"keywords":["kolping","stowarzyszenie kolpinga"],"articleSection":["2_ostatnie","polityka i wydarzenia","tematyka"],"inLanguage":"pl-PL","potentialAction":[{"@type":"CommentAction","name":"Comment","target":["https:\/\/www.mojabochnia.pl\/?p=98900#respond"]}]},{"@type":"WebPage","@id":"https:\/\/www.mojabochnia.pl\/?p=98900","url":"https:\/\/www.mojabochnia.pl\/?p=98900","name":"Pi\u0105tek: \u015aniadanie dla NGO u Kolpinga - mojabochnia.pl - portal informacyjny","isPartOf":{"@id":"https:\/\/www.mojabochnia.pl\/#website"},"datePublished":"2013-10-17T05:56:12+00:00","breadcrumb":{"@id":"https:\/\/www.mojabochnia.pl\/?p=98900#breadcrumb"},"inLanguage":"pl-PL","potentialAction":[{"@type":"ReadAction","target":["https:\/\/www.mojabochnia.pl\/?p=98900"]}]},{"@type":"BreadcrumbList","@id":"https:\/\/www.mojabochnia.pl\/?p=98900#breadcrumb","itemListElement":[{"@type":"ListItem","position":1,"name":"Home","item":"https:\/\/www.mojabochnia.pl\/"},{"@type":"ListItem","position":2,"name":"Pi\u0105tek: \u015aniadanie dla NGO u Kolpinga"}]},{"@type":"WebSite","@id":"https:\/\/www.mojabochnia.pl\/#website","url":"https:\/\/www.mojabochnia.pl\/","name":"mojabochnia.pl - portal informacyjny","description":"mojaBochnia to portal informacyjny o Bochni. Codziennie o Bochni piszemy i pokazujemy najwa\u017cniejsze wydarzenia","publisher":{"@id":"https:\/\/www.mojabochnia.pl\/#organization"},"potentialAction":[{"@type":"SearchAction","target":{"@type":"EntryPoint","urlTemplate":"https:\/\/www.mojabochnia.pl\/?s={search_term_string}"},"query-input":{"@type":"PropertyValueSpecification","valueRequired":true,"valueName":"search_term_string"}}],"inLanguage":"pl-PL"},{"@type":"Organization","@id":"https:\/\/www.mojabochnia.pl\/#organization","name":"mojabochnia.pl - portal informacyjny","url":"https:\/\/www.mojabochnia.pl\/","logo":{"@type":"ImageObject","inLanguage":"pl-PL","@id":"https:\/\/www.mojabochnia.pl\/#\/schema\/logo\/image\/","url":"https:\/\/www.mojabochnia.pl\/wp-content\/uploads\/2017\/08\/logo-mb-opt.png","contentUrl":"https:\/\/www.mojabochnia.pl\/wp-content\/uploads\/2017\/08\/logo-mb-opt.png","width":250,"height":48,"caption":"mojabochnia.pl - portal informacyjny"},"image":{"@id":"https:\/\/www.mojabochnia.pl\/#\/schema\/logo\/image\/"},"sameAs":["https:\/\/www.facebook.com\/mojabochnia"]},{"@type":"Person","@id":"https:\/\/www.mojabochnia.pl\/#\/schema\/person\/7e2f20ead9902216a3384f13606c0ab7","name":"redakcja","sameAs":["http:\/\/"],"url":"https:\/\/www.mojabochnia.pl\/?author=13"}]}},"_links":{"self":[{"href":"https:\/\/www.mojabochnia.pl\/index.php?rest_route=\/wp\/v2\/posts\/98900","targetHints":{"allow":["GET"]}}],"collection":[{"href":"https:\/\/www.mojabochnia.pl\/index.php?rest_route=\/wp\/v2\/posts"}],"about":[{"href":"https:\/\/www.mojabochnia.pl\/index.php?rest_route=\/wp\/v2\/types\/post"}],"author":[{"embeddable":true,"href":"https:\/\/www.mojabochnia.pl\/index.php?rest_route=\/wp\/v2\/users\/13"}],"replies":[{"embeddable":true,"href":"https:\/\/www.mojabochnia.pl\/index.php?rest_route=%2Fwp%2Fv2%2Fcomments&post=98900"}],"version-history":[{"count":3,"href":"https:\/\/www.mojabochnia.pl\/index.php?rest_route=\/wp\/v2\/posts\/98900\/revisions"}],"predecessor-version":[{"id":98903,"href":"https:\/\/www.mojabochnia.pl\/index.php?rest_route=\/wp\/v2\/posts\/98900\/revisions\/98903"}],"wp:attachment":[{"href":"https:\/\/www.mojabochnia.pl\/index.php?rest_route=%2Fwp%2Fv2%2Fmedia&parent=98900"}],"wp:term":[{"taxonomy":"category","embeddable":true,"href":"https:\/\/www.mojabochnia.pl\/index.php?rest_route=%2Fwp%2Fv2%2Fcategories&post=98900"},{"taxonomy":"post_tag","embeddable":true,"href":"https:\/\/www.mojabochnia.pl\/index.php?rest_route=%2Fwp%2Fv2%2Ftags&post=98900"}],"curies":[{"name":"wp","href":"https:\/\/api.w.org\/{rel}","templated":true}]}}