{"id":985,"date":"2008-09-07T12:05:43","date_gmt":"2008-09-07T10:05:43","guid":{"rendered":"http:\/\/beta.mojabochnia.pl\/?p=985"},"modified":"2008-10-24T13:50:24","modified_gmt":"2008-10-24T11:50:24","slug":"co-kryje-zabytkowy-kosciolek-w-chronowie","status":"publish","type":"post","link":"https:\/\/www.mojabochnia.pl\/?p=985","title":{"rendered":"Co kryje zabytkowy ko\u015bci\u00f3\u0142ek w Chronowie?"},"content":{"rendered":"<p>G\u00f3rna cz\u0119\u015b\u0107 chrzcielnicy kamiennej zosta\u0142a odnaleziona w trakcie wykonywania rob\u00f3t wzmacniaj\u0105cych fundamenty przy zabytkowym ko\u015bciele parafialnym p.w. Zes\u0142ania Ducha \u015aw. w Chronowie.<\/p>\n<p>Badaj\u0105c histori\u0119 parafii Chron\u00f3w mo\u017cna stwierdzi\u0107, \u017ce w 1685 roku proboszcz parafii w Starym Wi\u015bniczu i kapelan chronowski ks. Pawe\u0142 Dudzicki podj\u0119li trud budowy nowego ko\u015bcio\u0142a drewnianego w tej miejscowo\u015bci na miejscu starego ko\u015bcio\u0142a w zwi\u0105zku z jego naturalnym zniszczeniem. Pierwszy drewniany ko\u015bci\u00f3\u0142 wybudowany zosta\u0142 najprawdopodobniej w 1232 roku, a najstarsza zachowana notatka o istnieniu tego ko\u015bcio\u0142a odnaleziona w zapisach S\u0105du Ziemskiego Krakowskiego pochodzi z 1398 roku. <\/p>\n<p>To w\u0142a\u015bnie z tego ko\u015bcio\u0142a mo\u017ce pochodzi\u0107 odnaleziona chrzcielnica, kt\u00f3ra umieszczona by\u0142a jako kamienna podbudowa pod drewniane przyciesi remontowanego obecnie ko\u015bcio\u0142a. Uwag\u0119 archeolog\u00f3w zwr\u00f3ci\u0142a r\u00f3wnie\u017c kamienna podstawa pod drewnian\u0105 chrzcielnic\u0105 wewn\u0105trz ko\u015bcio\u0142a. Mog\u0142a ona by\u0107 elementem sk\u0142adowym odnalezionej g\u00f3rnej cz\u0119\u015bci chrzcielnicy kamiennej. Archeologowie przypuszczaj\u0105, \u017ce kamienna kropielnica, eksponowana przed ko\u015bcio\u0142em, r\u00f3wnie\u017c mo\u017ce pochodzi\u0107 z XIV wieku. <\/p>\n<p>Odnalezione elementy chrzcielnicy ogl\u0105da\u0107 b\u0119dzie mo\u017cna we wn\u0119trzu ko\u015bcio\u0142a w Chronowie.<\/p>\n<p>Burmistrz Nowego Wi\u015bnicza Stanis\u0142aw Gaworczyk o odkryciu w Chronowie powiadomi\u0142 Wojew\u00f3dzkiego Konserwatora Zabytk\u00f3w oraz Kuri\u0119 Diecezjaln\u0105 w Tarnowie.<\/p>\n","protected":false},"excerpt":{"rendered":"<p>W fundamentach starego ko\u015bcio\u0142a w Chronowie zosta\u0142a odkryta chrzcielnica prawdopodobnie pochodz\u0105ca z XIV w. Znaleziony fragment by\u0107 mo\u017ce stanowi\u0142 ca\u0142o\u015b\u0107 z kamienn\u0105 podstaw\u0105 pod drewnian\u0105 chrzcielnic\u0105 wewn\u0105trz ko\u015bcio\u0142a. Spraw\u0119 badaj\u0105 archeologowie. <\/p>\n","protected":false},"author":1,"featured_media":0,"comment_status":"open","ping_status":"open","sticky":false,"template":"","format":"standard","meta":{"_acf_changed":false,"footnotes":""},"categories":[5,1342],"tags":[578,89,579,17118,17300,17138,577],"class_list":["post-985","post","type-post","status-publish","format-standard","hentry","category-biezace-wydarzenia","category-zycie-religijne","tag-archeologia","tag-chronow","tag-konserwator-zabytkow","tag-wisnicz","tag-remont","tag-stanislaw-gaworczyk","tag-stary-wisnicz"],"acf":[],"yoast_head":"<!-- This site is optimized with the Yoast SEO plugin v26.9 - https:\/\/yoast.com\/product\/yoast-seo-wordpress\/ -->\n<title>Co kryje zabytkowy ko\u015bci\u00f3\u0142ek w Chronowie? - mojabochnia.pl - portal informacyjny<\/title>\n<meta name=\"robots\" content=\"index, follow, max-snippet:-1, max-image-preview:large, max-video-preview:-1\" \/>\n<link rel=\"canonical\" href=\"https:\/\/www.mojabochnia.pl\/?p=985\" \/>\n<meta property=\"og:locale\" content=\"pl_PL\" \/>\n<meta property=\"og:type\" content=\"article\" \/>\n<meta property=\"og:title\" content=\"Co kryje zabytkowy ko\u015bci\u00f3\u0142ek w Chronowie? - mojabochnia.pl - portal informacyjny\" \/>\n<meta property=\"og:description\" content=\"W fundamentach starego ko\u015bcio\u0142a w Chronowie zosta\u0142a odkryta chrzcielnica prawdopodobnie pochodz\u0105ca z XIV w. Znaleziony fragment by\u0107 mo\u017ce stanowi\u0142 ca\u0142o\u015b\u0107 z kamienn\u0105 podstaw\u0105 pod drewnian\u0105 chrzcielnic\u0105 wewn\u0105trz ko\u015bcio\u0142a. Spraw\u0119 badaj\u0105 archeologowie.\" \/>\n<meta property=\"og:url\" content=\"https:\/\/www.mojabochnia.pl\/?p=985\" \/>\n<meta property=\"og:site_name\" content=\"mojabochnia.pl - portal informacyjny\" \/>\n<meta property=\"article:publisher\" content=\"https:\/\/www.facebook.com\/mojabochnia\" \/>\n<meta property=\"article:published_time\" content=\"2008-09-07T10:05:43+00:00\" \/>\n<meta property=\"article:modified_time\" content=\"2008-10-24T11:50:24+00:00\" \/>\n<meta name=\"author\" content=\"administrator\" \/>\n<meta name=\"twitter:card\" content=\"summary_large_image\" \/>\n<meta name=\"twitter:label1\" content=\"Written by\" \/>\n\t<meta name=\"twitter:data1\" content=\"administrator\" \/>\n\t<meta name=\"twitter:label2\" content=\"Est. reading time\" \/>\n\t<meta name=\"twitter:data2\" content=\"1 minuta\" \/>\n<script type=\"application\/ld+json\" class=\"yoast-schema-graph\">{\"@context\":\"https:\/\/schema.org\",\"@graph\":[{\"@type\":\"Article\",\"@id\":\"https:\/\/www.mojabochnia.pl\/?p=985#article\",\"isPartOf\":{\"@id\":\"https:\/\/www.mojabochnia.pl\/?p=985\"},\"author\":{\"name\":\"administrator\",\"@id\":\"https:\/\/www.mojabochnia.pl\/#\/schema\/person\/c00e1f64e6fa0e6de6d410f2c340017f\"},\"headline\":\"Co kryje zabytkowy ko\u015bci\u00f3\u0142ek w Chronowie?\",\"datePublished\":\"2008-09-07T10:05:43+00:00\",\"dateModified\":\"2008-10-24T11:50:24+00:00\",\"mainEntityOfPage\":{\"@id\":\"https:\/\/www.mojabochnia.pl\/?p=985\"},\"wordCount\":235,\"commentCount\":0,\"publisher\":{\"@id\":\"https:\/\/www.mojabochnia.pl\/#organization\"},\"keywords\":[\"archeologia\",\"chron\u00f3w\",\"konserwator zabytk\u00f3w\",\"Nowy Wi\u015bnicz\",\"remont\",\"stanis\u0142aw gaworczyk\",\"stary wi\u015bnicz\"],\"articleSection\":[\"2_ostatnie\",\"\u017bycie religijne\"],\"inLanguage\":\"pl-PL\",\"potentialAction\":[{\"@type\":\"CommentAction\",\"name\":\"Comment\",\"target\":[\"https:\/\/www.mojabochnia.pl\/?p=985#respond\"]}]},{\"@type\":\"WebPage\",\"@id\":\"https:\/\/www.mojabochnia.pl\/?p=985\",\"url\":\"https:\/\/www.mojabochnia.pl\/?p=985\",\"name\":\"Co kryje zabytkowy ko\u015bci\u00f3\u0142ek w Chronowie? - mojabochnia.pl - portal informacyjny\",\"isPartOf\":{\"@id\":\"https:\/\/www.mojabochnia.pl\/#website\"},\"datePublished\":\"2008-09-07T10:05:43+00:00\",\"dateModified\":\"2008-10-24T11:50:24+00:00\",\"breadcrumb\":{\"@id\":\"https:\/\/www.mojabochnia.pl\/?p=985#breadcrumb\"},\"inLanguage\":\"pl-PL\",\"potentialAction\":[{\"@type\":\"ReadAction\",\"target\":[\"https:\/\/www.mojabochnia.pl\/?p=985\"]}]},{\"@type\":\"BreadcrumbList\",\"@id\":\"https:\/\/www.mojabochnia.pl\/?p=985#breadcrumb\",\"itemListElement\":[{\"@type\":\"ListItem\",\"position\":1,\"name\":\"Home\",\"item\":\"https:\/\/www.mojabochnia.pl\/\"},{\"@type\":\"ListItem\",\"position\":2,\"name\":\"Co kryje zabytkowy ko\u015bci\u00f3\u0142ek w Chronowie?\"}]},{\"@type\":\"WebSite\",\"@id\":\"https:\/\/www.mojabochnia.pl\/#website\",\"url\":\"https:\/\/www.mojabochnia.pl\/\",\"name\":\"mojabochnia.pl - portal informacyjny\",\"description\":\"mojaBochnia to portal informacyjny o Bochni. Codziennie o Bochni piszemy i pokazujemy najwa\u017cniejsze wydarzenia\",\"publisher\":{\"@id\":\"https:\/\/www.mojabochnia.pl\/#organization\"},\"potentialAction\":[{\"@type\":\"SearchAction\",\"target\":{\"@type\":\"EntryPoint\",\"urlTemplate\":\"https:\/\/www.mojabochnia.pl\/?s={search_term_string}\"},\"query-input\":{\"@type\":\"PropertyValueSpecification\",\"valueRequired\":true,\"valueName\":\"search_term_string\"}}],\"inLanguage\":\"pl-PL\"},{\"@type\":\"Organization\",\"@id\":\"https:\/\/www.mojabochnia.pl\/#organization\",\"name\":\"mojabochnia.pl - portal informacyjny\",\"url\":\"https:\/\/www.mojabochnia.pl\/\",\"logo\":{\"@type\":\"ImageObject\",\"inLanguage\":\"pl-PL\",\"@id\":\"https:\/\/www.mojabochnia.pl\/#\/schema\/logo\/image\/\",\"url\":\"https:\/\/www.mojabochnia.pl\/wp-content\/uploads\/2017\/08\/logo-mb-opt.png\",\"contentUrl\":\"https:\/\/www.mojabochnia.pl\/wp-content\/uploads\/2017\/08\/logo-mb-opt.png\",\"width\":250,\"height\":48,\"caption\":\"mojabochnia.pl - portal informacyjny\"},\"image\":{\"@id\":\"https:\/\/www.mojabochnia.pl\/#\/schema\/logo\/image\/\"},\"sameAs\":[\"https:\/\/www.facebook.com\/mojabochnia\"]},{\"@type\":\"Person\",\"@id\":\"https:\/\/www.mojabochnia.pl\/#\/schema\/person\/c00e1f64e6fa0e6de6d410f2c340017f\",\"name\":\"administrator\",\"url\":\"https:\/\/www.mojabochnia.pl\/?author=1\"}]}<\/script>\n<!-- \/ Yoast SEO plugin. -->","yoast_head_json":{"title":"Co kryje zabytkowy ko\u015bci\u00f3\u0142ek w Chronowie? - mojabochnia.pl - portal informacyjny","robots":{"index":"index","follow":"follow","max-snippet":"max-snippet:-1","max-image-preview":"max-image-preview:large","max-video-preview":"max-video-preview:-1"},"canonical":"https:\/\/www.mojabochnia.pl\/?p=985","og_locale":"pl_PL","og_type":"article","og_title":"Co kryje zabytkowy ko\u015bci\u00f3\u0142ek w Chronowie? - mojabochnia.pl - portal informacyjny","og_description":"W fundamentach starego ko\u015bcio\u0142a w Chronowie zosta\u0142a odkryta chrzcielnica prawdopodobnie pochodz\u0105ca z XIV w. Znaleziony fragment by\u0107 mo\u017ce stanowi\u0142 ca\u0142o\u015b\u0107 z kamienn\u0105 podstaw\u0105 pod drewnian\u0105 chrzcielnic\u0105 wewn\u0105trz ko\u015bcio\u0142a. Spraw\u0119 badaj\u0105 archeologowie.","og_url":"https:\/\/www.mojabochnia.pl\/?p=985","og_site_name":"mojabochnia.pl - portal informacyjny","article_publisher":"https:\/\/www.facebook.com\/mojabochnia","article_published_time":"2008-09-07T10:05:43+00:00","article_modified_time":"2008-10-24T11:50:24+00:00","author":"administrator","twitter_card":"summary_large_image","twitter_misc":{"Written by":"administrator","Est. reading time":"1 minuta"},"schema":{"@context":"https:\/\/schema.org","@graph":[{"@type":"Article","@id":"https:\/\/www.mojabochnia.pl\/?p=985#article","isPartOf":{"@id":"https:\/\/www.mojabochnia.pl\/?p=985"},"author":{"name":"administrator","@id":"https:\/\/www.mojabochnia.pl\/#\/schema\/person\/c00e1f64e6fa0e6de6d410f2c340017f"},"headline":"Co kryje zabytkowy ko\u015bci\u00f3\u0142ek w Chronowie?","datePublished":"2008-09-07T10:05:43+00:00","dateModified":"2008-10-24T11:50:24+00:00","mainEntityOfPage":{"@id":"https:\/\/www.mojabochnia.pl\/?p=985"},"wordCount":235,"commentCount":0,"publisher":{"@id":"https:\/\/www.mojabochnia.pl\/#organization"},"keywords":["archeologia","chron\u00f3w","konserwator zabytk\u00f3w","Nowy Wi\u015bnicz","remont","stanis\u0142aw gaworczyk","stary wi\u015bnicz"],"articleSection":["2_ostatnie","\u017bycie religijne"],"inLanguage":"pl-PL","potentialAction":[{"@type":"CommentAction","name":"Comment","target":["https:\/\/www.mojabochnia.pl\/?p=985#respond"]}]},{"@type":"WebPage","@id":"https:\/\/www.mojabochnia.pl\/?p=985","url":"https:\/\/www.mojabochnia.pl\/?p=985","name":"Co kryje zabytkowy ko\u015bci\u00f3\u0142ek w Chronowie? - mojabochnia.pl - portal informacyjny","isPartOf":{"@id":"https:\/\/www.mojabochnia.pl\/#website"},"datePublished":"2008-09-07T10:05:43+00:00","dateModified":"2008-10-24T11:50:24+00:00","breadcrumb":{"@id":"https:\/\/www.mojabochnia.pl\/?p=985#breadcrumb"},"inLanguage":"pl-PL","potentialAction":[{"@type":"ReadAction","target":["https:\/\/www.mojabochnia.pl\/?p=985"]}]},{"@type":"BreadcrumbList","@id":"https:\/\/www.mojabochnia.pl\/?p=985#breadcrumb","itemListElement":[{"@type":"ListItem","position":1,"name":"Home","item":"https:\/\/www.mojabochnia.pl\/"},{"@type":"ListItem","position":2,"name":"Co kryje zabytkowy ko\u015bci\u00f3\u0142ek w Chronowie?"}]},{"@type":"WebSite","@id":"https:\/\/www.mojabochnia.pl\/#website","url":"https:\/\/www.mojabochnia.pl\/","name":"mojabochnia.pl - portal informacyjny","description":"mojaBochnia to portal informacyjny o Bochni. Codziennie o Bochni piszemy i pokazujemy najwa\u017cniejsze wydarzenia","publisher":{"@id":"https:\/\/www.mojabochnia.pl\/#organization"},"potentialAction":[{"@type":"SearchAction","target":{"@type":"EntryPoint","urlTemplate":"https:\/\/www.mojabochnia.pl\/?s={search_term_string}"},"query-input":{"@type":"PropertyValueSpecification","valueRequired":true,"valueName":"search_term_string"}}],"inLanguage":"pl-PL"},{"@type":"Organization","@id":"https:\/\/www.mojabochnia.pl\/#organization","name":"mojabochnia.pl - portal informacyjny","url":"https:\/\/www.mojabochnia.pl\/","logo":{"@type":"ImageObject","inLanguage":"pl-PL","@id":"https:\/\/www.mojabochnia.pl\/#\/schema\/logo\/image\/","url":"https:\/\/www.mojabochnia.pl\/wp-content\/uploads\/2017\/08\/logo-mb-opt.png","contentUrl":"https:\/\/www.mojabochnia.pl\/wp-content\/uploads\/2017\/08\/logo-mb-opt.png","width":250,"height":48,"caption":"mojabochnia.pl - portal informacyjny"},"image":{"@id":"https:\/\/www.mojabochnia.pl\/#\/schema\/logo\/image\/"},"sameAs":["https:\/\/www.facebook.com\/mojabochnia"]},{"@type":"Person","@id":"https:\/\/www.mojabochnia.pl\/#\/schema\/person\/c00e1f64e6fa0e6de6d410f2c340017f","name":"administrator","url":"https:\/\/www.mojabochnia.pl\/?author=1"}]}},"_links":{"self":[{"href":"https:\/\/www.mojabochnia.pl\/index.php?rest_route=\/wp\/v2\/posts\/985","targetHints":{"allow":["GET"]}}],"collection":[{"href":"https:\/\/www.mojabochnia.pl\/index.php?rest_route=\/wp\/v2\/posts"}],"about":[{"href":"https:\/\/www.mojabochnia.pl\/index.php?rest_route=\/wp\/v2\/types\/post"}],"author":[{"embeddable":true,"href":"https:\/\/www.mojabochnia.pl\/index.php?rest_route=\/wp\/v2\/users\/1"}],"replies":[{"embeddable":true,"href":"https:\/\/www.mojabochnia.pl\/index.php?rest_route=%2Fwp%2Fv2%2Fcomments&post=985"}],"version-history":[{"count":0,"href":"https:\/\/www.mojabochnia.pl\/index.php?rest_route=\/wp\/v2\/posts\/985\/revisions"}],"wp:attachment":[{"href":"https:\/\/www.mojabochnia.pl\/index.php?rest_route=%2Fwp%2Fv2%2Fmedia&parent=985"}],"wp:term":[{"taxonomy":"category","embeddable":true,"href":"https:\/\/www.mojabochnia.pl\/index.php?rest_route=%2Fwp%2Fv2%2Fcategories&post=985"},{"taxonomy":"post_tag","embeddable":true,"href":"https:\/\/www.mojabochnia.pl\/index.php?rest_route=%2Fwp%2Fv2%2Ftags&post=985"}],"curies":[{"name":"wp","href":"https:\/\/api.w.org\/{rel}","templated":true}]}}