{"id":98415,"date":"2013-10-07T10:29:30","date_gmt":"2013-10-07T08:29:30","guid":{"rendered":"http:\/\/www.mojabochnia.pl\/?p=98415"},"modified":"2013-10-08T09:49:20","modified_gmt":"2013-10-08T07:49:20","slug":"odpust-rozancowy-w-bochni-program","status":"publish","type":"post","link":"https:\/\/www.mojabochnia.pl\/?p=98415","title":{"rendered":"Odpust r\u00f3\u017ca\u0144cowy w Bochni &#8211; program"},"content":{"rendered":"<p>Mszy \u015bw. o godz. 17.00 b\u0119dzie dzi\u015b przewodniczy\u0142 biskup tarnowski Andrzej Je\u017c. <em>Po Mszy \u015bw. Wyruszy tradycyjnie procesja r\u00f3\u017ca\u0144cowa ulicami naszego miasta. W ka\u017cdy si\u00f3dmy dzie\u0144 miesi\u0105ca przez ca\u0142y rok odbywaj\u0105 si\u0119 procesje r\u00f3\u017ca\u0144cowe wok\u00f3\u0142 Bazyliki, ale 7 pa\u017adziernika, kiedy przypada rocznica koronacji, od kilkunastu lat ta procesja jest ulicami naszego miasta<\/em> \u2013 m\u00f3wi ks. Zdzis\u0142aw Sadko, kustosz sanktuarium Matki Bo\u017cej Boche\u0144skiej.<\/p>\n<p>Has\u0142o tegorocznego tygodniowego odpustu w Bochni to &#8222;Maryja, przewodniczka na drodze wiary&#8221;, nawi\u0105zuj\u0105ce do trwaj\u0105cego w Ko\u015bciele katolickim Roku Wiary.<br \/>\n<strong><br \/>\nProgram:<\/strong><\/p>\n<p><strong>Poniedzia\u0142ek, 7 X 2013 r., 79. rocznica koronacji Obrazu Matki Bo\u017cej<\/strong><\/p>\n<p>  6.30 \u2013 Ods\u0142oni\u0119cie Cudownego Obrazu Matki Bo\u017cej i Godzinki<\/p>\n<p>  7.00 \u2013 Msza \u015bw. w kaplicy Cudownego Obrazu Matki Bo\u017cej Boche\u0144skiej<\/p>\n<p>  9.00 \u2013 Msza \u015bw. \u2013 Dzieci ze Szko\u0142y Podstawowej nr 1 i O\u015brodek Szkolno-Wychowawczy<\/p>\n<p>11.00 \u2013 Msza \u015bw. z procesj\u0105 Eucharystyczn\u0105 \u2013 Zesp\u00f3\u0142 Szk\u00f3\u0142 nr 2 i 3<\/p>\n<p>17.00 \u2013 Centralna uroczysto\u015b\u0107 79. rocznicy koronacji Obrazu Matki Bo\u017cej \u2013 przewodniczy JE Ksi\u0105dz Biskup Andrzej Je\u017c \u2013 pielgrzymki z Krzy\u017canowic, Gaw\u0142owa, Pogwizdowa, Sobolowa i z Bochni os. Solna G\u00f3ra z ul. Orack\u0105 (rozpocz\u0119cie pielgrzymki o godz. 16.15 na osiedlu Solna G\u00f3ra)<\/p>\n<p>18.00 \u2013 Procesja R\u00f3\u017ca\u0144cowa ulicami miasta<\/p>\n<p>20.30 \u2013 Ca\u0142onocna Adoracja Pana Jezusa w Naj\u015bwi\u0119tszym Sakramencie<\/p>\n<p><strong>Wtorek, 8 X 2013 r.<\/strong><\/p>\n<p>  0.00 \u2013 Msza \u015bw. o p\u00f3\u0142nocy w kaplicy Obrazu Matki Bo\u017cej i b\u0142ogos\u0142awie\u0144stwo Naj\u015bwi\u0119tszym Sakramentem<\/p>\n<p>  6.30 \u2013 Godzinki<\/p>\n<p>  7.00 \u2013 Msza \u015bw. w kaplicy Cudownego Obrazu Matki Bo\u017cej Boche\u0144skiej<\/p>\n<p>  9.00 \u2013 Msza \u015bw. \u2013 Dzieci ze Szko\u0142y Podstawowej nr 4 i 7<\/p>\n<p>11.00 \u2013 Msza \u015bw. z procesj\u0105 Eucharystyczn\u0105 \u2013 Zesp\u00f3\u0142 Szk\u00f3\u0142 nr 1 i II LO<\/p>\n<p>17.00 \u2013 Msza \u015bw. dla pielgrzym\u00f3w z \u0141apczycy, Che\u0142mu, Cikowic, \u0141\u0119\u017ckowic, Gierczyc, Mikluszowic i z Bochni os. Karolina, ul. Wygoda i ul. Proszowska (rozpocz\u0119cie pielgrzymki o godz. 16.00 przy Domu Pomocy Spo\u0142ecznej)<\/p>\n<p>18.00 \u2013 Procesja R\u00f3\u017ca\u0144cowa z lampionami<\/p>\n<p>19.30 \u2013 Msza \u015bw. dla pielgrzym\u00f3w z Parafii \u015bw. Paw\u0142a Aposto\u0142a<\/p>\n<p><strong>\u015aroda, 9 X 2013 r.<\/strong><\/p>\n<p>  6.30 \u2013 Ods\u0142oni\u0119cie Cudownego Obrazu Matki Bo\u017cej i Godzinki<\/p>\n<p>  7.00 \u2013 Msza \u015bw. w kaplicy Cudownego Obrazu Matki Bo\u017cej Boche\u0144skiej<\/p>\n<p>  9.00 \u2013 Msza \u015bw. \u2013 Pielgrzymi z Kr\u00f3l\u00f3wki<\/p>\n<p>11.00 \u2013 Msza \u015bw. z procesj\u0105 Eucharystyczn\u0105 \u2013 I LO<\/p>\n<p>17.00 \u2013 Msza \u015bw. dla pielgrzym\u00f3w z Rzezawy, Borku, Krzeczowa, Brze\u017anicy i z Bochni os. Kur\u00f3w (rozpocz\u0119cie pielgrzymki o godz. 15.30 przy \u015bwietlicy)<\/p>\n<p>18.00 \u2013 Procesja R\u00f3\u017ca\u0144cowa z lampionami<\/p>\n<p>19.30 \u2013 Msza \u015bw. dla S\u0142u\u017cby Zdrowia, Nauczycieli i Wychowawc\u00f3w, KSW, Redakcji \u201eZwiastuna Maryi\u201d, Poradni Rodzinnej, ARKI, Kierowc\u00f3w i u\u017cytkownik\u00f3w dr\u00f3g<\/p>\n<p><strong>Czwartek, 10 X 2013 r.<\/strong><\/p>\n<p>  6.30 \u2013 Ods\u0142oni\u0119cie Cudownego Obrazu Matki Bo\u017cej i Godzinki<\/p>\n<p>  7.00 \u2013 Msza \u015bw. w kaplicy Cudownego Obrazu Matki Bo\u017cej Boche\u0144skiej<\/p>\n<p>  9.00 \u2013 Msza \u015bw. \u2013 M\u0142odzie\u017c z Gimnazjum nr 1 i 2<\/p>\n<p>11.00 \u2013 Msza \u015bw. z procesj\u0105 Eucharystyczn\u0105 \u2013 Szko\u0142a Podstawowa nr 2<\/p>\n<p>17.00 \u2013 Msza \u015bw. dla pielgrzym\u00f3w z K\u0142aja i z Bochni os. Chodenice (rozpocz\u0119cie pielgrzymki o godz. 15.45 przy Krzy\u017cu)<\/p>\n<p>18.00 \u2013 Procesja R\u00f3\u017ca\u0144cowa z lampionami<\/p>\n<p>19.30 \u2013 Msza \u015bw. dla pielgrzym\u00f3w z Parafii \u015bw. Jana Nepomucena<\/p>\n<p><strong>Pi\u0105tek, 11 X 2013 r.<\/strong><\/p>\n<p>  6.30 \u2013 Ods\u0142oni\u0119cie Cudownego Obrazu Matki Bo\u017cej i Godzinki<\/p>\n<p>  7.00 \u2013 Msza \u015bw. w kaplicy Cudownego Obrazu Matki Bo\u017cej Boche\u0144skiej<\/p>\n<p>  9.00 \u2013 Msza \u015bw. \u2013 Dzieci ze Szko\u0142y Podstawowej nr 5<\/p>\n<p>10.30 \u2013 R\u00f3\u017caniec \u015bw.<\/p>\n<p>11.00 \u2013 Msza \u015bw. z procesj\u0105 Eucharystyczn\u0105 \u2013 XVIII Diecezjalna Pielgrzymka Rencist\u00f3w, Emeryt\u00f3w, Wdowc\u00f3w, Wd\u00f3w i Starszych wiekiem<\/p>\n<p>17.00 \u2013 Msza \u015bw. \u2013 przewodniczy JE Ks. Bp W\u0142adys\u0142aw Bobowski \u2013 pielgrzymki z Nowego Wi\u015bnicza, Starego Wi\u015bnicza, Lipnicy Murowanej, Kobyla, Chronowa i z Bochni rejon \u201eUzbornia\u201d z ulicami: Kazimierza Wielkiego i Trudn\u0105 (rozpocz\u0119cie pielgrzymki o godz. 16.15 na parkingu przy ul. Fischera)<\/p>\n<p>18.00 \u2013 Procesja R\u00f3\u017ca\u0144cowa z lampionami<\/p>\n<p>19.30 \u2013 Adoracja Naj\u015bwi\u0119tszego Sakramentu dla M\u0142odzie\u017cy \u2013 przygotowanie do \u015awiatowego Dnia M\u0142odzie\u017cy w Krakowie na rok 2016 \u2013 Ruch \u015awiat\u0142o-\u017bycie, M\u0142odzie\u017c, KSM, Kr\u0119gi Rodzin i Odnowa w Duchu \u015awi\u0119tym<\/p>\n<p>22.00 \u2013 Droga Krzy\u017cowa<\/p>\n<p>23.00 \u2013 Msza \u015bw.<\/p>\n<p><strong>Sobota, 12 X 2013 r.<\/strong><\/p>\n<p>  6.30 \u2013 Ods\u0142oni\u0119cie Cudownego Obrazu Matki Bo\u017cej i Godzinki<\/p>\n<p>  7.00 \u2013 Msza \u015bw. w kaplicy Cudownego Obrazu Matki Bo\u017cej Boche\u0144skiej<\/p>\n<p>  9.00 \u2013 Msza \u015bw. \u2013 Jubileusze kap\u0142a\u0144skie i ma\u0142\u017ce\u0144skie<\/p>\n<p>11.00 \u2013 Msza \u015bw. z procesj\u0105 Eucharystyczn\u0105 \u2013 Liturgiczna S\u0142u\u017cba O\u0142tarza, DSM, Grupy Dzieci\u0119ce, pielgrzymi z Por\u0119by Spytkowskiej<\/p>\n<p>15.00 \u2013 Nabo\u017ce\u0144stwo z b\u0142ogos\u0142awie\u0144stwem ma\u0142ych dzieci<\/p>\n<p>17.00 \u2013 Msza \u015bw. dla pielgrzymek Stra\u017cy Po\u017carnych, Policji, Stra\u017cy Miejskiej, Kolejarzy, Hutnik\u00f3w, So\u0142tys\u00f3w i Samorz\u0105dowc\u00f3w, pielgrzymka z Brzeska i z Bochni os. S\u0142oneczne (rozpocz\u0119cie pielgrzymki o godz. 16.15 przy kapliczce \u015bw. Idziego)<\/p>\n<p>18.00 \u2013 Procesja R\u00f3\u017ca\u0144cowa z lampionami<\/p>\n<p>19.30 \u2013 Msza \u015bw. dla grup duszpasterskich: Akcja Katolicka, Grupy Modlitewne \u015bw. o. Pio, R\u00f3\u017ce \u017bywego R\u00f3\u017ca\u0144ca, Wolontariat Maryjny, Caritas, Franciszka\u0144ski Zakon \u015awieckich, Czciciele Jezusa Mi\u0142osiernego, Mali Rycerze Mi\u0142osiernego Serca Jezusowego, Civitas Christiana<\/p>\n<p><strong>Niedziela, 13 X 2013 r.<\/strong><\/p>\n<p>6.00; 7.30; 9.00 \u2013 Msza \u015bw.<\/p>\n<p>11.00 \u2013 Msza \u015bw. z procesj\u0105 Eucharystyczn\u0105 \u2013 przewodniczy JE Ks. Bp Wies\u0142aw Lechowicz \u2013 pielgrzymki ojc\u00f3w i matek, Cechu Rzemios\u0142 R\u00f3\u017cnych, pracodawc\u00f3w i ludzi pracy z Bochni i okolic oraz parafii: \u017begocina, Cerekiew, Okulice, Much\u00f3wka, U\u015bcie Solne, Drwinia<\/p>\n<p>14.30 \u2013 Msza \u015bw. dla uczestnik\u00f3w Pieszej Pielgrzymki Tarnowskiej<\/p>\n<p>17.00 \u2013 Procesja R\u00f3\u017ca\u0144cowa z lampionami<\/p>\n<p>18.00 \u2013 Msza \u015bw.<\/p>\n<p>19.00 \u2013 Koncert Ch\u0142opi\u0119cego Ch\u00f3ru Katedralnego \u201ePueri Cantores Tarnovienses\u201d<\/p>\n","protected":false},"excerpt":{"rendered":"<p>Rozpocz\u0105\u0142 si\u0119 tygodniowy odpust ku czci Matki Bo\u017cej Boche\u0144skiej. Uroczysto\u015bci potrwaj\u0105 do niedzieli 13 pa\u017adziernika. 7 pa\u017adziernika przypada centralny dzie\u0144 ca\u0142ego tygodnia: wspomnienie Matki Bo\u017cej R\u00f3\u017ca\u0144cowej i 79-lecie koronacji Cudownego Obrazu.<\/p>\n","protected":false},"author":13,"featured_media":0,"comment_status":"open","ping_status":"closed","sticky":false,"template":"","format":"standard","meta":{"_acf_changed":false,"footnotes":""},"categories":[5,6250,1342],"tags":[17608,804,17364],"class_list":["post-98415","post","type-post","status-publish","format-standard","hentry","category-biezace-wydarzenia","category-tematyka","category-zycie-religijne","tag-bazylika","tag-matka-boza-rozancowa","tag-odpust","main_tag-odpust"],"acf":[],"yoast_head":"<!-- This site is optimized with the Yoast SEO plugin v26.9 - https:\/\/yoast.com\/product\/yoast-seo-wordpress\/ -->\n<title>Odpust r\u00f3\u017ca\u0144cowy w Bochni - program - mojabochnia.pl - portal informacyjny<\/title>\n<meta name=\"robots\" content=\"index, follow, max-snippet:-1, max-image-preview:large, max-video-preview:-1\" \/>\n<link rel=\"canonical\" href=\"https:\/\/www.mojabochnia.pl\/?p=98415\" \/>\n<meta property=\"og:locale\" content=\"pl_PL\" \/>\n<meta property=\"og:type\" content=\"article\" \/>\n<meta property=\"og:title\" content=\"Odpust r\u00f3\u017ca\u0144cowy w Bochni - program - mojabochnia.pl - portal informacyjny\" \/>\n<meta property=\"og:description\" content=\"Rozpocz\u0105\u0142 si\u0119 tygodniowy odpust ku czci Matki Bo\u017cej Boche\u0144skiej. Uroczysto\u015bci potrwaj\u0105 do niedzieli 13 pa\u017adziernika. 7 pa\u017adziernika przypada centralny dzie\u0144 ca\u0142ego tygodnia: wspomnienie Matki Bo\u017cej R\u00f3\u017ca\u0144cowej i 79-lecie koronacji Cudownego Obrazu.\" \/>\n<meta property=\"og:url\" content=\"https:\/\/www.mojabochnia.pl\/?p=98415\" \/>\n<meta property=\"og:site_name\" content=\"mojabochnia.pl - portal informacyjny\" \/>\n<meta property=\"article:publisher\" content=\"https:\/\/www.facebook.com\/mojabochnia\" \/>\n<meta property=\"article:published_time\" content=\"2013-10-07T08:29:30+00:00\" \/>\n<meta property=\"article:modified_time\" content=\"2013-10-08T07:49:20+00:00\" \/>\n<meta name=\"author\" content=\"redakcja\" \/>\n<meta name=\"twitter:card\" content=\"summary_large_image\" \/>\n<meta name=\"twitter:label1\" content=\"Written by\" \/>\n\t<meta name=\"twitter:data1\" content=\"redakcja\" \/>\n\t<meta name=\"twitter:label2\" content=\"Est. reading time\" \/>\n\t<meta name=\"twitter:data2\" content=\"4 minuty\" \/>\n<script type=\"application\/ld+json\" class=\"yoast-schema-graph\">{\"@context\":\"https:\/\/schema.org\",\"@graph\":[{\"@type\":\"Article\",\"@id\":\"https:\/\/www.mojabochnia.pl\/?p=98415#article\",\"isPartOf\":{\"@id\":\"https:\/\/www.mojabochnia.pl\/?p=98415\"},\"author\":{\"name\":\"redakcja\",\"@id\":\"https:\/\/www.mojabochnia.pl\/#\/schema\/person\/7e2f20ead9902216a3384f13606c0ab7\"},\"headline\":\"Odpust r\u00f3\u017ca\u0144cowy w Bochni &#8211; program\",\"datePublished\":\"2013-10-07T08:29:30+00:00\",\"dateModified\":\"2013-10-08T07:49:20+00:00\",\"mainEntityOfPage\":{\"@id\":\"https:\/\/www.mojabochnia.pl\/?p=98415\"},\"wordCount\":861,\"commentCount\":0,\"publisher\":{\"@id\":\"https:\/\/www.mojabochnia.pl\/#organization\"},\"keywords\":[\"bazylika\",\"matka bo\u017ca r\u00f3\u017ca\u0144cowa\",\"odpust\"],\"articleSection\":[\"2_ostatnie\",\"tematyka\",\"\u017bycie religijne\"],\"inLanguage\":\"pl-PL\",\"potentialAction\":[{\"@type\":\"CommentAction\",\"name\":\"Comment\",\"target\":[\"https:\/\/www.mojabochnia.pl\/?p=98415#respond\"]}]},{\"@type\":\"WebPage\",\"@id\":\"https:\/\/www.mojabochnia.pl\/?p=98415\",\"url\":\"https:\/\/www.mojabochnia.pl\/?p=98415\",\"name\":\"Odpust r\u00f3\u017ca\u0144cowy w Bochni - program - mojabochnia.pl - portal informacyjny\",\"isPartOf\":{\"@id\":\"https:\/\/www.mojabochnia.pl\/#website\"},\"datePublished\":\"2013-10-07T08:29:30+00:00\",\"dateModified\":\"2013-10-08T07:49:20+00:00\",\"breadcrumb\":{\"@id\":\"https:\/\/www.mojabochnia.pl\/?p=98415#breadcrumb\"},\"inLanguage\":\"pl-PL\",\"potentialAction\":[{\"@type\":\"ReadAction\",\"target\":[\"https:\/\/www.mojabochnia.pl\/?p=98415\"]}]},{\"@type\":\"BreadcrumbList\",\"@id\":\"https:\/\/www.mojabochnia.pl\/?p=98415#breadcrumb\",\"itemListElement\":[{\"@type\":\"ListItem\",\"position\":1,\"name\":\"Home\",\"item\":\"https:\/\/www.mojabochnia.pl\/\"},{\"@type\":\"ListItem\",\"position\":2,\"name\":\"Odpust r\u00f3\u017ca\u0144cowy w Bochni &#8211; program\"}]},{\"@type\":\"WebSite\",\"@id\":\"https:\/\/www.mojabochnia.pl\/#website\",\"url\":\"https:\/\/www.mojabochnia.pl\/\",\"name\":\"mojabochnia.pl - portal informacyjny\",\"description\":\"mojaBochnia to portal informacyjny o Bochni. Codziennie o Bochni piszemy i pokazujemy najwa\u017cniejsze wydarzenia\",\"publisher\":{\"@id\":\"https:\/\/www.mojabochnia.pl\/#organization\"},\"potentialAction\":[{\"@type\":\"SearchAction\",\"target\":{\"@type\":\"EntryPoint\",\"urlTemplate\":\"https:\/\/www.mojabochnia.pl\/?s={search_term_string}\"},\"query-input\":{\"@type\":\"PropertyValueSpecification\",\"valueRequired\":true,\"valueName\":\"search_term_string\"}}],\"inLanguage\":\"pl-PL\"},{\"@type\":\"Organization\",\"@id\":\"https:\/\/www.mojabochnia.pl\/#organization\",\"name\":\"mojabochnia.pl - portal informacyjny\",\"url\":\"https:\/\/www.mojabochnia.pl\/\",\"logo\":{\"@type\":\"ImageObject\",\"inLanguage\":\"pl-PL\",\"@id\":\"https:\/\/www.mojabochnia.pl\/#\/schema\/logo\/image\/\",\"url\":\"https:\/\/www.mojabochnia.pl\/wp-content\/uploads\/2017\/08\/logo-mb-opt.png\",\"contentUrl\":\"https:\/\/www.mojabochnia.pl\/wp-content\/uploads\/2017\/08\/logo-mb-opt.png\",\"width\":250,\"height\":48,\"caption\":\"mojabochnia.pl - portal informacyjny\"},\"image\":{\"@id\":\"https:\/\/www.mojabochnia.pl\/#\/schema\/logo\/image\/\"},\"sameAs\":[\"https:\/\/www.facebook.com\/mojabochnia\"]},{\"@type\":\"Person\",\"@id\":\"https:\/\/www.mojabochnia.pl\/#\/schema\/person\/7e2f20ead9902216a3384f13606c0ab7\",\"name\":\"redakcja\",\"sameAs\":[\"http:\/\/\"],\"url\":\"https:\/\/www.mojabochnia.pl\/?author=13\"}]}<\/script>\n<!-- \/ Yoast SEO plugin. -->","yoast_head_json":{"title":"Odpust r\u00f3\u017ca\u0144cowy w Bochni - program - mojabochnia.pl - portal informacyjny","robots":{"index":"index","follow":"follow","max-snippet":"max-snippet:-1","max-image-preview":"max-image-preview:large","max-video-preview":"max-video-preview:-1"},"canonical":"https:\/\/www.mojabochnia.pl\/?p=98415","og_locale":"pl_PL","og_type":"article","og_title":"Odpust r\u00f3\u017ca\u0144cowy w Bochni - program - mojabochnia.pl - portal informacyjny","og_description":"Rozpocz\u0105\u0142 si\u0119 tygodniowy odpust ku czci Matki Bo\u017cej Boche\u0144skiej. Uroczysto\u015bci potrwaj\u0105 do niedzieli 13 pa\u017adziernika. 7 pa\u017adziernika przypada centralny dzie\u0144 ca\u0142ego tygodnia: wspomnienie Matki Bo\u017cej R\u00f3\u017ca\u0144cowej i 79-lecie koronacji Cudownego Obrazu.","og_url":"https:\/\/www.mojabochnia.pl\/?p=98415","og_site_name":"mojabochnia.pl - portal informacyjny","article_publisher":"https:\/\/www.facebook.com\/mojabochnia","article_published_time":"2013-10-07T08:29:30+00:00","article_modified_time":"2013-10-08T07:49:20+00:00","author":"redakcja","twitter_card":"summary_large_image","twitter_misc":{"Written by":"redakcja","Est. reading time":"4 minuty"},"schema":{"@context":"https:\/\/schema.org","@graph":[{"@type":"Article","@id":"https:\/\/www.mojabochnia.pl\/?p=98415#article","isPartOf":{"@id":"https:\/\/www.mojabochnia.pl\/?p=98415"},"author":{"name":"redakcja","@id":"https:\/\/www.mojabochnia.pl\/#\/schema\/person\/7e2f20ead9902216a3384f13606c0ab7"},"headline":"Odpust r\u00f3\u017ca\u0144cowy w Bochni &#8211; program","datePublished":"2013-10-07T08:29:30+00:00","dateModified":"2013-10-08T07:49:20+00:00","mainEntityOfPage":{"@id":"https:\/\/www.mojabochnia.pl\/?p=98415"},"wordCount":861,"commentCount":0,"publisher":{"@id":"https:\/\/www.mojabochnia.pl\/#organization"},"keywords":["bazylika","matka bo\u017ca r\u00f3\u017ca\u0144cowa","odpust"],"articleSection":["2_ostatnie","tematyka","\u017bycie religijne"],"inLanguage":"pl-PL","potentialAction":[{"@type":"CommentAction","name":"Comment","target":["https:\/\/www.mojabochnia.pl\/?p=98415#respond"]}]},{"@type":"WebPage","@id":"https:\/\/www.mojabochnia.pl\/?p=98415","url":"https:\/\/www.mojabochnia.pl\/?p=98415","name":"Odpust r\u00f3\u017ca\u0144cowy w Bochni - program - mojabochnia.pl - portal informacyjny","isPartOf":{"@id":"https:\/\/www.mojabochnia.pl\/#website"},"datePublished":"2013-10-07T08:29:30+00:00","dateModified":"2013-10-08T07:49:20+00:00","breadcrumb":{"@id":"https:\/\/www.mojabochnia.pl\/?p=98415#breadcrumb"},"inLanguage":"pl-PL","potentialAction":[{"@type":"ReadAction","target":["https:\/\/www.mojabochnia.pl\/?p=98415"]}]},{"@type":"BreadcrumbList","@id":"https:\/\/www.mojabochnia.pl\/?p=98415#breadcrumb","itemListElement":[{"@type":"ListItem","position":1,"name":"Home","item":"https:\/\/www.mojabochnia.pl\/"},{"@type":"ListItem","position":2,"name":"Odpust r\u00f3\u017ca\u0144cowy w Bochni &#8211; program"}]},{"@type":"WebSite","@id":"https:\/\/www.mojabochnia.pl\/#website","url":"https:\/\/www.mojabochnia.pl\/","name":"mojabochnia.pl - portal informacyjny","description":"mojaBochnia to portal informacyjny o Bochni. Codziennie o Bochni piszemy i pokazujemy najwa\u017cniejsze wydarzenia","publisher":{"@id":"https:\/\/www.mojabochnia.pl\/#organization"},"potentialAction":[{"@type":"SearchAction","target":{"@type":"EntryPoint","urlTemplate":"https:\/\/www.mojabochnia.pl\/?s={search_term_string}"},"query-input":{"@type":"PropertyValueSpecification","valueRequired":true,"valueName":"search_term_string"}}],"inLanguage":"pl-PL"},{"@type":"Organization","@id":"https:\/\/www.mojabochnia.pl\/#organization","name":"mojabochnia.pl - portal informacyjny","url":"https:\/\/www.mojabochnia.pl\/","logo":{"@type":"ImageObject","inLanguage":"pl-PL","@id":"https:\/\/www.mojabochnia.pl\/#\/schema\/logo\/image\/","url":"https:\/\/www.mojabochnia.pl\/wp-content\/uploads\/2017\/08\/logo-mb-opt.png","contentUrl":"https:\/\/www.mojabochnia.pl\/wp-content\/uploads\/2017\/08\/logo-mb-opt.png","width":250,"height":48,"caption":"mojabochnia.pl - portal informacyjny"},"image":{"@id":"https:\/\/www.mojabochnia.pl\/#\/schema\/logo\/image\/"},"sameAs":["https:\/\/www.facebook.com\/mojabochnia"]},{"@type":"Person","@id":"https:\/\/www.mojabochnia.pl\/#\/schema\/person\/7e2f20ead9902216a3384f13606c0ab7","name":"redakcja","sameAs":["http:\/\/"],"url":"https:\/\/www.mojabochnia.pl\/?author=13"}]}},"_links":{"self":[{"href":"https:\/\/www.mojabochnia.pl\/index.php?rest_route=\/wp\/v2\/posts\/98415","targetHints":{"allow":["GET"]}}],"collection":[{"href":"https:\/\/www.mojabochnia.pl\/index.php?rest_route=\/wp\/v2\/posts"}],"about":[{"href":"https:\/\/www.mojabochnia.pl\/index.php?rest_route=\/wp\/v2\/types\/post"}],"author":[{"embeddable":true,"href":"https:\/\/www.mojabochnia.pl\/index.php?rest_route=\/wp\/v2\/users\/13"}],"replies":[{"embeddable":true,"href":"https:\/\/www.mojabochnia.pl\/index.php?rest_route=%2Fwp%2Fv2%2Fcomments&post=98415"}],"version-history":[{"count":5,"href":"https:\/\/www.mojabochnia.pl\/index.php?rest_route=\/wp\/v2\/posts\/98415\/revisions"}],"predecessor-version":[{"id":98474,"href":"https:\/\/www.mojabochnia.pl\/index.php?rest_route=\/wp\/v2\/posts\/98415\/revisions\/98474"}],"wp:attachment":[{"href":"https:\/\/www.mojabochnia.pl\/index.php?rest_route=%2Fwp%2Fv2%2Fmedia&parent=98415"}],"wp:term":[{"taxonomy":"category","embeddable":true,"href":"https:\/\/www.mojabochnia.pl\/index.php?rest_route=%2Fwp%2Fv2%2Fcategories&post=98415"},{"taxonomy":"post_tag","embeddable":true,"href":"https:\/\/www.mojabochnia.pl\/index.php?rest_route=%2Fwp%2Fv2%2Ftags&post=98415"}],"curies":[{"name":"wp","href":"https:\/\/api.w.org\/{rel}","templated":true}]}}