{"id":98104,"date":"2013-10-02T11:18:35","date_gmt":"2013-10-02T09:18:35","guid":{"rendered":"http:\/\/www.mojabochnia.pl\/?p=98104"},"modified":"2013-10-02T11:18:35","modified_gmt":"2013-10-02T09:18:35","slug":"tomasz-przybylo-drugim-zastepca-burmistrza","status":"publish","type":"post","link":"https:\/\/www.mojabochnia.pl\/?p=98104","title":{"rendered":"Tomasz Przyby\u0142o drugim zast\u0119pc\u0105 burmistrza"},"content":{"rendered":"<p>Tomasz Przyby\u0142o wr\u00f3ci\u0142 do pracy we wtorek 1 pa\u017adziernika. <em>Zajmuje si\u0119 na ten moment promocj\u0105, kultur\u0105, o\u015bwiat\u0105<\/em> &#8211; m\u00f3wi Stefan Kolawi\u0144ski. Ten sam zakres obowi\u0105zk\u00f3w mia\u0142a <a href=\"http:\/\/www.mojabochnia.pl\/?p=70014\">odwo\u0142ana w kwietniu 2012 r. przez burmistrza Ma\u0142gorzata Szczepara<\/a>. <\/p>\n<p><em>Wydaje si\u0119, \u017ce uda\u0142o mi si\u0119 wr\u00f3ci\u0107 do pe\u0142nej sprawno\u015bci, co prawda staram si\u0119 nie testowa\u0107 organizmu pe\u0142nymi obci\u0105\u017ceniami, ale wygl\u0105da to naprawd\u0119 nie\u017ale i ogromnie si\u0119 z tego ciesz\u0119. Odby\u0142em rehabilitacj\u0119 polegaj\u0105c\u0105 na odpowiednich \u0107wiczeniach wzmacniaj\u0105cych mi\u0119\u015bnie, mia\u0142em te\u017c zabiegi z diadynamikiem, ale r\u00f3wnie\u017c rehabilitowa\u0142em si\u0119 na w\u0142asn\u0105 r\u0119k\u0119, \u0107wicz\u0105c w domu i ucz\u0119szczaj\u0105c na basen, po d\u0142u\u017cszej przerwie wyci\u0105gn\u0105\u0142em z piwnicy rower. Musia\u0142em wr\u00f3ci\u0107 do formy, poniewa\u017c cztery miesi\u0105ce usztywnienia w gorsecie, nie maj\u0105c zbyt wiele ruchu przez ten okres, negatywnie odbi\u0142y si\u0119 na mojej sprawno\u015bci<\/em> &#8211; m\u00f3wi Tomasz Przyby\u0142o.<\/p>\n<p><em>Zgodnie ze statutem burmistrz ma prawo mie\u0107 dw\u00f3ch zast\u0119pc\u00f3w<\/em> &#8211; m\u00f3wi radny Bogdan Kosturkiewicz i dodaje, \u017ce gdy sam by\u0142 burmistrzem, mia\u0142 wprawdzie dw\u00f3ch zast\u0119pc\u00f3w, ale w urz\u0119dzie pracowa\u0142o w\u00f3wczas dw\u00f3ch naczelnik\u00f3w mniej. <em>Przez wi\u0119kszo\u015b\u0107 kadencji nie by\u0142o naczelnika wydzia\u0142u promocji, nie by\u0142o r\u00f3wnie\u017c naczelnika wydzia\u0142u bud\u017cetowo-finansowego<\/em>. <\/p>\n<p>Przypomnijmy, gdy w styczniu tego roku dyskutowano na komisji gospodarki komunalnej i ochrony \u015brodowiska na temat podwy\u017cki dla burmistrza, skarbnik Gra\u017cyna Zio\u0142o zapewnia\u0142a \u017ce ta Stefanowi Kolawi\u0144skiemu si\u0119 nale\u017cy, poniewa\u017c &#8222;rozpoczynaj\u0105c prac\u0119 burmistrz powo\u0142a\u0142 dw\u00f3ch zast\u0119pc\u00f3w. W tej chwili pozosta\u0142 tylko jeden zast\u0119pca. Drugiego zast\u0119pcy do ko\u0144ca kadencji ju\u017c nie b\u0119dzie&#8221;. <em>Wida\u0107 wyra\u017anie, ile znacz\u0105 s\u0142owa pana burmistrza, ile znacz\u0105 s\u0142owa pani skarbnik<\/em> &#8211; komentuje Bogdan Kosturkiewicz. <\/p>\n<p>Burmistrz nie chce na razie odnosi\u0107 si\u0119 do tej sytuacji i nie potrafi okre\u015bli\u0107, czy Tomasz Przyby\u0142o pozostanie jego zast\u0119pc\u0105 do ko\u0144ca kadencji. <em>Pan Przyby\u0142o jest w pracy dopiero drugi dzie\u0144, nie odpowiem na razie na to pytanie w \u017caden spos\u00f3b<\/em> &#8211; m\u00f3wi Stefan Kolawi\u0144ski. <\/p>\n<p>Sam Tomasz Przyby\u0142o nie kryje, \u017ce czuje si\u0119 niezr\u0119cznie w obecnej sytuacji. <em>Czuj\u0119 si\u0119 troszk\u0119 przedmiotowo, bo toczy si\u0119 dyskusja na m\u00f3j temat i cokolwiek bym nie powiedzia\u0142, mo\u017ce by\u0107 negatywnie oceniane. Ciesz\u0119 si\u0119, \u017ce pan burmistrz nie potraktowa\u0142 mnie jak zu\u017cyty mebel. My\u015bl\u0119, \u017ce nikt nie chcia\u0142by by\u0107 potraktowany w ten spos\u00f3b, \u017ce gdy ulega wypadkowi idzie na \u015bmietnik, w odstawk\u0119<\/em>.<\/p>\n<p>Drugi zast\u0119pca burmistrza jest przekonany, \u017ce b\u0119dzie mia\u0142 co robi\u0107. Przywo\u0142uje okres zaraz po odwo\u0142aniu Ma\u0142gorzaty Szczepary, gdy obowi\u0105zki by\u0142ej zast\u0119pczyni burmistrza zosta\u0142y roz\u0142o\u017cone na dwie osoby. <em>Ilo\u015b\u0107 obowi\u0105zk\u00f3w i obci\u0105\u017cenia prac\u0105 od maja ubieg\u0142ego roku, gdy zostali\u015bmy z ca\u0142ym zakresem obowi\u0105zk\u00f3w z panem burmistrzem sami, by\u0142a ogromna. Tylko my wiemy ile kosztowa\u0142o to pracy, czasu, wyrzecze\u0144 r\u00f3wnie\u017c zwi\u0105zanych z \u017cyciem rodzinnym. Uwa\u017cam, \u017ce podzia\u0142 obowi\u0105zk\u00f3w na dw\u00f3ch zast\u0119pc\u00f3w jest jak najbardziej uzasadniony, zw\u0142aszcza w sytuacji gdy <a href=\"http:\/\/www.mojabochnia.pl\/?p=98101\">radni utyskuj\u0105 na niedostateczn\u0105 promocj\u0119 Boche\u0144skiej Strefy Aktywno\u015bci Gospodarczej<\/a>. B\u0119d\u0119 si\u0119 koncentrowa\u0142 na tym polu, bo jest to sprawa w tej chwili najwa\u017cniejsza i najpilniejsza<\/em>.<\/p>\n","protected":false},"excerpt":{"rendered":"<p>Po ponad p\u00f3\u0142rocznym zwolnieniu lekarskim do pracy w magistracie wr\u00f3ci\u0142 Tomasz Przyby\u0142o. Przed powa\u017cnym w skutkach wypadkiem zajmowa\u0142 si\u0119 inwestycjami, teraz burmistrz Stefan Kolawi\u0144ski powierzy\u0142 mu nowy zakres obowi\u0105zk\u00f3w. <\/p>\n","protected":false},"author":4,"featured_media":0,"comment_status":"open","ping_status":"closed","sticky":true,"template":"","format":"standard","meta":{"_acf_changed":false,"footnotes":""},"categories":[5,6251,6250],"tags":[17224,13006,13005,17419],"class_list":["post-98104","post","type-post","status-publish","format-standard","hentry","category-biezace-wydarzenia","category-polityka-i-wydarzenia","category-tematyka","tag-malgorzata-szczepara","tag-stefan-koilawinski","tag-tomasz-przybyo","tag-wiceburmistrz","main_tag-tomasz-przybylo"],"acf":[],"yoast_head":"<!-- This site is optimized with the Yoast SEO plugin v26.9 - https:\/\/yoast.com\/product\/yoast-seo-wordpress\/ -->\n<title>Tomasz Przyby\u0142o drugim zast\u0119pc\u0105 burmistrza - mojabochnia.pl - portal informacyjny<\/title>\n<meta name=\"robots\" content=\"index, follow, max-snippet:-1, max-image-preview:large, max-video-preview:-1\" \/>\n<link rel=\"canonical\" href=\"https:\/\/www.mojabochnia.pl\/?p=98104\" \/>\n<meta property=\"og:locale\" content=\"pl_PL\" \/>\n<meta property=\"og:type\" content=\"article\" \/>\n<meta property=\"og:title\" content=\"Tomasz Przyby\u0142o drugim zast\u0119pc\u0105 burmistrza - mojabochnia.pl - portal informacyjny\" \/>\n<meta property=\"og:description\" content=\"Po ponad p\u00f3\u0142rocznym zwolnieniu lekarskim do pracy w magistracie wr\u00f3ci\u0142 Tomasz Przyby\u0142o. Przed powa\u017cnym w skutkach wypadkiem zajmowa\u0142 si\u0119 inwestycjami, teraz burmistrz Stefan Kolawi\u0144ski powierzy\u0142 mu nowy zakres obowi\u0105zk\u00f3w.\" \/>\n<meta property=\"og:url\" content=\"https:\/\/www.mojabochnia.pl\/?p=98104\" \/>\n<meta property=\"og:site_name\" content=\"mojabochnia.pl - portal informacyjny\" \/>\n<meta property=\"article:publisher\" content=\"https:\/\/www.facebook.com\/mojabochnia\" \/>\n<meta property=\"article:published_time\" content=\"2013-10-02T09:18:35+00:00\" \/>\n<meta name=\"author\" content=\"Pawe\u0142 Michalczyk\" \/>\n<meta name=\"twitter:card\" content=\"summary_large_image\" \/>\n<meta name=\"twitter:label1\" content=\"Written by\" \/>\n\t<meta name=\"twitter:data1\" content=\"Pawe\u0142 Michalczyk\" \/>\n\t<meta name=\"twitter:label2\" content=\"Est. reading time\" \/>\n\t<meta name=\"twitter:data2\" content=\"3 minuty\" \/>\n<script type=\"application\/ld+json\" class=\"yoast-schema-graph\">{\"@context\":\"https:\/\/schema.org\",\"@graph\":[{\"@type\":\"Article\",\"@id\":\"https:\/\/www.mojabochnia.pl\/?p=98104#article\",\"isPartOf\":{\"@id\":\"https:\/\/www.mojabochnia.pl\/?p=98104\"},\"author\":{\"name\":\"Pawe\u0142 Michalczyk\",\"@id\":\"https:\/\/www.mojabochnia.pl\/#\/schema\/person\/ea042e4724a77627963f02166828ead4\"},\"headline\":\"Tomasz Przyby\u0142o drugim zast\u0119pc\u0105 burmistrza\",\"datePublished\":\"2013-10-02T09:18:35+00:00\",\"mainEntityOfPage\":{\"@id\":\"https:\/\/www.mojabochnia.pl\/?p=98104\"},\"wordCount\":585,\"commentCount\":0,\"publisher\":{\"@id\":\"https:\/\/www.mojabochnia.pl\/#organization\"},\"keywords\":[\"ma\u0142gorzata szczepara\",\"stefan koilawi\u0144ski\",\"tomasz przybyo\",\"wiceburmistrz\"],\"articleSection\":[\"2_ostatnie\",\"polityka i wydarzenia\",\"tematyka\"],\"inLanguage\":\"pl-PL\",\"potentialAction\":[{\"@type\":\"CommentAction\",\"name\":\"Comment\",\"target\":[\"https:\/\/www.mojabochnia.pl\/?p=98104#respond\"]}]},{\"@type\":\"WebPage\",\"@id\":\"https:\/\/www.mojabochnia.pl\/?p=98104\",\"url\":\"https:\/\/www.mojabochnia.pl\/?p=98104\",\"name\":\"Tomasz Przyby\u0142o drugim zast\u0119pc\u0105 burmistrza - mojabochnia.pl - portal informacyjny\",\"isPartOf\":{\"@id\":\"https:\/\/www.mojabochnia.pl\/#website\"},\"datePublished\":\"2013-10-02T09:18:35+00:00\",\"breadcrumb\":{\"@id\":\"https:\/\/www.mojabochnia.pl\/?p=98104#breadcrumb\"},\"inLanguage\":\"pl-PL\",\"potentialAction\":[{\"@type\":\"ReadAction\",\"target\":[\"https:\/\/www.mojabochnia.pl\/?p=98104\"]}]},{\"@type\":\"BreadcrumbList\",\"@id\":\"https:\/\/www.mojabochnia.pl\/?p=98104#breadcrumb\",\"itemListElement\":[{\"@type\":\"ListItem\",\"position\":1,\"name\":\"Home\",\"item\":\"https:\/\/www.mojabochnia.pl\/\"},{\"@type\":\"ListItem\",\"position\":2,\"name\":\"Tomasz Przyby\u0142o drugim zast\u0119pc\u0105 burmistrza\"}]},{\"@type\":\"WebSite\",\"@id\":\"https:\/\/www.mojabochnia.pl\/#website\",\"url\":\"https:\/\/www.mojabochnia.pl\/\",\"name\":\"mojabochnia.pl - portal informacyjny\",\"description\":\"mojaBochnia to portal informacyjny o Bochni. Codziennie o Bochni piszemy i pokazujemy najwa\u017cniejsze wydarzenia\",\"publisher\":{\"@id\":\"https:\/\/www.mojabochnia.pl\/#organization\"},\"potentialAction\":[{\"@type\":\"SearchAction\",\"target\":{\"@type\":\"EntryPoint\",\"urlTemplate\":\"https:\/\/www.mojabochnia.pl\/?s={search_term_string}\"},\"query-input\":{\"@type\":\"PropertyValueSpecification\",\"valueRequired\":true,\"valueName\":\"search_term_string\"}}],\"inLanguage\":\"pl-PL\"},{\"@type\":\"Organization\",\"@id\":\"https:\/\/www.mojabochnia.pl\/#organization\",\"name\":\"mojabochnia.pl - portal informacyjny\",\"url\":\"https:\/\/www.mojabochnia.pl\/\",\"logo\":{\"@type\":\"ImageObject\",\"inLanguage\":\"pl-PL\",\"@id\":\"https:\/\/www.mojabochnia.pl\/#\/schema\/logo\/image\/\",\"url\":\"https:\/\/www.mojabochnia.pl\/wp-content\/uploads\/2017\/08\/logo-mb-opt.png\",\"contentUrl\":\"https:\/\/www.mojabochnia.pl\/wp-content\/uploads\/2017\/08\/logo-mb-opt.png\",\"width\":250,\"height\":48,\"caption\":\"mojabochnia.pl - portal informacyjny\"},\"image\":{\"@id\":\"https:\/\/www.mojabochnia.pl\/#\/schema\/logo\/image\/\"},\"sameAs\":[\"https:\/\/www.facebook.com\/mojabochnia\"]},{\"@type\":\"Person\",\"@id\":\"https:\/\/www.mojabochnia.pl\/#\/schema\/person\/ea042e4724a77627963f02166828ead4\",\"name\":\"Pawe\u0142 Michalczyk\",\"url\":\"https:\/\/www.mojabochnia.pl\/?author=4\"}]}<\/script>\n<!-- \/ Yoast SEO plugin. -->","yoast_head_json":{"title":"Tomasz Przyby\u0142o drugim zast\u0119pc\u0105 burmistrza - mojabochnia.pl - portal informacyjny","robots":{"index":"index","follow":"follow","max-snippet":"max-snippet:-1","max-image-preview":"max-image-preview:large","max-video-preview":"max-video-preview:-1"},"canonical":"https:\/\/www.mojabochnia.pl\/?p=98104","og_locale":"pl_PL","og_type":"article","og_title":"Tomasz Przyby\u0142o drugim zast\u0119pc\u0105 burmistrza - mojabochnia.pl - portal informacyjny","og_description":"Po ponad p\u00f3\u0142rocznym zwolnieniu lekarskim do pracy w magistracie wr\u00f3ci\u0142 Tomasz Przyby\u0142o. Przed powa\u017cnym w skutkach wypadkiem zajmowa\u0142 si\u0119 inwestycjami, teraz burmistrz Stefan Kolawi\u0144ski powierzy\u0142 mu nowy zakres obowi\u0105zk\u00f3w.","og_url":"https:\/\/www.mojabochnia.pl\/?p=98104","og_site_name":"mojabochnia.pl - portal informacyjny","article_publisher":"https:\/\/www.facebook.com\/mojabochnia","article_published_time":"2013-10-02T09:18:35+00:00","author":"Pawe\u0142 Michalczyk","twitter_card":"summary_large_image","twitter_misc":{"Written by":"Pawe\u0142 Michalczyk","Est. reading time":"3 minuty"},"schema":{"@context":"https:\/\/schema.org","@graph":[{"@type":"Article","@id":"https:\/\/www.mojabochnia.pl\/?p=98104#article","isPartOf":{"@id":"https:\/\/www.mojabochnia.pl\/?p=98104"},"author":{"name":"Pawe\u0142 Michalczyk","@id":"https:\/\/www.mojabochnia.pl\/#\/schema\/person\/ea042e4724a77627963f02166828ead4"},"headline":"Tomasz Przyby\u0142o drugim zast\u0119pc\u0105 burmistrza","datePublished":"2013-10-02T09:18:35+00:00","mainEntityOfPage":{"@id":"https:\/\/www.mojabochnia.pl\/?p=98104"},"wordCount":585,"commentCount":0,"publisher":{"@id":"https:\/\/www.mojabochnia.pl\/#organization"},"keywords":["ma\u0142gorzata szczepara","stefan koilawi\u0144ski","tomasz przybyo","wiceburmistrz"],"articleSection":["2_ostatnie","polityka i wydarzenia","tematyka"],"inLanguage":"pl-PL","potentialAction":[{"@type":"CommentAction","name":"Comment","target":["https:\/\/www.mojabochnia.pl\/?p=98104#respond"]}]},{"@type":"WebPage","@id":"https:\/\/www.mojabochnia.pl\/?p=98104","url":"https:\/\/www.mojabochnia.pl\/?p=98104","name":"Tomasz Przyby\u0142o drugim zast\u0119pc\u0105 burmistrza - mojabochnia.pl - portal informacyjny","isPartOf":{"@id":"https:\/\/www.mojabochnia.pl\/#website"},"datePublished":"2013-10-02T09:18:35+00:00","breadcrumb":{"@id":"https:\/\/www.mojabochnia.pl\/?p=98104#breadcrumb"},"inLanguage":"pl-PL","potentialAction":[{"@type":"ReadAction","target":["https:\/\/www.mojabochnia.pl\/?p=98104"]}]},{"@type":"BreadcrumbList","@id":"https:\/\/www.mojabochnia.pl\/?p=98104#breadcrumb","itemListElement":[{"@type":"ListItem","position":1,"name":"Home","item":"https:\/\/www.mojabochnia.pl\/"},{"@type":"ListItem","position":2,"name":"Tomasz Przyby\u0142o drugim zast\u0119pc\u0105 burmistrza"}]},{"@type":"WebSite","@id":"https:\/\/www.mojabochnia.pl\/#website","url":"https:\/\/www.mojabochnia.pl\/","name":"mojabochnia.pl - portal informacyjny","description":"mojaBochnia to portal informacyjny o Bochni. Codziennie o Bochni piszemy i pokazujemy najwa\u017cniejsze wydarzenia","publisher":{"@id":"https:\/\/www.mojabochnia.pl\/#organization"},"potentialAction":[{"@type":"SearchAction","target":{"@type":"EntryPoint","urlTemplate":"https:\/\/www.mojabochnia.pl\/?s={search_term_string}"},"query-input":{"@type":"PropertyValueSpecification","valueRequired":true,"valueName":"search_term_string"}}],"inLanguage":"pl-PL"},{"@type":"Organization","@id":"https:\/\/www.mojabochnia.pl\/#organization","name":"mojabochnia.pl - portal informacyjny","url":"https:\/\/www.mojabochnia.pl\/","logo":{"@type":"ImageObject","inLanguage":"pl-PL","@id":"https:\/\/www.mojabochnia.pl\/#\/schema\/logo\/image\/","url":"https:\/\/www.mojabochnia.pl\/wp-content\/uploads\/2017\/08\/logo-mb-opt.png","contentUrl":"https:\/\/www.mojabochnia.pl\/wp-content\/uploads\/2017\/08\/logo-mb-opt.png","width":250,"height":48,"caption":"mojabochnia.pl - portal informacyjny"},"image":{"@id":"https:\/\/www.mojabochnia.pl\/#\/schema\/logo\/image\/"},"sameAs":["https:\/\/www.facebook.com\/mojabochnia"]},{"@type":"Person","@id":"https:\/\/www.mojabochnia.pl\/#\/schema\/person\/ea042e4724a77627963f02166828ead4","name":"Pawe\u0142 Michalczyk","url":"https:\/\/www.mojabochnia.pl\/?author=4"}]}},"_links":{"self":[{"href":"https:\/\/www.mojabochnia.pl\/index.php?rest_route=\/wp\/v2\/posts\/98104","targetHints":{"allow":["GET"]}}],"collection":[{"href":"https:\/\/www.mojabochnia.pl\/index.php?rest_route=\/wp\/v2\/posts"}],"about":[{"href":"https:\/\/www.mojabochnia.pl\/index.php?rest_route=\/wp\/v2\/types\/post"}],"author":[{"embeddable":true,"href":"https:\/\/www.mojabochnia.pl\/index.php?rest_route=\/wp\/v2\/users\/4"}],"replies":[{"embeddable":true,"href":"https:\/\/www.mojabochnia.pl\/index.php?rest_route=%2Fwp%2Fv2%2Fcomments&post=98104"}],"version-history":[{"count":16,"href":"https:\/\/www.mojabochnia.pl\/index.php?rest_route=\/wp\/v2\/posts\/98104\/revisions"}],"predecessor-version":[{"id":98126,"href":"https:\/\/www.mojabochnia.pl\/index.php?rest_route=\/wp\/v2\/posts\/98104\/revisions\/98126"}],"wp:attachment":[{"href":"https:\/\/www.mojabochnia.pl\/index.php?rest_route=%2Fwp%2Fv2%2Fmedia&parent=98104"}],"wp:term":[{"taxonomy":"category","embeddable":true,"href":"https:\/\/www.mojabochnia.pl\/index.php?rest_route=%2Fwp%2Fv2%2Fcategories&post=98104"},{"taxonomy":"post_tag","embeddable":true,"href":"https:\/\/www.mojabochnia.pl\/index.php?rest_route=%2Fwp%2Fv2%2Ftags&post=98104"}],"curies":[{"name":"wp","href":"https:\/\/api.w.org\/{rel}","templated":true}]}}