{"id":98101,"date":"2013-10-02T09:17:47","date_gmt":"2013-10-02T07:17:47","guid":{"rendered":"http:\/\/www.mojabochnia.pl\/?p=98101"},"modified":"2013-10-02T09:17:47","modified_gmt":"2013-10-02T07:17:47","slug":"m-fischer-brzesko-wyprzedza-bochnie-w-promocji-strefy-gospodarczej","status":"publish","type":"post","link":"https:\/\/www.mojabochnia.pl\/?p=98101","title":{"rendered":"M. Fischer: Brzesko wyprzedza Bochni\u0119 w promocji strefy gospodarczej"},"content":{"rendered":"<p>Zdaniem radnego Macieja Fischera, trzeba pomy\u015ble\u0107 o bardziej konsekwentnym promowaniu teren\u00f3w gospodarczych Bochni. Nie robimy rzeczy, kt\u00f3re robi\u0105 inne miasta. <em>Np. przywo\u0142a\u0142em Forum Ekonomiczne w Krynicy, gdzie burmistrz Brzeska prezentowa\u0142 swoj\u0105 stref\u0119, kt\u00f3ra dopiero jest w planach,  nie jest tak zaawansowana jak nasza. Natomiast trwa\u0142y rozmowy kuluarowe uczestnik\u00f3w i tak naprawd\u0119 by\u0142o g\u0142o\u015bno o tej strefie. Z Bochni nikt si\u0119 na Forum nie pofatygowa\u0142, \u017ceby powiedzie\u0107 o strefie dwa s\u0142owa, a przecie\u017c to jest nasze najwa\u017cniejsze zadanie na dziesi\u0119ciolecia<\/em> \u2013 m\u00f3wi radny.<\/p>\n<p>Zdaniem radnego, miasto powinno powo\u0142a\u0107 osob\u0119, kt\u00f3ra zajmowa\u0142aby si\u0119 tylko i wy\u0142\u0105cznie stref\u0105 gospodarcz\u0105 zar\u00f3wno w aspekcie jej uzbrojenia, jak r\u00f3wnie\u017c szeroko rozumianej promocji. Burmistrz Stefan Kolawi\u0144ski nie wyklucza takiej mo\u017cliwo\u015bci. <em>Spr\u00f3bujmy na razie wykorzysta\u0107 mo\u017cliwo\u015bci kt\u00f3re ma wydzia\u0142 promocji. Je\u017celi to b\u0119d\u0105 dzia\u0142ania niesatysfakcjonuj\u0105ce, nie wykluczam ich rozszerzenia poprzez zatrudnienie kogo\u015b, kto wprost jest fachowcem od promowania takich rzeczy<\/em> \u2013 m\u00f3wi burmistrz.<\/p>\n<p>Boche\u0144ska Strefa Aktywno\u015bci Gospodarczej to ponad 60 hektar\u00f3w teren\u00f3w przemys\u0142owych po\u0142o\u017conych w pobli\u017cu autostrady A4.<\/p>\n","protected":false},"excerpt":{"rendered":"<p>Promocja Boche\u0144skiej Strefy Aktywno\u015bci Gospodarczej szwankuje \u2013 zwracaj\u0105 uwag\u0119 radni. By\u0142a o tym mowa na posiedzeniu komisji rozwoju gospodarczego, bud\u017cetu i finans\u00f3w. Wprawdzie na terenach obok nowej autostrady buduj\u0105 si\u0119 dwie firmy, jednak miasto ma problem ze sprzeda\u017c\u0105 kolejnych dzia\u0142ek. <\/p>\n","protected":false},"author":4,"featured_media":0,"comment_status":"open","ping_status":"closed","sticky":false,"template":"","format":"standard","meta":{"_acf_changed":false,"footnotes":""},"categories":[5,6251,6250],"tags":[120,17962,5786,10651,17540],"class_list":["post-98101","post","type-post","status-publish","format-standard","hentry","category-biezace-wydarzenia","category-polityka-i-wydarzenia","category-tematyka","tag-brzesko","tag-bsag","tag-forum-ekonomiczne","tag-krynica","tag-strefa-aktywnosci-gospodarczej","main_tag-bsag"],"acf":[],"yoast_head":"<!-- This site is optimized with the Yoast SEO plugin v26.9 - https:\/\/yoast.com\/product\/yoast-seo-wordpress\/ -->\n<title>M. Fischer: Brzesko wyprzedza Bochni\u0119 w promocji strefy gospodarczej - mojabochnia.pl - portal informacyjny<\/title>\n<meta name=\"robots\" content=\"index, follow, max-snippet:-1, max-image-preview:large, max-video-preview:-1\" \/>\n<link rel=\"canonical\" href=\"https:\/\/www.mojabochnia.pl\/?p=98101\" \/>\n<meta property=\"og:locale\" content=\"pl_PL\" \/>\n<meta property=\"og:type\" content=\"article\" \/>\n<meta property=\"og:title\" content=\"M. Fischer: Brzesko wyprzedza Bochni\u0119 w promocji strefy gospodarczej - mojabochnia.pl - portal informacyjny\" \/>\n<meta property=\"og:description\" content=\"Promocja Boche\u0144skiej Strefy Aktywno\u015bci Gospodarczej szwankuje \u2013 zwracaj\u0105 uwag\u0119 radni. By\u0142a o tym mowa na posiedzeniu komisji rozwoju gospodarczego, bud\u017cetu i finans\u00f3w. Wprawdzie na terenach obok nowej autostrady buduj\u0105 si\u0119 dwie firmy, jednak miasto ma problem ze sprzeda\u017c\u0105 kolejnych dzia\u0142ek.\" \/>\n<meta property=\"og:url\" content=\"https:\/\/www.mojabochnia.pl\/?p=98101\" \/>\n<meta property=\"og:site_name\" content=\"mojabochnia.pl - portal informacyjny\" \/>\n<meta property=\"article:publisher\" content=\"https:\/\/www.facebook.com\/mojabochnia\" \/>\n<meta property=\"article:published_time\" content=\"2013-10-02T07:17:47+00:00\" \/>\n<meta name=\"author\" content=\"Pawe\u0142 Michalczyk\" \/>\n<meta name=\"twitter:card\" content=\"summary_large_image\" \/>\n<meta name=\"twitter:label1\" content=\"Written by\" \/>\n\t<meta name=\"twitter:data1\" content=\"Pawe\u0142 Michalczyk\" \/>\n\t<meta name=\"twitter:label2\" content=\"Est. reading time\" \/>\n\t<meta name=\"twitter:data2\" content=\"1 minuta\" \/>\n<script type=\"application\/ld+json\" class=\"yoast-schema-graph\">{\"@context\":\"https:\/\/schema.org\",\"@graph\":[{\"@type\":\"Article\",\"@id\":\"https:\/\/www.mojabochnia.pl\/?p=98101#article\",\"isPartOf\":{\"@id\":\"https:\/\/www.mojabochnia.pl\/?p=98101\"},\"author\":{\"name\":\"Pawe\u0142 Michalczyk\",\"@id\":\"https:\/\/www.mojabochnia.pl\/#\/schema\/person\/ea042e4724a77627963f02166828ead4\"},\"headline\":\"M. Fischer: Brzesko wyprzedza Bochni\u0119 w promocji strefy gospodarczej\",\"datePublished\":\"2013-10-02T07:17:47+00:00\",\"mainEntityOfPage\":{\"@id\":\"https:\/\/www.mojabochnia.pl\/?p=98101\"},\"wordCount\":207,\"commentCount\":0,\"publisher\":{\"@id\":\"https:\/\/www.mojabochnia.pl\/#organization\"},\"keywords\":[\"brzesko\",\"bsag\",\"forum ekonomiczne\",\"krynica\",\"strefa aktywno\u015bci gospodarczej\"],\"articleSection\":[\"2_ostatnie\",\"polityka i wydarzenia\",\"tematyka\"],\"inLanguage\":\"pl-PL\",\"potentialAction\":[{\"@type\":\"CommentAction\",\"name\":\"Comment\",\"target\":[\"https:\/\/www.mojabochnia.pl\/?p=98101#respond\"]}]},{\"@type\":\"WebPage\",\"@id\":\"https:\/\/www.mojabochnia.pl\/?p=98101\",\"url\":\"https:\/\/www.mojabochnia.pl\/?p=98101\",\"name\":\"M. Fischer: Brzesko wyprzedza Bochni\u0119 w promocji strefy gospodarczej - mojabochnia.pl - portal informacyjny\",\"isPartOf\":{\"@id\":\"https:\/\/www.mojabochnia.pl\/#website\"},\"datePublished\":\"2013-10-02T07:17:47+00:00\",\"breadcrumb\":{\"@id\":\"https:\/\/www.mojabochnia.pl\/?p=98101#breadcrumb\"},\"inLanguage\":\"pl-PL\",\"potentialAction\":[{\"@type\":\"ReadAction\",\"target\":[\"https:\/\/www.mojabochnia.pl\/?p=98101\"]}]},{\"@type\":\"BreadcrumbList\",\"@id\":\"https:\/\/www.mojabochnia.pl\/?p=98101#breadcrumb\",\"itemListElement\":[{\"@type\":\"ListItem\",\"position\":1,\"name\":\"Home\",\"item\":\"https:\/\/www.mojabochnia.pl\/\"},{\"@type\":\"ListItem\",\"position\":2,\"name\":\"M. Fischer: Brzesko wyprzedza Bochni\u0119 w promocji strefy gospodarczej\"}]},{\"@type\":\"WebSite\",\"@id\":\"https:\/\/www.mojabochnia.pl\/#website\",\"url\":\"https:\/\/www.mojabochnia.pl\/\",\"name\":\"mojabochnia.pl - portal informacyjny\",\"description\":\"mojaBochnia to portal informacyjny o Bochni. Codziennie o Bochni piszemy i pokazujemy najwa\u017cniejsze wydarzenia\",\"publisher\":{\"@id\":\"https:\/\/www.mojabochnia.pl\/#organization\"},\"potentialAction\":[{\"@type\":\"SearchAction\",\"target\":{\"@type\":\"EntryPoint\",\"urlTemplate\":\"https:\/\/www.mojabochnia.pl\/?s={search_term_string}\"},\"query-input\":{\"@type\":\"PropertyValueSpecification\",\"valueRequired\":true,\"valueName\":\"search_term_string\"}}],\"inLanguage\":\"pl-PL\"},{\"@type\":\"Organization\",\"@id\":\"https:\/\/www.mojabochnia.pl\/#organization\",\"name\":\"mojabochnia.pl - portal informacyjny\",\"url\":\"https:\/\/www.mojabochnia.pl\/\",\"logo\":{\"@type\":\"ImageObject\",\"inLanguage\":\"pl-PL\",\"@id\":\"https:\/\/www.mojabochnia.pl\/#\/schema\/logo\/image\/\",\"url\":\"https:\/\/www.mojabochnia.pl\/wp-content\/uploads\/2017\/08\/logo-mb-opt.png\",\"contentUrl\":\"https:\/\/www.mojabochnia.pl\/wp-content\/uploads\/2017\/08\/logo-mb-opt.png\",\"width\":250,\"height\":48,\"caption\":\"mojabochnia.pl - portal informacyjny\"},\"image\":{\"@id\":\"https:\/\/www.mojabochnia.pl\/#\/schema\/logo\/image\/\"},\"sameAs\":[\"https:\/\/www.facebook.com\/mojabochnia\"]},{\"@type\":\"Person\",\"@id\":\"https:\/\/www.mojabochnia.pl\/#\/schema\/person\/ea042e4724a77627963f02166828ead4\",\"name\":\"Pawe\u0142 Michalczyk\",\"url\":\"https:\/\/www.mojabochnia.pl\/?author=4\"}]}<\/script>\n<!-- \/ Yoast SEO plugin. -->","yoast_head_json":{"title":"M. Fischer: Brzesko wyprzedza Bochni\u0119 w promocji strefy gospodarczej - mojabochnia.pl - portal informacyjny","robots":{"index":"index","follow":"follow","max-snippet":"max-snippet:-1","max-image-preview":"max-image-preview:large","max-video-preview":"max-video-preview:-1"},"canonical":"https:\/\/www.mojabochnia.pl\/?p=98101","og_locale":"pl_PL","og_type":"article","og_title":"M. Fischer: Brzesko wyprzedza Bochni\u0119 w promocji strefy gospodarczej - mojabochnia.pl - portal informacyjny","og_description":"Promocja Boche\u0144skiej Strefy Aktywno\u015bci Gospodarczej szwankuje \u2013 zwracaj\u0105 uwag\u0119 radni. By\u0142a o tym mowa na posiedzeniu komisji rozwoju gospodarczego, bud\u017cetu i finans\u00f3w. Wprawdzie na terenach obok nowej autostrady buduj\u0105 si\u0119 dwie firmy, jednak miasto ma problem ze sprzeda\u017c\u0105 kolejnych dzia\u0142ek.","og_url":"https:\/\/www.mojabochnia.pl\/?p=98101","og_site_name":"mojabochnia.pl - portal informacyjny","article_publisher":"https:\/\/www.facebook.com\/mojabochnia","article_published_time":"2013-10-02T07:17:47+00:00","author":"Pawe\u0142 Michalczyk","twitter_card":"summary_large_image","twitter_misc":{"Written by":"Pawe\u0142 Michalczyk","Est. reading time":"1 minuta"},"schema":{"@context":"https:\/\/schema.org","@graph":[{"@type":"Article","@id":"https:\/\/www.mojabochnia.pl\/?p=98101#article","isPartOf":{"@id":"https:\/\/www.mojabochnia.pl\/?p=98101"},"author":{"name":"Pawe\u0142 Michalczyk","@id":"https:\/\/www.mojabochnia.pl\/#\/schema\/person\/ea042e4724a77627963f02166828ead4"},"headline":"M. Fischer: Brzesko wyprzedza Bochni\u0119 w promocji strefy gospodarczej","datePublished":"2013-10-02T07:17:47+00:00","mainEntityOfPage":{"@id":"https:\/\/www.mojabochnia.pl\/?p=98101"},"wordCount":207,"commentCount":0,"publisher":{"@id":"https:\/\/www.mojabochnia.pl\/#organization"},"keywords":["brzesko","bsag","forum ekonomiczne","krynica","strefa aktywno\u015bci gospodarczej"],"articleSection":["2_ostatnie","polityka i wydarzenia","tematyka"],"inLanguage":"pl-PL","potentialAction":[{"@type":"CommentAction","name":"Comment","target":["https:\/\/www.mojabochnia.pl\/?p=98101#respond"]}]},{"@type":"WebPage","@id":"https:\/\/www.mojabochnia.pl\/?p=98101","url":"https:\/\/www.mojabochnia.pl\/?p=98101","name":"M. Fischer: Brzesko wyprzedza Bochni\u0119 w promocji strefy gospodarczej - mojabochnia.pl - portal informacyjny","isPartOf":{"@id":"https:\/\/www.mojabochnia.pl\/#website"},"datePublished":"2013-10-02T07:17:47+00:00","breadcrumb":{"@id":"https:\/\/www.mojabochnia.pl\/?p=98101#breadcrumb"},"inLanguage":"pl-PL","potentialAction":[{"@type":"ReadAction","target":["https:\/\/www.mojabochnia.pl\/?p=98101"]}]},{"@type":"BreadcrumbList","@id":"https:\/\/www.mojabochnia.pl\/?p=98101#breadcrumb","itemListElement":[{"@type":"ListItem","position":1,"name":"Home","item":"https:\/\/www.mojabochnia.pl\/"},{"@type":"ListItem","position":2,"name":"M. Fischer: Brzesko wyprzedza Bochni\u0119 w promocji strefy gospodarczej"}]},{"@type":"WebSite","@id":"https:\/\/www.mojabochnia.pl\/#website","url":"https:\/\/www.mojabochnia.pl\/","name":"mojabochnia.pl - portal informacyjny","description":"mojaBochnia to portal informacyjny o Bochni. Codziennie o Bochni piszemy i pokazujemy najwa\u017cniejsze wydarzenia","publisher":{"@id":"https:\/\/www.mojabochnia.pl\/#organization"},"potentialAction":[{"@type":"SearchAction","target":{"@type":"EntryPoint","urlTemplate":"https:\/\/www.mojabochnia.pl\/?s={search_term_string}"},"query-input":{"@type":"PropertyValueSpecification","valueRequired":true,"valueName":"search_term_string"}}],"inLanguage":"pl-PL"},{"@type":"Organization","@id":"https:\/\/www.mojabochnia.pl\/#organization","name":"mojabochnia.pl - portal informacyjny","url":"https:\/\/www.mojabochnia.pl\/","logo":{"@type":"ImageObject","inLanguage":"pl-PL","@id":"https:\/\/www.mojabochnia.pl\/#\/schema\/logo\/image\/","url":"https:\/\/www.mojabochnia.pl\/wp-content\/uploads\/2017\/08\/logo-mb-opt.png","contentUrl":"https:\/\/www.mojabochnia.pl\/wp-content\/uploads\/2017\/08\/logo-mb-opt.png","width":250,"height":48,"caption":"mojabochnia.pl - portal informacyjny"},"image":{"@id":"https:\/\/www.mojabochnia.pl\/#\/schema\/logo\/image\/"},"sameAs":["https:\/\/www.facebook.com\/mojabochnia"]},{"@type":"Person","@id":"https:\/\/www.mojabochnia.pl\/#\/schema\/person\/ea042e4724a77627963f02166828ead4","name":"Pawe\u0142 Michalczyk","url":"https:\/\/www.mojabochnia.pl\/?author=4"}]}},"_links":{"self":[{"href":"https:\/\/www.mojabochnia.pl\/index.php?rest_route=\/wp\/v2\/posts\/98101","targetHints":{"allow":["GET"]}}],"collection":[{"href":"https:\/\/www.mojabochnia.pl\/index.php?rest_route=\/wp\/v2\/posts"}],"about":[{"href":"https:\/\/www.mojabochnia.pl\/index.php?rest_route=\/wp\/v2\/types\/post"}],"author":[{"embeddable":true,"href":"https:\/\/www.mojabochnia.pl\/index.php?rest_route=\/wp\/v2\/users\/4"}],"replies":[{"embeddable":true,"href":"https:\/\/www.mojabochnia.pl\/index.php?rest_route=%2Fwp%2Fv2%2Fcomments&post=98101"}],"version-history":[{"count":2,"href":"https:\/\/www.mojabochnia.pl\/index.php?rest_route=\/wp\/v2\/posts\/98101\/revisions"}],"predecessor-version":[{"id":98103,"href":"https:\/\/www.mojabochnia.pl\/index.php?rest_route=\/wp\/v2\/posts\/98101\/revisions\/98103"}],"wp:attachment":[{"href":"https:\/\/www.mojabochnia.pl\/index.php?rest_route=%2Fwp%2Fv2%2Fmedia&parent=98101"}],"wp:term":[{"taxonomy":"category","embeddable":true,"href":"https:\/\/www.mojabochnia.pl\/index.php?rest_route=%2Fwp%2Fv2%2Fcategories&post=98101"},{"taxonomy":"post_tag","embeddable":true,"href":"https:\/\/www.mojabochnia.pl\/index.php?rest_route=%2Fwp%2Fv2%2Ftags&post=98101"}],"curies":[{"name":"wp","href":"https:\/\/api.w.org\/{rel}","templated":true}]}}