{"id":981,"date":"2008-09-06T15:14:00","date_gmt":"2008-09-06T13:14:00","guid":{"rendered":"http:\/\/beta.mojabochnia.pl\/?p=981"},"modified":"2008-09-07T12:50:59","modified_gmt":"2008-09-07T10:50:59","slug":"nawet-45-tys-za-dobry-pomysl","status":"publish","type":"post","link":"https:\/\/www.mojabochnia.pl\/?p=981","title":{"rendered":"Nawet 4,5 tys. za dobry pomys\u0142"},"content":{"rendered":"<p>3 wrze\u015bnia Polska Fundacja Dzieci i M\u0142odzie\u017cy oraz firma Nokia og\u0142osi\u0142y rozpocz\u0119cie VIII edycji Programu &#8222;Make a Connection &#8211; Przy\u0142\u0105cz si\u0119&#8221;. Skierowany jest on do m\u0142odzie\u017cy w wieku od 16 do 22 lat z terenu ca\u0142ej Polski. Program wspiera m\u0142odzie\u017cowe projekty lokalne, umo\u017cliwiaj\u0105c m\u0142odym ludziom aktywne w\u0142\u0105czenie si\u0119 w \u017cycie spo\u0142eczne oraz wszechstronny rozw\u00f3j osobisty. <\/p>\n<p>W konkursie mo\u017ce wzi\u0105\u0107 udzia\u0142 grupa m\u0142odzie\u017cowa (grupy nieformalne, samorz\u0105dy szkolne, lokalne stowarzyszenia utworzone i kierowane przez m\u0142odzie\u017c itp.), kt\u00f3ra sk\u0142ada si\u0119 co najmniej z 8 os\u00f3b. Proponowane dzia\u0142ania nie powinny by\u0107 kierowane przez doros\u0142ych, to uczestnicy powinni samodzielnie zaplanowa\u0107 i realizowa\u0107 sw\u00f3j projekt. Proponowane dzia\u0142ania powinny rozpoczyna\u0107 si\u0119 nie wcze\u015bniej ni\u017c 1 lutego 2009, a ko\u0144czy\u0107 nie p\u00f3\u017aniej ni\u017c 31 sierpnia 2009 roku a ich odbiorc\u0105 powinny by\u0107 lokalne spo\u0142eczno\u015bci i ich cz\u0142onkowie, czyli mieszka\u0144cy miejscowo\u015bci, r\u00f3wie\u015bnicy, dzieci, s\u0105siedzi, etc.<\/p>\n<p>Grupy m\u0142odzie\u017cowe, kt\u00f3rych pomys\u0142y zostan\u0105 zaakceptowane, mog\u0105 otrzyma\u0107 dotacje w wysoko\u015bci od 2.000 do 4.500 z\u0142 na realizacj\u0119 zaproponowanych przez siebie projekt\u00f3w. Warunkiem udzia\u0142u w konkursie jest nades\u0142anie projektu wraz z bud\u017cetem, przygotowanych wed\u0142ug wzoru dost\u0119pnego na stronie internetowej <a onclick=\"javascript:pageTracker._trackPageview('\/outgoing\/www.makeaconnection.pl');\"  href=\"http:\/\/www.makeaconnection.pl\">www.makeaconnection.pl<\/a>. <\/p>\n<p>Termin nadsy\u0142ania projekt\u00f3w up\u0142ywa 19 pa\u017adziernika 2008 roku (decyduje data stempla pocztowego). Rozstrzygni\u0119cie konkursu zaplanowano na 17 pa\u017adziernika. <\/p>\n<p>Dodatkowe informacje mo\u017cna uzyska\u0107 na stronie internetowej programu Make a Connection: <a onclick=\"javascript:pageTracker._trackPageview('\/outgoing\/www.makeaconnection.pl');\"  href=\"http:\/\/www.makeaconnection.pl\">www.makeaconnection.pl<\/a> lub kontaktuj\u0105c si\u0119 z Polsk\u0105 Fundacj\u0105 Dzieci i M\u0142odzie\u017cy: Tel. (0 22) 826 10 16, E-mail: m.szczesniak@pcyf.org.pl<\/p>\n<p>Polska Fundacja Dzieci i M\u0142odzie\u017cy oraz firma Nokia og\u0142osi\u0142y polsk\u0105 edycj\u0119 Programu \u201eMake a Connection &#8211; Przy\u0142\u0105cz si\u0119\u201d w lipcu 2001 roku. Przez pierwsze trzy lata (2001 \u2013 2004 ) Program by\u0142 realizowany w trzech wojew\u00f3dztwach: kujawsko-pomorskim, \u015bl\u0105skim i ma\u0142opolskim. Od maja 2004 roku Program obejmuje ju\u017c ca\u0142\u0105 Polsk\u0119. Grupy m\u0142odzie\u017cowe mog\u0105 otrzyma\u0107 dotacj\u0119 do 4 500 z\u0142 na realizacj\u0119 swoich inicjatyw na rzecz lokalnej spo\u0142eczno\u015bci. Dodatkowo liderzy grup realizuj\u0105cych projekty bior\u0105 udzia\u0142 w szkoleniach, organizowanych i finansowanych przez Polsk\u0105 Fundacj\u0119 Dzieci i M\u0142odzie\u017cy, obejmuj\u0105cych takie zagadnienia jak: wsp\u00f3\u0142praca w grupie, planowanie harmonogramu dzia\u0142a\u0144 i bud\u017cetu, rozwi\u0105zywanie konflikt\u00f3w w grupie, zarz\u0105dzanie projektem, diagnoza osobistych zasob\u00f3w i planowanie \u015bcie\u017cki kariery, opracowywanie raport\u00f3w (finansowego i merytorycznego) ze zrealizowanych dzia\u0142a\u0144, doskonalenie pracy zespo\u0142owej, planowanie przysz\u0142ych dzia\u0142a\u0144 grupy.<\/p>\n<p>Globalna inicjatywa firmy Nokia oraz International Youth Foundation, prowadzona w ponad 20 krajach na \u015bwiecie, stwarza m\u0142odym ludziom mo\u017cliwo\u015bci zdobywania wiedzy oraz umiej\u0119tno\u015bci, kt\u00f3re s\u0105 niezb\u0119dne do aktywnego w\u0142\u0105czenia si\u0119 w \u017cycie spo\u0142eczne. Od 2000 roku, ponad 330 000 os\u00f3b z 24 kraj\u00f3w uczestniczy\u0142o w programach realizowanych na rzecz lokalnych spo\u0142eczno\u015bci.<\/p>\n","protected":false},"excerpt":{"rendered":"<p>Ruszy\u0142a ju\u017c VIII edycja programu \u201eMake a Connection \u2013 przy\u0142\u0105cz si\u0119\u201d. Program skierowany jest do grup m\u0142odzie\u017cy w wieku 16 do 22 lat. Otrzymuj\u0105 one dotacje na realizacj\u0119 zaproponowanych przez siebie projekt\u00f3w w swoich lokalnych spo\u0142eczno\u015bciach. Termin nadsy\u0142ania wniosk\u00f3w up\u0142ywa 19 pa\u017adziernika. <\/p>\n","protected":false},"author":1,"featured_media":0,"comment_status":"open","ping_status":"open","sticky":false,"template":"","format":"standard","meta":{"_acf_changed":false,"footnotes":""},"categories":[5],"tags":[17184,17253,17122],"class_list":["post-981","post","type-post","status-publish","format-standard","hentry","category-biezace-wydarzenia","tag-akcja","tag-dotacja","tag-konkurs"],"acf":[],"yoast_head":"<!-- This site is optimized with the Yoast SEO plugin v26.9 - https:\/\/yoast.com\/product\/yoast-seo-wordpress\/ -->\n<title>Nawet 4,5 tys. za dobry pomys\u0142 - mojabochnia.pl - portal informacyjny<\/title>\n<meta name=\"robots\" content=\"index, follow, max-snippet:-1, max-image-preview:large, max-video-preview:-1\" \/>\n<link rel=\"canonical\" href=\"https:\/\/www.mojabochnia.pl\/?p=981\" \/>\n<meta property=\"og:locale\" content=\"pl_PL\" \/>\n<meta property=\"og:type\" content=\"article\" \/>\n<meta property=\"og:title\" content=\"Nawet 4,5 tys. za dobry pomys\u0142 - mojabochnia.pl - portal informacyjny\" \/>\n<meta property=\"og:description\" content=\"Ruszy\u0142a ju\u017c VIII edycja programu \u201eMake a Connection \u2013 przy\u0142\u0105cz si\u0119\u201d. Program skierowany jest do grup m\u0142odzie\u017cy w wieku 16 do 22 lat. Otrzymuj\u0105 one dotacje na realizacj\u0119 zaproponowanych przez siebie projekt\u00f3w w swoich lokalnych spo\u0142eczno\u015bciach. Termin nadsy\u0142ania wniosk\u00f3w up\u0142ywa 19 pa\u017adziernika.\" \/>\n<meta property=\"og:url\" content=\"https:\/\/www.mojabochnia.pl\/?p=981\" \/>\n<meta property=\"og:site_name\" content=\"mojabochnia.pl - portal informacyjny\" \/>\n<meta property=\"article:publisher\" content=\"https:\/\/www.facebook.com\/mojabochnia\" \/>\n<meta property=\"article:published_time\" content=\"2008-09-06T13:14:00+00:00\" \/>\n<meta property=\"article:modified_time\" content=\"2008-09-07T10:50:59+00:00\" \/>\n<meta name=\"author\" content=\"administrator\" \/>\n<meta name=\"twitter:card\" content=\"summary_large_image\" \/>\n<meta name=\"twitter:label1\" content=\"Written by\" \/>\n\t<meta name=\"twitter:data1\" content=\"administrator\" \/>\n\t<meta name=\"twitter:label2\" content=\"Est. reading time\" \/>\n\t<meta name=\"twitter:data2\" content=\"2 minuty\" \/>\n<script type=\"application\/ld+json\" class=\"yoast-schema-graph\">{\"@context\":\"https:\/\/schema.org\",\"@graph\":[{\"@type\":\"Article\",\"@id\":\"https:\/\/www.mojabochnia.pl\/?p=981#article\",\"isPartOf\":{\"@id\":\"https:\/\/www.mojabochnia.pl\/?p=981\"},\"author\":{\"name\":\"administrator\",\"@id\":\"https:\/\/www.mojabochnia.pl\/#\/schema\/person\/c00e1f64e6fa0e6de6d410f2c340017f\"},\"headline\":\"Nawet 4,5 tys. za dobry pomys\u0142\",\"datePublished\":\"2008-09-06T13:14:00+00:00\",\"dateModified\":\"2008-09-07T10:50:59+00:00\",\"mainEntityOfPage\":{\"@id\":\"https:\/\/www.mojabochnia.pl\/?p=981\"},\"wordCount\":485,\"commentCount\":0,\"publisher\":{\"@id\":\"https:\/\/www.mojabochnia.pl\/#organization\"},\"keywords\":[\"akcja\",\"dotacja\",\"konkurs\"],\"articleSection\":[\"2_ostatnie\"],\"inLanguage\":\"pl-PL\",\"potentialAction\":[{\"@type\":\"CommentAction\",\"name\":\"Comment\",\"target\":[\"https:\/\/www.mojabochnia.pl\/?p=981#respond\"]}]},{\"@type\":\"WebPage\",\"@id\":\"https:\/\/www.mojabochnia.pl\/?p=981\",\"url\":\"https:\/\/www.mojabochnia.pl\/?p=981\",\"name\":\"Nawet 4,5 tys. za dobry pomys\u0142 - mojabochnia.pl - portal informacyjny\",\"isPartOf\":{\"@id\":\"https:\/\/www.mojabochnia.pl\/#website\"},\"datePublished\":\"2008-09-06T13:14:00+00:00\",\"dateModified\":\"2008-09-07T10:50:59+00:00\",\"breadcrumb\":{\"@id\":\"https:\/\/www.mojabochnia.pl\/?p=981#breadcrumb\"},\"inLanguage\":\"pl-PL\",\"potentialAction\":[{\"@type\":\"ReadAction\",\"target\":[\"https:\/\/www.mojabochnia.pl\/?p=981\"]}]},{\"@type\":\"BreadcrumbList\",\"@id\":\"https:\/\/www.mojabochnia.pl\/?p=981#breadcrumb\",\"itemListElement\":[{\"@type\":\"ListItem\",\"position\":1,\"name\":\"Home\",\"item\":\"https:\/\/www.mojabochnia.pl\/\"},{\"@type\":\"ListItem\",\"position\":2,\"name\":\"Nawet 4,5 tys. za dobry pomys\u0142\"}]},{\"@type\":\"WebSite\",\"@id\":\"https:\/\/www.mojabochnia.pl\/#website\",\"url\":\"https:\/\/www.mojabochnia.pl\/\",\"name\":\"mojabochnia.pl - portal informacyjny\",\"description\":\"mojaBochnia to portal informacyjny o Bochni. Codziennie o Bochni piszemy i pokazujemy najwa\u017cniejsze wydarzenia\",\"publisher\":{\"@id\":\"https:\/\/www.mojabochnia.pl\/#organization\"},\"potentialAction\":[{\"@type\":\"SearchAction\",\"target\":{\"@type\":\"EntryPoint\",\"urlTemplate\":\"https:\/\/www.mojabochnia.pl\/?s={search_term_string}\"},\"query-input\":{\"@type\":\"PropertyValueSpecification\",\"valueRequired\":true,\"valueName\":\"search_term_string\"}}],\"inLanguage\":\"pl-PL\"},{\"@type\":\"Organization\",\"@id\":\"https:\/\/www.mojabochnia.pl\/#organization\",\"name\":\"mojabochnia.pl - portal informacyjny\",\"url\":\"https:\/\/www.mojabochnia.pl\/\",\"logo\":{\"@type\":\"ImageObject\",\"inLanguage\":\"pl-PL\",\"@id\":\"https:\/\/www.mojabochnia.pl\/#\/schema\/logo\/image\/\",\"url\":\"https:\/\/www.mojabochnia.pl\/wp-content\/uploads\/2017\/08\/logo-mb-opt.png\",\"contentUrl\":\"https:\/\/www.mojabochnia.pl\/wp-content\/uploads\/2017\/08\/logo-mb-opt.png\",\"width\":250,\"height\":48,\"caption\":\"mojabochnia.pl - portal informacyjny\"},\"image\":{\"@id\":\"https:\/\/www.mojabochnia.pl\/#\/schema\/logo\/image\/\"},\"sameAs\":[\"https:\/\/www.facebook.com\/mojabochnia\"]},{\"@type\":\"Person\",\"@id\":\"https:\/\/www.mojabochnia.pl\/#\/schema\/person\/c00e1f64e6fa0e6de6d410f2c340017f\",\"name\":\"administrator\",\"url\":\"https:\/\/www.mojabochnia.pl\/?author=1\"}]}<\/script>\n<!-- \/ Yoast SEO plugin. -->","yoast_head_json":{"title":"Nawet 4,5 tys. za dobry pomys\u0142 - mojabochnia.pl - portal informacyjny","robots":{"index":"index","follow":"follow","max-snippet":"max-snippet:-1","max-image-preview":"max-image-preview:large","max-video-preview":"max-video-preview:-1"},"canonical":"https:\/\/www.mojabochnia.pl\/?p=981","og_locale":"pl_PL","og_type":"article","og_title":"Nawet 4,5 tys. za dobry pomys\u0142 - mojabochnia.pl - portal informacyjny","og_description":"Ruszy\u0142a ju\u017c VIII edycja programu \u201eMake a Connection \u2013 przy\u0142\u0105cz si\u0119\u201d. Program skierowany jest do grup m\u0142odzie\u017cy w wieku 16 do 22 lat. Otrzymuj\u0105 one dotacje na realizacj\u0119 zaproponowanych przez siebie projekt\u00f3w w swoich lokalnych spo\u0142eczno\u015bciach. Termin nadsy\u0142ania wniosk\u00f3w up\u0142ywa 19 pa\u017adziernika.","og_url":"https:\/\/www.mojabochnia.pl\/?p=981","og_site_name":"mojabochnia.pl - portal informacyjny","article_publisher":"https:\/\/www.facebook.com\/mojabochnia","article_published_time":"2008-09-06T13:14:00+00:00","article_modified_time":"2008-09-07T10:50:59+00:00","author":"administrator","twitter_card":"summary_large_image","twitter_misc":{"Written by":"administrator","Est. reading time":"2 minuty"},"schema":{"@context":"https:\/\/schema.org","@graph":[{"@type":"Article","@id":"https:\/\/www.mojabochnia.pl\/?p=981#article","isPartOf":{"@id":"https:\/\/www.mojabochnia.pl\/?p=981"},"author":{"name":"administrator","@id":"https:\/\/www.mojabochnia.pl\/#\/schema\/person\/c00e1f64e6fa0e6de6d410f2c340017f"},"headline":"Nawet 4,5 tys. za dobry pomys\u0142","datePublished":"2008-09-06T13:14:00+00:00","dateModified":"2008-09-07T10:50:59+00:00","mainEntityOfPage":{"@id":"https:\/\/www.mojabochnia.pl\/?p=981"},"wordCount":485,"commentCount":0,"publisher":{"@id":"https:\/\/www.mojabochnia.pl\/#organization"},"keywords":["akcja","dotacja","konkurs"],"articleSection":["2_ostatnie"],"inLanguage":"pl-PL","potentialAction":[{"@type":"CommentAction","name":"Comment","target":["https:\/\/www.mojabochnia.pl\/?p=981#respond"]}]},{"@type":"WebPage","@id":"https:\/\/www.mojabochnia.pl\/?p=981","url":"https:\/\/www.mojabochnia.pl\/?p=981","name":"Nawet 4,5 tys. za dobry pomys\u0142 - mojabochnia.pl - portal informacyjny","isPartOf":{"@id":"https:\/\/www.mojabochnia.pl\/#website"},"datePublished":"2008-09-06T13:14:00+00:00","dateModified":"2008-09-07T10:50:59+00:00","breadcrumb":{"@id":"https:\/\/www.mojabochnia.pl\/?p=981#breadcrumb"},"inLanguage":"pl-PL","potentialAction":[{"@type":"ReadAction","target":["https:\/\/www.mojabochnia.pl\/?p=981"]}]},{"@type":"BreadcrumbList","@id":"https:\/\/www.mojabochnia.pl\/?p=981#breadcrumb","itemListElement":[{"@type":"ListItem","position":1,"name":"Home","item":"https:\/\/www.mojabochnia.pl\/"},{"@type":"ListItem","position":2,"name":"Nawet 4,5 tys. za dobry pomys\u0142"}]},{"@type":"WebSite","@id":"https:\/\/www.mojabochnia.pl\/#website","url":"https:\/\/www.mojabochnia.pl\/","name":"mojabochnia.pl - portal informacyjny","description":"mojaBochnia to portal informacyjny o Bochni. Codziennie o Bochni piszemy i pokazujemy najwa\u017cniejsze wydarzenia","publisher":{"@id":"https:\/\/www.mojabochnia.pl\/#organization"},"potentialAction":[{"@type":"SearchAction","target":{"@type":"EntryPoint","urlTemplate":"https:\/\/www.mojabochnia.pl\/?s={search_term_string}"},"query-input":{"@type":"PropertyValueSpecification","valueRequired":true,"valueName":"search_term_string"}}],"inLanguage":"pl-PL"},{"@type":"Organization","@id":"https:\/\/www.mojabochnia.pl\/#organization","name":"mojabochnia.pl - portal informacyjny","url":"https:\/\/www.mojabochnia.pl\/","logo":{"@type":"ImageObject","inLanguage":"pl-PL","@id":"https:\/\/www.mojabochnia.pl\/#\/schema\/logo\/image\/","url":"https:\/\/www.mojabochnia.pl\/wp-content\/uploads\/2017\/08\/logo-mb-opt.png","contentUrl":"https:\/\/www.mojabochnia.pl\/wp-content\/uploads\/2017\/08\/logo-mb-opt.png","width":250,"height":48,"caption":"mojabochnia.pl - portal informacyjny"},"image":{"@id":"https:\/\/www.mojabochnia.pl\/#\/schema\/logo\/image\/"},"sameAs":["https:\/\/www.facebook.com\/mojabochnia"]},{"@type":"Person","@id":"https:\/\/www.mojabochnia.pl\/#\/schema\/person\/c00e1f64e6fa0e6de6d410f2c340017f","name":"administrator","url":"https:\/\/www.mojabochnia.pl\/?author=1"}]}},"_links":{"self":[{"href":"https:\/\/www.mojabochnia.pl\/index.php?rest_route=\/wp\/v2\/posts\/981","targetHints":{"allow":["GET"]}}],"collection":[{"href":"https:\/\/www.mojabochnia.pl\/index.php?rest_route=\/wp\/v2\/posts"}],"about":[{"href":"https:\/\/www.mojabochnia.pl\/index.php?rest_route=\/wp\/v2\/types\/post"}],"author":[{"embeddable":true,"href":"https:\/\/www.mojabochnia.pl\/index.php?rest_route=\/wp\/v2\/users\/1"}],"replies":[{"embeddable":true,"href":"https:\/\/www.mojabochnia.pl\/index.php?rest_route=%2Fwp%2Fv2%2Fcomments&post=981"}],"version-history":[{"count":0,"href":"https:\/\/www.mojabochnia.pl\/index.php?rest_route=\/wp\/v2\/posts\/981\/revisions"}],"wp:attachment":[{"href":"https:\/\/www.mojabochnia.pl\/index.php?rest_route=%2Fwp%2Fv2%2Fmedia&parent=981"}],"wp:term":[{"taxonomy":"category","embeddable":true,"href":"https:\/\/www.mojabochnia.pl\/index.php?rest_route=%2Fwp%2Fv2%2Fcategories&post=981"},{"taxonomy":"post_tag","embeddable":true,"href":"https:\/\/www.mojabochnia.pl\/index.php?rest_route=%2Fwp%2Fv2%2Ftags&post=981"}],"curies":[{"name":"wp","href":"https:\/\/api.w.org\/{rel}","templated":true}]}}