{"id":98025,"date":"2013-09-30T13:13:05","date_gmt":"2013-09-30T11:13:05","guid":{"rendered":"http:\/\/www.mojabochnia.pl\/?p=98025"},"modified":"2013-09-30T13:13:32","modified_gmt":"2013-09-30T11:13:32","slug":"kopalnia-od-jutra-spolka-z-o-o-znamy-sklad-rady-nadzorczej","status":"publish","type":"post","link":"https:\/\/www.mojabochnia.pl\/?p=98025","title":{"rendered":"Kopalnia od wtorku Sp\u00f3\u0142k\u0105 z o.o. Znamy sk\u0142ad rady nadzorczej"},"content":{"rendered":"<p>Sp\u00f3\u0142ka z o.o. powstaje w wyniku komercjalizacji przedsi\u0119biorstwa pa\u0144stwowego w dotychczasowej formule. Akt komercjalizacji sporz\u0105dzono 12.09.2013 r. w siedzibie Ministerstwa Skarbu Pa\u0144stwa. W\u0142a\u015bcicielem nowo powo\u0142anej sp\u00f3\u0142ki jest Skarb Pa\u0144stwa, a w jego imieniu Minister Skarbu. Ma on 20 tysi\u0119cy udzia\u0142\u00f3w o \u0142\u0105cznej warto\u015bci miliona z\u0142otych. Tyle r\u00f3wnie\u017c wynosi wysoko\u015b\u0107 kapita\u0142u zak\u0142adowego sp\u00f3\u0142ki. <\/p>\n<p>Organem uprawnionym do reprezentacji podmiotu jest jednoosobowy zarz\u0105d w osobie Krzysztofa Zi\u0119by (dotychczas zarz\u0105dca komisaryczny kopalni, wcze\u015bniej jej likwidator). Z kolei organem nadzorczym jest pi\u0119cioosobowa rada nadzorcza. Na razie w jej sk\u0142ad wchodz\u0105 trzy osoby wyznaczone przez ministra skarbu: Joanna To\u0142\u0142oczko-Kulikowska, Anna Rajzer i Tomasz Iwa\u0144ski. Dwie kolejne osoby b\u0119d\u0105 stanowi\u0142y przedstawicieli za\u0142ogi i uzupe\u0142ni\u0105 sk\u0142ad rady nadzorczej na pocz\u0105tku 2014 r.<\/p>\n<p>W przedmiocie dzia\u0142alno\u015bci kopalni znajduje si\u0119 m.in. g\u00f3rnictwo i wydobywanie, dzia\u0142alno\u015b\u0107 us\u0142ugowa wspomagaj\u0105ca, sprzeda\u017c detaliczna, wydawanie ksi\u0105\u017cek, gazet, gier komputerowych, oprogramowania, produkcja film\u00f3w, nagra\u0144 wideo i program\u00f3w telewizyjnych, dzia\u0142alno\u015b\u0107 postprodukcyjna, dystrybucja itd. <\/p>\n<p>Kopalnia w nowej formule b\u0119dzie mog\u0142a r\u00f3wnie\u017c przeprowadza\u0107 badanie rynku i opinii publicznej, \u015bwiadczy\u0107 us\u0142ugi z szeroko poj\u0119tej turystyki, dzia\u0142alno\u015bci obiekt\u00f3w kulturalnych i historycznych, organizacji targ\u00f3w, wystaw i kongres\u00f3w czy pozaszkolnych form edukacji. Opr\u00f3cz tego w tzw. PKD wpisana jest dzia\u0142alno\u015b\u0107 fizjoterapeutyczna, paramedyczna, dzia\u0142alno\u015b\u0107 obiekt\u00f3w s\u0142u\u017c\u0105cych poprawie kondycji fizycznej.<\/p>\n","protected":false},"excerpt":{"rendered":"<p>Dzi\u015b o p\u00f3\u0142nocy zmieni si\u0119 formu\u0142a prawna boche\u0144skiej kopalni soli. Przedsi\u0119biorstwo Pa\u0144stwowe Kopalnia Soli &#8222;Bochnia&#8221; z siedzib\u0105 w Bochni przestanie istnie\u0107, a w jego miejsce zacznie funkcjonowa\u0107 Kopalnia Soli Bochnia Sp\u00f3\u0142ka z Ograniczon\u0105 Odpowiedzialno\u015bci\u0105. W Krajowym Rejestrze S\u0105dowym widnieje ju\u017c powy\u017csza zmiana.<\/p>\n","protected":false},"author":4,"featured_media":0,"comment_status":"open","ping_status":"closed","sticky":true,"template":"","format":"standard","meta":{"_acf_changed":false,"footnotes":""},"categories":[5,6251,6250],"tags":[17407,17146,9203,1036],"class_list":["post-98025","post","type-post","status-publish","format-standard","hentry","category-biezace-wydarzenia","category-polityka-i-wydarzenia","category-tematyka","tag-kopalnia","tag-kopalnia-soli","tag-kzrysztof-zieba","tag-spolka-skarbu-panstwa","main_tag-kopalnia"],"acf":[],"yoast_head":"<!-- This site is optimized with the Yoast SEO plugin v26.9 - https:\/\/yoast.com\/product\/yoast-seo-wordpress\/ -->\n<title>Kopalnia od wtorku Sp\u00f3\u0142k\u0105 z o.o. Znamy sk\u0142ad rady nadzorczej - mojabochnia.pl - portal informacyjny<\/title>\n<meta name=\"robots\" content=\"index, follow, max-snippet:-1, max-image-preview:large, max-video-preview:-1\" \/>\n<link rel=\"canonical\" href=\"https:\/\/www.mojabochnia.pl\/?p=98025\" \/>\n<meta property=\"og:locale\" content=\"pl_PL\" \/>\n<meta property=\"og:type\" content=\"article\" \/>\n<meta property=\"og:title\" content=\"Kopalnia od wtorku Sp\u00f3\u0142k\u0105 z o.o. Znamy sk\u0142ad rady nadzorczej - mojabochnia.pl - portal informacyjny\" \/>\n<meta property=\"og:description\" content=\"Dzi\u015b o p\u00f3\u0142nocy zmieni si\u0119 formu\u0142a prawna boche\u0144skiej kopalni soli. Przedsi\u0119biorstwo Pa\u0144stwowe Kopalnia Soli &quot;Bochnia&quot; z siedzib\u0105 w Bochni przestanie istnie\u0107, a w jego miejsce zacznie funkcjonowa\u0107 Kopalnia Soli Bochnia Sp\u00f3\u0142ka z Ograniczon\u0105 Odpowiedzialno\u015bci\u0105. W Krajowym Rejestrze S\u0105dowym widnieje ju\u017c powy\u017csza zmiana.\" \/>\n<meta property=\"og:url\" content=\"https:\/\/www.mojabochnia.pl\/?p=98025\" \/>\n<meta property=\"og:site_name\" content=\"mojabochnia.pl - portal informacyjny\" \/>\n<meta property=\"article:publisher\" content=\"https:\/\/www.facebook.com\/mojabochnia\" \/>\n<meta property=\"article:published_time\" content=\"2013-09-30T11:13:05+00:00\" \/>\n<meta property=\"article:modified_time\" content=\"2013-09-30T11:13:32+00:00\" \/>\n<meta name=\"author\" content=\"Pawe\u0142 Michalczyk\" \/>\n<meta name=\"twitter:card\" content=\"summary_large_image\" \/>\n<meta name=\"twitter:label1\" content=\"Written by\" \/>\n\t<meta name=\"twitter:data1\" content=\"Pawe\u0142 Michalczyk\" \/>\n\t<meta name=\"twitter:label2\" content=\"Est. reading time\" \/>\n\t<meta name=\"twitter:data2\" content=\"1 minuta\" \/>\n<script type=\"application\/ld+json\" class=\"yoast-schema-graph\">{\"@context\":\"https:\/\/schema.org\",\"@graph\":[{\"@type\":\"Article\",\"@id\":\"https:\/\/www.mojabochnia.pl\/?p=98025#article\",\"isPartOf\":{\"@id\":\"https:\/\/www.mojabochnia.pl\/?p=98025\"},\"author\":{\"name\":\"Pawe\u0142 Michalczyk\",\"@id\":\"https:\/\/www.mojabochnia.pl\/#\/schema\/person\/ea042e4724a77627963f02166828ead4\"},\"headline\":\"Kopalnia od wtorku Sp\u00f3\u0142k\u0105 z o.o. Znamy sk\u0142ad rady nadzorczej\",\"datePublished\":\"2013-09-30T11:13:05+00:00\",\"dateModified\":\"2013-09-30T11:13:32+00:00\",\"mainEntityOfPage\":{\"@id\":\"https:\/\/www.mojabochnia.pl\/?p=98025\"},\"wordCount\":265,\"commentCount\":0,\"publisher\":{\"@id\":\"https:\/\/www.mojabochnia.pl\/#organization\"},\"keywords\":[\"kopalnia\",\"kopalnia soli\",\"kzrysztof zi\u0119ba\",\"sp\u00f3\u0142ka skarbu pa\u0144stwa\"],\"articleSection\":[\"2_ostatnie\",\"polityka i wydarzenia\",\"tematyka\"],\"inLanguage\":\"pl-PL\",\"potentialAction\":[{\"@type\":\"CommentAction\",\"name\":\"Comment\",\"target\":[\"https:\/\/www.mojabochnia.pl\/?p=98025#respond\"]}]},{\"@type\":\"WebPage\",\"@id\":\"https:\/\/www.mojabochnia.pl\/?p=98025\",\"url\":\"https:\/\/www.mojabochnia.pl\/?p=98025\",\"name\":\"Kopalnia od wtorku Sp\u00f3\u0142k\u0105 z o.o. Znamy sk\u0142ad rady nadzorczej - mojabochnia.pl - portal informacyjny\",\"isPartOf\":{\"@id\":\"https:\/\/www.mojabochnia.pl\/#website\"},\"datePublished\":\"2013-09-30T11:13:05+00:00\",\"dateModified\":\"2013-09-30T11:13:32+00:00\",\"breadcrumb\":{\"@id\":\"https:\/\/www.mojabochnia.pl\/?p=98025#breadcrumb\"},\"inLanguage\":\"pl-PL\",\"potentialAction\":[{\"@type\":\"ReadAction\",\"target\":[\"https:\/\/www.mojabochnia.pl\/?p=98025\"]}]},{\"@type\":\"BreadcrumbList\",\"@id\":\"https:\/\/www.mojabochnia.pl\/?p=98025#breadcrumb\",\"itemListElement\":[{\"@type\":\"ListItem\",\"position\":1,\"name\":\"Home\",\"item\":\"https:\/\/www.mojabochnia.pl\/\"},{\"@type\":\"ListItem\",\"position\":2,\"name\":\"Kopalnia od wtorku Sp\u00f3\u0142k\u0105 z o.o. Znamy sk\u0142ad rady nadzorczej\"}]},{\"@type\":\"WebSite\",\"@id\":\"https:\/\/www.mojabochnia.pl\/#website\",\"url\":\"https:\/\/www.mojabochnia.pl\/\",\"name\":\"mojabochnia.pl - portal informacyjny\",\"description\":\"mojaBochnia to portal informacyjny o Bochni. Codziennie o Bochni piszemy i pokazujemy najwa\u017cniejsze wydarzenia\",\"publisher\":{\"@id\":\"https:\/\/www.mojabochnia.pl\/#organization\"},\"potentialAction\":[{\"@type\":\"SearchAction\",\"target\":{\"@type\":\"EntryPoint\",\"urlTemplate\":\"https:\/\/www.mojabochnia.pl\/?s={search_term_string}\"},\"query-input\":{\"@type\":\"PropertyValueSpecification\",\"valueRequired\":true,\"valueName\":\"search_term_string\"}}],\"inLanguage\":\"pl-PL\"},{\"@type\":\"Organization\",\"@id\":\"https:\/\/www.mojabochnia.pl\/#organization\",\"name\":\"mojabochnia.pl - portal informacyjny\",\"url\":\"https:\/\/www.mojabochnia.pl\/\",\"logo\":{\"@type\":\"ImageObject\",\"inLanguage\":\"pl-PL\",\"@id\":\"https:\/\/www.mojabochnia.pl\/#\/schema\/logo\/image\/\",\"url\":\"https:\/\/www.mojabochnia.pl\/wp-content\/uploads\/2017\/08\/logo-mb-opt.png\",\"contentUrl\":\"https:\/\/www.mojabochnia.pl\/wp-content\/uploads\/2017\/08\/logo-mb-opt.png\",\"width\":250,\"height\":48,\"caption\":\"mojabochnia.pl - portal informacyjny\"},\"image\":{\"@id\":\"https:\/\/www.mojabochnia.pl\/#\/schema\/logo\/image\/\"},\"sameAs\":[\"https:\/\/www.facebook.com\/mojabochnia\"]},{\"@type\":\"Person\",\"@id\":\"https:\/\/www.mojabochnia.pl\/#\/schema\/person\/ea042e4724a77627963f02166828ead4\",\"name\":\"Pawe\u0142 Michalczyk\",\"url\":\"https:\/\/www.mojabochnia.pl\/?author=4\"}]}<\/script>\n<!-- \/ Yoast SEO plugin. -->","yoast_head_json":{"title":"Kopalnia od wtorku Sp\u00f3\u0142k\u0105 z o.o. Znamy sk\u0142ad rady nadzorczej - mojabochnia.pl - portal informacyjny","robots":{"index":"index","follow":"follow","max-snippet":"max-snippet:-1","max-image-preview":"max-image-preview:large","max-video-preview":"max-video-preview:-1"},"canonical":"https:\/\/www.mojabochnia.pl\/?p=98025","og_locale":"pl_PL","og_type":"article","og_title":"Kopalnia od wtorku Sp\u00f3\u0142k\u0105 z o.o. Znamy sk\u0142ad rady nadzorczej - mojabochnia.pl - portal informacyjny","og_description":"Dzi\u015b o p\u00f3\u0142nocy zmieni si\u0119 formu\u0142a prawna boche\u0144skiej kopalni soli. Przedsi\u0119biorstwo Pa\u0144stwowe Kopalnia Soli \"Bochnia\" z siedzib\u0105 w Bochni przestanie istnie\u0107, a w jego miejsce zacznie funkcjonowa\u0107 Kopalnia Soli Bochnia Sp\u00f3\u0142ka z Ograniczon\u0105 Odpowiedzialno\u015bci\u0105. W Krajowym Rejestrze S\u0105dowym widnieje ju\u017c powy\u017csza zmiana.","og_url":"https:\/\/www.mojabochnia.pl\/?p=98025","og_site_name":"mojabochnia.pl - portal informacyjny","article_publisher":"https:\/\/www.facebook.com\/mojabochnia","article_published_time":"2013-09-30T11:13:05+00:00","article_modified_time":"2013-09-30T11:13:32+00:00","author":"Pawe\u0142 Michalczyk","twitter_card":"summary_large_image","twitter_misc":{"Written by":"Pawe\u0142 Michalczyk","Est. reading time":"1 minuta"},"schema":{"@context":"https:\/\/schema.org","@graph":[{"@type":"Article","@id":"https:\/\/www.mojabochnia.pl\/?p=98025#article","isPartOf":{"@id":"https:\/\/www.mojabochnia.pl\/?p=98025"},"author":{"name":"Pawe\u0142 Michalczyk","@id":"https:\/\/www.mojabochnia.pl\/#\/schema\/person\/ea042e4724a77627963f02166828ead4"},"headline":"Kopalnia od wtorku Sp\u00f3\u0142k\u0105 z o.o. Znamy sk\u0142ad rady nadzorczej","datePublished":"2013-09-30T11:13:05+00:00","dateModified":"2013-09-30T11:13:32+00:00","mainEntityOfPage":{"@id":"https:\/\/www.mojabochnia.pl\/?p=98025"},"wordCount":265,"commentCount":0,"publisher":{"@id":"https:\/\/www.mojabochnia.pl\/#organization"},"keywords":["kopalnia","kopalnia soli","kzrysztof zi\u0119ba","sp\u00f3\u0142ka skarbu pa\u0144stwa"],"articleSection":["2_ostatnie","polityka i wydarzenia","tematyka"],"inLanguage":"pl-PL","potentialAction":[{"@type":"CommentAction","name":"Comment","target":["https:\/\/www.mojabochnia.pl\/?p=98025#respond"]}]},{"@type":"WebPage","@id":"https:\/\/www.mojabochnia.pl\/?p=98025","url":"https:\/\/www.mojabochnia.pl\/?p=98025","name":"Kopalnia od wtorku Sp\u00f3\u0142k\u0105 z o.o. Znamy sk\u0142ad rady nadzorczej - mojabochnia.pl - portal informacyjny","isPartOf":{"@id":"https:\/\/www.mojabochnia.pl\/#website"},"datePublished":"2013-09-30T11:13:05+00:00","dateModified":"2013-09-30T11:13:32+00:00","breadcrumb":{"@id":"https:\/\/www.mojabochnia.pl\/?p=98025#breadcrumb"},"inLanguage":"pl-PL","potentialAction":[{"@type":"ReadAction","target":["https:\/\/www.mojabochnia.pl\/?p=98025"]}]},{"@type":"BreadcrumbList","@id":"https:\/\/www.mojabochnia.pl\/?p=98025#breadcrumb","itemListElement":[{"@type":"ListItem","position":1,"name":"Home","item":"https:\/\/www.mojabochnia.pl\/"},{"@type":"ListItem","position":2,"name":"Kopalnia od wtorku Sp\u00f3\u0142k\u0105 z o.o. Znamy sk\u0142ad rady nadzorczej"}]},{"@type":"WebSite","@id":"https:\/\/www.mojabochnia.pl\/#website","url":"https:\/\/www.mojabochnia.pl\/","name":"mojabochnia.pl - portal informacyjny","description":"mojaBochnia to portal informacyjny o Bochni. Codziennie o Bochni piszemy i pokazujemy najwa\u017cniejsze wydarzenia","publisher":{"@id":"https:\/\/www.mojabochnia.pl\/#organization"},"potentialAction":[{"@type":"SearchAction","target":{"@type":"EntryPoint","urlTemplate":"https:\/\/www.mojabochnia.pl\/?s={search_term_string}"},"query-input":{"@type":"PropertyValueSpecification","valueRequired":true,"valueName":"search_term_string"}}],"inLanguage":"pl-PL"},{"@type":"Organization","@id":"https:\/\/www.mojabochnia.pl\/#organization","name":"mojabochnia.pl - portal informacyjny","url":"https:\/\/www.mojabochnia.pl\/","logo":{"@type":"ImageObject","inLanguage":"pl-PL","@id":"https:\/\/www.mojabochnia.pl\/#\/schema\/logo\/image\/","url":"https:\/\/www.mojabochnia.pl\/wp-content\/uploads\/2017\/08\/logo-mb-opt.png","contentUrl":"https:\/\/www.mojabochnia.pl\/wp-content\/uploads\/2017\/08\/logo-mb-opt.png","width":250,"height":48,"caption":"mojabochnia.pl - portal informacyjny"},"image":{"@id":"https:\/\/www.mojabochnia.pl\/#\/schema\/logo\/image\/"},"sameAs":["https:\/\/www.facebook.com\/mojabochnia"]},{"@type":"Person","@id":"https:\/\/www.mojabochnia.pl\/#\/schema\/person\/ea042e4724a77627963f02166828ead4","name":"Pawe\u0142 Michalczyk","url":"https:\/\/www.mojabochnia.pl\/?author=4"}]}},"_links":{"self":[{"href":"https:\/\/www.mojabochnia.pl\/index.php?rest_route=\/wp\/v2\/posts\/98025","targetHints":{"allow":["GET"]}}],"collection":[{"href":"https:\/\/www.mojabochnia.pl\/index.php?rest_route=\/wp\/v2\/posts"}],"about":[{"href":"https:\/\/www.mojabochnia.pl\/index.php?rest_route=\/wp\/v2\/types\/post"}],"author":[{"embeddable":true,"href":"https:\/\/www.mojabochnia.pl\/index.php?rest_route=\/wp\/v2\/users\/4"}],"replies":[{"embeddable":true,"href":"https:\/\/www.mojabochnia.pl\/index.php?rest_route=%2Fwp%2Fv2%2Fcomments&post=98025"}],"version-history":[{"count":10,"href":"https:\/\/www.mojabochnia.pl\/index.php?rest_route=\/wp\/v2\/posts\/98025\/revisions"}],"predecessor-version":[{"id":98035,"href":"https:\/\/www.mojabochnia.pl\/index.php?rest_route=\/wp\/v2\/posts\/98025\/revisions\/98035"}],"wp:attachment":[{"href":"https:\/\/www.mojabochnia.pl\/index.php?rest_route=%2Fwp%2Fv2%2Fmedia&parent=98025"}],"wp:term":[{"taxonomy":"category","embeddable":true,"href":"https:\/\/www.mojabochnia.pl\/index.php?rest_route=%2Fwp%2Fv2%2Fcategories&post=98025"},{"taxonomy":"post_tag","embeddable":true,"href":"https:\/\/www.mojabochnia.pl\/index.php?rest_route=%2Fwp%2Fv2%2Ftags&post=98025"}],"curies":[{"name":"wp","href":"https:\/\/api.w.org\/{rel}","templated":true}]}}