{"id":98017,"date":"2013-09-30T11:57:05","date_gmt":"2013-09-30T09:57:05","guid":{"rendered":"http:\/\/www.mojabochnia.pl\/?p=98017"},"modified":"2013-09-30T11:57:52","modified_gmt":"2013-09-30T09:57:52","slug":"wojt-ws-tir-ow-zaprasza-wicemarszalka-ciepiele-do-lapczycy","status":"publish","type":"post","link":"https:\/\/www.mojabochnia.pl\/?p=98017","title":{"rendered":"W\u00f3jt ws. TIR-\u00f3w zaprasza wicemarsza\u0142ka Ciepiel\u0119 do \u0141apczycy"},"content":{"rendered":"<p>Plenarne posiedzenie Ma\u0142opolskiej Wojew\u00f3dzkiej Rady Bezpiecze\u0144stwa Ruchu Drogowego zaplanowano na pi\u0105tek 3 pa\u017adziernika w Tarnowie. <em>Dzia\u0142aj\u0105c w imieniu samorz\u0105d\u00f3w gmin: K\u0142aj, Bochnia, D\u0119bno i Wojnicz proponuj\u0119, aby zorganizowa\u0107 je w tym samym terminie tj. 3.10.2013 r. o godz. 1300 nie w PWSZ w Tarnowie, lecz w \u0141apczycy &#8211; w sali narad miejscowego Domu Kultury. Wyb\u00f3r tej miejscowo\u015bci uzasadniamy kilkudziesi\u0119cioletni\u0105 gehenn\u0105 mieszka\u0144c\u00f3w \u017cyj\u0105cych przy drodze krajowej oraz faktem, \u017ce w\u0142a\u015bnie tam mia\u0142a miejsce ostatnia, najwi\u0119ksza tragedia z udzia\u0142em ci\u0119\u017ckich pojazd\u00f3w<\/em> &#8211; pisze w\u00f3jt Jerzy Lysy.<\/p>\n<p><em>Wyb\u00f3r Tarnowa jako miejsca ponownych obrad dotycz\u0105cych udost\u0119pnienia ostatniego odcinka A-4 dla samochod\u00f3w powy\u017cej 12 ton uwa\u017camy za wysoce niefortunny. Przypominamy, \u017ce na ostatnim spotkaniu w Tarnowie z Panem Ministrem Rynasiewiczem po stronie samorz\u0105du tarnowskiego uczestniczy\u0142 sztab ludzi wspieranych dodatkowo przez pos\u0142\u00f3w Urszul\u0119 Augustyn i Roberta Wardza\u0142\u0119. Potwierdzi\u0142o to tylko nasze przypuszczenie o politycznym lobbingu maj\u0105cym wywrze\u0107 presj\u0119 na obiektywne w\u0142adze Ministerstwa Transportu i GDDKiA, kt\u00f3re sk\u0142aniaj\u0105 si\u0119 do pe\u0142nego otwarcia autostrady A-4 a\u017c do Tarnowa<\/em> &#8211; czytamy dalej.  <\/p>\n<p>W\u00f3jt podkre\u015bla, \u017ce analizy GDDKiA &#8222;wyra\u017anie m\u00f3wi\u0105, \u017ce w przypadku otwarcia dla ci\u0119\u017ckich pojazd\u00f3w autostrady Szar\u00f3w &#8211; Tarn\u00f3w, nat\u0119\u017cenie ruchu w Tarnowie wzro\u015bnie zaledwie o 3,5%, a ilo\u015b\u0107 ci\u0119\u017car\u00f3wek na ulicach w rejonie zjazdu z A-4 wzro\u015bnie o 800 na dob\u0119 (dla por\u00f3wnania przez \u0141apczyc\u0119 i inne miejscowo\u015bci w kilku s\u0105siednich gminach w ci\u0105gu doby przeje\u017cd\u017ca oko\u0142o 7000 ci\u0119\u017car\u00f3wek)&#8221;. <em>Szkoda, \u017ce tych informacji nie podaj\u0105 rzecznicy utrzymania obecnych ogranicze\u0144 w ruchu pojazd\u00f3w ci\u0119\u017carowych na A-4<\/em> &#8211; pisze Jerzy Lysy.<\/p>\n<p><em>Z uwagi na fakt, \u017ce Pan Marsza\u0142ek jest mieszka\u0144cem Tarnowa a w przysz\u0142o\u015bci &#8211; by\u0107 mo\u017ce &#8211; kandydatem na prezydenta tego miasta, proponujemy, aby dla czysto\u015bci sprawy i zachowania pe\u0142nego obiektywizmu obrady Komisji prowadzi\u0142 Pan Dyrektor Jacek Gryga z GDDKiA (o ile b\u0119dzie zaproszony) albo inny cz\u0142onek Komisji MWRBRD. Alternatywnie \u2013 ze wzgl\u0119d\u00f3w organizacyjnych dopuszczamy tak\u017ce, aby powy\u017csze posiedzenie zorganizowa\u0107 w budynku GDDKiA w Krakowie przy ulicy Mogilskiej<\/em> &#8211; konkluduje w\u00f3jt boche\u0144skiej gminy.<\/p>\n","protected":false},"excerpt":{"rendered":"<p>Na pi\u0105tek zaplanowane jest spotkanie, w czasie kt\u00f3rego ma zapa\u015b\u0107 decyzja o tym, czy TIR-y zostan\u0105 wpuszczone na autostrad\u0119 Szar\u00f3w-Tarn\u00f3w. Posiedzenie ma si\u0119 odby\u0107 w Tarnowie, jednak w\u00f3jt Jerzy Lysy sugeruje, by przenie\u015b\u0107 je do \u0141apczycy, ewentualnie na grunt neutralny, czyli do siedziby GDDKiA w Krakowie.<\/p>\n","protected":false},"author":4,"featured_media":0,"comment_status":"open","ping_status":"closed","sticky":false,"template":"","format":"standard","meta":{"_acf_changed":false,"footnotes":""},"categories":[5,6251,6250],"tags":[17226,17215,17218,1996,2278,17150],"class_list":["post-98017","post","type-post","status-publish","format-standard","hentry","category-biezace-wydarzenia","category-polityka-i-wydarzenia","category-tematyka","tag-autostrada","tag-jerzy-lysy","tag-lapczyca","tag-roman-ciepiela","tag-tiry","tag-wypadek","main_tag-lapczyca"],"acf":[],"yoast_head":"<!-- This site is optimized with the Yoast SEO plugin v26.9 - https:\/\/yoast.com\/product\/yoast-seo-wordpress\/ -->\n<title>W\u00f3jt ws. TIR-\u00f3w zaprasza wicemarsza\u0142ka Ciepiel\u0119 do \u0141apczycy - mojabochnia.pl - portal informacyjny<\/title>\n<meta name=\"robots\" content=\"index, follow, max-snippet:-1, max-image-preview:large, max-video-preview:-1\" \/>\n<link rel=\"canonical\" href=\"https:\/\/www.mojabochnia.pl\/?p=98017\" \/>\n<meta property=\"og:locale\" content=\"pl_PL\" \/>\n<meta property=\"og:type\" content=\"article\" \/>\n<meta property=\"og:title\" content=\"W\u00f3jt ws. TIR-\u00f3w zaprasza wicemarsza\u0142ka Ciepiel\u0119 do \u0141apczycy - mojabochnia.pl - portal informacyjny\" \/>\n<meta property=\"og:description\" content=\"Na pi\u0105tek zaplanowane jest spotkanie, w czasie kt\u00f3rego ma zapa\u015b\u0107 decyzja o tym, czy TIR-y zostan\u0105 wpuszczone na autostrad\u0119 Szar\u00f3w-Tarn\u00f3w. Posiedzenie ma si\u0119 odby\u0107 w Tarnowie, jednak w\u00f3jt Jerzy Lysy sugeruje, by przenie\u015b\u0107 je do \u0141apczycy, ewentualnie na grunt neutralny, czyli do siedziby GDDKiA w Krakowie.\" \/>\n<meta property=\"og:url\" content=\"https:\/\/www.mojabochnia.pl\/?p=98017\" \/>\n<meta property=\"og:site_name\" content=\"mojabochnia.pl - portal informacyjny\" \/>\n<meta property=\"article:publisher\" content=\"https:\/\/www.facebook.com\/mojabochnia\" \/>\n<meta property=\"article:published_time\" content=\"2013-09-30T09:57:05+00:00\" \/>\n<meta property=\"article:modified_time\" content=\"2013-09-30T09:57:52+00:00\" \/>\n<meta name=\"author\" content=\"Pawe\u0142 Michalczyk\" \/>\n<meta name=\"twitter:card\" content=\"summary_large_image\" \/>\n<meta name=\"twitter:label1\" content=\"Written by\" \/>\n\t<meta name=\"twitter:data1\" content=\"Pawe\u0142 Michalczyk\" \/>\n\t<meta name=\"twitter:label2\" content=\"Est. reading time\" \/>\n\t<meta name=\"twitter:data2\" content=\"2 minuty\" \/>\n<script type=\"application\/ld+json\" class=\"yoast-schema-graph\">{\"@context\":\"https:\/\/schema.org\",\"@graph\":[{\"@type\":\"Article\",\"@id\":\"https:\/\/www.mojabochnia.pl\/?p=98017#article\",\"isPartOf\":{\"@id\":\"https:\/\/www.mojabochnia.pl\/?p=98017\"},\"author\":{\"name\":\"Pawe\u0142 Michalczyk\",\"@id\":\"https:\/\/www.mojabochnia.pl\/#\/schema\/person\/ea042e4724a77627963f02166828ead4\"},\"headline\":\"W\u00f3jt ws. TIR-\u00f3w zaprasza wicemarsza\u0142ka Ciepiel\u0119 do \u0141apczycy\",\"datePublished\":\"2013-09-30T09:57:05+00:00\",\"dateModified\":\"2013-09-30T09:57:52+00:00\",\"mainEntityOfPage\":{\"@id\":\"https:\/\/www.mojabochnia.pl\/?p=98017\"},\"wordCount\":396,\"commentCount\":0,\"publisher\":{\"@id\":\"https:\/\/www.mojabochnia.pl\/#organization\"},\"keywords\":[\"autostrada\",\"jerzy lysy\",\"\u0142apczyca\",\"roman ciepiela\",\"tiry\",\"wypadek\"],\"articleSection\":[\"2_ostatnie\",\"polityka i wydarzenia\",\"tematyka\"],\"inLanguage\":\"pl-PL\",\"potentialAction\":[{\"@type\":\"CommentAction\",\"name\":\"Comment\",\"target\":[\"https:\/\/www.mojabochnia.pl\/?p=98017#respond\"]}]},{\"@type\":\"WebPage\",\"@id\":\"https:\/\/www.mojabochnia.pl\/?p=98017\",\"url\":\"https:\/\/www.mojabochnia.pl\/?p=98017\",\"name\":\"W\u00f3jt ws. TIR-\u00f3w zaprasza wicemarsza\u0142ka Ciepiel\u0119 do \u0141apczycy - mojabochnia.pl - portal informacyjny\",\"isPartOf\":{\"@id\":\"https:\/\/www.mojabochnia.pl\/#website\"},\"datePublished\":\"2013-09-30T09:57:05+00:00\",\"dateModified\":\"2013-09-30T09:57:52+00:00\",\"breadcrumb\":{\"@id\":\"https:\/\/www.mojabochnia.pl\/?p=98017#breadcrumb\"},\"inLanguage\":\"pl-PL\",\"potentialAction\":[{\"@type\":\"ReadAction\",\"target\":[\"https:\/\/www.mojabochnia.pl\/?p=98017\"]}]},{\"@type\":\"BreadcrumbList\",\"@id\":\"https:\/\/www.mojabochnia.pl\/?p=98017#breadcrumb\",\"itemListElement\":[{\"@type\":\"ListItem\",\"position\":1,\"name\":\"Home\",\"item\":\"https:\/\/www.mojabochnia.pl\/\"},{\"@type\":\"ListItem\",\"position\":2,\"name\":\"W\u00f3jt ws. TIR-\u00f3w zaprasza wicemarsza\u0142ka Ciepiel\u0119 do \u0141apczycy\"}]},{\"@type\":\"WebSite\",\"@id\":\"https:\/\/www.mojabochnia.pl\/#website\",\"url\":\"https:\/\/www.mojabochnia.pl\/\",\"name\":\"mojabochnia.pl - portal informacyjny\",\"description\":\"mojaBochnia to portal informacyjny o Bochni. Codziennie o Bochni piszemy i pokazujemy najwa\u017cniejsze wydarzenia\",\"publisher\":{\"@id\":\"https:\/\/www.mojabochnia.pl\/#organization\"},\"potentialAction\":[{\"@type\":\"SearchAction\",\"target\":{\"@type\":\"EntryPoint\",\"urlTemplate\":\"https:\/\/www.mojabochnia.pl\/?s={search_term_string}\"},\"query-input\":{\"@type\":\"PropertyValueSpecification\",\"valueRequired\":true,\"valueName\":\"search_term_string\"}}],\"inLanguage\":\"pl-PL\"},{\"@type\":\"Organization\",\"@id\":\"https:\/\/www.mojabochnia.pl\/#organization\",\"name\":\"mojabochnia.pl - portal informacyjny\",\"url\":\"https:\/\/www.mojabochnia.pl\/\",\"logo\":{\"@type\":\"ImageObject\",\"inLanguage\":\"pl-PL\",\"@id\":\"https:\/\/www.mojabochnia.pl\/#\/schema\/logo\/image\/\",\"url\":\"https:\/\/www.mojabochnia.pl\/wp-content\/uploads\/2017\/08\/logo-mb-opt.png\",\"contentUrl\":\"https:\/\/www.mojabochnia.pl\/wp-content\/uploads\/2017\/08\/logo-mb-opt.png\",\"width\":250,\"height\":48,\"caption\":\"mojabochnia.pl - portal informacyjny\"},\"image\":{\"@id\":\"https:\/\/www.mojabochnia.pl\/#\/schema\/logo\/image\/\"},\"sameAs\":[\"https:\/\/www.facebook.com\/mojabochnia\"]},{\"@type\":\"Person\",\"@id\":\"https:\/\/www.mojabochnia.pl\/#\/schema\/person\/ea042e4724a77627963f02166828ead4\",\"name\":\"Pawe\u0142 Michalczyk\",\"url\":\"https:\/\/www.mojabochnia.pl\/?author=4\"}]}<\/script>\n<!-- \/ Yoast SEO plugin. -->","yoast_head_json":{"title":"W\u00f3jt ws. TIR-\u00f3w zaprasza wicemarsza\u0142ka Ciepiel\u0119 do \u0141apczycy - mojabochnia.pl - portal informacyjny","robots":{"index":"index","follow":"follow","max-snippet":"max-snippet:-1","max-image-preview":"max-image-preview:large","max-video-preview":"max-video-preview:-1"},"canonical":"https:\/\/www.mojabochnia.pl\/?p=98017","og_locale":"pl_PL","og_type":"article","og_title":"W\u00f3jt ws. TIR-\u00f3w zaprasza wicemarsza\u0142ka Ciepiel\u0119 do \u0141apczycy - mojabochnia.pl - portal informacyjny","og_description":"Na pi\u0105tek zaplanowane jest spotkanie, w czasie kt\u00f3rego ma zapa\u015b\u0107 decyzja o tym, czy TIR-y zostan\u0105 wpuszczone na autostrad\u0119 Szar\u00f3w-Tarn\u00f3w. Posiedzenie ma si\u0119 odby\u0107 w Tarnowie, jednak w\u00f3jt Jerzy Lysy sugeruje, by przenie\u015b\u0107 je do \u0141apczycy, ewentualnie na grunt neutralny, czyli do siedziby GDDKiA w Krakowie.","og_url":"https:\/\/www.mojabochnia.pl\/?p=98017","og_site_name":"mojabochnia.pl - portal informacyjny","article_publisher":"https:\/\/www.facebook.com\/mojabochnia","article_published_time":"2013-09-30T09:57:05+00:00","article_modified_time":"2013-09-30T09:57:52+00:00","author":"Pawe\u0142 Michalczyk","twitter_card":"summary_large_image","twitter_misc":{"Written by":"Pawe\u0142 Michalczyk","Est. reading time":"2 minuty"},"schema":{"@context":"https:\/\/schema.org","@graph":[{"@type":"Article","@id":"https:\/\/www.mojabochnia.pl\/?p=98017#article","isPartOf":{"@id":"https:\/\/www.mojabochnia.pl\/?p=98017"},"author":{"name":"Pawe\u0142 Michalczyk","@id":"https:\/\/www.mojabochnia.pl\/#\/schema\/person\/ea042e4724a77627963f02166828ead4"},"headline":"W\u00f3jt ws. TIR-\u00f3w zaprasza wicemarsza\u0142ka Ciepiel\u0119 do \u0141apczycy","datePublished":"2013-09-30T09:57:05+00:00","dateModified":"2013-09-30T09:57:52+00:00","mainEntityOfPage":{"@id":"https:\/\/www.mojabochnia.pl\/?p=98017"},"wordCount":396,"commentCount":0,"publisher":{"@id":"https:\/\/www.mojabochnia.pl\/#organization"},"keywords":["autostrada","jerzy lysy","\u0142apczyca","roman ciepiela","tiry","wypadek"],"articleSection":["2_ostatnie","polityka i wydarzenia","tematyka"],"inLanguage":"pl-PL","potentialAction":[{"@type":"CommentAction","name":"Comment","target":["https:\/\/www.mojabochnia.pl\/?p=98017#respond"]}]},{"@type":"WebPage","@id":"https:\/\/www.mojabochnia.pl\/?p=98017","url":"https:\/\/www.mojabochnia.pl\/?p=98017","name":"W\u00f3jt ws. TIR-\u00f3w zaprasza wicemarsza\u0142ka Ciepiel\u0119 do \u0141apczycy - mojabochnia.pl - portal informacyjny","isPartOf":{"@id":"https:\/\/www.mojabochnia.pl\/#website"},"datePublished":"2013-09-30T09:57:05+00:00","dateModified":"2013-09-30T09:57:52+00:00","breadcrumb":{"@id":"https:\/\/www.mojabochnia.pl\/?p=98017#breadcrumb"},"inLanguage":"pl-PL","potentialAction":[{"@type":"ReadAction","target":["https:\/\/www.mojabochnia.pl\/?p=98017"]}]},{"@type":"BreadcrumbList","@id":"https:\/\/www.mojabochnia.pl\/?p=98017#breadcrumb","itemListElement":[{"@type":"ListItem","position":1,"name":"Home","item":"https:\/\/www.mojabochnia.pl\/"},{"@type":"ListItem","position":2,"name":"W\u00f3jt ws. TIR-\u00f3w zaprasza wicemarsza\u0142ka Ciepiel\u0119 do \u0141apczycy"}]},{"@type":"WebSite","@id":"https:\/\/www.mojabochnia.pl\/#website","url":"https:\/\/www.mojabochnia.pl\/","name":"mojabochnia.pl - portal informacyjny","description":"mojaBochnia to portal informacyjny o Bochni. Codziennie o Bochni piszemy i pokazujemy najwa\u017cniejsze wydarzenia","publisher":{"@id":"https:\/\/www.mojabochnia.pl\/#organization"},"potentialAction":[{"@type":"SearchAction","target":{"@type":"EntryPoint","urlTemplate":"https:\/\/www.mojabochnia.pl\/?s={search_term_string}"},"query-input":{"@type":"PropertyValueSpecification","valueRequired":true,"valueName":"search_term_string"}}],"inLanguage":"pl-PL"},{"@type":"Organization","@id":"https:\/\/www.mojabochnia.pl\/#organization","name":"mojabochnia.pl - portal informacyjny","url":"https:\/\/www.mojabochnia.pl\/","logo":{"@type":"ImageObject","inLanguage":"pl-PL","@id":"https:\/\/www.mojabochnia.pl\/#\/schema\/logo\/image\/","url":"https:\/\/www.mojabochnia.pl\/wp-content\/uploads\/2017\/08\/logo-mb-opt.png","contentUrl":"https:\/\/www.mojabochnia.pl\/wp-content\/uploads\/2017\/08\/logo-mb-opt.png","width":250,"height":48,"caption":"mojabochnia.pl - portal informacyjny"},"image":{"@id":"https:\/\/www.mojabochnia.pl\/#\/schema\/logo\/image\/"},"sameAs":["https:\/\/www.facebook.com\/mojabochnia"]},{"@type":"Person","@id":"https:\/\/www.mojabochnia.pl\/#\/schema\/person\/ea042e4724a77627963f02166828ead4","name":"Pawe\u0142 Michalczyk","url":"https:\/\/www.mojabochnia.pl\/?author=4"}]}},"_links":{"self":[{"href":"https:\/\/www.mojabochnia.pl\/index.php?rest_route=\/wp\/v2\/posts\/98017","targetHints":{"allow":["GET"]}}],"collection":[{"href":"https:\/\/www.mojabochnia.pl\/index.php?rest_route=\/wp\/v2\/posts"}],"about":[{"href":"https:\/\/www.mojabochnia.pl\/index.php?rest_route=\/wp\/v2\/types\/post"}],"author":[{"embeddable":true,"href":"https:\/\/www.mojabochnia.pl\/index.php?rest_route=\/wp\/v2\/users\/4"}],"replies":[{"embeddable":true,"href":"https:\/\/www.mojabochnia.pl\/index.php?rest_route=%2Fwp%2Fv2%2Fcomments&post=98017"}],"version-history":[{"count":7,"href":"https:\/\/www.mojabochnia.pl\/index.php?rest_route=\/wp\/v2\/posts\/98017\/revisions"}],"predecessor-version":[{"id":98024,"href":"https:\/\/www.mojabochnia.pl\/index.php?rest_route=\/wp\/v2\/posts\/98017\/revisions\/98024"}],"wp:attachment":[{"href":"https:\/\/www.mojabochnia.pl\/index.php?rest_route=%2Fwp%2Fv2%2Fmedia&parent=98017"}],"wp:term":[{"taxonomy":"category","embeddable":true,"href":"https:\/\/www.mojabochnia.pl\/index.php?rest_route=%2Fwp%2Fv2%2Fcategories&post=98017"},{"taxonomy":"post_tag","embeddable":true,"href":"https:\/\/www.mojabochnia.pl\/index.php?rest_route=%2Fwp%2Fv2%2Ftags&post=98017"}],"curies":[{"name":"wp","href":"https:\/\/api.w.org\/{rel}","templated":true}]}}