{"id":97990,"date":"2013-09-30T11:01:39","date_gmt":"2013-09-30T09:01:39","guid":{"rendered":"http:\/\/www.mojabochnia.pl\/?p=97990"},"modified":"2013-09-30T10:01:43","modified_gmt":"2013-09-30T08:01:43","slug":"mdk-plastyka-dla-trzylatkow","status":"publish","type":"post","link":"https:\/\/www.mojabochnia.pl\/?p=97990","title":{"rendered":"MDK &#8211; plastyka dla trzylatk\u00f3w"},"content":{"rendered":"<p>30-40 minutowe zaj\u0119cia (czas optymalnej percepcji dziecka w takim wieku) b\u0119d\u0105 si\u0119 rozpoczyna\u0142y o godzinie 15.00 i odbywa\u0107 si\u0119 b\u0119d\u0105 raz w tygodniu. W zale\u017cno\u015bci od zainteresowania zostanie utworzona odpowiednia ilo\u015b\u0107 grup (aby praca przynosi\u0142a efekty w grupa mo\u017ce liczy\u0107 maksymalnie 6 dzieci).<\/p>\n<p>Zaj\u0119cia dla starszych dzieci i m\u0142odzie\u017cy odbywaj\u0105 si\u0119 w grupach zbli\u017conych wiekowo i s\u0105 dostosowane do poziomu zdolno\u015bci i zainteresowa\u0144 wszystkich uczestnik\u00f3w. Dzieci i m\u0142odzie\u017c szlifuj\u0105 posiadane umiej\u0119tno\u015bci, rozwijaj\u0105 zdolno\u015bci manualne, doskonal\u0105 koordynacj\u0119 wzrokowo-ruchow\u0105, poznaj\u0105 nowe rozwi\u0105zania plastyczne, ucz\u0105 si\u0119 pracy i zabawy w grupie bez stresuj\u0105cej rywalizacji.<\/p>\n<p>Zaj\u0119cia k\u0142ad\u0105 nacisk na wszechstronny rozw\u00f3j plastyczny \u2013 ucz\u0105 zar\u00f3wno precyzji jak i spontanicznej ekspresji. Tw\u00f3rczej postawy jak i dyscypliny. Zaj\u0119cia programowo ograniczaj\u0105 na\u015bladownictwo, ucz\u0105 indywidualno\u015bci, kreatywno\u015bci i pobudzaj\u0105 wyobra\u017ani\u0119. Dzieci starszych klas i gimnazj\u00f3w pracuj\u0105 g\u0142\u00f3wnie w oparciu o obserwacj\u0119 natury doskonal\u0105c spostrzegawczo\u015b\u0107, ale te\u017c realizuj\u0105 swoje ulubione projekty. Wszyscy poznaj\u0105 r\u00f3\u017cne materia\u0142y i narz\u0119dzia, rozwijaj\u0105 tak\u017ce wiedz\u0119 z historii sztuki i estetyki. Zaj\u0119cia plastyczne stymuluj\u0105 umiej\u0119tno\u015bci tw\u00f3rcze, zdolno\u015bci skojarzeniowe, gi\u0119tko\u015b\u0107 i p\u0142ynno\u015b\u0107 my\u015blenia potrzebne w ka\u017cdej dziedzinie \u017cycia.<\/p>\n<p>Zapisy do poszczeg\u00f3lnych grup odbywaj\u0105 si\u0119 po konsultacji z instruktorem. Zaj\u0119cia odbywaj\u0105 si\u0119 raz w tygodniu w godz. 16.00 \u2013 17.30.<\/p>\n<p>5 i 6 latki MDK zaprasza w poniedzia\u0142ek lub wtorek, dzieci klas I-III we \u015brody, a IV-VI we czwartki. W pi\u0105tki m\u0142odzie\u017c z gimnazj\u00f3w i starszych.<\/p>\n","protected":false},"excerpt":{"rendered":"<p>Od pa\u017adziernika w ramach k\u00f3\u0142ka plastycznego dzia\u0142aj\u0105cego w boche\u0144skim domu kultury uruchomione zostan\u0105 zaj\u0119cia dla 3- i 4-latk\u00f3w. Podczas zaj\u0119\u0107 maluchy b\u0119d\u0105 mia\u0142y okazj\u0119 poprzez zabaw\u0119 stawia\u0107 pierwsze kroki w dziedzinie sztuk pi\u0119knych.<\/p>\n","protected":false},"author":13,"featured_media":0,"comment_status":"open","ping_status":"closed","sticky":false,"template":"","format":"standard","meta":{"_acf_changed":false,"footnotes":""},"categories":[5,6251,6250],"tags":[17444,1286,17296],"class_list":["post-97990","post","type-post","status-publish","format-standard","hentry","category-biezace-wydarzenia","category-polityka-i-wydarzenia","category-tematyka","tag-mdk","tag-plastyka","tag-zajecia","main_tag-mdk-2"],"acf":[],"yoast_head":"<!-- This site is optimized with the Yoast SEO plugin v26.9 - https:\/\/yoast.com\/product\/yoast-seo-wordpress\/ -->\n<title>MDK - plastyka dla trzylatk\u00f3w - mojabochnia.pl - portal informacyjny<\/title>\n<meta name=\"robots\" content=\"index, follow, max-snippet:-1, max-image-preview:large, max-video-preview:-1\" \/>\n<link rel=\"canonical\" href=\"https:\/\/www.mojabochnia.pl\/?p=97990\" \/>\n<meta property=\"og:locale\" content=\"pl_PL\" \/>\n<meta property=\"og:type\" content=\"article\" \/>\n<meta property=\"og:title\" content=\"MDK - plastyka dla trzylatk\u00f3w - mojabochnia.pl - portal informacyjny\" \/>\n<meta property=\"og:description\" content=\"Od pa\u017adziernika w ramach k\u00f3\u0142ka plastycznego dzia\u0142aj\u0105cego w boche\u0144skim domu kultury uruchomione zostan\u0105 zaj\u0119cia dla 3- i 4-latk\u00f3w. Podczas zaj\u0119\u0107 maluchy b\u0119d\u0105 mia\u0142y okazj\u0119 poprzez zabaw\u0119 stawia\u0107 pierwsze kroki w dziedzinie sztuk pi\u0119knych.\" \/>\n<meta property=\"og:url\" content=\"https:\/\/www.mojabochnia.pl\/?p=97990\" \/>\n<meta property=\"og:site_name\" content=\"mojabochnia.pl - portal informacyjny\" \/>\n<meta property=\"article:publisher\" content=\"https:\/\/www.facebook.com\/mojabochnia\" \/>\n<meta property=\"article:published_time\" content=\"2013-09-30T09:01:39+00:00\" \/>\n<meta name=\"author\" content=\"redakcja\" \/>\n<meta name=\"twitter:card\" content=\"summary_large_image\" \/>\n<meta name=\"twitter:label1\" content=\"Written by\" \/>\n\t<meta name=\"twitter:data1\" content=\"redakcja\" \/>\n\t<meta name=\"twitter:label2\" content=\"Est. reading time\" \/>\n\t<meta name=\"twitter:data2\" content=\"1 minuta\" \/>\n<script type=\"application\/ld+json\" class=\"yoast-schema-graph\">{\"@context\":\"https:\/\/schema.org\",\"@graph\":[{\"@type\":\"Article\",\"@id\":\"https:\/\/www.mojabochnia.pl\/?p=97990#article\",\"isPartOf\":{\"@id\":\"https:\/\/www.mojabochnia.pl\/?p=97990\"},\"author\":{\"name\":\"redakcja\",\"@id\":\"https:\/\/www.mojabochnia.pl\/#\/schema\/person\/7e2f20ead9902216a3384f13606c0ab7\"},\"headline\":\"MDK &#8211; plastyka dla trzylatk\u00f3w\",\"datePublished\":\"2013-09-30T09:01:39+00:00\",\"mainEntityOfPage\":{\"@id\":\"https:\/\/www.mojabochnia.pl\/?p=97990\"},\"wordCount\":268,\"commentCount\":0,\"publisher\":{\"@id\":\"https:\/\/www.mojabochnia.pl\/#organization\"},\"keywords\":[\"MDK\",\"plastyka\",\"zaj\u0119cia\"],\"articleSection\":[\"2_ostatnie\",\"polityka i wydarzenia\",\"tematyka\"],\"inLanguage\":\"pl-PL\",\"potentialAction\":[{\"@type\":\"CommentAction\",\"name\":\"Comment\",\"target\":[\"https:\/\/www.mojabochnia.pl\/?p=97990#respond\"]}]},{\"@type\":\"WebPage\",\"@id\":\"https:\/\/www.mojabochnia.pl\/?p=97990\",\"url\":\"https:\/\/www.mojabochnia.pl\/?p=97990\",\"name\":\"MDK - plastyka dla trzylatk\u00f3w - mojabochnia.pl - portal informacyjny\",\"isPartOf\":{\"@id\":\"https:\/\/www.mojabochnia.pl\/#website\"},\"datePublished\":\"2013-09-30T09:01:39+00:00\",\"breadcrumb\":{\"@id\":\"https:\/\/www.mojabochnia.pl\/?p=97990#breadcrumb\"},\"inLanguage\":\"pl-PL\",\"potentialAction\":[{\"@type\":\"ReadAction\",\"target\":[\"https:\/\/www.mojabochnia.pl\/?p=97990\"]}]},{\"@type\":\"BreadcrumbList\",\"@id\":\"https:\/\/www.mojabochnia.pl\/?p=97990#breadcrumb\",\"itemListElement\":[{\"@type\":\"ListItem\",\"position\":1,\"name\":\"Home\",\"item\":\"https:\/\/www.mojabochnia.pl\/\"},{\"@type\":\"ListItem\",\"position\":2,\"name\":\"MDK &#8211; plastyka dla trzylatk\u00f3w\"}]},{\"@type\":\"WebSite\",\"@id\":\"https:\/\/www.mojabochnia.pl\/#website\",\"url\":\"https:\/\/www.mojabochnia.pl\/\",\"name\":\"mojabochnia.pl - portal informacyjny\",\"description\":\"mojaBochnia to portal informacyjny o Bochni. Codziennie o Bochni piszemy i pokazujemy najwa\u017cniejsze wydarzenia\",\"publisher\":{\"@id\":\"https:\/\/www.mojabochnia.pl\/#organization\"},\"potentialAction\":[{\"@type\":\"SearchAction\",\"target\":{\"@type\":\"EntryPoint\",\"urlTemplate\":\"https:\/\/www.mojabochnia.pl\/?s={search_term_string}\"},\"query-input\":{\"@type\":\"PropertyValueSpecification\",\"valueRequired\":true,\"valueName\":\"search_term_string\"}}],\"inLanguage\":\"pl-PL\"},{\"@type\":\"Organization\",\"@id\":\"https:\/\/www.mojabochnia.pl\/#organization\",\"name\":\"mojabochnia.pl - portal informacyjny\",\"url\":\"https:\/\/www.mojabochnia.pl\/\",\"logo\":{\"@type\":\"ImageObject\",\"inLanguage\":\"pl-PL\",\"@id\":\"https:\/\/www.mojabochnia.pl\/#\/schema\/logo\/image\/\",\"url\":\"https:\/\/www.mojabochnia.pl\/wp-content\/uploads\/2017\/08\/logo-mb-opt.png\",\"contentUrl\":\"https:\/\/www.mojabochnia.pl\/wp-content\/uploads\/2017\/08\/logo-mb-opt.png\",\"width\":250,\"height\":48,\"caption\":\"mojabochnia.pl - portal informacyjny\"},\"image\":{\"@id\":\"https:\/\/www.mojabochnia.pl\/#\/schema\/logo\/image\/\"},\"sameAs\":[\"https:\/\/www.facebook.com\/mojabochnia\"]},{\"@type\":\"Person\",\"@id\":\"https:\/\/www.mojabochnia.pl\/#\/schema\/person\/7e2f20ead9902216a3384f13606c0ab7\",\"name\":\"redakcja\",\"sameAs\":[\"http:\/\/\"],\"url\":\"https:\/\/www.mojabochnia.pl\/?author=13\"}]}<\/script>\n<!-- \/ Yoast SEO plugin. -->","yoast_head_json":{"title":"MDK - plastyka dla trzylatk\u00f3w - mojabochnia.pl - portal informacyjny","robots":{"index":"index","follow":"follow","max-snippet":"max-snippet:-1","max-image-preview":"max-image-preview:large","max-video-preview":"max-video-preview:-1"},"canonical":"https:\/\/www.mojabochnia.pl\/?p=97990","og_locale":"pl_PL","og_type":"article","og_title":"MDK - plastyka dla trzylatk\u00f3w - mojabochnia.pl - portal informacyjny","og_description":"Od pa\u017adziernika w ramach k\u00f3\u0142ka plastycznego dzia\u0142aj\u0105cego w boche\u0144skim domu kultury uruchomione zostan\u0105 zaj\u0119cia dla 3- i 4-latk\u00f3w. Podczas zaj\u0119\u0107 maluchy b\u0119d\u0105 mia\u0142y okazj\u0119 poprzez zabaw\u0119 stawia\u0107 pierwsze kroki w dziedzinie sztuk pi\u0119knych.","og_url":"https:\/\/www.mojabochnia.pl\/?p=97990","og_site_name":"mojabochnia.pl - portal informacyjny","article_publisher":"https:\/\/www.facebook.com\/mojabochnia","article_published_time":"2013-09-30T09:01:39+00:00","author":"redakcja","twitter_card":"summary_large_image","twitter_misc":{"Written by":"redakcja","Est. reading time":"1 minuta"},"schema":{"@context":"https:\/\/schema.org","@graph":[{"@type":"Article","@id":"https:\/\/www.mojabochnia.pl\/?p=97990#article","isPartOf":{"@id":"https:\/\/www.mojabochnia.pl\/?p=97990"},"author":{"name":"redakcja","@id":"https:\/\/www.mojabochnia.pl\/#\/schema\/person\/7e2f20ead9902216a3384f13606c0ab7"},"headline":"MDK &#8211; plastyka dla trzylatk\u00f3w","datePublished":"2013-09-30T09:01:39+00:00","mainEntityOfPage":{"@id":"https:\/\/www.mojabochnia.pl\/?p=97990"},"wordCount":268,"commentCount":0,"publisher":{"@id":"https:\/\/www.mojabochnia.pl\/#organization"},"keywords":["MDK","plastyka","zaj\u0119cia"],"articleSection":["2_ostatnie","polityka i wydarzenia","tematyka"],"inLanguage":"pl-PL","potentialAction":[{"@type":"CommentAction","name":"Comment","target":["https:\/\/www.mojabochnia.pl\/?p=97990#respond"]}]},{"@type":"WebPage","@id":"https:\/\/www.mojabochnia.pl\/?p=97990","url":"https:\/\/www.mojabochnia.pl\/?p=97990","name":"MDK - plastyka dla trzylatk\u00f3w - mojabochnia.pl - portal informacyjny","isPartOf":{"@id":"https:\/\/www.mojabochnia.pl\/#website"},"datePublished":"2013-09-30T09:01:39+00:00","breadcrumb":{"@id":"https:\/\/www.mojabochnia.pl\/?p=97990#breadcrumb"},"inLanguage":"pl-PL","potentialAction":[{"@type":"ReadAction","target":["https:\/\/www.mojabochnia.pl\/?p=97990"]}]},{"@type":"BreadcrumbList","@id":"https:\/\/www.mojabochnia.pl\/?p=97990#breadcrumb","itemListElement":[{"@type":"ListItem","position":1,"name":"Home","item":"https:\/\/www.mojabochnia.pl\/"},{"@type":"ListItem","position":2,"name":"MDK &#8211; plastyka dla trzylatk\u00f3w"}]},{"@type":"WebSite","@id":"https:\/\/www.mojabochnia.pl\/#website","url":"https:\/\/www.mojabochnia.pl\/","name":"mojabochnia.pl - portal informacyjny","description":"mojaBochnia to portal informacyjny o Bochni. Codziennie o Bochni piszemy i pokazujemy najwa\u017cniejsze wydarzenia","publisher":{"@id":"https:\/\/www.mojabochnia.pl\/#organization"},"potentialAction":[{"@type":"SearchAction","target":{"@type":"EntryPoint","urlTemplate":"https:\/\/www.mojabochnia.pl\/?s={search_term_string}"},"query-input":{"@type":"PropertyValueSpecification","valueRequired":true,"valueName":"search_term_string"}}],"inLanguage":"pl-PL"},{"@type":"Organization","@id":"https:\/\/www.mojabochnia.pl\/#organization","name":"mojabochnia.pl - portal informacyjny","url":"https:\/\/www.mojabochnia.pl\/","logo":{"@type":"ImageObject","inLanguage":"pl-PL","@id":"https:\/\/www.mojabochnia.pl\/#\/schema\/logo\/image\/","url":"https:\/\/www.mojabochnia.pl\/wp-content\/uploads\/2017\/08\/logo-mb-opt.png","contentUrl":"https:\/\/www.mojabochnia.pl\/wp-content\/uploads\/2017\/08\/logo-mb-opt.png","width":250,"height":48,"caption":"mojabochnia.pl - portal informacyjny"},"image":{"@id":"https:\/\/www.mojabochnia.pl\/#\/schema\/logo\/image\/"},"sameAs":["https:\/\/www.facebook.com\/mojabochnia"]},{"@type":"Person","@id":"https:\/\/www.mojabochnia.pl\/#\/schema\/person\/7e2f20ead9902216a3384f13606c0ab7","name":"redakcja","sameAs":["http:\/\/"],"url":"https:\/\/www.mojabochnia.pl\/?author=13"}]}},"_links":{"self":[{"href":"https:\/\/www.mojabochnia.pl\/index.php?rest_route=\/wp\/v2\/posts\/97990","targetHints":{"allow":["GET"]}}],"collection":[{"href":"https:\/\/www.mojabochnia.pl\/index.php?rest_route=\/wp\/v2\/posts"}],"about":[{"href":"https:\/\/www.mojabochnia.pl\/index.php?rest_route=\/wp\/v2\/types\/post"}],"author":[{"embeddable":true,"href":"https:\/\/www.mojabochnia.pl\/index.php?rest_route=\/wp\/v2\/users\/13"}],"replies":[{"embeddable":true,"href":"https:\/\/www.mojabochnia.pl\/index.php?rest_route=%2Fwp%2Fv2%2Fcomments&post=97990"}],"version-history":[{"count":2,"href":"https:\/\/www.mojabochnia.pl\/index.php?rest_route=\/wp\/v2\/posts\/97990\/revisions"}],"predecessor-version":[{"id":97993,"href":"https:\/\/www.mojabochnia.pl\/index.php?rest_route=\/wp\/v2\/posts\/97990\/revisions\/97993"}],"wp:attachment":[{"href":"https:\/\/www.mojabochnia.pl\/index.php?rest_route=%2Fwp%2Fv2%2Fmedia&parent=97990"}],"wp:term":[{"taxonomy":"category","embeddable":true,"href":"https:\/\/www.mojabochnia.pl\/index.php?rest_route=%2Fwp%2Fv2%2Fcategories&post=97990"},{"taxonomy":"post_tag","embeddable":true,"href":"https:\/\/www.mojabochnia.pl\/index.php?rest_route=%2Fwp%2Fv2%2Ftags&post=97990"}],"curies":[{"name":"wp","href":"https:\/\/api.w.org\/{rel}","templated":true}]}}