{"id":97981,"date":"2013-09-30T09:49:06","date_gmt":"2013-09-30T07:49:06","guid":{"rendered":"http:\/\/www.mojabochnia.pl\/?p=97981"},"modified":"2013-10-10T10:58:06","modified_gmt":"2013-10-10T08:58:06","slug":"wyjazd-z-bochni-na-spotkanie-taize-w-strassburgu","status":"publish","type":"post","link":"https:\/\/www.mojabochnia.pl\/?p=97981","title":{"rendered":"Wyjazd z Bochni na spotkanie Taize w Strassburgu"},"content":{"rendered":"<p>Organizatorzy proponuj\u0105 wyjazd w dw\u00f3ch mo\u017cliwych wariantach (zdecyduje wi\u0119kszo\u015b\u0107):<\/p>\n<p><strong>Opcja I:<\/strong><br \/>\nWyjazd z Bochni o p\u00f3\u0142nocy z 26 na 27 grudnia, z Krakowa ok. 1.00 w nocy. Przejazd do Pragi, zwiedzanie Pragi od ok. 11.00 do 21.00. O 21.00 wyjazd z Pragi i 28 grudnia ok. 7.00 rano przyjazd do Strassburga. W drodze powrotnej zwiedzanie Norymbergii, powr\u00f3t do Bochni\/Krakowa w nocy z 2 na 3 stycznia. Koszt przy pe\u0142nym autokarze powinien si\u0119 zamkn\u0105\u0107 w 300 z\u0142, nie wi\u0119cej ni\u017c 320 z\u0142. Do tego 55 euro p\u0142atne w Strassburgu na pokrycie koszt\u00f3w jedzenia, przejazd\u00f3w komunikacj\u0105 itp.<br \/>\n<strong><br \/>\nOpcja II:<\/strong><br \/>\nPrzejazd do Strassburga jak wy\u017cej. W drodze powrotnej 10-godzinny post\u00f3j w Berlinie mo\u017cliwo\u015bci\u0105 dojazdu<br \/>\nautokarem do wyspy tropikalnej (dla ch\u0119tnych, bo wst\u0119p tam jest do\u015b\u0107 drogi to ok. 25-35 euro za ca\u0142y dzie\u0144), a kto nie chce w\u00f3wczas zostaje w Berlinie. Powr\u00f3t podobnie w nocy z 2 na 3 stycznia. Ta opcja kosztuje 330 z\u0142 i 55 euro (jak wy\u017cej, koszty pobytu w Strassburgu).<\/p>\n<p>Zapisy przyjmowane s\u0105 do ko\u0144ca pa\u017adziernika (agnesnow5@wp.pl lub 888641703) z zaliczk\u0105 100 z\u0142. Potrzebne przy zapisie dane to: imi\u0119, nazwisko, adres, data urodzenia. <\/p>\n<p>Potrzebni s\u0105 r\u00f3wnie\u017c wolontariusze, kt\u00f3rzy przyjad\u0105 do Strassburga 2 dni wcze\u015bniej, 26 grudnia, by pom\u00f3c w przygotowaniach. Zg\u0142oszenia jak wy\u017cej.<\/p>\n","protected":false},"excerpt":{"rendered":"<p>W tym roku Europejskie Spotkanie Taize odbywa si\u0119 w Strassburgu. Z Bochni tradycyjnie wyjedzie na nie grupa m\u0142odych ludzi. Obecnie trwaj\u0105 przygotowania dotycz\u0105ce wyboru miast, kt\u00f3re przy okazji b\u0119dzie mo\u017cna zwiedzi\u0107.<\/p>\n","protected":false},"author":4,"featured_media":0,"comment_status":"open","ping_status":"closed","sticky":false,"template":"","format":"standard","meta":{"_acf_changed":false,"footnotes":""},"categories":[5,6251,6250,1342],"tags":[10641,12999,3034],"class_list":["post-97981","post","type-post","status-publish","format-standard","hentry","category-biezace-wydarzenia","category-polityka-i-wydarzenia","category-tematyka","category-zycie-religijne","tag-agnieszka-nowak","tag-strassburg","tag-taize","main_tag-taize-2"],"acf":[],"yoast_head":"<!-- This site is optimized with the Yoast SEO plugin v26.9 - https:\/\/yoast.com\/product\/yoast-seo-wordpress\/ -->\n<title>Wyjazd z Bochni na spotkanie Taize w Strassburgu - mojabochnia.pl - portal informacyjny<\/title>\n<meta name=\"robots\" content=\"index, follow, max-snippet:-1, max-image-preview:large, max-video-preview:-1\" \/>\n<link rel=\"canonical\" href=\"https:\/\/www.mojabochnia.pl\/?p=97981\" \/>\n<meta property=\"og:locale\" content=\"pl_PL\" \/>\n<meta property=\"og:type\" content=\"article\" \/>\n<meta property=\"og:title\" content=\"Wyjazd z Bochni na spotkanie Taize w Strassburgu - mojabochnia.pl - portal informacyjny\" \/>\n<meta property=\"og:description\" content=\"W tym roku Europejskie Spotkanie Taize odbywa si\u0119 w Strassburgu. Z Bochni tradycyjnie wyjedzie na nie grupa m\u0142odych ludzi. Obecnie trwaj\u0105 przygotowania dotycz\u0105ce wyboru miast, kt\u00f3re przy okazji b\u0119dzie mo\u017cna zwiedzi\u0107.\" \/>\n<meta property=\"og:url\" content=\"https:\/\/www.mojabochnia.pl\/?p=97981\" \/>\n<meta property=\"og:site_name\" content=\"mojabochnia.pl - portal informacyjny\" \/>\n<meta property=\"article:publisher\" content=\"https:\/\/www.facebook.com\/mojabochnia\" \/>\n<meta property=\"article:published_time\" content=\"2013-09-30T07:49:06+00:00\" \/>\n<meta property=\"article:modified_time\" content=\"2013-10-10T08:58:06+00:00\" \/>\n<meta name=\"author\" content=\"Pawe\u0142 Michalczyk\" \/>\n<meta name=\"twitter:card\" content=\"summary_large_image\" \/>\n<meta name=\"twitter:label1\" content=\"Written by\" \/>\n\t<meta name=\"twitter:data1\" content=\"Pawe\u0142 Michalczyk\" \/>\n\t<meta name=\"twitter:label2\" content=\"Est. reading time\" \/>\n\t<meta name=\"twitter:data2\" content=\"1 minuta\" \/>\n<script type=\"application\/ld+json\" class=\"yoast-schema-graph\">{\"@context\":\"https:\/\/schema.org\",\"@graph\":[{\"@type\":\"Article\",\"@id\":\"https:\/\/www.mojabochnia.pl\/?p=97981#article\",\"isPartOf\":{\"@id\":\"https:\/\/www.mojabochnia.pl\/?p=97981\"},\"author\":{\"name\":\"Pawe\u0142 Michalczyk\",\"@id\":\"https:\/\/www.mojabochnia.pl\/#\/schema\/person\/ea042e4724a77627963f02166828ead4\"},\"headline\":\"Wyjazd z Bochni na spotkanie Taize w Strassburgu\",\"datePublished\":\"2013-09-30T07:49:06+00:00\",\"dateModified\":\"2013-10-10T08:58:06+00:00\",\"mainEntityOfPage\":{\"@id\":\"https:\/\/www.mojabochnia.pl\/?p=97981\"},\"wordCount\":222,\"commentCount\":0,\"publisher\":{\"@id\":\"https:\/\/www.mojabochnia.pl\/#organization\"},\"keywords\":[\"agnieszka nowak\",\"strassburg\",\"Taiz\u00e9\"],\"articleSection\":[\"2_ostatnie\",\"polityka i wydarzenia\",\"tematyka\",\"\u017bycie religijne\"],\"inLanguage\":\"pl-PL\",\"potentialAction\":[{\"@type\":\"CommentAction\",\"name\":\"Comment\",\"target\":[\"https:\/\/www.mojabochnia.pl\/?p=97981#respond\"]}]},{\"@type\":\"WebPage\",\"@id\":\"https:\/\/www.mojabochnia.pl\/?p=97981\",\"url\":\"https:\/\/www.mojabochnia.pl\/?p=97981\",\"name\":\"Wyjazd z Bochni na spotkanie Taize w Strassburgu - mojabochnia.pl - portal informacyjny\",\"isPartOf\":{\"@id\":\"https:\/\/www.mojabochnia.pl\/#website\"},\"datePublished\":\"2013-09-30T07:49:06+00:00\",\"dateModified\":\"2013-10-10T08:58:06+00:00\",\"breadcrumb\":{\"@id\":\"https:\/\/www.mojabochnia.pl\/?p=97981#breadcrumb\"},\"inLanguage\":\"pl-PL\",\"potentialAction\":[{\"@type\":\"ReadAction\",\"target\":[\"https:\/\/www.mojabochnia.pl\/?p=97981\"]}]},{\"@type\":\"BreadcrumbList\",\"@id\":\"https:\/\/www.mojabochnia.pl\/?p=97981#breadcrumb\",\"itemListElement\":[{\"@type\":\"ListItem\",\"position\":1,\"name\":\"Home\",\"item\":\"https:\/\/www.mojabochnia.pl\/\"},{\"@type\":\"ListItem\",\"position\":2,\"name\":\"Wyjazd z Bochni na spotkanie Taize w Strassburgu\"}]},{\"@type\":\"WebSite\",\"@id\":\"https:\/\/www.mojabochnia.pl\/#website\",\"url\":\"https:\/\/www.mojabochnia.pl\/\",\"name\":\"mojabochnia.pl - portal informacyjny\",\"description\":\"mojaBochnia to portal informacyjny o Bochni. Codziennie o Bochni piszemy i pokazujemy najwa\u017cniejsze wydarzenia\",\"publisher\":{\"@id\":\"https:\/\/www.mojabochnia.pl\/#organization\"},\"potentialAction\":[{\"@type\":\"SearchAction\",\"target\":{\"@type\":\"EntryPoint\",\"urlTemplate\":\"https:\/\/www.mojabochnia.pl\/?s={search_term_string}\"},\"query-input\":{\"@type\":\"PropertyValueSpecification\",\"valueRequired\":true,\"valueName\":\"search_term_string\"}}],\"inLanguage\":\"pl-PL\"},{\"@type\":\"Organization\",\"@id\":\"https:\/\/www.mojabochnia.pl\/#organization\",\"name\":\"mojabochnia.pl - portal informacyjny\",\"url\":\"https:\/\/www.mojabochnia.pl\/\",\"logo\":{\"@type\":\"ImageObject\",\"inLanguage\":\"pl-PL\",\"@id\":\"https:\/\/www.mojabochnia.pl\/#\/schema\/logo\/image\/\",\"url\":\"https:\/\/www.mojabochnia.pl\/wp-content\/uploads\/2017\/08\/logo-mb-opt.png\",\"contentUrl\":\"https:\/\/www.mojabochnia.pl\/wp-content\/uploads\/2017\/08\/logo-mb-opt.png\",\"width\":250,\"height\":48,\"caption\":\"mojabochnia.pl - portal informacyjny\"},\"image\":{\"@id\":\"https:\/\/www.mojabochnia.pl\/#\/schema\/logo\/image\/\"},\"sameAs\":[\"https:\/\/www.facebook.com\/mojabochnia\"]},{\"@type\":\"Person\",\"@id\":\"https:\/\/www.mojabochnia.pl\/#\/schema\/person\/ea042e4724a77627963f02166828ead4\",\"name\":\"Pawe\u0142 Michalczyk\",\"url\":\"https:\/\/www.mojabochnia.pl\/?author=4\"}]}<\/script>\n<!-- \/ Yoast SEO plugin. -->","yoast_head_json":{"title":"Wyjazd z Bochni na spotkanie Taize w Strassburgu - mojabochnia.pl - portal informacyjny","robots":{"index":"index","follow":"follow","max-snippet":"max-snippet:-1","max-image-preview":"max-image-preview:large","max-video-preview":"max-video-preview:-1"},"canonical":"https:\/\/www.mojabochnia.pl\/?p=97981","og_locale":"pl_PL","og_type":"article","og_title":"Wyjazd z Bochni na spotkanie Taize w Strassburgu - mojabochnia.pl - portal informacyjny","og_description":"W tym roku Europejskie Spotkanie Taize odbywa si\u0119 w Strassburgu. Z Bochni tradycyjnie wyjedzie na nie grupa m\u0142odych ludzi. Obecnie trwaj\u0105 przygotowania dotycz\u0105ce wyboru miast, kt\u00f3re przy okazji b\u0119dzie mo\u017cna zwiedzi\u0107.","og_url":"https:\/\/www.mojabochnia.pl\/?p=97981","og_site_name":"mojabochnia.pl - portal informacyjny","article_publisher":"https:\/\/www.facebook.com\/mojabochnia","article_published_time":"2013-09-30T07:49:06+00:00","article_modified_time":"2013-10-10T08:58:06+00:00","author":"Pawe\u0142 Michalczyk","twitter_card":"summary_large_image","twitter_misc":{"Written by":"Pawe\u0142 Michalczyk","Est. reading time":"1 minuta"},"schema":{"@context":"https:\/\/schema.org","@graph":[{"@type":"Article","@id":"https:\/\/www.mojabochnia.pl\/?p=97981#article","isPartOf":{"@id":"https:\/\/www.mojabochnia.pl\/?p=97981"},"author":{"name":"Pawe\u0142 Michalczyk","@id":"https:\/\/www.mojabochnia.pl\/#\/schema\/person\/ea042e4724a77627963f02166828ead4"},"headline":"Wyjazd z Bochni na spotkanie Taize w Strassburgu","datePublished":"2013-09-30T07:49:06+00:00","dateModified":"2013-10-10T08:58:06+00:00","mainEntityOfPage":{"@id":"https:\/\/www.mojabochnia.pl\/?p=97981"},"wordCount":222,"commentCount":0,"publisher":{"@id":"https:\/\/www.mojabochnia.pl\/#organization"},"keywords":["agnieszka nowak","strassburg","Taiz\u00e9"],"articleSection":["2_ostatnie","polityka i wydarzenia","tematyka","\u017bycie religijne"],"inLanguage":"pl-PL","potentialAction":[{"@type":"CommentAction","name":"Comment","target":["https:\/\/www.mojabochnia.pl\/?p=97981#respond"]}]},{"@type":"WebPage","@id":"https:\/\/www.mojabochnia.pl\/?p=97981","url":"https:\/\/www.mojabochnia.pl\/?p=97981","name":"Wyjazd z Bochni na spotkanie Taize w Strassburgu - mojabochnia.pl - portal informacyjny","isPartOf":{"@id":"https:\/\/www.mojabochnia.pl\/#website"},"datePublished":"2013-09-30T07:49:06+00:00","dateModified":"2013-10-10T08:58:06+00:00","breadcrumb":{"@id":"https:\/\/www.mojabochnia.pl\/?p=97981#breadcrumb"},"inLanguage":"pl-PL","potentialAction":[{"@type":"ReadAction","target":["https:\/\/www.mojabochnia.pl\/?p=97981"]}]},{"@type":"BreadcrumbList","@id":"https:\/\/www.mojabochnia.pl\/?p=97981#breadcrumb","itemListElement":[{"@type":"ListItem","position":1,"name":"Home","item":"https:\/\/www.mojabochnia.pl\/"},{"@type":"ListItem","position":2,"name":"Wyjazd z Bochni na spotkanie Taize w Strassburgu"}]},{"@type":"WebSite","@id":"https:\/\/www.mojabochnia.pl\/#website","url":"https:\/\/www.mojabochnia.pl\/","name":"mojabochnia.pl - portal informacyjny","description":"mojaBochnia to portal informacyjny o Bochni. Codziennie o Bochni piszemy i pokazujemy najwa\u017cniejsze wydarzenia","publisher":{"@id":"https:\/\/www.mojabochnia.pl\/#organization"},"potentialAction":[{"@type":"SearchAction","target":{"@type":"EntryPoint","urlTemplate":"https:\/\/www.mojabochnia.pl\/?s={search_term_string}"},"query-input":{"@type":"PropertyValueSpecification","valueRequired":true,"valueName":"search_term_string"}}],"inLanguage":"pl-PL"},{"@type":"Organization","@id":"https:\/\/www.mojabochnia.pl\/#organization","name":"mojabochnia.pl - portal informacyjny","url":"https:\/\/www.mojabochnia.pl\/","logo":{"@type":"ImageObject","inLanguage":"pl-PL","@id":"https:\/\/www.mojabochnia.pl\/#\/schema\/logo\/image\/","url":"https:\/\/www.mojabochnia.pl\/wp-content\/uploads\/2017\/08\/logo-mb-opt.png","contentUrl":"https:\/\/www.mojabochnia.pl\/wp-content\/uploads\/2017\/08\/logo-mb-opt.png","width":250,"height":48,"caption":"mojabochnia.pl - portal informacyjny"},"image":{"@id":"https:\/\/www.mojabochnia.pl\/#\/schema\/logo\/image\/"},"sameAs":["https:\/\/www.facebook.com\/mojabochnia"]},{"@type":"Person","@id":"https:\/\/www.mojabochnia.pl\/#\/schema\/person\/ea042e4724a77627963f02166828ead4","name":"Pawe\u0142 Michalczyk","url":"https:\/\/www.mojabochnia.pl\/?author=4"}]}},"_links":{"self":[{"href":"https:\/\/www.mojabochnia.pl\/index.php?rest_route=\/wp\/v2\/posts\/97981","targetHints":{"allow":["GET"]}}],"collection":[{"href":"https:\/\/www.mojabochnia.pl\/index.php?rest_route=\/wp\/v2\/posts"}],"about":[{"href":"https:\/\/www.mojabochnia.pl\/index.php?rest_route=\/wp\/v2\/types\/post"}],"author":[{"embeddable":true,"href":"https:\/\/www.mojabochnia.pl\/index.php?rest_route=\/wp\/v2\/users\/4"}],"replies":[{"embeddable":true,"href":"https:\/\/www.mojabochnia.pl\/index.php?rest_route=%2Fwp%2Fv2%2Fcomments&post=97981"}],"version-history":[{"count":5,"href":"https:\/\/www.mojabochnia.pl\/index.php?rest_route=\/wp\/v2\/posts\/97981\/revisions"}],"predecessor-version":[{"id":98581,"href":"https:\/\/www.mojabochnia.pl\/index.php?rest_route=\/wp\/v2\/posts\/97981\/revisions\/98581"}],"wp:attachment":[{"href":"https:\/\/www.mojabochnia.pl\/index.php?rest_route=%2Fwp%2Fv2%2Fmedia&parent=97981"}],"wp:term":[{"taxonomy":"category","embeddable":true,"href":"https:\/\/www.mojabochnia.pl\/index.php?rest_route=%2Fwp%2Fv2%2Fcategories&post=97981"},{"taxonomy":"post_tag","embeddable":true,"href":"https:\/\/www.mojabochnia.pl\/index.php?rest_route=%2Fwp%2Fv2%2Ftags&post=97981"}],"curies":[{"name":"wp","href":"https:\/\/api.w.org\/{rel}","templated":true}]}}