{"id":97970,"date":"2013-09-30T09:31:25","date_gmt":"2013-09-30T07:31:25","guid":{"rendered":"http:\/\/www.mojabochnia.pl\/?p=97970"},"modified":"2013-09-30T10:50:00","modified_gmt":"2013-09-30T08:50:00","slug":"marek-rudnik-dobrze-zasluzony-dla-powiatu-bochenskiego","status":"publish","type":"post","link":"https:\/\/www.mojabochnia.pl\/?p=97970","title":{"rendered":"Marek Rudnik &#8222;dobrze zas\u0142u\u017cony&#8221; dla Powiatu Boche\u0144skiego"},"content":{"rendered":"<p>Wr\u0119czenie nagrody wyr\u00f3\u017cnienia odby\u0142o si\u0119 podczas pi\u0105tkowej sesji rady powiatu w Bochni. Jak czytamy we wniosku o przyznanie nagrody, \u201e<em>Marek Rudnik podczas pe\u0142nienia funkcji Komendanta Powiatowego Policji w Bochni przez swoj\u0105 wra\u017cliwo\u015b\u0107 na krzywd\u0119 drugiego cz\u0142owieka ca\u0142y czas s\u0142u\u017cy\u0142 mieszka\u0144com Powiatu Boche\u0144skiego, dzia\u0142aj\u0105c na rzecz poprawy bezpiecze\u0144stwa. Postawa, zaanga\u017cowanie i profesjonalizm przyczyni\u0142y si\u0119 do sprawnej organizacji zada\u0144 zwi\u0105zanych z zapewnieniem bezpiecze\u0144stwa mieszka\u0144com naszego powiatu, a wzorowa s\u0142u\u017cba, aktywno\u015b\u0107 i skuteczno\u015b\u0107, przyczyni\u0142a si\u0119 do budowania dobrego wizerunku i presti\u017cu Komendy Powiatowej Policji w Bochni<\/em>\u201d. <\/p>\n<p>Inspektor Marek Rudnik komendant s\u0105deckiej policji, ma 48 lat. Jest absolwentem Wydzia\u0142u Techniki i Energetyki Rolnictwa Akademii Rolniczej w Krakowie. W Komendzie Powiatowej Policji w Bochni pracowa\u0142 od 1990 r. Przeszed\u0142 drog\u0119 s\u0142u\u017cbow\u0105 od najni\u017cszego do najwy\u017cszego w komendzie szczebla. Zaczyna\u0142 w Sekcji Ruchu Drogowego, p\u00f3\u017aniej w Sekcji Dochodzeniowo-\u015aledczej. W 1992 roku uko\u0144czy\u0142 Wy\u017csz\u0105 Szko\u0142\u0119 Policji w Szczytnie, otrzymuj\u0105c awans na I stopie\u0144 oficerski. W 1996 roku mianowany na stanowisko Naczelnika Wydzia\u0142u Dochodzeniowo \u015aledczego KPP w Bochni. W kwietniu 2003 roku powo\u0142any na stanowisko Zast\u0119pcy Komendanta Powiatowego Policji w Bochni ds. S\u0142u\u017cby Kryminalnej. W maju 2005 roku powo\u0142any na I Zast\u0119pc\u0119 Komendanta Powiatowego Policji w Bochni ds. Prewencji i Ruchu Drogowego. W 2003 r. zosta\u0142 powo\u0142any na zast\u0119pc\u0119 komendanta, a od 1 lutego do 11 kwietnia 2006 roku pe\u0142ni obowi\u0105zki Komendanta Powiatowego Policji w Bochni. W dniu 12 kwietnia 2006 roku zosta\u0142 powo\u0142any na stanowisko Komendanta Powiatowego Policji w Bochni. 24 lipca 2009 roku zosta\u0142 przedterminowo awansowany na stopie\u0144 inspektora Policji. Kilkakrotnie odznaczany m.in. w roku 2003 Br\u0105zowym Krzy\u017cem Zas\u0142ugi. Od 25 lutego 2013 roku jest komendantem miejskim policji w Nowym S\u0105czu. \u017bonaty, dwoje dzieci.<\/p>\n<p>Marek Rudnik nie kryje, \u017ce tytu\u0142 Bene Meritus jest dla niego najwa\u017cniejszym odznaczeniem w \u017cyciu. <em>Dostaj\u0119 to wyr\u00f3\u017cnienie z powiatu, gdzie si\u0119 urodzi\u0142em, wychowa\u0142em i wykszta\u0142ci\u0142em, gdzie sp\u0119dzi\u0142em wi\u0119kszo\u015b\u0107 swojego \u017cycia i do dzisiaj mieszkam, wreszcie \u017ce dostaj\u0119 to wyr\u00f3\u017cnienie od powiatu w kt\u00f3rym przepracowa\u0142em 23 lata<\/em> \u2013 m\u00f3wi odznaczony.<\/p>\n<p>Od 2003 roku odznaczenie przyznawane jest osobie b\u0105d\u017a instytucji, kt\u00f3ra sw\u0105 dzia\u0142alno\u015bci\u0105 zawodow\u0105 i spo\u0142eczn\u0105 przyczyni\u0142y si\u0119 do gospodarczego, kulturalnego lub spo\u0142ecznego rozwoju oraz promocji Powiatu Boche\u0144skiego, albo poprzez swoje osi\u0105gni\u0119cia zas\u0142uguj\u0105 na szczeg\u00f3lne uznanie. W\u015br\u00f3d nagrodzonych s\u0105 : \u015bp. Janusz Kulig (2003), Zdzis\u0142awa Gnoi\u0144ska (2005), Ludmi\u0142a Gut, Jan Flasza (2006), \u015bp. Anna \u0141\u0119kawa (2008), Czes\u0142aw D\u017awigaj(2008), Uzdrowisko Kopalnia Soli Bochnia(2008), Cech Rzemios\u0142 R\u00f3\u017cnych (2008), ch\u00f3r Pueri Cantores Sancti Nicolai (2008) Adam Sosnowiec (2009) Piotr Janeczek (2009), ks. Stanis\u0142aw Jachym (2011), oraz Ochotnicze Stra\u017ce Po\u017carne z terenu Powiatu Boche\u0144skiego (2011), Orkiestra D\u0119ta Grobla (2012), Jan Czesak Przewodnicz\u0105cy Rady Nadzorczej Krakowskiego Banku Sp\u00f3\u0142dzielczego (2012).<\/p>\n<p>Opr\u00f3cz radnych Powiatu Boche\u0144skiego w Kapitule zasiad\u0142y r\u00f3wnie\u017c osoby uhonorowane w latach ubieg\u0142ych. Podstaw\u0105 przyznania nagrody by\u0142 wniosek z\u0142o\u017cony w urz\u0119dzie.<\/p>\n\t  \r\n\t\r\n\t    <div class=\"mb-gallery\">\r\n\t    <a href=\"https:\/\/www.mojabochnia.pl\/?attachment_id=97973\" class=\"\"><img loading=\"lazy\" decoding=\"async\" width=\"100\" height=\"56\" src=\"https:\/\/www.mojabochnia.pl\/wp-content\/uploads\/2013\/09\/IMG_8995-120x67.jpg\" class=\"attachment-100x100 size-100x100\" alt=\"\" srcset=\"https:\/\/www.mojabochnia.pl\/wp-content\/uploads\/2013\/09\/IMG_8995-120x67.jpg 120w, https:\/\/www.mojabochnia.pl\/wp-content\/uploads\/2013\/09\/IMG_8995-468x263.jpg 468w, https:\/\/www.mojabochnia.pl\/wp-content\/uploads\/2013\/09\/IMG_8995-660x371.jpg 660w, https:\/\/www.mojabochnia.pl\/wp-content\/uploads\/2013\/09\/IMG_8995.jpg 800w\" sizes=\"auto, (max-width: 100px) 100vw, 100px\" \/><\/a><a href=\"https:\/\/www.mojabochnia.pl\/?attachment_id=97974\" class=\"\"><img loading=\"lazy\" decoding=\"async\" width=\"100\" height=\"56\" src=\"https:\/\/www.mojabochnia.pl\/wp-content\/uploads\/2013\/09\/IMG_8996-120x67.jpg\" class=\"attachment-100x100 size-100x100\" alt=\"\" srcset=\"https:\/\/www.mojabochnia.pl\/wp-content\/uploads\/2013\/09\/IMG_8996-120x67.jpg 120w, https:\/\/www.mojabochnia.pl\/wp-content\/uploads\/2013\/09\/IMG_8996-468x263.jpg 468w, https:\/\/www.mojabochnia.pl\/wp-content\/uploads\/2013\/09\/IMG_8996-660x371.jpg 660w, https:\/\/www.mojabochnia.pl\/wp-content\/uploads\/2013\/09\/IMG_8996.jpg 800w\" sizes=\"auto, (max-width: 100px) 100vw, 100px\" \/><\/a><a href=\"https:\/\/www.mojabochnia.pl\/?attachment_id=97975\" class=\"\"><img loading=\"lazy\" decoding=\"async\" width=\"100\" height=\"56\" src=\"https:\/\/www.mojabochnia.pl\/wp-content\/uploads\/2013\/09\/IMG_8997-120x67.jpg\" class=\"attachment-100x100 size-100x100\" alt=\"\" srcset=\"https:\/\/www.mojabochnia.pl\/wp-content\/uploads\/2013\/09\/IMG_8997-120x67.jpg 120w, https:\/\/www.mojabochnia.pl\/wp-content\/uploads\/2013\/09\/IMG_8997-468x263.jpg 468w, https:\/\/www.mojabochnia.pl\/wp-content\/uploads\/2013\/09\/IMG_8997-660x371.jpg 660w, https:\/\/www.mojabochnia.pl\/wp-content\/uploads\/2013\/09\/IMG_8997.jpg 800w\" sizes=\"auto, (max-width: 100px) 100vw, 100px\" \/><\/a><a href=\"https:\/\/www.mojabochnia.pl\/?attachment_id=97976\" class=\"\"><img loading=\"lazy\" decoding=\"async\" width=\"100\" height=\"56\" src=\"https:\/\/www.mojabochnia.pl\/wp-content\/uploads\/2013\/09\/IMG_9001-120x67.jpg\" class=\"attachment-100x100 size-100x100\" alt=\"\" srcset=\"https:\/\/www.mojabochnia.pl\/wp-content\/uploads\/2013\/09\/IMG_9001-120x67.jpg 120w, https:\/\/www.mojabochnia.pl\/wp-content\/uploads\/2013\/09\/IMG_9001-468x263.jpg 468w, https:\/\/www.mojabochnia.pl\/wp-content\/uploads\/2013\/09\/IMG_9001-660x371.jpg 660w, https:\/\/www.mojabochnia.pl\/wp-content\/uploads\/2013\/09\/IMG_9001.jpg 800w\" sizes=\"auto, (max-width: 100px) 100vw, 100px\" \/><\/a><a href=\"https:\/\/www.mojabochnia.pl\/?attachment_id=97977\" class=\"\"><img loading=\"lazy\" decoding=\"async\" width=\"100\" height=\"56\" src=\"https:\/\/www.mojabochnia.pl\/wp-content\/uploads\/2013\/09\/IMG_9002-120x67.jpg\" class=\"attachment-100x100 size-100x100\" alt=\"\" srcset=\"https:\/\/www.mojabochnia.pl\/wp-content\/uploads\/2013\/09\/IMG_9002-120x67.jpg 120w, https:\/\/www.mojabochnia.pl\/wp-content\/uploads\/2013\/09\/IMG_9002-468x263.jpg 468w, https:\/\/www.mojabochnia.pl\/wp-content\/uploads\/2013\/09\/IMG_9002-660x371.jpg 660w, https:\/\/www.mojabochnia.pl\/wp-content\/uploads\/2013\/09\/IMG_9002.jpg 800w\" sizes=\"auto, (max-width: 100px) 100vw, 100px\" \/><\/a><a href=\"https:\/\/www.mojabochnia.pl\/?attachment_id=97978\" class=\"\"><img loading=\"lazy\" decoding=\"async\" width=\"100\" height=\"56\" src=\"https:\/\/www.mojabochnia.pl\/wp-content\/uploads\/2013\/09\/IMG_9009-120x67.jpg\" class=\"attachment-100x100 size-100x100\" alt=\"\" srcset=\"https:\/\/www.mojabochnia.pl\/wp-content\/uploads\/2013\/09\/IMG_9009-120x67.jpg 120w, https:\/\/www.mojabochnia.pl\/wp-content\/uploads\/2013\/09\/IMG_9009-468x263.jpg 468w, https:\/\/www.mojabochnia.pl\/wp-content\/uploads\/2013\/09\/IMG_9009-660x371.jpg 660w, https:\/\/www.mojabochnia.pl\/wp-content\/uploads\/2013\/09\/IMG_9009.jpg 800w\" sizes=\"auto, (max-width: 100px) 100vw, 100px\" \/><\/a>\t    <\/div>\r\n\t    ","protected":false},"excerpt":{"rendered":"<p>By\u0142y szef boche\u0144skiej policji dosta\u0142 wyr\u00f3\u017cnienie \u201eBene Meritus (czyli dobrze zas\u0142u\u017cony) dla Powiatu Boche\u0144skiego\u201d. Tytu\u0142 ten przyznawany jest raz do roku przez kapitu\u0142\u0119 sk\u0142adaj\u0105c\u0105 si\u0119 z radnych powiatowych oraz os\u00f3b uhonorowanych od 2003 r., gdy nagrod\u0119 ustanowiono. <\/p>\n","protected":false},"author":13,"featured_media":0,"comment_status":"open","ping_status":"closed","sticky":false,"template":"","format":"standard","meta":{"_acf_changed":false,"footnotes":""},"categories":[5,6247,6246,6251,6250],"tags":[17472,17235,17299,17398,17372],"class_list":["post-97970","post","type-post","status-publish","format-standard","hentry","category-biezace-wydarzenia","category-fotogaleria","category-medium","category-polityka-i-wydarzenia","category-tematyka","tag-bene-meritus","tag-marek-rudnik","tag-nagroda","tag-powiat","tag-rada-powiatu","main_tag-bene-meritus"],"acf":[],"yoast_head":"<!-- This site is optimized with the Yoast SEO plugin v26.9 - https:\/\/yoast.com\/product\/yoast-seo-wordpress\/ -->\n<title>Marek Rudnik &quot;dobrze zas\u0142u\u017cony&quot; dla Powiatu Boche\u0144skiego - mojabochnia.pl - portal informacyjny<\/title>\n<meta name=\"robots\" content=\"index, follow, max-snippet:-1, max-image-preview:large, max-video-preview:-1\" \/>\n<link rel=\"canonical\" href=\"https:\/\/www.mojabochnia.pl\/?p=97970\" \/>\n<meta property=\"og:locale\" content=\"pl_PL\" \/>\n<meta property=\"og:type\" content=\"article\" \/>\n<meta property=\"og:title\" content=\"Marek Rudnik &quot;dobrze zas\u0142u\u017cony&quot; dla Powiatu Boche\u0144skiego - mojabochnia.pl - portal informacyjny\" \/>\n<meta property=\"og:description\" content=\"By\u0142y szef boche\u0144skiej policji dosta\u0142 wyr\u00f3\u017cnienie \u201eBene Meritus (czyli dobrze zas\u0142u\u017cony) dla Powiatu Boche\u0144skiego\u201d. Tytu\u0142 ten przyznawany jest raz do roku przez kapitu\u0142\u0119 sk\u0142adaj\u0105c\u0105 si\u0119 z radnych powiatowych oraz os\u00f3b uhonorowanych od 2003 r., gdy nagrod\u0119 ustanowiono.\" \/>\n<meta property=\"og:url\" content=\"https:\/\/www.mojabochnia.pl\/?p=97970\" \/>\n<meta property=\"og:site_name\" content=\"mojabochnia.pl - portal informacyjny\" \/>\n<meta property=\"article:publisher\" content=\"https:\/\/www.facebook.com\/mojabochnia\" \/>\n<meta property=\"article:published_time\" content=\"2013-09-30T07:31:25+00:00\" \/>\n<meta property=\"article:modified_time\" content=\"2013-09-30T08:50:00+00:00\" \/>\n<meta name=\"author\" content=\"redakcja\" \/>\n<meta name=\"twitter:card\" content=\"summary_large_image\" \/>\n<meta name=\"twitter:label1\" content=\"Written by\" \/>\n\t<meta name=\"twitter:data1\" content=\"redakcja\" \/>\n\t<meta name=\"twitter:label2\" content=\"Est. reading time\" \/>\n\t<meta name=\"twitter:data2\" content=\"3 minuty\" \/>\n<script type=\"application\/ld+json\" class=\"yoast-schema-graph\">{\"@context\":\"https:\/\/schema.org\",\"@graph\":[{\"@type\":\"Article\",\"@id\":\"https:\/\/www.mojabochnia.pl\/?p=97970#article\",\"isPartOf\":{\"@id\":\"https:\/\/www.mojabochnia.pl\/?p=97970\"},\"author\":{\"name\":\"redakcja\",\"@id\":\"https:\/\/www.mojabochnia.pl\/#\/schema\/person\/7e2f20ead9902216a3384f13606c0ab7\"},\"headline\":\"Marek Rudnik &#8222;dobrze zas\u0142u\u017cony&#8221; dla Powiatu Boche\u0144skiego\",\"datePublished\":\"2013-09-30T07:31:25+00:00\",\"dateModified\":\"2013-09-30T08:50:00+00:00\",\"mainEntityOfPage\":{\"@id\":\"https:\/\/www.mojabochnia.pl\/?p=97970\"},\"wordCount\":520,\"commentCount\":0,\"publisher\":{\"@id\":\"https:\/\/www.mojabochnia.pl\/#organization\"},\"keywords\":[\"bene meritus\",\"marek rudnik\",\"nagroda\",\"powiat\",\"rada powiatu\"],\"articleSection\":[\"2_ostatnie\",\"fotogaleria\",\"Medium\",\"polityka i wydarzenia\",\"tematyka\"],\"inLanguage\":\"pl-PL\",\"potentialAction\":[{\"@type\":\"CommentAction\",\"name\":\"Comment\",\"target\":[\"https:\/\/www.mojabochnia.pl\/?p=97970#respond\"]}]},{\"@type\":\"WebPage\",\"@id\":\"https:\/\/www.mojabochnia.pl\/?p=97970\",\"url\":\"https:\/\/www.mojabochnia.pl\/?p=97970\",\"name\":\"Marek Rudnik \\\"dobrze zas\u0142u\u017cony\\\" dla Powiatu Boche\u0144skiego - mojabochnia.pl - portal informacyjny\",\"isPartOf\":{\"@id\":\"https:\/\/www.mojabochnia.pl\/#website\"},\"datePublished\":\"2013-09-30T07:31:25+00:00\",\"dateModified\":\"2013-09-30T08:50:00+00:00\",\"breadcrumb\":{\"@id\":\"https:\/\/www.mojabochnia.pl\/?p=97970#breadcrumb\"},\"inLanguage\":\"pl-PL\",\"potentialAction\":[{\"@type\":\"ReadAction\",\"target\":[\"https:\/\/www.mojabochnia.pl\/?p=97970\"]}]},{\"@type\":\"BreadcrumbList\",\"@id\":\"https:\/\/www.mojabochnia.pl\/?p=97970#breadcrumb\",\"itemListElement\":[{\"@type\":\"ListItem\",\"position\":1,\"name\":\"Home\",\"item\":\"https:\/\/www.mojabochnia.pl\/\"},{\"@type\":\"ListItem\",\"position\":2,\"name\":\"Marek Rudnik &#8222;dobrze zas\u0142u\u017cony&#8221; dla Powiatu Boche\u0144skiego\"}]},{\"@type\":\"WebSite\",\"@id\":\"https:\/\/www.mojabochnia.pl\/#website\",\"url\":\"https:\/\/www.mojabochnia.pl\/\",\"name\":\"mojabochnia.pl - portal informacyjny\",\"description\":\"mojaBochnia to portal informacyjny o Bochni. Codziennie o Bochni piszemy i pokazujemy najwa\u017cniejsze wydarzenia\",\"publisher\":{\"@id\":\"https:\/\/www.mojabochnia.pl\/#organization\"},\"potentialAction\":[{\"@type\":\"SearchAction\",\"target\":{\"@type\":\"EntryPoint\",\"urlTemplate\":\"https:\/\/www.mojabochnia.pl\/?s={search_term_string}\"},\"query-input\":{\"@type\":\"PropertyValueSpecification\",\"valueRequired\":true,\"valueName\":\"search_term_string\"}}],\"inLanguage\":\"pl-PL\"},{\"@type\":\"Organization\",\"@id\":\"https:\/\/www.mojabochnia.pl\/#organization\",\"name\":\"mojabochnia.pl - portal informacyjny\",\"url\":\"https:\/\/www.mojabochnia.pl\/\",\"logo\":{\"@type\":\"ImageObject\",\"inLanguage\":\"pl-PL\",\"@id\":\"https:\/\/www.mojabochnia.pl\/#\/schema\/logo\/image\/\",\"url\":\"https:\/\/www.mojabochnia.pl\/wp-content\/uploads\/2017\/08\/logo-mb-opt.png\",\"contentUrl\":\"https:\/\/www.mojabochnia.pl\/wp-content\/uploads\/2017\/08\/logo-mb-opt.png\",\"width\":250,\"height\":48,\"caption\":\"mojabochnia.pl - portal informacyjny\"},\"image\":{\"@id\":\"https:\/\/www.mojabochnia.pl\/#\/schema\/logo\/image\/\"},\"sameAs\":[\"https:\/\/www.facebook.com\/mojabochnia\"]},{\"@type\":\"Person\",\"@id\":\"https:\/\/www.mojabochnia.pl\/#\/schema\/person\/7e2f20ead9902216a3384f13606c0ab7\",\"name\":\"redakcja\",\"sameAs\":[\"http:\/\/\"],\"url\":\"https:\/\/www.mojabochnia.pl\/?author=13\"}]}<\/script>\n<!-- \/ Yoast SEO plugin. -->","yoast_head_json":{"title":"Marek Rudnik \"dobrze zas\u0142u\u017cony\" dla Powiatu Boche\u0144skiego - mojabochnia.pl - portal informacyjny","robots":{"index":"index","follow":"follow","max-snippet":"max-snippet:-1","max-image-preview":"max-image-preview:large","max-video-preview":"max-video-preview:-1"},"canonical":"https:\/\/www.mojabochnia.pl\/?p=97970","og_locale":"pl_PL","og_type":"article","og_title":"Marek Rudnik \"dobrze zas\u0142u\u017cony\" dla Powiatu Boche\u0144skiego - mojabochnia.pl - portal informacyjny","og_description":"By\u0142y szef boche\u0144skiej policji dosta\u0142 wyr\u00f3\u017cnienie \u201eBene Meritus (czyli dobrze zas\u0142u\u017cony) dla Powiatu Boche\u0144skiego\u201d. Tytu\u0142 ten przyznawany jest raz do roku przez kapitu\u0142\u0119 sk\u0142adaj\u0105c\u0105 si\u0119 z radnych powiatowych oraz os\u00f3b uhonorowanych od 2003 r., gdy nagrod\u0119 ustanowiono.","og_url":"https:\/\/www.mojabochnia.pl\/?p=97970","og_site_name":"mojabochnia.pl - portal informacyjny","article_publisher":"https:\/\/www.facebook.com\/mojabochnia","article_published_time":"2013-09-30T07:31:25+00:00","article_modified_time":"2013-09-30T08:50:00+00:00","author":"redakcja","twitter_card":"summary_large_image","twitter_misc":{"Written by":"redakcja","Est. reading time":"3 minuty"},"schema":{"@context":"https:\/\/schema.org","@graph":[{"@type":"Article","@id":"https:\/\/www.mojabochnia.pl\/?p=97970#article","isPartOf":{"@id":"https:\/\/www.mojabochnia.pl\/?p=97970"},"author":{"name":"redakcja","@id":"https:\/\/www.mojabochnia.pl\/#\/schema\/person\/7e2f20ead9902216a3384f13606c0ab7"},"headline":"Marek Rudnik &#8222;dobrze zas\u0142u\u017cony&#8221; dla Powiatu Boche\u0144skiego","datePublished":"2013-09-30T07:31:25+00:00","dateModified":"2013-09-30T08:50:00+00:00","mainEntityOfPage":{"@id":"https:\/\/www.mojabochnia.pl\/?p=97970"},"wordCount":520,"commentCount":0,"publisher":{"@id":"https:\/\/www.mojabochnia.pl\/#organization"},"keywords":["bene meritus","marek rudnik","nagroda","powiat","rada powiatu"],"articleSection":["2_ostatnie","fotogaleria","Medium","polityka i wydarzenia","tematyka"],"inLanguage":"pl-PL","potentialAction":[{"@type":"CommentAction","name":"Comment","target":["https:\/\/www.mojabochnia.pl\/?p=97970#respond"]}]},{"@type":"WebPage","@id":"https:\/\/www.mojabochnia.pl\/?p=97970","url":"https:\/\/www.mojabochnia.pl\/?p=97970","name":"Marek Rudnik \"dobrze zas\u0142u\u017cony\" dla Powiatu Boche\u0144skiego - mojabochnia.pl - portal informacyjny","isPartOf":{"@id":"https:\/\/www.mojabochnia.pl\/#website"},"datePublished":"2013-09-30T07:31:25+00:00","dateModified":"2013-09-30T08:50:00+00:00","breadcrumb":{"@id":"https:\/\/www.mojabochnia.pl\/?p=97970#breadcrumb"},"inLanguage":"pl-PL","potentialAction":[{"@type":"ReadAction","target":["https:\/\/www.mojabochnia.pl\/?p=97970"]}]},{"@type":"BreadcrumbList","@id":"https:\/\/www.mojabochnia.pl\/?p=97970#breadcrumb","itemListElement":[{"@type":"ListItem","position":1,"name":"Home","item":"https:\/\/www.mojabochnia.pl\/"},{"@type":"ListItem","position":2,"name":"Marek Rudnik &#8222;dobrze zas\u0142u\u017cony&#8221; dla Powiatu Boche\u0144skiego"}]},{"@type":"WebSite","@id":"https:\/\/www.mojabochnia.pl\/#website","url":"https:\/\/www.mojabochnia.pl\/","name":"mojabochnia.pl - portal informacyjny","description":"mojaBochnia to portal informacyjny o Bochni. Codziennie o Bochni piszemy i pokazujemy najwa\u017cniejsze wydarzenia","publisher":{"@id":"https:\/\/www.mojabochnia.pl\/#organization"},"potentialAction":[{"@type":"SearchAction","target":{"@type":"EntryPoint","urlTemplate":"https:\/\/www.mojabochnia.pl\/?s={search_term_string}"},"query-input":{"@type":"PropertyValueSpecification","valueRequired":true,"valueName":"search_term_string"}}],"inLanguage":"pl-PL"},{"@type":"Organization","@id":"https:\/\/www.mojabochnia.pl\/#organization","name":"mojabochnia.pl - portal informacyjny","url":"https:\/\/www.mojabochnia.pl\/","logo":{"@type":"ImageObject","inLanguage":"pl-PL","@id":"https:\/\/www.mojabochnia.pl\/#\/schema\/logo\/image\/","url":"https:\/\/www.mojabochnia.pl\/wp-content\/uploads\/2017\/08\/logo-mb-opt.png","contentUrl":"https:\/\/www.mojabochnia.pl\/wp-content\/uploads\/2017\/08\/logo-mb-opt.png","width":250,"height":48,"caption":"mojabochnia.pl - portal informacyjny"},"image":{"@id":"https:\/\/www.mojabochnia.pl\/#\/schema\/logo\/image\/"},"sameAs":["https:\/\/www.facebook.com\/mojabochnia"]},{"@type":"Person","@id":"https:\/\/www.mojabochnia.pl\/#\/schema\/person\/7e2f20ead9902216a3384f13606c0ab7","name":"redakcja","sameAs":["http:\/\/"],"url":"https:\/\/www.mojabochnia.pl\/?author=13"}]}},"_links":{"self":[{"href":"https:\/\/www.mojabochnia.pl\/index.php?rest_route=\/wp\/v2\/posts\/97970","targetHints":{"allow":["GET"]}}],"collection":[{"href":"https:\/\/www.mojabochnia.pl\/index.php?rest_route=\/wp\/v2\/posts"}],"about":[{"href":"https:\/\/www.mojabochnia.pl\/index.php?rest_route=\/wp\/v2\/types\/post"}],"author":[{"embeddable":true,"href":"https:\/\/www.mojabochnia.pl\/index.php?rest_route=\/wp\/v2\/users\/13"}],"replies":[{"embeddable":true,"href":"https:\/\/www.mojabochnia.pl\/index.php?rest_route=%2Fwp%2Fv2%2Fcomments&post=97970"}],"version-history":[{"count":6,"href":"https:\/\/www.mojabochnia.pl\/index.php?rest_route=\/wp\/v2\/posts\/97970\/revisions"}],"predecessor-version":[{"id":98016,"href":"https:\/\/www.mojabochnia.pl\/index.php?rest_route=\/wp\/v2\/posts\/97970\/revisions\/98016"}],"wp:attachment":[{"href":"https:\/\/www.mojabochnia.pl\/index.php?rest_route=%2Fwp%2Fv2%2Fmedia&parent=97970"}],"wp:term":[{"taxonomy":"category","embeddable":true,"href":"https:\/\/www.mojabochnia.pl\/index.php?rest_route=%2Fwp%2Fv2%2Fcategories&post=97970"},{"taxonomy":"post_tag","embeddable":true,"href":"https:\/\/www.mojabochnia.pl\/index.php?rest_route=%2Fwp%2Fv2%2Ftags&post=97970"}],"curies":[{"name":"wp","href":"https:\/\/api.w.org\/{rel}","templated":true}]}}