{"id":97813,"date":"2013-09-25T11:29:51","date_gmt":"2013-09-25T09:29:51","guid":{"rendered":"http:\/\/www.mojabochnia.pl\/?p=97813"},"modified":"2013-09-25T12:30:47","modified_gmt":"2013-09-25T10:30:47","slug":"%e2%80%9ekoniec-kryzysu-w-bochni","status":"publish","type":"post","link":"https:\/\/www.mojabochnia.pl\/?p=97813","title":{"rendered":"\u201eKoniec kryzysu\u201d w Bochni?"},"content":{"rendered":"<p>W powiecie boche\u0144skim od pocz\u0105tku tego roku bezrobocie systematycznie spada. W styczniu pracy nie mia\u0142o 4833 osoby, w sierpniu liczba ta zmala\u0142a do 4230. To jednak ci\u0105gle o wiele wi\u0119cej ni\u017c przed rokiem i ponad dwa razy wi\u0119cej ni\u017c pi\u0119\u0107 lat temu. W sierpniu 2012 r. w boche\u0144skim urz\u0119dzie pracy by\u0142o zarejestrowanych 3998 os\u00f3b bezrobotnych, a rok wcze\u015bniej 3429. W sierpniu 2010 pracy nie mia\u0142o 2956 os\u00f3b, w 2009 \u2013 2638. Rekordowo ma\u0142o bezrobotnych by\u0142o w 2008 r. \u2013 tylko 2006 os\u00f3b, w 2007 r. \u2013 2551, a w 2006 r. \u2013 3703.<\/p>\n<p>Dominuj\u0105ca liczba bezrobotnych to w sierpniu 2013 mieszka\u0144cy wsi (2838) oraz kobiety (2489). Nap\u0142yw bezrobotnych jest te\u017c mniejszy (342) ni\u017c ich odp\u0142yw (403). Liczba os\u00f3b bez pracy w wieku 18-24 lat jest ci\u0105gle ogromna: 1129, z przedzia\u0142u wiekowego 25-34 lat pracy nie ma 1350 os\u00f3b, w wieku 35-44 lat \u2013 741 os\u00f3b, w wieku 45-54 lat \u2013 640 os\u00f3b, a w wieku 55-59 lat \u2013 294 os\u00f3b. Pracy szuka te\u017c 76 os\u00f3b w wieku od 60 do 64 lat. <\/p>\n<p>Je\u015bli chodzi o sytuacj\u0119 na lokalnym rynku pracy, urz\u0105d miejski w Bochni nie obserwuje wi\u0119kszych zmian co do liczby firm. Nie ma tendencji wzrostowej ani spadkowej w zakresie rejestracji firm, ich zamykania b\u0105d\u017a zawieszania dzia\u0142alno\u015bci gospodarczej. Faktem jest, \u017ce na terenie Bochni systematycznie powstaj\u0105 nowe zak\u0142ady, sklepy czy miejsca us\u0142ugowe. W\u015br\u00f3d nich jest jak firma Werner Kenkel, produkuj\u0105ca opakowania na terenie Boche\u0144skiej Strefy Aktywno\u015bci Gospodarczej, nowy supermarket Lidl nieopodal dworca kolejowego czy powstaj\u0105cy budynek przy Placu \u015bw. Kingi 1. <\/p>\n","protected":false},"excerpt":{"rendered":"<p>Niedawno premier Donald Tusk og\u0142osi\u0142 koniec kryzysu w Polsce. Czy jego symptomy mo\u017cna zauwa\u017cy\u0107 w Bochni i powiecie boche\u0144skim? Jak wygl\u0105daj\u0105 wska\u017aniki bezrobocia na tle innych lat? Postanowili\u015bmy to sprawdzi\u0107.<\/p>\n","protected":false},"author":4,"featured_media":0,"comment_status":"open","ping_status":"closed","sticky":true,"template":"","format":"standard","meta":{"_acf_changed":false,"footnotes":""},"categories":[5,6251,6250],"tags":[415,17962,3690,17547,12979,17259,5370],"class_list":["post-97813","post","type-post","status-publish","format-standard","hentry","category-biezace-wydarzenia","category-polityka-i-wydarzenia","category-tematyka","tag-bezrobocie","tag-bsag","tag-donald-tusk","tag-firma","tag-krysys","tag-praca","tag-pup","main_tag-pup-2"],"acf":[],"yoast_head":"<!-- This site is optimized with the Yoast SEO plugin v26.9 - https:\/\/yoast.com\/product\/yoast-seo-wordpress\/ -->\n<title>\u201eKoniec kryzysu\u201d w Bochni? - mojabochnia.pl - portal informacyjny<\/title>\n<meta name=\"robots\" content=\"index, follow, max-snippet:-1, max-image-preview:large, max-video-preview:-1\" \/>\n<link rel=\"canonical\" href=\"https:\/\/www.mojabochnia.pl\/?p=97813\" \/>\n<meta property=\"og:locale\" content=\"pl_PL\" \/>\n<meta property=\"og:type\" content=\"article\" \/>\n<meta property=\"og:title\" content=\"\u201eKoniec kryzysu\u201d w Bochni? - mojabochnia.pl - portal informacyjny\" \/>\n<meta property=\"og:description\" content=\"Niedawno premier Donald Tusk og\u0142osi\u0142 koniec kryzysu w Polsce. Czy jego symptomy mo\u017cna zauwa\u017cy\u0107 w Bochni i powiecie boche\u0144skim? Jak wygl\u0105daj\u0105 wska\u017aniki bezrobocia na tle innych lat? Postanowili\u015bmy to sprawdzi\u0107.\" \/>\n<meta property=\"og:url\" content=\"https:\/\/www.mojabochnia.pl\/?p=97813\" \/>\n<meta property=\"og:site_name\" content=\"mojabochnia.pl - portal informacyjny\" \/>\n<meta property=\"article:publisher\" content=\"https:\/\/www.facebook.com\/mojabochnia\" \/>\n<meta property=\"article:published_time\" content=\"2013-09-25T09:29:51+00:00\" \/>\n<meta property=\"article:modified_time\" content=\"2013-09-25T10:30:47+00:00\" \/>\n<meta name=\"author\" content=\"Pawe\u0142 Michalczyk\" \/>\n<meta name=\"twitter:card\" content=\"summary_large_image\" \/>\n<meta name=\"twitter:label1\" content=\"Written by\" \/>\n\t<meta name=\"twitter:data1\" content=\"Pawe\u0142 Michalczyk\" \/>\n\t<meta name=\"twitter:label2\" content=\"Est. reading time\" \/>\n\t<meta name=\"twitter:data2\" content=\"1 minuta\" \/>\n<script type=\"application\/ld+json\" class=\"yoast-schema-graph\">{\"@context\":\"https:\/\/schema.org\",\"@graph\":[{\"@type\":\"Article\",\"@id\":\"https:\/\/www.mojabochnia.pl\/?p=97813#article\",\"isPartOf\":{\"@id\":\"https:\/\/www.mojabochnia.pl\/?p=97813\"},\"author\":{\"name\":\"Pawe\u0142 Michalczyk\",\"@id\":\"https:\/\/www.mojabochnia.pl\/#\/schema\/person\/ea042e4724a77627963f02166828ead4\"},\"headline\":\"\u201eKoniec kryzysu\u201d w Bochni?\",\"datePublished\":\"2013-09-25T09:29:51+00:00\",\"dateModified\":\"2013-09-25T10:30:47+00:00\",\"mainEntityOfPage\":{\"@id\":\"https:\/\/www.mojabochnia.pl\/?p=97813\"},\"wordCount\":262,\"commentCount\":0,\"publisher\":{\"@id\":\"https:\/\/www.mojabochnia.pl\/#organization\"},\"keywords\":[\"bezrobocie\",\"bsag\",\"donald tusk\",\"firma\",\"krysys\",\"praca\",\"PUP\"],\"articleSection\":[\"2_ostatnie\",\"polityka i wydarzenia\",\"tematyka\"],\"inLanguage\":\"pl-PL\",\"potentialAction\":[{\"@type\":\"CommentAction\",\"name\":\"Comment\",\"target\":[\"https:\/\/www.mojabochnia.pl\/?p=97813#respond\"]}]},{\"@type\":\"WebPage\",\"@id\":\"https:\/\/www.mojabochnia.pl\/?p=97813\",\"url\":\"https:\/\/www.mojabochnia.pl\/?p=97813\",\"name\":\"\u201eKoniec kryzysu\u201d w Bochni? - mojabochnia.pl - portal informacyjny\",\"isPartOf\":{\"@id\":\"https:\/\/www.mojabochnia.pl\/#website\"},\"datePublished\":\"2013-09-25T09:29:51+00:00\",\"dateModified\":\"2013-09-25T10:30:47+00:00\",\"breadcrumb\":{\"@id\":\"https:\/\/www.mojabochnia.pl\/?p=97813#breadcrumb\"},\"inLanguage\":\"pl-PL\",\"potentialAction\":[{\"@type\":\"ReadAction\",\"target\":[\"https:\/\/www.mojabochnia.pl\/?p=97813\"]}]},{\"@type\":\"BreadcrumbList\",\"@id\":\"https:\/\/www.mojabochnia.pl\/?p=97813#breadcrumb\",\"itemListElement\":[{\"@type\":\"ListItem\",\"position\":1,\"name\":\"Home\",\"item\":\"https:\/\/www.mojabochnia.pl\/\"},{\"@type\":\"ListItem\",\"position\":2,\"name\":\"\u201eKoniec kryzysu\u201d w Bochni?\"}]},{\"@type\":\"WebSite\",\"@id\":\"https:\/\/www.mojabochnia.pl\/#website\",\"url\":\"https:\/\/www.mojabochnia.pl\/\",\"name\":\"mojabochnia.pl - portal informacyjny\",\"description\":\"mojaBochnia to portal informacyjny o Bochni. Codziennie o Bochni piszemy i pokazujemy najwa\u017cniejsze wydarzenia\",\"publisher\":{\"@id\":\"https:\/\/www.mojabochnia.pl\/#organization\"},\"potentialAction\":[{\"@type\":\"SearchAction\",\"target\":{\"@type\":\"EntryPoint\",\"urlTemplate\":\"https:\/\/www.mojabochnia.pl\/?s={search_term_string}\"},\"query-input\":{\"@type\":\"PropertyValueSpecification\",\"valueRequired\":true,\"valueName\":\"search_term_string\"}}],\"inLanguage\":\"pl-PL\"},{\"@type\":\"Organization\",\"@id\":\"https:\/\/www.mojabochnia.pl\/#organization\",\"name\":\"mojabochnia.pl - portal informacyjny\",\"url\":\"https:\/\/www.mojabochnia.pl\/\",\"logo\":{\"@type\":\"ImageObject\",\"inLanguage\":\"pl-PL\",\"@id\":\"https:\/\/www.mojabochnia.pl\/#\/schema\/logo\/image\/\",\"url\":\"https:\/\/www.mojabochnia.pl\/wp-content\/uploads\/2017\/08\/logo-mb-opt.png\",\"contentUrl\":\"https:\/\/www.mojabochnia.pl\/wp-content\/uploads\/2017\/08\/logo-mb-opt.png\",\"width\":250,\"height\":48,\"caption\":\"mojabochnia.pl - portal informacyjny\"},\"image\":{\"@id\":\"https:\/\/www.mojabochnia.pl\/#\/schema\/logo\/image\/\"},\"sameAs\":[\"https:\/\/www.facebook.com\/mojabochnia\"]},{\"@type\":\"Person\",\"@id\":\"https:\/\/www.mojabochnia.pl\/#\/schema\/person\/ea042e4724a77627963f02166828ead4\",\"name\":\"Pawe\u0142 Michalczyk\",\"url\":\"https:\/\/www.mojabochnia.pl\/?author=4\"}]}<\/script>\n<!-- \/ Yoast SEO plugin. -->","yoast_head_json":{"title":"\u201eKoniec kryzysu\u201d w Bochni? - mojabochnia.pl - portal informacyjny","robots":{"index":"index","follow":"follow","max-snippet":"max-snippet:-1","max-image-preview":"max-image-preview:large","max-video-preview":"max-video-preview:-1"},"canonical":"https:\/\/www.mojabochnia.pl\/?p=97813","og_locale":"pl_PL","og_type":"article","og_title":"\u201eKoniec kryzysu\u201d w Bochni? - mojabochnia.pl - portal informacyjny","og_description":"Niedawno premier Donald Tusk og\u0142osi\u0142 koniec kryzysu w Polsce. Czy jego symptomy mo\u017cna zauwa\u017cy\u0107 w Bochni i powiecie boche\u0144skim? Jak wygl\u0105daj\u0105 wska\u017aniki bezrobocia na tle innych lat? Postanowili\u015bmy to sprawdzi\u0107.","og_url":"https:\/\/www.mojabochnia.pl\/?p=97813","og_site_name":"mojabochnia.pl - portal informacyjny","article_publisher":"https:\/\/www.facebook.com\/mojabochnia","article_published_time":"2013-09-25T09:29:51+00:00","article_modified_time":"2013-09-25T10:30:47+00:00","author":"Pawe\u0142 Michalczyk","twitter_card":"summary_large_image","twitter_misc":{"Written by":"Pawe\u0142 Michalczyk","Est. reading time":"1 minuta"},"schema":{"@context":"https:\/\/schema.org","@graph":[{"@type":"Article","@id":"https:\/\/www.mojabochnia.pl\/?p=97813#article","isPartOf":{"@id":"https:\/\/www.mojabochnia.pl\/?p=97813"},"author":{"name":"Pawe\u0142 Michalczyk","@id":"https:\/\/www.mojabochnia.pl\/#\/schema\/person\/ea042e4724a77627963f02166828ead4"},"headline":"\u201eKoniec kryzysu\u201d w Bochni?","datePublished":"2013-09-25T09:29:51+00:00","dateModified":"2013-09-25T10:30:47+00:00","mainEntityOfPage":{"@id":"https:\/\/www.mojabochnia.pl\/?p=97813"},"wordCount":262,"commentCount":0,"publisher":{"@id":"https:\/\/www.mojabochnia.pl\/#organization"},"keywords":["bezrobocie","bsag","donald tusk","firma","krysys","praca","PUP"],"articleSection":["2_ostatnie","polityka i wydarzenia","tematyka"],"inLanguage":"pl-PL","potentialAction":[{"@type":"CommentAction","name":"Comment","target":["https:\/\/www.mojabochnia.pl\/?p=97813#respond"]}]},{"@type":"WebPage","@id":"https:\/\/www.mojabochnia.pl\/?p=97813","url":"https:\/\/www.mojabochnia.pl\/?p=97813","name":"\u201eKoniec kryzysu\u201d w Bochni? - mojabochnia.pl - portal informacyjny","isPartOf":{"@id":"https:\/\/www.mojabochnia.pl\/#website"},"datePublished":"2013-09-25T09:29:51+00:00","dateModified":"2013-09-25T10:30:47+00:00","breadcrumb":{"@id":"https:\/\/www.mojabochnia.pl\/?p=97813#breadcrumb"},"inLanguage":"pl-PL","potentialAction":[{"@type":"ReadAction","target":["https:\/\/www.mojabochnia.pl\/?p=97813"]}]},{"@type":"BreadcrumbList","@id":"https:\/\/www.mojabochnia.pl\/?p=97813#breadcrumb","itemListElement":[{"@type":"ListItem","position":1,"name":"Home","item":"https:\/\/www.mojabochnia.pl\/"},{"@type":"ListItem","position":2,"name":"\u201eKoniec kryzysu\u201d w Bochni?"}]},{"@type":"WebSite","@id":"https:\/\/www.mojabochnia.pl\/#website","url":"https:\/\/www.mojabochnia.pl\/","name":"mojabochnia.pl - portal informacyjny","description":"mojaBochnia to portal informacyjny o Bochni. Codziennie o Bochni piszemy i pokazujemy najwa\u017cniejsze wydarzenia","publisher":{"@id":"https:\/\/www.mojabochnia.pl\/#organization"},"potentialAction":[{"@type":"SearchAction","target":{"@type":"EntryPoint","urlTemplate":"https:\/\/www.mojabochnia.pl\/?s={search_term_string}"},"query-input":{"@type":"PropertyValueSpecification","valueRequired":true,"valueName":"search_term_string"}}],"inLanguage":"pl-PL"},{"@type":"Organization","@id":"https:\/\/www.mojabochnia.pl\/#organization","name":"mojabochnia.pl - portal informacyjny","url":"https:\/\/www.mojabochnia.pl\/","logo":{"@type":"ImageObject","inLanguage":"pl-PL","@id":"https:\/\/www.mojabochnia.pl\/#\/schema\/logo\/image\/","url":"https:\/\/www.mojabochnia.pl\/wp-content\/uploads\/2017\/08\/logo-mb-opt.png","contentUrl":"https:\/\/www.mojabochnia.pl\/wp-content\/uploads\/2017\/08\/logo-mb-opt.png","width":250,"height":48,"caption":"mojabochnia.pl - portal informacyjny"},"image":{"@id":"https:\/\/www.mojabochnia.pl\/#\/schema\/logo\/image\/"},"sameAs":["https:\/\/www.facebook.com\/mojabochnia"]},{"@type":"Person","@id":"https:\/\/www.mojabochnia.pl\/#\/schema\/person\/ea042e4724a77627963f02166828ead4","name":"Pawe\u0142 Michalczyk","url":"https:\/\/www.mojabochnia.pl\/?author=4"}]}},"_links":{"self":[{"href":"https:\/\/www.mojabochnia.pl\/index.php?rest_route=\/wp\/v2\/posts\/97813","targetHints":{"allow":["GET"]}}],"collection":[{"href":"https:\/\/www.mojabochnia.pl\/index.php?rest_route=\/wp\/v2\/posts"}],"about":[{"href":"https:\/\/www.mojabochnia.pl\/index.php?rest_route=\/wp\/v2\/types\/post"}],"author":[{"embeddable":true,"href":"https:\/\/www.mojabochnia.pl\/index.php?rest_route=\/wp\/v2\/users\/4"}],"replies":[{"embeddable":true,"href":"https:\/\/www.mojabochnia.pl\/index.php?rest_route=%2Fwp%2Fv2%2Fcomments&post=97813"}],"version-history":[{"count":8,"href":"https:\/\/www.mojabochnia.pl\/index.php?rest_route=\/wp\/v2\/posts\/97813\/revisions"}],"predecessor-version":[{"id":97821,"href":"https:\/\/www.mojabochnia.pl\/index.php?rest_route=\/wp\/v2\/posts\/97813\/revisions\/97821"}],"wp:attachment":[{"href":"https:\/\/www.mojabochnia.pl\/index.php?rest_route=%2Fwp%2Fv2%2Fmedia&parent=97813"}],"wp:term":[{"taxonomy":"category","embeddable":true,"href":"https:\/\/www.mojabochnia.pl\/index.php?rest_route=%2Fwp%2Fv2%2Fcategories&post=97813"},{"taxonomy":"post_tag","embeddable":true,"href":"https:\/\/www.mojabochnia.pl\/index.php?rest_route=%2Fwp%2Fv2%2Ftags&post=97813"}],"curies":[{"name":"wp","href":"https:\/\/api.w.org\/{rel}","templated":true}]}}