{"id":97288,"date":"2013-09-12T14:09:55","date_gmt":"2013-09-12T12:09:55","guid":{"rendered":"http:\/\/www.mojabochnia.pl\/?p=97288"},"modified":"2013-09-12T14:13:12","modified_gmt":"2013-09-12T12:13:12","slug":"kopalnia-bez-dotacji-w-2014-r","status":"publish","type":"post","link":"https:\/\/www.mojabochnia.pl\/?p=97288","title":{"rendered":"Kopalnia bez dotacji w 2014 r.?"},"content":{"rendered":"<p>Sytuacja wynika st\u0105d, \u017ce w tym roku przestaje obowi\u0105zywa\u0107 dotychczasowa ustawa, a nowa czeka na podpis prezydenta. <em>Kolejne pieni\u0105dze b\u0119d\u0105 nam przydzielane na mocy nowej ustawy, kt\u00f3ra by\u0142a w tym roku procedowana i jest teraz przed\u0142o\u017cona panu prezydentowi do podpisu. Jeszcze nie obowi\u0105zuje, bo po podpisaniu przez prezydenta musi si\u0119 ukaza\u0107 w Dzienniku Urz\u0119dowym<\/em> \u2013 m\u00f3wi dyrektor kopalni Krzysztof Zi\u0119ba.<\/p>\n<p><em>Mo\u017ce jest to minimalne zaskoczenie, aczkolwiek spodziewane. Jest jeszcze troch\u0119 czasu do ko\u0144ca roku i dzia\u0142ania s\u0105 prowadzone. Przecie\u017c dotyczy to nie tylko naszej kopalni, ale r\u00f3wnie\u017c kopalni w Wieliczce, kopalni \u201eGuido\u201d w Zabrzu, kopalni Bolko w Bytomiu. Beneficjent\u00f3w tych \u015brodk\u00f3w dotacyjnych jest wi\u0119cej i b\u0119dziemy si\u0119 wsp\u00f3lnie stara\u0107, \u017ceby w projekcie bud\u017cetu kt\u00f3ry ma by\u0107 gotowy na koniec wrze\u015bnia te \u015brodki si\u0119 znalaz\u0142y<\/em> \u2013 dodaje Krzysztof Zi\u0119ba. <\/p>\n<p>W przypadku kopalni soli w Bochni dotacja bud\u017cetowa na 2014 r. mia\u0142aby wynie\u015b\u0107 17 mln z\u0142 (w tym roku jest to 18 mln z\u0142). <\/p>\n","protected":false},"excerpt":{"rendered":"<p>Rz\u0105d we wst\u0119pnym projekcie bud\u017cetu na przysz\u0142y rok nie przewidzia\u0142 dotacji dla Kopalni Soli Bochnia (podobnie jak dla kopalni w Wieliczce). To sytuacja zupe\u0142nie nietypowa, zwa\u017cywszy \u017ce na prace zabezpieczaj\u0105ce boche\u0144ska \u017cupa potrzebuje 17 mln z\u0142. Jakie s\u0105 przyczyny tego stanu rzeczy?<\/p>\n","protected":false},"author":4,"featured_media":0,"comment_status":"open","ping_status":"closed","sticky":true,"template":"","format":"standard","meta":{"_acf_changed":false,"footnotes":""},"categories":[5,6251,6250],"tags":[17336,17253,17407,17146,9203,8156],"class_list":["post-97288","post","type-post","status-publish","format-standard","hentry","category-biezace-wydarzenia","category-polityka-i-wydarzenia","category-tematyka","tag-budzet","tag-dotacja","tag-kopalnia","tag-kopalnia-soli","tag-kzrysztof-zieba","tag-rzad","main_tag-kopalnia"],"acf":[],"yoast_head":"<!-- This site is optimized with the Yoast SEO plugin v26.9 - https:\/\/yoast.com\/product\/yoast-seo-wordpress\/ -->\n<title>Kopalnia bez dotacji w 2014 r.? - mojabochnia.pl - portal informacyjny<\/title>\n<meta name=\"robots\" content=\"index, follow, max-snippet:-1, max-image-preview:large, max-video-preview:-1\" \/>\n<link rel=\"canonical\" href=\"https:\/\/www.mojabochnia.pl\/?p=97288\" \/>\n<meta property=\"og:locale\" content=\"pl_PL\" \/>\n<meta property=\"og:type\" content=\"article\" \/>\n<meta property=\"og:title\" content=\"Kopalnia bez dotacji w 2014 r.? - mojabochnia.pl - portal informacyjny\" \/>\n<meta property=\"og:description\" content=\"Rz\u0105d we wst\u0119pnym projekcie bud\u017cetu na przysz\u0142y rok nie przewidzia\u0142 dotacji dla Kopalni Soli Bochnia (podobnie jak dla kopalni w Wieliczce). To sytuacja zupe\u0142nie nietypowa, zwa\u017cywszy \u017ce na prace zabezpieczaj\u0105ce boche\u0144ska \u017cupa potrzebuje 17 mln z\u0142. Jakie s\u0105 przyczyny tego stanu rzeczy?\" \/>\n<meta property=\"og:url\" content=\"https:\/\/www.mojabochnia.pl\/?p=97288\" \/>\n<meta property=\"og:site_name\" content=\"mojabochnia.pl - portal informacyjny\" \/>\n<meta property=\"article:publisher\" content=\"https:\/\/www.facebook.com\/mojabochnia\" \/>\n<meta property=\"article:published_time\" content=\"2013-09-12T12:09:55+00:00\" \/>\n<meta property=\"article:modified_time\" content=\"2013-09-12T12:13:12+00:00\" \/>\n<meta name=\"author\" content=\"Pawe\u0142 Michalczyk\" \/>\n<meta name=\"twitter:card\" content=\"summary_large_image\" \/>\n<meta name=\"twitter:label1\" content=\"Written by\" \/>\n\t<meta name=\"twitter:data1\" content=\"Pawe\u0142 Michalczyk\" \/>\n\t<meta name=\"twitter:label2\" content=\"Est. reading time\" \/>\n\t<meta name=\"twitter:data2\" content=\"1 minuta\" \/>\n<script type=\"application\/ld+json\" class=\"yoast-schema-graph\">{\"@context\":\"https:\/\/schema.org\",\"@graph\":[{\"@type\":\"Article\",\"@id\":\"https:\/\/www.mojabochnia.pl\/?p=97288#article\",\"isPartOf\":{\"@id\":\"https:\/\/www.mojabochnia.pl\/?p=97288\"},\"author\":{\"name\":\"Pawe\u0142 Michalczyk\",\"@id\":\"https:\/\/www.mojabochnia.pl\/#\/schema\/person\/ea042e4724a77627963f02166828ead4\"},\"headline\":\"Kopalnia bez dotacji w 2014 r.?\",\"datePublished\":\"2013-09-12T12:09:55+00:00\",\"dateModified\":\"2013-09-12T12:13:12+00:00\",\"mainEntityOfPage\":{\"@id\":\"https:\/\/www.mojabochnia.pl\/?p=97288\"},\"wordCount\":180,\"commentCount\":0,\"publisher\":{\"@id\":\"https:\/\/www.mojabochnia.pl\/#organization\"},\"keywords\":[\"bud\u017cet\",\"dotacja\",\"kopalnia\",\"kopalnia soli\",\"kzrysztof zi\u0119ba\",\"rz\u0105d\"],\"articleSection\":[\"2_ostatnie\",\"polityka i wydarzenia\",\"tematyka\"],\"inLanguage\":\"pl-PL\",\"potentialAction\":[{\"@type\":\"CommentAction\",\"name\":\"Comment\",\"target\":[\"https:\/\/www.mojabochnia.pl\/?p=97288#respond\"]}]},{\"@type\":\"WebPage\",\"@id\":\"https:\/\/www.mojabochnia.pl\/?p=97288\",\"url\":\"https:\/\/www.mojabochnia.pl\/?p=97288\",\"name\":\"Kopalnia bez dotacji w 2014 r.? - mojabochnia.pl - portal informacyjny\",\"isPartOf\":{\"@id\":\"https:\/\/www.mojabochnia.pl\/#website\"},\"datePublished\":\"2013-09-12T12:09:55+00:00\",\"dateModified\":\"2013-09-12T12:13:12+00:00\",\"breadcrumb\":{\"@id\":\"https:\/\/www.mojabochnia.pl\/?p=97288#breadcrumb\"},\"inLanguage\":\"pl-PL\",\"potentialAction\":[{\"@type\":\"ReadAction\",\"target\":[\"https:\/\/www.mojabochnia.pl\/?p=97288\"]}]},{\"@type\":\"BreadcrumbList\",\"@id\":\"https:\/\/www.mojabochnia.pl\/?p=97288#breadcrumb\",\"itemListElement\":[{\"@type\":\"ListItem\",\"position\":1,\"name\":\"Home\",\"item\":\"https:\/\/www.mojabochnia.pl\/\"},{\"@type\":\"ListItem\",\"position\":2,\"name\":\"Kopalnia bez dotacji w 2014 r.?\"}]},{\"@type\":\"WebSite\",\"@id\":\"https:\/\/www.mojabochnia.pl\/#website\",\"url\":\"https:\/\/www.mojabochnia.pl\/\",\"name\":\"mojabochnia.pl - portal informacyjny\",\"description\":\"mojaBochnia to portal informacyjny o Bochni. Codziennie o Bochni piszemy i pokazujemy najwa\u017cniejsze wydarzenia\",\"publisher\":{\"@id\":\"https:\/\/www.mojabochnia.pl\/#organization\"},\"potentialAction\":[{\"@type\":\"SearchAction\",\"target\":{\"@type\":\"EntryPoint\",\"urlTemplate\":\"https:\/\/www.mojabochnia.pl\/?s={search_term_string}\"},\"query-input\":{\"@type\":\"PropertyValueSpecification\",\"valueRequired\":true,\"valueName\":\"search_term_string\"}}],\"inLanguage\":\"pl-PL\"},{\"@type\":\"Organization\",\"@id\":\"https:\/\/www.mojabochnia.pl\/#organization\",\"name\":\"mojabochnia.pl - portal informacyjny\",\"url\":\"https:\/\/www.mojabochnia.pl\/\",\"logo\":{\"@type\":\"ImageObject\",\"inLanguage\":\"pl-PL\",\"@id\":\"https:\/\/www.mojabochnia.pl\/#\/schema\/logo\/image\/\",\"url\":\"https:\/\/www.mojabochnia.pl\/wp-content\/uploads\/2017\/08\/logo-mb-opt.png\",\"contentUrl\":\"https:\/\/www.mojabochnia.pl\/wp-content\/uploads\/2017\/08\/logo-mb-opt.png\",\"width\":250,\"height\":48,\"caption\":\"mojabochnia.pl - portal informacyjny\"},\"image\":{\"@id\":\"https:\/\/www.mojabochnia.pl\/#\/schema\/logo\/image\/\"},\"sameAs\":[\"https:\/\/www.facebook.com\/mojabochnia\"]},{\"@type\":\"Person\",\"@id\":\"https:\/\/www.mojabochnia.pl\/#\/schema\/person\/ea042e4724a77627963f02166828ead4\",\"name\":\"Pawe\u0142 Michalczyk\",\"url\":\"https:\/\/www.mojabochnia.pl\/?author=4\"}]}<\/script>\n<!-- \/ Yoast SEO plugin. -->","yoast_head_json":{"title":"Kopalnia bez dotacji w 2014 r.? - mojabochnia.pl - portal informacyjny","robots":{"index":"index","follow":"follow","max-snippet":"max-snippet:-1","max-image-preview":"max-image-preview:large","max-video-preview":"max-video-preview:-1"},"canonical":"https:\/\/www.mojabochnia.pl\/?p=97288","og_locale":"pl_PL","og_type":"article","og_title":"Kopalnia bez dotacji w 2014 r.? - mojabochnia.pl - portal informacyjny","og_description":"Rz\u0105d we wst\u0119pnym projekcie bud\u017cetu na przysz\u0142y rok nie przewidzia\u0142 dotacji dla Kopalni Soli Bochnia (podobnie jak dla kopalni w Wieliczce). To sytuacja zupe\u0142nie nietypowa, zwa\u017cywszy \u017ce na prace zabezpieczaj\u0105ce boche\u0144ska \u017cupa potrzebuje 17 mln z\u0142. Jakie s\u0105 przyczyny tego stanu rzeczy?","og_url":"https:\/\/www.mojabochnia.pl\/?p=97288","og_site_name":"mojabochnia.pl - portal informacyjny","article_publisher":"https:\/\/www.facebook.com\/mojabochnia","article_published_time":"2013-09-12T12:09:55+00:00","article_modified_time":"2013-09-12T12:13:12+00:00","author":"Pawe\u0142 Michalczyk","twitter_card":"summary_large_image","twitter_misc":{"Written by":"Pawe\u0142 Michalczyk","Est. reading time":"1 minuta"},"schema":{"@context":"https:\/\/schema.org","@graph":[{"@type":"Article","@id":"https:\/\/www.mojabochnia.pl\/?p=97288#article","isPartOf":{"@id":"https:\/\/www.mojabochnia.pl\/?p=97288"},"author":{"name":"Pawe\u0142 Michalczyk","@id":"https:\/\/www.mojabochnia.pl\/#\/schema\/person\/ea042e4724a77627963f02166828ead4"},"headline":"Kopalnia bez dotacji w 2014 r.?","datePublished":"2013-09-12T12:09:55+00:00","dateModified":"2013-09-12T12:13:12+00:00","mainEntityOfPage":{"@id":"https:\/\/www.mojabochnia.pl\/?p=97288"},"wordCount":180,"commentCount":0,"publisher":{"@id":"https:\/\/www.mojabochnia.pl\/#organization"},"keywords":["bud\u017cet","dotacja","kopalnia","kopalnia soli","kzrysztof zi\u0119ba","rz\u0105d"],"articleSection":["2_ostatnie","polityka i wydarzenia","tematyka"],"inLanguage":"pl-PL","potentialAction":[{"@type":"CommentAction","name":"Comment","target":["https:\/\/www.mojabochnia.pl\/?p=97288#respond"]}]},{"@type":"WebPage","@id":"https:\/\/www.mojabochnia.pl\/?p=97288","url":"https:\/\/www.mojabochnia.pl\/?p=97288","name":"Kopalnia bez dotacji w 2014 r.? - mojabochnia.pl - portal informacyjny","isPartOf":{"@id":"https:\/\/www.mojabochnia.pl\/#website"},"datePublished":"2013-09-12T12:09:55+00:00","dateModified":"2013-09-12T12:13:12+00:00","breadcrumb":{"@id":"https:\/\/www.mojabochnia.pl\/?p=97288#breadcrumb"},"inLanguage":"pl-PL","potentialAction":[{"@type":"ReadAction","target":["https:\/\/www.mojabochnia.pl\/?p=97288"]}]},{"@type":"BreadcrumbList","@id":"https:\/\/www.mojabochnia.pl\/?p=97288#breadcrumb","itemListElement":[{"@type":"ListItem","position":1,"name":"Home","item":"https:\/\/www.mojabochnia.pl\/"},{"@type":"ListItem","position":2,"name":"Kopalnia bez dotacji w 2014 r.?"}]},{"@type":"WebSite","@id":"https:\/\/www.mojabochnia.pl\/#website","url":"https:\/\/www.mojabochnia.pl\/","name":"mojabochnia.pl - portal informacyjny","description":"mojaBochnia to portal informacyjny o Bochni. Codziennie o Bochni piszemy i pokazujemy najwa\u017cniejsze wydarzenia","publisher":{"@id":"https:\/\/www.mojabochnia.pl\/#organization"},"potentialAction":[{"@type":"SearchAction","target":{"@type":"EntryPoint","urlTemplate":"https:\/\/www.mojabochnia.pl\/?s={search_term_string}"},"query-input":{"@type":"PropertyValueSpecification","valueRequired":true,"valueName":"search_term_string"}}],"inLanguage":"pl-PL"},{"@type":"Organization","@id":"https:\/\/www.mojabochnia.pl\/#organization","name":"mojabochnia.pl - portal informacyjny","url":"https:\/\/www.mojabochnia.pl\/","logo":{"@type":"ImageObject","inLanguage":"pl-PL","@id":"https:\/\/www.mojabochnia.pl\/#\/schema\/logo\/image\/","url":"https:\/\/www.mojabochnia.pl\/wp-content\/uploads\/2017\/08\/logo-mb-opt.png","contentUrl":"https:\/\/www.mojabochnia.pl\/wp-content\/uploads\/2017\/08\/logo-mb-opt.png","width":250,"height":48,"caption":"mojabochnia.pl - portal informacyjny"},"image":{"@id":"https:\/\/www.mojabochnia.pl\/#\/schema\/logo\/image\/"},"sameAs":["https:\/\/www.facebook.com\/mojabochnia"]},{"@type":"Person","@id":"https:\/\/www.mojabochnia.pl\/#\/schema\/person\/ea042e4724a77627963f02166828ead4","name":"Pawe\u0142 Michalczyk","url":"https:\/\/www.mojabochnia.pl\/?author=4"}]}},"_links":{"self":[{"href":"https:\/\/www.mojabochnia.pl\/index.php?rest_route=\/wp\/v2\/posts\/97288","targetHints":{"allow":["GET"]}}],"collection":[{"href":"https:\/\/www.mojabochnia.pl\/index.php?rest_route=\/wp\/v2\/posts"}],"about":[{"href":"https:\/\/www.mojabochnia.pl\/index.php?rest_route=\/wp\/v2\/types\/post"}],"author":[{"embeddable":true,"href":"https:\/\/www.mojabochnia.pl\/index.php?rest_route=\/wp\/v2\/users\/4"}],"replies":[{"embeddable":true,"href":"https:\/\/www.mojabochnia.pl\/index.php?rest_route=%2Fwp%2Fv2%2Fcomments&post=97288"}],"version-history":[{"count":5,"href":"https:\/\/www.mojabochnia.pl\/index.php?rest_route=\/wp\/v2\/posts\/97288\/revisions"}],"predecessor-version":[{"id":97293,"href":"https:\/\/www.mojabochnia.pl\/index.php?rest_route=\/wp\/v2\/posts\/97288\/revisions\/97293"}],"wp:attachment":[{"href":"https:\/\/www.mojabochnia.pl\/index.php?rest_route=%2Fwp%2Fv2%2Fmedia&parent=97288"}],"wp:term":[{"taxonomy":"category","embeddable":true,"href":"https:\/\/www.mojabochnia.pl\/index.php?rest_route=%2Fwp%2Fv2%2Fcategories&post=97288"},{"taxonomy":"post_tag","embeddable":true,"href":"https:\/\/www.mojabochnia.pl\/index.php?rest_route=%2Fwp%2Fv2%2Ftags&post=97288"}],"curies":[{"name":"wp","href":"https:\/\/api.w.org\/{rel}","templated":true}]}}