{"id":96033,"date":"2013-08-20T15:09:10","date_gmt":"2013-08-20T13:09:10","guid":{"rendered":"http:\/\/www.mojabochnia.pl\/?p=96033"},"modified":"2013-08-20T15:09:10","modified_gmt":"2013-08-20T13:09:10","slug":"mozdzer-tymanski-trzaska-olter-sikala-czyli-milosc-w-dkf-maciste","status":"publish","type":"post","link":"https:\/\/www.mojabochnia.pl\/?p=96033","title":{"rendered":"Mo\u017cd\u017cer, Tyma\u0144ski, Trzaska, Olter, Sika\u0142a czyli MI\u0141O\u015a\u0106 w DKF Maciste"},"content":{"rendered":"<p>Fascynuj\u0105cy, wr\u0119cz wbijaj\u0105cy widza w fotel film. (\u2026) Uniwersalna i ponadczasowa opowie\u015b\u0107 o istocie sztuki, granicach artystycznego kompromisu, a tak\u017ce o odpowiedzialno\u015bci, przyja\u017ani, mi\u0142o\u015bci wreszcie.<br \/>\nJerzy Armata, portalfilmowy.pl<\/p>\n<p>R\u00f3\u017cnice dziel\u0105ce muzyk\u00f3w by\u0142y &#8211; i nadal s\u0105 &#8211; ogromne, co sprawia, \u017ce opowie\u015b\u0107 o Mi\u0142o\u015bci jest jednym z najlepszych, najbardziej poruszaj\u0105cych dokument\u00f3w muzycznych jakie widzia\u0142em.<br \/>\nPiotr Jagielski, jazzarium.pl<\/p>\n<p>Pi\u0119ciu kumpli, kt\u00f3rzy postanowili spe\u0142ni\u0107 swoje marzenie. Pi\u0119\u0107 wyrazistych osobowo\u015bci, kt\u00f3re szuka\u0142y sposobu na wyra\u017cenie siebie. Pi\u0119\u0107 muzycznych wizji, kt\u00f3re cz\u0119sto si\u0119 k\u0142\u00f3ci\u0142y. Jeden zesp\u00f3\u0142 &#8211; Mi\u0142o\u015b\u0107.<\/p>\n<p>&#8222;Mi\u0142o\u015b\u0107&#8221;, w re\u017cyserii Filipa Dzier\u017cawskiego, to jeden z najwybitniejszych polskich film\u00f3w dokumentalnych ostatnich lat. Zwyci\u0119zca tegorocznego Krakowskiego Festiwalu Filmowego i laureat nagrody publiczno\u015bci. Rozgrywaj\u0105ca si\u0119 na przestrzeni dw\u00f3ch dekad pasjonuj\u0105ca opowie\u015b\u0107 o pi\u0119ciu wybitnie uzdolnionych muzykach &#8211; Tyma\u0144skim, Trzasce, Mo\u017cd\u017cerze, Olterze i Sikale. Historia m\u0142odo\u015bci, mierzenia si\u0119 z przeciwno\u015bciami, wsp\u00f3lnych szale\u0144stw, rywalizacji i wielkich przyja\u017ani.<\/p>\n<p>Tymon Tyma\u0144ski o filmie:<\/p>\n<p>Znakomitym pomys\u0142em by\u0142o nam\u00f3wienie Filipa Dzier\u017cawskiego na dokument o Mi\u0142o\u015bci. (&#8230;)Istnia\u0142o sporo materia\u0142\u00f3w, kt\u00f3re trzeba by\u0142o wydoby\u0107 z telewizyjnych archiw\u00f3w. Mia\u0142em te\u017c godzinn\u0105 \u201esur\u00f3wk\u0119\u201c sesji z Lesterem Bowie z Radia Gda\u0144sk, zarejestrowan\u0105 w roku 1997. P\u00f3\u0142tora roku temu Filip i Andrzej Wojciechowski, operator \u201e\u0141ossskotu\u201c [programu telewizyjnego, w kt\u00f3rym Tymon Tyma\u0144ski by\u0142 jednym z prowadz\u0105cych] i wsp\u00f3\u0142tw\u00f3rca wielu film\u00f3w dokumentalnych, zjawili si\u0119 w Gda\u0144sku na wymuszonej pr\u00f3bie grupy Mi\u0142o\u015b\u0107. Filip wymy\u015bli\u0142, \u017ce kanw\u0105 filmu b\u0119dzie historia pewnego niemo\u017cliwego powrotu do (nie) tej samej rzeki&#8230; I tak to si\u0119 wszystko zacz\u0119\u0142o. O ile wiem, obecnie \u2013 po nakr\u0119ceniu kilkudziesi\u0119ciu godzin materia\u0142u \u2013 Filip i Andrzej s\u0105 na etapie montowania trzy i p\u00f3\u0142godzinnego dokumentu o roboczym tytule: \u201eMi\u0142o\u015b\u0107 \u2013 toksyczna r\u00f3wnowaga\u201d. Oczywi\u015bcie ca\u0142o\u015b\u0107 trzeba b\u0119dzie mocno skr\u00f3ci\u0107. Mia\u0142em mo\u017cno\u015b\u0107 obejrzenia obszernych fragment\u00f3w i wydaje mi si\u0119 (cho\u0107, oczywi\u015bcie, nie mnie to twierdzi\u0107), \u017ce to cholernie ciekawa rzecz, daleka od sztampowego filmiku o jazzowym zespole z tuzinem gadaj\u0105cych g\u0142\u00f3w w charakterze przynudzaj\u0105cych bohater\u00f3w-dziadyg\u00f3w. Dokumentowi o Mi\u0142o\u015bci zdecydowanie bli\u017cej do filmu o Metallice pt. \u201eSome Kind Of Monster\u201c \u2013 dzie\u0142u szorstkiemu, niepokoj\u0105cemu, zadaj\u0105cemu wi\u0119cej zawieszonych pyta\u0144 ni\u017c oczekuj\u0105cemu sp\u00f3jnych odpowiedzi.<br \/>\nTymon Tyma\u0144ski, wp.pl<\/p>\n<p>Filip Dzier\u017cawski:<\/p>\n<p>Re\u017cyser. Scenarzysta. Absolwent Wydzia\u0142u Re\u017cyserskiego Akademii Filmu i Telewizji oraz Psychologii Spo\u0142ecznej w Szkole Wy\u017cszej Psychologii Spo\u0142ecznej w Warszawie. Autor scenariusza i re\u017cyser serialu dokumentalnego o kibicach Legii \u2013 \u201eFanatycy\u201d (2011) oraz telewizyjnego programu kulturalnego \u201e\u0141ossskot\u201d. Tw\u00f3rca teledysk\u00f3w i spot\u00f3w telewizyjnych. Nagrody: 53 Krakowski Festiwal Filmowy- Grand Prix \u201eZ\u0142oty Lajkonik, Nagroda Publiczno\u015bci za film \u201eMi\u0142o\u015b\u0107\u201d.<\/p>\n<p>Dyskusj\u0119 po filmie poprowadzi Pawe\u0142 Korta. Film b\u0119dzie mo\u017cna  zobaczy\u0107 w kinie Regis r\u00f3wnie\u017c w kolejne dni (24-28 sierpnia). <\/p>\n<p>&#8222;Mi\u0142o\u015b\u0107&#8221; &#8211; re\u017c. Filip Dzier\u017cawski<br \/>\n23 sierpnia (pi\u0105tek), godz. 19:00<br \/>\nKino Regis, sala kameralna<br \/>\nBilety: 10 z\u0142<br \/>\nProjekt dofinansowany ze \u017ar\u00f3de\u0142 PISF.<\/p>\n","protected":false},"excerpt":{"rendered":"<p>Kino Regis gor\u0105co zaprasza na kolejne spotkanie filmowo-muzyczne w ramach DKF. 23 sierpnia (pi\u0105tek) bedzie mo\u017cna obejrze\u0107 doskona\u0142y dokument muzyczny &#8211; film Filipa Dzier\u017cawskiego &#8211; &#8222;MI\u0141O\u015a\u0106&#8221;. <\/p>\n","protected":false},"author":13,"featured_media":0,"comment_status":"open","ping_status":"closed","sticky":false,"template":"","format":"standard","meta":{"_acf_changed":false,"footnotes":""},"categories":[5,6251,6250],"tags":[17866,17142,17263,17444],"class_list":["post-96033","post","type-post","status-publish","format-standard","hentry","category-biezace-wydarzenia","category-polityka-i-wydarzenia","category-tematyka","tag-dkf","tag-film","tag-kino-regis","tag-mdk","main_tag-kino-regis"],"acf":[],"yoast_head":"<!-- This site is optimized with the Yoast SEO plugin v26.9 - https:\/\/yoast.com\/product\/yoast-seo-wordpress\/ -->\n<title>Mo\u017cd\u017cer, Tyma\u0144ski, Trzaska, Olter, Sika\u0142a czyli MI\u0141O\u015a\u0106 w DKF Maciste - mojabochnia.pl - portal informacyjny<\/title>\n<meta name=\"robots\" content=\"index, follow, max-snippet:-1, max-image-preview:large, max-video-preview:-1\" \/>\n<link rel=\"canonical\" href=\"https:\/\/www.mojabochnia.pl\/?p=96033\" \/>\n<meta property=\"og:locale\" content=\"pl_PL\" \/>\n<meta property=\"og:type\" content=\"article\" \/>\n<meta property=\"og:title\" content=\"Mo\u017cd\u017cer, Tyma\u0144ski, Trzaska, Olter, Sika\u0142a czyli MI\u0141O\u015a\u0106 w DKF Maciste - mojabochnia.pl - portal informacyjny\" \/>\n<meta property=\"og:description\" content=\"Kino Regis gor\u0105co zaprasza na kolejne spotkanie filmowo-muzyczne w ramach DKF. 23 sierpnia (pi\u0105tek) bedzie mo\u017cna obejrze\u0107 doskona\u0142y dokument muzyczny - film Filipa Dzier\u017cawskiego - &quot;MI\u0141O\u015a\u0106&quot;.\" \/>\n<meta property=\"og:url\" content=\"https:\/\/www.mojabochnia.pl\/?p=96033\" \/>\n<meta property=\"og:site_name\" content=\"mojabochnia.pl - portal informacyjny\" \/>\n<meta property=\"article:publisher\" content=\"https:\/\/www.facebook.com\/mojabochnia\" \/>\n<meta property=\"article:published_time\" content=\"2013-08-20T13:09:10+00:00\" \/>\n<meta name=\"author\" content=\"redakcja\" \/>\n<meta name=\"twitter:card\" content=\"summary_large_image\" \/>\n<meta name=\"twitter:label1\" content=\"Written by\" \/>\n\t<meta name=\"twitter:data1\" content=\"redakcja\" \/>\n\t<meta name=\"twitter:label2\" content=\"Est. reading time\" \/>\n\t<meta name=\"twitter:data2\" content=\"3 minuty\" \/>\n<script type=\"application\/ld+json\" class=\"yoast-schema-graph\">{\"@context\":\"https:\/\/schema.org\",\"@graph\":[{\"@type\":\"Article\",\"@id\":\"https:\/\/www.mojabochnia.pl\/?p=96033#article\",\"isPartOf\":{\"@id\":\"https:\/\/www.mojabochnia.pl\/?p=96033\"},\"author\":{\"name\":\"redakcja\",\"@id\":\"https:\/\/www.mojabochnia.pl\/#\/schema\/person\/7e2f20ead9902216a3384f13606c0ab7\"},\"headline\":\"Mo\u017cd\u017cer, Tyma\u0144ski, Trzaska, Olter, Sika\u0142a czyli MI\u0141O\u015a\u0106 w DKF Maciste\",\"datePublished\":\"2013-08-20T13:09:10+00:00\",\"mainEntityOfPage\":{\"@id\":\"https:\/\/www.mojabochnia.pl\/?p=96033\"},\"wordCount\":562,\"commentCount\":0,\"publisher\":{\"@id\":\"https:\/\/www.mojabochnia.pl\/#organization\"},\"keywords\":[\"dkf\",\"film\",\"kino regis\",\"MDK\"],\"articleSection\":[\"2_ostatnie\",\"polityka i wydarzenia\",\"tematyka\"],\"inLanguage\":\"pl-PL\",\"potentialAction\":[{\"@type\":\"CommentAction\",\"name\":\"Comment\",\"target\":[\"https:\/\/www.mojabochnia.pl\/?p=96033#respond\"]}]},{\"@type\":\"WebPage\",\"@id\":\"https:\/\/www.mojabochnia.pl\/?p=96033\",\"url\":\"https:\/\/www.mojabochnia.pl\/?p=96033\",\"name\":\"Mo\u017cd\u017cer, Tyma\u0144ski, Trzaska, Olter, Sika\u0142a czyli MI\u0141O\u015a\u0106 w DKF Maciste - mojabochnia.pl - portal informacyjny\",\"isPartOf\":{\"@id\":\"https:\/\/www.mojabochnia.pl\/#website\"},\"datePublished\":\"2013-08-20T13:09:10+00:00\",\"breadcrumb\":{\"@id\":\"https:\/\/www.mojabochnia.pl\/?p=96033#breadcrumb\"},\"inLanguage\":\"pl-PL\",\"potentialAction\":[{\"@type\":\"ReadAction\",\"target\":[\"https:\/\/www.mojabochnia.pl\/?p=96033\"]}]},{\"@type\":\"BreadcrumbList\",\"@id\":\"https:\/\/www.mojabochnia.pl\/?p=96033#breadcrumb\",\"itemListElement\":[{\"@type\":\"ListItem\",\"position\":1,\"name\":\"Home\",\"item\":\"https:\/\/www.mojabochnia.pl\/\"},{\"@type\":\"ListItem\",\"position\":2,\"name\":\"Mo\u017cd\u017cer, Tyma\u0144ski, Trzaska, Olter, Sika\u0142a czyli MI\u0141O\u015a\u0106 w DKF Maciste\"}]},{\"@type\":\"WebSite\",\"@id\":\"https:\/\/www.mojabochnia.pl\/#website\",\"url\":\"https:\/\/www.mojabochnia.pl\/\",\"name\":\"mojabochnia.pl - portal informacyjny\",\"description\":\"mojaBochnia to portal informacyjny o Bochni. Codziennie o Bochni piszemy i pokazujemy najwa\u017cniejsze wydarzenia\",\"publisher\":{\"@id\":\"https:\/\/www.mojabochnia.pl\/#organization\"},\"potentialAction\":[{\"@type\":\"SearchAction\",\"target\":{\"@type\":\"EntryPoint\",\"urlTemplate\":\"https:\/\/www.mojabochnia.pl\/?s={search_term_string}\"},\"query-input\":{\"@type\":\"PropertyValueSpecification\",\"valueRequired\":true,\"valueName\":\"search_term_string\"}}],\"inLanguage\":\"pl-PL\"},{\"@type\":\"Organization\",\"@id\":\"https:\/\/www.mojabochnia.pl\/#organization\",\"name\":\"mojabochnia.pl - portal informacyjny\",\"url\":\"https:\/\/www.mojabochnia.pl\/\",\"logo\":{\"@type\":\"ImageObject\",\"inLanguage\":\"pl-PL\",\"@id\":\"https:\/\/www.mojabochnia.pl\/#\/schema\/logo\/image\/\",\"url\":\"https:\/\/www.mojabochnia.pl\/wp-content\/uploads\/2017\/08\/logo-mb-opt.png\",\"contentUrl\":\"https:\/\/www.mojabochnia.pl\/wp-content\/uploads\/2017\/08\/logo-mb-opt.png\",\"width\":250,\"height\":48,\"caption\":\"mojabochnia.pl - portal informacyjny\"},\"image\":{\"@id\":\"https:\/\/www.mojabochnia.pl\/#\/schema\/logo\/image\/\"},\"sameAs\":[\"https:\/\/www.facebook.com\/mojabochnia\"]},{\"@type\":\"Person\",\"@id\":\"https:\/\/www.mojabochnia.pl\/#\/schema\/person\/7e2f20ead9902216a3384f13606c0ab7\",\"name\":\"redakcja\",\"sameAs\":[\"http:\/\/\"],\"url\":\"https:\/\/www.mojabochnia.pl\/?author=13\"}]}<\/script>\n<!-- \/ Yoast SEO plugin. -->","yoast_head_json":{"title":"Mo\u017cd\u017cer, Tyma\u0144ski, Trzaska, Olter, Sika\u0142a czyli MI\u0141O\u015a\u0106 w DKF Maciste - mojabochnia.pl - portal informacyjny","robots":{"index":"index","follow":"follow","max-snippet":"max-snippet:-1","max-image-preview":"max-image-preview:large","max-video-preview":"max-video-preview:-1"},"canonical":"https:\/\/www.mojabochnia.pl\/?p=96033","og_locale":"pl_PL","og_type":"article","og_title":"Mo\u017cd\u017cer, Tyma\u0144ski, Trzaska, Olter, Sika\u0142a czyli MI\u0141O\u015a\u0106 w DKF Maciste - mojabochnia.pl - portal informacyjny","og_description":"Kino Regis gor\u0105co zaprasza na kolejne spotkanie filmowo-muzyczne w ramach DKF. 23 sierpnia (pi\u0105tek) bedzie mo\u017cna obejrze\u0107 doskona\u0142y dokument muzyczny - film Filipa Dzier\u017cawskiego - \"MI\u0141O\u015a\u0106\".","og_url":"https:\/\/www.mojabochnia.pl\/?p=96033","og_site_name":"mojabochnia.pl - portal informacyjny","article_publisher":"https:\/\/www.facebook.com\/mojabochnia","article_published_time":"2013-08-20T13:09:10+00:00","author":"redakcja","twitter_card":"summary_large_image","twitter_misc":{"Written by":"redakcja","Est. reading time":"3 minuty"},"schema":{"@context":"https:\/\/schema.org","@graph":[{"@type":"Article","@id":"https:\/\/www.mojabochnia.pl\/?p=96033#article","isPartOf":{"@id":"https:\/\/www.mojabochnia.pl\/?p=96033"},"author":{"name":"redakcja","@id":"https:\/\/www.mojabochnia.pl\/#\/schema\/person\/7e2f20ead9902216a3384f13606c0ab7"},"headline":"Mo\u017cd\u017cer, Tyma\u0144ski, Trzaska, Olter, Sika\u0142a czyli MI\u0141O\u015a\u0106 w DKF Maciste","datePublished":"2013-08-20T13:09:10+00:00","mainEntityOfPage":{"@id":"https:\/\/www.mojabochnia.pl\/?p=96033"},"wordCount":562,"commentCount":0,"publisher":{"@id":"https:\/\/www.mojabochnia.pl\/#organization"},"keywords":["dkf","film","kino regis","MDK"],"articleSection":["2_ostatnie","polityka i wydarzenia","tematyka"],"inLanguage":"pl-PL","potentialAction":[{"@type":"CommentAction","name":"Comment","target":["https:\/\/www.mojabochnia.pl\/?p=96033#respond"]}]},{"@type":"WebPage","@id":"https:\/\/www.mojabochnia.pl\/?p=96033","url":"https:\/\/www.mojabochnia.pl\/?p=96033","name":"Mo\u017cd\u017cer, Tyma\u0144ski, Trzaska, Olter, Sika\u0142a czyli MI\u0141O\u015a\u0106 w DKF Maciste - mojabochnia.pl - portal informacyjny","isPartOf":{"@id":"https:\/\/www.mojabochnia.pl\/#website"},"datePublished":"2013-08-20T13:09:10+00:00","breadcrumb":{"@id":"https:\/\/www.mojabochnia.pl\/?p=96033#breadcrumb"},"inLanguage":"pl-PL","potentialAction":[{"@type":"ReadAction","target":["https:\/\/www.mojabochnia.pl\/?p=96033"]}]},{"@type":"BreadcrumbList","@id":"https:\/\/www.mojabochnia.pl\/?p=96033#breadcrumb","itemListElement":[{"@type":"ListItem","position":1,"name":"Home","item":"https:\/\/www.mojabochnia.pl\/"},{"@type":"ListItem","position":2,"name":"Mo\u017cd\u017cer, Tyma\u0144ski, Trzaska, Olter, Sika\u0142a czyli MI\u0141O\u015a\u0106 w DKF Maciste"}]},{"@type":"WebSite","@id":"https:\/\/www.mojabochnia.pl\/#website","url":"https:\/\/www.mojabochnia.pl\/","name":"mojabochnia.pl - portal informacyjny","description":"mojaBochnia to portal informacyjny o Bochni. Codziennie o Bochni piszemy i pokazujemy najwa\u017cniejsze wydarzenia","publisher":{"@id":"https:\/\/www.mojabochnia.pl\/#organization"},"potentialAction":[{"@type":"SearchAction","target":{"@type":"EntryPoint","urlTemplate":"https:\/\/www.mojabochnia.pl\/?s={search_term_string}"},"query-input":{"@type":"PropertyValueSpecification","valueRequired":true,"valueName":"search_term_string"}}],"inLanguage":"pl-PL"},{"@type":"Organization","@id":"https:\/\/www.mojabochnia.pl\/#organization","name":"mojabochnia.pl - portal informacyjny","url":"https:\/\/www.mojabochnia.pl\/","logo":{"@type":"ImageObject","inLanguage":"pl-PL","@id":"https:\/\/www.mojabochnia.pl\/#\/schema\/logo\/image\/","url":"https:\/\/www.mojabochnia.pl\/wp-content\/uploads\/2017\/08\/logo-mb-opt.png","contentUrl":"https:\/\/www.mojabochnia.pl\/wp-content\/uploads\/2017\/08\/logo-mb-opt.png","width":250,"height":48,"caption":"mojabochnia.pl - portal informacyjny"},"image":{"@id":"https:\/\/www.mojabochnia.pl\/#\/schema\/logo\/image\/"},"sameAs":["https:\/\/www.facebook.com\/mojabochnia"]},{"@type":"Person","@id":"https:\/\/www.mojabochnia.pl\/#\/schema\/person\/7e2f20ead9902216a3384f13606c0ab7","name":"redakcja","sameAs":["http:\/\/"],"url":"https:\/\/www.mojabochnia.pl\/?author=13"}]}},"_links":{"self":[{"href":"https:\/\/www.mojabochnia.pl\/index.php?rest_route=\/wp\/v2\/posts\/96033","targetHints":{"allow":["GET"]}}],"collection":[{"href":"https:\/\/www.mojabochnia.pl\/index.php?rest_route=\/wp\/v2\/posts"}],"about":[{"href":"https:\/\/www.mojabochnia.pl\/index.php?rest_route=\/wp\/v2\/types\/post"}],"author":[{"embeddable":true,"href":"https:\/\/www.mojabochnia.pl\/index.php?rest_route=\/wp\/v2\/users\/13"}],"replies":[{"embeddable":true,"href":"https:\/\/www.mojabochnia.pl\/index.php?rest_route=%2Fwp%2Fv2%2Fcomments&post=96033"}],"version-history":[{"count":2,"href":"https:\/\/www.mojabochnia.pl\/index.php?rest_route=\/wp\/v2\/posts\/96033\/revisions"}],"predecessor-version":[{"id":96036,"href":"https:\/\/www.mojabochnia.pl\/index.php?rest_route=\/wp\/v2\/posts\/96033\/revisions\/96036"}],"wp:attachment":[{"href":"https:\/\/www.mojabochnia.pl\/index.php?rest_route=%2Fwp%2Fv2%2Fmedia&parent=96033"}],"wp:term":[{"taxonomy":"category","embeddable":true,"href":"https:\/\/www.mojabochnia.pl\/index.php?rest_route=%2Fwp%2Fv2%2Fcategories&post=96033"},{"taxonomy":"post_tag","embeddable":true,"href":"https:\/\/www.mojabochnia.pl\/index.php?rest_route=%2Fwp%2Fv2%2Ftags&post=96033"}],"curies":[{"name":"wp","href":"https:\/\/api.w.org\/{rel}","templated":true}]}}