{"id":93820,"date":"2013-07-09T11:45:34","date_gmt":"2013-07-09T09:45:34","guid":{"rendered":"http:\/\/www.mojabochnia.pl\/?p=93820"},"modified":"2013-07-09T14:11:09","modified_gmt":"2013-07-09T12:11:09","slug":"gawlow-walcza-o-chodnik-zapowiadaja-pozew-zbiorowy","status":"publish","type":"post","link":"https:\/\/www.mojabochnia.pl\/?p=93820","title":{"rendered":"Gaw\u0142\u00f3w: walcz\u0105 o chodnik, zapowiadaj\u0105 pozew zbiorowy"},"content":{"rendered":"<p>Przez Gaw\u0142\u00f3w biegnie droga powiatowa b\u0119d\u0105ca zjazdem z autostrady w kierunku p\u00f3\u0142nocnym. Ludzie skar\u017c\u0105 si\u0119 na zwi\u0119kszone nat\u0119\u017cenie ruchu i nieodpowiedzialne zachowanie kierowc\u00f3w. Od wielu miesi\u0119cy domagaj\u0105 si\u0119 te\u017c budowy chodnika. W\u0142adze powiatu jednak rozk\u0142adaj\u0105 r\u0119ce, m\u00f3wi\u0105c \u017ce nie ma na to pieni\u0119dzy. Dlatego wzd\u0142u\u017c drogi zawis\u0142o kilkana\u015bcie baner\u00f3w z namalowanymi has\u0142ami.<\/p>\n<p><em>Prawie wsz\u0119dzie s\u0105 chodniki, a odcinek drogi K 1424 jest omijany. Musimy chodzi\u0107 poboczami, rowami, \u017ceby m\u00f3c przej\u015b\u0107 z miejsca na miejsce, a starosta nas lekcewa\u017cy. Dzieci jad\u0105 do szko\u0142y, jest bardzo niebezpiecznie, na rowerze nawet nie ma si\u0119 co wybiera\u0107, bo jad\u0105 du\u017ce samochody i nie ma gdzie ucieka\u0107. Oni na rowerzyst\u00f3w nie zwracaj\u0105 uwagi. B\u0119dziemy walczy\u0107 o ten chodnik, teraz si\u0119 plakatujemy, nie pomo\u017ce, b\u0119dziemy blokowa\u0107<\/em> \u2013 m\u00f3wi\u0105 mieszka\u0144cy. <\/p>\n<p>So\u0142tys Gaw\u0142owa Ryszard Rataj zwraca uwag\u0119, \u017ce celem akcji jest budowa chodnika jedynie w newralgicznych miejscach, a nie na ca\u0142ej d\u0142ugo\u015bci drogi. <em>Nie ma sensu budowa chodnika na d\u0142ugo\u015bci powiedzmy 10 km, bo s\u0105 szczere pola, gdzie chodnik jest niepotrzebny, a s\u0105 miejsca zabudowane, gdzie chodnik by si\u0119 przyda\u0142<\/em> &#8211; m\u00f3wi.<\/p>\n<p><em>Prosili\u015bmy i w ostatnim pi\u015bmie by\u0142o nawet zaznaczone, \u017ce gdy nasze pro\u015bby nie poskutkuj\u0105, b\u0119dzie co\u015b takiego jak oplakatowanie, blokada dr\u00f3g i talk dalej. W tej chwili mieszka\u0144cy przygotowuj\u0105 si\u0119 do pozwu zbiorowego, wysz\u0142o to z inicjatywy mieszka\u0144c\u00f3w na ostatnim zebraniu jednog\u0142o\u015bnie, nie by\u0142o \u017cadnych sprzeciw\u00f3w. Po prostu walczymy o to, co nam si\u0119 nale\u017cy. Przepisy s\u0105 jednoznaczne, tym bardziej nie jest tajemnic\u0105 \u017ce pan starosta dosta\u0142 pieni\u0105dze, ka\u017cdy wie, jaka kwota by\u0142a i gdzie te pieni\u0105dze posz\u0142y<\/em> \u2013 m\u00f3wi Mariola Rataj.<\/p>\n<p>Do protestu prawdopodobnie przy\u0142\u0105cz\u0105 si\u0119 r\u00f3wnie\u017c pozosta\u0142e so\u0142ectwa le\u017c\u0105ce wzd\u0142u\u017c drogi powiatowej nr K1424. <em>Z naszej inicjatywy wysz\u0142o spotkanie so\u0142tys\u00f3w miejscowo\u015bci S\u0142omka, Gaw\u0142\u00f3w, Majkowice, Bogucice, Bess\u00f3w i Cerekiew. So\u0142tysi i rada so\u0142ecka b\u0119d\u0105c na zebraniu w \u015bwietlicy w Gaw\u0142owie jednog\u0142o\u015bnie stwierdzili, \u017ce do\u0142\u0105czaj\u0105 si\u0119 do naszej akcji. Tak wi\u0119c by\u0107 mo\u017ce rozszerzy si\u0119 ona na wszystkie pozosta\u0142e miejscowo\u015bci, kt\u00f3rych to dotyczy<\/em> \u2013 dodaje Mariola Rataj.<\/p>\n<p>Jak ju\u017c <a href=\"http:\/\/www.mojabochnia.pl\/?p=93794\">informowali\u015bmy<\/a>, powiat boche\u0144ski dosta\u0142 od wykonawcy autostrady ponad 5 mln z\u0142 na remont dr\u00f3g uszkodzonych w trakcie jej budowy. Pieni\u0105dze te zosta\u0142y ju\u017c jednak wydane g\u0142\u00f3wnie <a href=\"http:\/\/www.mojabochnia.pl\/?p=80002\">na drogi nie zwi\u0105zane z t\u0105 inwestycj\u0105<\/a>. <\/p>\n\t  \r\n\t\r\n\t    <div class=\"mb-gallery\">\r\n\t    <a href=\"https:\/\/www.mojabochnia.pl\/?attachment_id=93822\" class=\"\"><img loading=\"lazy\" decoding=\"async\" width=\"100\" height=\"56\" src=\"https:\/\/www.mojabochnia.pl\/wp-content\/uploads\/2013\/07\/IMG_6402-120x67.jpg\" class=\"attachment-100x100 size-100x100\" alt=\"\" srcset=\"https:\/\/www.mojabochnia.pl\/wp-content\/uploads\/2013\/07\/IMG_6402-120x67.jpg 120w, https:\/\/www.mojabochnia.pl\/wp-content\/uploads\/2013\/07\/IMG_6402-468x263.jpg 468w, https:\/\/www.mojabochnia.pl\/wp-content\/uploads\/2013\/07\/IMG_6402-660x371.jpg 660w, https:\/\/www.mojabochnia.pl\/wp-content\/uploads\/2013\/07\/IMG_6402.jpg 800w\" sizes=\"auto, (max-width: 100px) 100vw, 100px\" \/><\/a><a href=\"https:\/\/www.mojabochnia.pl\/?attachment_id=93823\" class=\"\"><img loading=\"lazy\" decoding=\"async\" width=\"100\" height=\"56\" src=\"https:\/\/www.mojabochnia.pl\/wp-content\/uploads\/2013\/07\/IMG_6404-120x67.jpg\" class=\"attachment-100x100 size-100x100\" alt=\"\" srcset=\"https:\/\/www.mojabochnia.pl\/wp-content\/uploads\/2013\/07\/IMG_6404-120x67.jpg 120w, https:\/\/www.mojabochnia.pl\/wp-content\/uploads\/2013\/07\/IMG_6404-468x263.jpg 468w, https:\/\/www.mojabochnia.pl\/wp-content\/uploads\/2013\/07\/IMG_6404-660x371.jpg 660w, https:\/\/www.mojabochnia.pl\/wp-content\/uploads\/2013\/07\/IMG_6404.jpg 800w\" sizes=\"auto, (max-width: 100px) 100vw, 100px\" \/><\/a><a href=\"https:\/\/www.mojabochnia.pl\/?attachment_id=93824\" class=\"\"><img loading=\"lazy\" decoding=\"async\" width=\"100\" height=\"56\" src=\"https:\/\/www.mojabochnia.pl\/wp-content\/uploads\/2013\/07\/IMG_6405-120x67.jpg\" class=\"attachment-100x100 size-100x100\" alt=\"\" srcset=\"https:\/\/www.mojabochnia.pl\/wp-content\/uploads\/2013\/07\/IMG_6405-120x67.jpg 120w, https:\/\/www.mojabochnia.pl\/wp-content\/uploads\/2013\/07\/IMG_6405-468x263.jpg 468w, https:\/\/www.mojabochnia.pl\/wp-content\/uploads\/2013\/07\/IMG_6405-660x371.jpg 660w, https:\/\/www.mojabochnia.pl\/wp-content\/uploads\/2013\/07\/IMG_6405.jpg 800w\" sizes=\"auto, (max-width: 100px) 100vw, 100px\" \/><\/a><a href=\"https:\/\/www.mojabochnia.pl\/?attachment_id=93825\" class=\"\"><img loading=\"lazy\" decoding=\"async\" width=\"100\" height=\"56\" src=\"https:\/\/www.mojabochnia.pl\/wp-content\/uploads\/2013\/07\/IMG_6407-120x67.jpg\" class=\"attachment-100x100 size-100x100\" alt=\"\" srcset=\"https:\/\/www.mojabochnia.pl\/wp-content\/uploads\/2013\/07\/IMG_6407-120x67.jpg 120w, https:\/\/www.mojabochnia.pl\/wp-content\/uploads\/2013\/07\/IMG_6407-468x263.jpg 468w, https:\/\/www.mojabochnia.pl\/wp-content\/uploads\/2013\/07\/IMG_6407-660x371.jpg 660w, https:\/\/www.mojabochnia.pl\/wp-content\/uploads\/2013\/07\/IMG_6407.jpg 800w\" sizes=\"auto, (max-width: 100px) 100vw, 100px\" \/><\/a><a href=\"https:\/\/www.mojabochnia.pl\/?attachment_id=93826\" class=\"\"><img loading=\"lazy\" decoding=\"async\" width=\"100\" height=\"56\" src=\"https:\/\/www.mojabochnia.pl\/wp-content\/uploads\/2013\/07\/IMG_6410-120x67.jpg\" class=\"attachment-100x100 size-100x100\" alt=\"\" srcset=\"https:\/\/www.mojabochnia.pl\/wp-content\/uploads\/2013\/07\/IMG_6410-120x67.jpg 120w, https:\/\/www.mojabochnia.pl\/wp-content\/uploads\/2013\/07\/IMG_6410-468x263.jpg 468w, https:\/\/www.mojabochnia.pl\/wp-content\/uploads\/2013\/07\/IMG_6410-660x371.jpg 660w, https:\/\/www.mojabochnia.pl\/wp-content\/uploads\/2013\/07\/IMG_6410.jpg 800w\" sizes=\"auto, (max-width: 100px) 100vw, 100px\" \/><\/a><a href=\"https:\/\/www.mojabochnia.pl\/?attachment_id=93827\" class=\"\"><img loading=\"lazy\" decoding=\"async\" width=\"100\" height=\"56\" src=\"https:\/\/www.mojabochnia.pl\/wp-content\/uploads\/2013\/07\/IMG_6411-120x67.jpg\" class=\"attachment-100x100 size-100x100\" alt=\"\" srcset=\"https:\/\/www.mojabochnia.pl\/wp-content\/uploads\/2013\/07\/IMG_6411-120x67.jpg 120w, https:\/\/www.mojabochnia.pl\/wp-content\/uploads\/2013\/07\/IMG_6411-468x263.jpg 468w, https:\/\/www.mojabochnia.pl\/wp-content\/uploads\/2013\/07\/IMG_6411-660x371.jpg 660w, https:\/\/www.mojabochnia.pl\/wp-content\/uploads\/2013\/07\/IMG_6411.jpg 800w\" sizes=\"auto, (max-width: 100px) 100vw, 100px\" \/><\/a><a href=\"https:\/\/www.mojabochnia.pl\/?attachment_id=93828\" class=\"\"><img loading=\"lazy\" decoding=\"async\" width=\"100\" height=\"56\" src=\"https:\/\/www.mojabochnia.pl\/wp-content\/uploads\/2013\/07\/IMG_6412-120x67.jpg\" class=\"attachment-100x100 size-100x100\" alt=\"\" srcset=\"https:\/\/www.mojabochnia.pl\/wp-content\/uploads\/2013\/07\/IMG_6412-120x67.jpg 120w, https:\/\/www.mojabochnia.pl\/wp-content\/uploads\/2013\/07\/IMG_6412-468x263.jpg 468w, https:\/\/www.mojabochnia.pl\/wp-content\/uploads\/2013\/07\/IMG_6412-660x371.jpg 660w, https:\/\/www.mojabochnia.pl\/wp-content\/uploads\/2013\/07\/IMG_6412.jpg 800w\" sizes=\"auto, (max-width: 100px) 100vw, 100px\" \/><\/a><a href=\"https:\/\/www.mojabochnia.pl\/?attachment_id=93829\" class=\"\"><img loading=\"lazy\" decoding=\"async\" width=\"100\" height=\"56\" src=\"https:\/\/www.mojabochnia.pl\/wp-content\/uploads\/2013\/07\/IMG_6415-120x67.jpg\" class=\"attachment-100x100 size-100x100\" alt=\"\" srcset=\"https:\/\/www.mojabochnia.pl\/wp-content\/uploads\/2013\/07\/IMG_6415-120x67.jpg 120w, https:\/\/www.mojabochnia.pl\/wp-content\/uploads\/2013\/07\/IMG_6415-468x263.jpg 468w, https:\/\/www.mojabochnia.pl\/wp-content\/uploads\/2013\/07\/IMG_6415-660x371.jpg 660w, https:\/\/www.mojabochnia.pl\/wp-content\/uploads\/2013\/07\/IMG_6415.jpg 800w\" sizes=\"auto, (max-width: 100px) 100vw, 100px\" \/><\/a><a href=\"https:\/\/www.mojabochnia.pl\/?attachment_id=93830\" class=\"\"><img loading=\"lazy\" decoding=\"async\" width=\"100\" height=\"56\" src=\"https:\/\/www.mojabochnia.pl\/wp-content\/uploads\/2013\/07\/IMG_6417-120x67.jpg\" class=\"attachment-100x100 size-100x100\" alt=\"\" srcset=\"https:\/\/www.mojabochnia.pl\/wp-content\/uploads\/2013\/07\/IMG_6417-120x67.jpg 120w, https:\/\/www.mojabochnia.pl\/wp-content\/uploads\/2013\/07\/IMG_6417-468x263.jpg 468w, https:\/\/www.mojabochnia.pl\/wp-content\/uploads\/2013\/07\/IMG_6417-660x371.jpg 660w, https:\/\/www.mojabochnia.pl\/wp-content\/uploads\/2013\/07\/IMG_6417.jpg 800w\" sizes=\"auto, (max-width: 100px) 100vw, 100px\" \/><\/a><a href=\"https:\/\/www.mojabochnia.pl\/?attachment_id=93831\" class=\"\"><img loading=\"lazy\" decoding=\"async\" width=\"100\" height=\"56\" src=\"https:\/\/www.mojabochnia.pl\/wp-content\/uploads\/2013\/07\/IMG_6419-120x67.jpg\" class=\"attachment-100x100 size-100x100\" alt=\"\" srcset=\"https:\/\/www.mojabochnia.pl\/wp-content\/uploads\/2013\/07\/IMG_6419-120x67.jpg 120w, https:\/\/www.mojabochnia.pl\/wp-content\/uploads\/2013\/07\/IMG_6419-468x263.jpg 468w, https:\/\/www.mojabochnia.pl\/wp-content\/uploads\/2013\/07\/IMG_6419-660x371.jpg 660w, https:\/\/www.mojabochnia.pl\/wp-content\/uploads\/2013\/07\/IMG_6419.jpg 800w\" sizes=\"auto, (max-width: 100px) 100vw, 100px\" \/><\/a><a href=\"https:\/\/www.mojabochnia.pl\/?attachment_id=93832\" class=\"\"><img loading=\"lazy\" decoding=\"async\" width=\"100\" height=\"56\" src=\"https:\/\/www.mojabochnia.pl\/wp-content\/uploads\/2013\/07\/IMG_6420-120x67.jpg\" class=\"attachment-100x100 size-100x100\" alt=\"\" srcset=\"https:\/\/www.mojabochnia.pl\/wp-content\/uploads\/2013\/07\/IMG_6420-120x67.jpg 120w, https:\/\/www.mojabochnia.pl\/wp-content\/uploads\/2013\/07\/IMG_6420-468x263.jpg 468w, https:\/\/www.mojabochnia.pl\/wp-content\/uploads\/2013\/07\/IMG_6420-660x371.jpg 660w, https:\/\/www.mojabochnia.pl\/wp-content\/uploads\/2013\/07\/IMG_6420.jpg 800w\" sizes=\"auto, (max-width: 100px) 100vw, 100px\" \/><\/a><a href=\"https:\/\/www.mojabochnia.pl\/?attachment_id=93833\" class=\"\"><img loading=\"lazy\" decoding=\"async\" width=\"100\" height=\"56\" src=\"https:\/\/www.mojabochnia.pl\/wp-content\/uploads\/2013\/07\/IMG_6421-120x67.jpg\" class=\"attachment-100x100 size-100x100\" alt=\"\" srcset=\"https:\/\/www.mojabochnia.pl\/wp-content\/uploads\/2013\/07\/IMG_6421-120x67.jpg 120w, https:\/\/www.mojabochnia.pl\/wp-content\/uploads\/2013\/07\/IMG_6421-468x263.jpg 468w, https:\/\/www.mojabochnia.pl\/wp-content\/uploads\/2013\/07\/IMG_6421-660x371.jpg 660w, https:\/\/www.mojabochnia.pl\/wp-content\/uploads\/2013\/07\/IMG_6421.jpg 800w\" sizes=\"auto, (max-width: 100px) 100vw, 100px\" \/><\/a><a href=\"https:\/\/www.mojabochnia.pl\/?attachment_id=93834\" class=\"\"><img loading=\"lazy\" decoding=\"async\" width=\"100\" height=\"56\" src=\"https:\/\/www.mojabochnia.pl\/wp-content\/uploads\/2013\/07\/IMG_6422-120x67.jpg\" class=\"attachment-100x100 size-100x100\" alt=\"\" srcset=\"https:\/\/www.mojabochnia.pl\/wp-content\/uploads\/2013\/07\/IMG_6422-120x67.jpg 120w, https:\/\/www.mojabochnia.pl\/wp-content\/uploads\/2013\/07\/IMG_6422-468x263.jpg 468w, https:\/\/www.mojabochnia.pl\/wp-content\/uploads\/2013\/07\/IMG_6422-660x371.jpg 660w, https:\/\/www.mojabochnia.pl\/wp-content\/uploads\/2013\/07\/IMG_6422.jpg 800w\" sizes=\"auto, (max-width: 100px) 100vw, 100px\" \/><\/a><a href=\"https:\/\/www.mojabochnia.pl\/?attachment_id=93835\" class=\"\"><img loading=\"lazy\" decoding=\"async\" width=\"100\" height=\"56\" src=\"https:\/\/www.mojabochnia.pl\/wp-content\/uploads\/2013\/07\/IMG_6423-120x67.jpg\" class=\"attachment-100x100 size-100x100\" alt=\"\" srcset=\"https:\/\/www.mojabochnia.pl\/wp-content\/uploads\/2013\/07\/IMG_6423-120x67.jpg 120w, https:\/\/www.mojabochnia.pl\/wp-content\/uploads\/2013\/07\/IMG_6423-468x263.jpg 468w, https:\/\/www.mojabochnia.pl\/wp-content\/uploads\/2013\/07\/IMG_6423-660x371.jpg 660w, https:\/\/www.mojabochnia.pl\/wp-content\/uploads\/2013\/07\/IMG_6423.jpg 800w\" sizes=\"auto, (max-width: 100px) 100vw, 100px\" \/><\/a><a href=\"https:\/\/www.mojabochnia.pl\/?attachment_id=93836\" class=\"\"><img loading=\"lazy\" decoding=\"async\" width=\"100\" height=\"56\" src=\"https:\/\/www.mojabochnia.pl\/wp-content\/uploads\/2013\/07\/IMG_6424-120x67.jpg\" class=\"attachment-100x100 size-100x100\" alt=\"\" srcset=\"https:\/\/www.mojabochnia.pl\/wp-content\/uploads\/2013\/07\/IMG_6424-120x67.jpg 120w, https:\/\/www.mojabochnia.pl\/wp-content\/uploads\/2013\/07\/IMG_6424-468x263.jpg 468w, https:\/\/www.mojabochnia.pl\/wp-content\/uploads\/2013\/07\/IMG_6424-660x371.jpg 660w, https:\/\/www.mojabochnia.pl\/wp-content\/uploads\/2013\/07\/IMG_6424.jpg 800w\" sizes=\"auto, (max-width: 100px) 100vw, 100px\" \/><\/a><a href=\"https:\/\/www.mojabochnia.pl\/?attachment_id=93837\" class=\"\"><img loading=\"lazy\" decoding=\"async\" width=\"100\" height=\"56\" src=\"https:\/\/www.mojabochnia.pl\/wp-content\/uploads\/2013\/07\/IMG_6425-120x67.jpg\" class=\"attachment-100x100 size-100x100\" alt=\"\" srcset=\"https:\/\/www.mojabochnia.pl\/wp-content\/uploads\/2013\/07\/IMG_6425-120x67.jpg 120w, https:\/\/www.mojabochnia.pl\/wp-content\/uploads\/2013\/07\/IMG_6425-468x263.jpg 468w, https:\/\/www.mojabochnia.pl\/wp-content\/uploads\/2013\/07\/IMG_6425-660x371.jpg 660w, https:\/\/www.mojabochnia.pl\/wp-content\/uploads\/2013\/07\/IMG_6425.jpg 800w\" sizes=\"auto, (max-width: 100px) 100vw, 100px\" \/><\/a><a href=\"https:\/\/www.mojabochnia.pl\/?attachment_id=93838\" class=\"\"><img loading=\"lazy\" decoding=\"async\" width=\"100\" height=\"56\" src=\"https:\/\/www.mojabochnia.pl\/wp-content\/uploads\/2013\/07\/IMG_6426-120x67.jpg\" class=\"attachment-100x100 size-100x100\" alt=\"\" srcset=\"https:\/\/www.mojabochnia.pl\/wp-content\/uploads\/2013\/07\/IMG_6426-120x67.jpg 120w, https:\/\/www.mojabochnia.pl\/wp-content\/uploads\/2013\/07\/IMG_6426-468x263.jpg 468w, https:\/\/www.mojabochnia.pl\/wp-content\/uploads\/2013\/07\/IMG_6426-660x371.jpg 660w, https:\/\/www.mojabochnia.pl\/wp-content\/uploads\/2013\/07\/IMG_6426.jpg 800w\" sizes=\"auto, (max-width: 100px) 100vw, 100px\" \/><\/a><a href=\"https:\/\/www.mojabochnia.pl\/?attachment_id=93839\" class=\"\"><img loading=\"lazy\" decoding=\"async\" width=\"100\" height=\"56\" src=\"https:\/\/www.mojabochnia.pl\/wp-content\/uploads\/2013\/07\/IMG_6427-120x67.jpg\" class=\"attachment-100x100 size-100x100\" alt=\"\" srcset=\"https:\/\/www.mojabochnia.pl\/wp-content\/uploads\/2013\/07\/IMG_6427-120x67.jpg 120w, https:\/\/www.mojabochnia.pl\/wp-content\/uploads\/2013\/07\/IMG_6427-468x263.jpg 468w, https:\/\/www.mojabochnia.pl\/wp-content\/uploads\/2013\/07\/IMG_6427-660x371.jpg 660w, https:\/\/www.mojabochnia.pl\/wp-content\/uploads\/2013\/07\/IMG_6427.jpg 800w\" sizes=\"auto, (max-width: 100px) 100vw, 100px\" \/><\/a>\t    <\/div>\r\n\t    ","protected":false},"excerpt":{"rendered":"<p>\u201eChodnika nie dacie, wybory przegracie\u201d \u2013 wzd\u0142u\u017c drogi powiatowej w Gaw\u0142owie (gm. Bochnia) pojawi\u0142o si\u0119 kilkana\u015bcie baner\u00f3w z tym i podobnymi has\u0142ami. Ludzie s\u0105 zdeterminowani w walce o chodnik i zapowiadaj\u0105 pozew zbiorowy przeciwko staro\u015bcie i zarz\u0105dowi powiatu.<\/p>\n","protected":false},"author":4,"featured_media":0,"comment_status":"open","ping_status":"closed","sticky":true,"template":"","format":"standard","meta":{"_acf_changed":false,"footnotes":""},"categories":[5,6247,6246,6251,6250],"tags":[17226,7048,17527,17489,17225,17136,1285,17398,12703],"class_list":["post-93820","post","type-post","status-publish","format-standard","hentry","category-biezace-wydarzenia","category-fotogaleria","category-medium","category-polityka-i-wydarzenia","category-tematyka","tag-autostrada","tag-baner","tag-chodnik","tag-gawlow","tag-gmina-bochnia","tag-jacek-pajak","tag-plakat","tag-powiat","tag-pozew-zbiorowy","main_tag-chodnik"],"acf":[],"yoast_head":"<!-- This site is optimized with the Yoast SEO plugin v26.9 - https:\/\/yoast.com\/product\/yoast-seo-wordpress\/ -->\n<title>Gaw\u0142\u00f3w: walcz\u0105 o chodnik, zapowiadaj\u0105 pozew zbiorowy - mojabochnia.pl - portal informacyjny<\/title>\n<meta name=\"robots\" content=\"index, follow, max-snippet:-1, max-image-preview:large, max-video-preview:-1\" \/>\n<link rel=\"canonical\" href=\"https:\/\/www.mojabochnia.pl\/?p=93820\" \/>\n<meta property=\"og:locale\" content=\"pl_PL\" \/>\n<meta property=\"og:type\" content=\"article\" \/>\n<meta property=\"og:title\" content=\"Gaw\u0142\u00f3w: walcz\u0105 o chodnik, zapowiadaj\u0105 pozew zbiorowy - mojabochnia.pl - portal informacyjny\" \/>\n<meta property=\"og:description\" content=\"\u201eChodnika nie dacie, wybory przegracie\u201d \u2013 wzd\u0142u\u017c drogi powiatowej w Gaw\u0142owie (gm. Bochnia) pojawi\u0142o si\u0119 kilkana\u015bcie baner\u00f3w z tym i podobnymi has\u0142ami. Ludzie s\u0105 zdeterminowani w walce o chodnik i zapowiadaj\u0105 pozew zbiorowy przeciwko staro\u015bcie i zarz\u0105dowi powiatu.\" \/>\n<meta property=\"og:url\" content=\"https:\/\/www.mojabochnia.pl\/?p=93820\" \/>\n<meta property=\"og:site_name\" content=\"mojabochnia.pl - portal informacyjny\" \/>\n<meta property=\"article:publisher\" content=\"https:\/\/www.facebook.com\/mojabochnia\" \/>\n<meta property=\"article:published_time\" content=\"2013-07-09T09:45:34+00:00\" \/>\n<meta property=\"article:modified_time\" content=\"2013-07-09T12:11:09+00:00\" \/>\n<meta name=\"author\" content=\"Pawe\u0142 Michalczyk\" \/>\n<meta name=\"twitter:card\" content=\"summary_large_image\" \/>\n<meta name=\"twitter:label1\" content=\"Written by\" \/>\n\t<meta name=\"twitter:data1\" content=\"Pawe\u0142 Michalczyk\" \/>\n\t<meta name=\"twitter:label2\" content=\"Est. reading time\" \/>\n\t<meta name=\"twitter:data2\" content=\"2 minuty\" \/>\n<script type=\"application\/ld+json\" class=\"yoast-schema-graph\">{\"@context\":\"https:\/\/schema.org\",\"@graph\":[{\"@type\":\"Article\",\"@id\":\"https:\/\/www.mojabochnia.pl\/?p=93820#article\",\"isPartOf\":{\"@id\":\"https:\/\/www.mojabochnia.pl\/?p=93820\"},\"author\":{\"name\":\"Pawe\u0142 Michalczyk\",\"@id\":\"https:\/\/www.mojabochnia.pl\/#\/schema\/person\/ea042e4724a77627963f02166828ead4\"},\"headline\":\"Gaw\u0142\u00f3w: walcz\u0105 o chodnik, zapowiadaj\u0105 pozew zbiorowy\",\"datePublished\":\"2013-07-09T09:45:34+00:00\",\"dateModified\":\"2013-07-09T12:11:09+00:00\",\"mainEntityOfPage\":{\"@id\":\"https:\/\/www.mojabochnia.pl\/?p=93820\"},\"wordCount\":450,\"commentCount\":0,\"publisher\":{\"@id\":\"https:\/\/www.mojabochnia.pl\/#organization\"},\"keywords\":[\"autostrada\",\"baner\",\"chodnik\",\"gaw\u0142\u00f3w\",\"gmina bochnia\",\"jacek paj\u0105k\",\"plakat\",\"powiat\",\"pozew zbiorowy\"],\"articleSection\":[\"2_ostatnie\",\"fotogaleria\",\"Medium\",\"polityka i wydarzenia\",\"tematyka\"],\"inLanguage\":\"pl-PL\",\"potentialAction\":[{\"@type\":\"CommentAction\",\"name\":\"Comment\",\"target\":[\"https:\/\/www.mojabochnia.pl\/?p=93820#respond\"]}]},{\"@type\":\"WebPage\",\"@id\":\"https:\/\/www.mojabochnia.pl\/?p=93820\",\"url\":\"https:\/\/www.mojabochnia.pl\/?p=93820\",\"name\":\"Gaw\u0142\u00f3w: walcz\u0105 o chodnik, zapowiadaj\u0105 pozew zbiorowy - mojabochnia.pl - portal informacyjny\",\"isPartOf\":{\"@id\":\"https:\/\/www.mojabochnia.pl\/#website\"},\"datePublished\":\"2013-07-09T09:45:34+00:00\",\"dateModified\":\"2013-07-09T12:11:09+00:00\",\"breadcrumb\":{\"@id\":\"https:\/\/www.mojabochnia.pl\/?p=93820#breadcrumb\"},\"inLanguage\":\"pl-PL\",\"potentialAction\":[{\"@type\":\"ReadAction\",\"target\":[\"https:\/\/www.mojabochnia.pl\/?p=93820\"]}]},{\"@type\":\"BreadcrumbList\",\"@id\":\"https:\/\/www.mojabochnia.pl\/?p=93820#breadcrumb\",\"itemListElement\":[{\"@type\":\"ListItem\",\"position\":1,\"name\":\"Home\",\"item\":\"https:\/\/www.mojabochnia.pl\/\"},{\"@type\":\"ListItem\",\"position\":2,\"name\":\"Gaw\u0142\u00f3w: walcz\u0105 o chodnik, zapowiadaj\u0105 pozew zbiorowy\"}]},{\"@type\":\"WebSite\",\"@id\":\"https:\/\/www.mojabochnia.pl\/#website\",\"url\":\"https:\/\/www.mojabochnia.pl\/\",\"name\":\"mojabochnia.pl - portal informacyjny\",\"description\":\"mojaBochnia to portal informacyjny o Bochni. Codziennie o Bochni piszemy i pokazujemy najwa\u017cniejsze wydarzenia\",\"publisher\":{\"@id\":\"https:\/\/www.mojabochnia.pl\/#organization\"},\"potentialAction\":[{\"@type\":\"SearchAction\",\"target\":{\"@type\":\"EntryPoint\",\"urlTemplate\":\"https:\/\/www.mojabochnia.pl\/?s={search_term_string}\"},\"query-input\":{\"@type\":\"PropertyValueSpecification\",\"valueRequired\":true,\"valueName\":\"search_term_string\"}}],\"inLanguage\":\"pl-PL\"},{\"@type\":\"Organization\",\"@id\":\"https:\/\/www.mojabochnia.pl\/#organization\",\"name\":\"mojabochnia.pl - portal informacyjny\",\"url\":\"https:\/\/www.mojabochnia.pl\/\",\"logo\":{\"@type\":\"ImageObject\",\"inLanguage\":\"pl-PL\",\"@id\":\"https:\/\/www.mojabochnia.pl\/#\/schema\/logo\/image\/\",\"url\":\"https:\/\/www.mojabochnia.pl\/wp-content\/uploads\/2017\/08\/logo-mb-opt.png\",\"contentUrl\":\"https:\/\/www.mojabochnia.pl\/wp-content\/uploads\/2017\/08\/logo-mb-opt.png\",\"width\":250,\"height\":48,\"caption\":\"mojabochnia.pl - portal informacyjny\"},\"image\":{\"@id\":\"https:\/\/www.mojabochnia.pl\/#\/schema\/logo\/image\/\"},\"sameAs\":[\"https:\/\/www.facebook.com\/mojabochnia\"]},{\"@type\":\"Person\",\"@id\":\"https:\/\/www.mojabochnia.pl\/#\/schema\/person\/ea042e4724a77627963f02166828ead4\",\"name\":\"Pawe\u0142 Michalczyk\",\"url\":\"https:\/\/www.mojabochnia.pl\/?author=4\"}]}<\/script>\n<!-- \/ Yoast SEO plugin. -->","yoast_head_json":{"title":"Gaw\u0142\u00f3w: walcz\u0105 o chodnik, zapowiadaj\u0105 pozew zbiorowy - mojabochnia.pl - portal informacyjny","robots":{"index":"index","follow":"follow","max-snippet":"max-snippet:-1","max-image-preview":"max-image-preview:large","max-video-preview":"max-video-preview:-1"},"canonical":"https:\/\/www.mojabochnia.pl\/?p=93820","og_locale":"pl_PL","og_type":"article","og_title":"Gaw\u0142\u00f3w: walcz\u0105 o chodnik, zapowiadaj\u0105 pozew zbiorowy - mojabochnia.pl - portal informacyjny","og_description":"\u201eChodnika nie dacie, wybory przegracie\u201d \u2013 wzd\u0142u\u017c drogi powiatowej w Gaw\u0142owie (gm. Bochnia) pojawi\u0142o si\u0119 kilkana\u015bcie baner\u00f3w z tym i podobnymi has\u0142ami. Ludzie s\u0105 zdeterminowani w walce o chodnik i zapowiadaj\u0105 pozew zbiorowy przeciwko staro\u015bcie i zarz\u0105dowi powiatu.","og_url":"https:\/\/www.mojabochnia.pl\/?p=93820","og_site_name":"mojabochnia.pl - portal informacyjny","article_publisher":"https:\/\/www.facebook.com\/mojabochnia","article_published_time":"2013-07-09T09:45:34+00:00","article_modified_time":"2013-07-09T12:11:09+00:00","author":"Pawe\u0142 Michalczyk","twitter_card":"summary_large_image","twitter_misc":{"Written by":"Pawe\u0142 Michalczyk","Est. reading time":"2 minuty"},"schema":{"@context":"https:\/\/schema.org","@graph":[{"@type":"Article","@id":"https:\/\/www.mojabochnia.pl\/?p=93820#article","isPartOf":{"@id":"https:\/\/www.mojabochnia.pl\/?p=93820"},"author":{"name":"Pawe\u0142 Michalczyk","@id":"https:\/\/www.mojabochnia.pl\/#\/schema\/person\/ea042e4724a77627963f02166828ead4"},"headline":"Gaw\u0142\u00f3w: walcz\u0105 o chodnik, zapowiadaj\u0105 pozew zbiorowy","datePublished":"2013-07-09T09:45:34+00:00","dateModified":"2013-07-09T12:11:09+00:00","mainEntityOfPage":{"@id":"https:\/\/www.mojabochnia.pl\/?p=93820"},"wordCount":450,"commentCount":0,"publisher":{"@id":"https:\/\/www.mojabochnia.pl\/#organization"},"keywords":["autostrada","baner","chodnik","gaw\u0142\u00f3w","gmina bochnia","jacek paj\u0105k","plakat","powiat","pozew zbiorowy"],"articleSection":["2_ostatnie","fotogaleria","Medium","polityka i wydarzenia","tematyka"],"inLanguage":"pl-PL","potentialAction":[{"@type":"CommentAction","name":"Comment","target":["https:\/\/www.mojabochnia.pl\/?p=93820#respond"]}]},{"@type":"WebPage","@id":"https:\/\/www.mojabochnia.pl\/?p=93820","url":"https:\/\/www.mojabochnia.pl\/?p=93820","name":"Gaw\u0142\u00f3w: walcz\u0105 o chodnik, zapowiadaj\u0105 pozew zbiorowy - mojabochnia.pl - portal informacyjny","isPartOf":{"@id":"https:\/\/www.mojabochnia.pl\/#website"},"datePublished":"2013-07-09T09:45:34+00:00","dateModified":"2013-07-09T12:11:09+00:00","breadcrumb":{"@id":"https:\/\/www.mojabochnia.pl\/?p=93820#breadcrumb"},"inLanguage":"pl-PL","potentialAction":[{"@type":"ReadAction","target":["https:\/\/www.mojabochnia.pl\/?p=93820"]}]},{"@type":"BreadcrumbList","@id":"https:\/\/www.mojabochnia.pl\/?p=93820#breadcrumb","itemListElement":[{"@type":"ListItem","position":1,"name":"Home","item":"https:\/\/www.mojabochnia.pl\/"},{"@type":"ListItem","position":2,"name":"Gaw\u0142\u00f3w: walcz\u0105 o chodnik, zapowiadaj\u0105 pozew zbiorowy"}]},{"@type":"WebSite","@id":"https:\/\/www.mojabochnia.pl\/#website","url":"https:\/\/www.mojabochnia.pl\/","name":"mojabochnia.pl - portal informacyjny","description":"mojaBochnia to portal informacyjny o Bochni. Codziennie o Bochni piszemy i pokazujemy najwa\u017cniejsze wydarzenia","publisher":{"@id":"https:\/\/www.mojabochnia.pl\/#organization"},"potentialAction":[{"@type":"SearchAction","target":{"@type":"EntryPoint","urlTemplate":"https:\/\/www.mojabochnia.pl\/?s={search_term_string}"},"query-input":{"@type":"PropertyValueSpecification","valueRequired":true,"valueName":"search_term_string"}}],"inLanguage":"pl-PL"},{"@type":"Organization","@id":"https:\/\/www.mojabochnia.pl\/#organization","name":"mojabochnia.pl - portal informacyjny","url":"https:\/\/www.mojabochnia.pl\/","logo":{"@type":"ImageObject","inLanguage":"pl-PL","@id":"https:\/\/www.mojabochnia.pl\/#\/schema\/logo\/image\/","url":"https:\/\/www.mojabochnia.pl\/wp-content\/uploads\/2017\/08\/logo-mb-opt.png","contentUrl":"https:\/\/www.mojabochnia.pl\/wp-content\/uploads\/2017\/08\/logo-mb-opt.png","width":250,"height":48,"caption":"mojabochnia.pl - portal informacyjny"},"image":{"@id":"https:\/\/www.mojabochnia.pl\/#\/schema\/logo\/image\/"},"sameAs":["https:\/\/www.facebook.com\/mojabochnia"]},{"@type":"Person","@id":"https:\/\/www.mojabochnia.pl\/#\/schema\/person\/ea042e4724a77627963f02166828ead4","name":"Pawe\u0142 Michalczyk","url":"https:\/\/www.mojabochnia.pl\/?author=4"}]}},"_links":{"self":[{"href":"https:\/\/www.mojabochnia.pl\/index.php?rest_route=\/wp\/v2\/posts\/93820","targetHints":{"allow":["GET"]}}],"collection":[{"href":"https:\/\/www.mojabochnia.pl\/index.php?rest_route=\/wp\/v2\/posts"}],"about":[{"href":"https:\/\/www.mojabochnia.pl\/index.php?rest_route=\/wp\/v2\/types\/post"}],"author":[{"embeddable":true,"href":"https:\/\/www.mojabochnia.pl\/index.php?rest_route=\/wp\/v2\/users\/4"}],"replies":[{"embeddable":true,"href":"https:\/\/www.mojabochnia.pl\/index.php?rest_route=%2Fwp%2Fv2%2Fcomments&post=93820"}],"version-history":[{"count":8,"href":"https:\/\/www.mojabochnia.pl\/index.php?rest_route=\/wp\/v2\/posts\/93820\/revisions"}],"predecessor-version":[{"id":93859,"href":"https:\/\/www.mojabochnia.pl\/index.php?rest_route=\/wp\/v2\/posts\/93820\/revisions\/93859"}],"wp:attachment":[{"href":"https:\/\/www.mojabochnia.pl\/index.php?rest_route=%2Fwp%2Fv2%2Fmedia&parent=93820"}],"wp:term":[{"taxonomy":"category","embeddable":true,"href":"https:\/\/www.mojabochnia.pl\/index.php?rest_route=%2Fwp%2Fv2%2Fcategories&post=93820"},{"taxonomy":"post_tag","embeddable":true,"href":"https:\/\/www.mojabochnia.pl\/index.php?rest_route=%2Fwp%2Fv2%2Ftags&post=93820"}],"curies":[{"name":"wp","href":"https:\/\/api.w.org\/{rel}","templated":true}]}}