{"id":93813,"date":"2013-07-09T07:14:15","date_gmt":"2013-07-09T05:14:15","guid":{"rendered":"http:\/\/www.mojabochnia.pl\/?p=93813"},"modified":"2013-07-08T14:18:12","modified_gmt":"2013-07-08T12:18:12","slug":"lazy-konkurs-kulinarny-wyniki","status":"publish","type":"post","link":"https:\/\/www.mojabochnia.pl\/?p=93813","title":{"rendered":"\u0141azy: konkurs kulinarny &#8211; wyniki"},"content":{"rendered":"<p>Konkurs zorganizowa\u0142o Gminne Centrum Kultury, Czytelnictwa i Sportu w Rzezawie w ramach realizacji projektu \u201eMamy czym si\u0119 chwali\u0107 i co promowa\u0107 na naszym stole\u201d czyli organizacja warsztat\u00f3w i konkursu kulinarnego oraz  doposa\u017cenie \u015awietlicy Wiejskiej w \u0141azach wsp\u00f3\u0142finansowanego ze \u015brodk\u00f3w Unii Europejskiej w ramach dzia\u0142ania \u201eWdra\u017canie lokalnych strategii rozwoju\u201d \u2013 ma\u0142e projekty. <\/p>\n<p>Udzia\u0142 w konkursie zg\u0142osi\u0142o 20 uczestnik\u00f3w &#8211; mieszka\u0144c\u00f3w obszaru LGD E.O. Cenoma , kt\u00f3rzy \u0142\u0105cznie przygotowali ponad 100 potraw \u2013 serwowano m.in: r\u00f3\u017cne rodzaje ciast i ciasteczek, napoje i nalewki, pierogi, nale\u015bniki, pasztety, go\u0142\u0105bki, r\u00f3\u017cne rodzaje mi\u0119s (podawane na ciep\u0142o i na zimno), w\u015br\u00f3d konkursowych potraw nie zabrak\u0142o te\u017c wiejskiego chleba, kiszonych og\u00f3rk\u00f3w, smalcu ze skwarkami, kapu\u015bniaku i bigosu. <\/p>\n<p>Konkursowe potrawy oceni\u0142o Jury w sk\u0142adzie: Gra\u017cyna Filip (przewodnicz\u0105ca), Bogus\u0142awa Daniel \u2013 Zieja, Kinga Bizo\u0144, Wies\u0142awa Korna\u015b \u2013 Kita, Aleksander Dziadowiec. Po d\u0142ugich obradach Jury wy\u0142oni\u0142o zwyci\u0119zc\u00f3w: I miejsce i nagrod\u0119 g\u0142\u00f3wn\u0105 &#8211; robot kuchenny otrzyma\u0142a Jadwiga Kica z Drwini; II miejsce i nagrod\u0119 \u2013 maszynk\u0119 do mielenia otrzyma\u0142o KGW \u201eKobiety Aktywne\u201d z \u0141az\u00f3w, III miejsce i nagrod\u0119 \u2013 mikser z mis\u0105 robocz\u0105 otrzyma\u0142o KGW \u201eBrze\u017anickie Gosposie\u201d z Brze\u017anicy. <\/p>\n<p>Jury dodatkowo wyr\u00f3\u017cni\u0142o: KGW ze Szczurowej, Gertrud\u0119 Lesiewicz, Renat\u0119 Sekman oraz Dorot\u0119 Jod\u0142owsk\u0105. Wszyscy uczestnicy (tak\u017ce zwyci\u0119zcy i wyr\u00f3\u017cnieni) otrzymali pami\u0105tkowe dyplomy oraz nagrody rzeczowe \u2013 zestawy garnk\u00f3w.<\/p>\n\t  \r\n\t\r\n\t    <div class=\"mb-gallery\">\r\n\t    <a href=\"https:\/\/www.mojabochnia.pl\/?attachment_id=93815\" class=\"\"><img loading=\"lazy\" decoding=\"async\" width=\"100\" height=\"56\" src=\"https:\/\/www.mojabochnia.pl\/wp-content\/uploads\/2013\/07\/DSC00663-120x67.jpg\" class=\"attachment-100x100 size-100x100\" alt=\"\" srcset=\"https:\/\/www.mojabochnia.pl\/wp-content\/uploads\/2013\/07\/DSC00663-120x67.jpg 120w, https:\/\/www.mojabochnia.pl\/wp-content\/uploads\/2013\/07\/DSC00663-468x263.jpg 468w, https:\/\/www.mojabochnia.pl\/wp-content\/uploads\/2013\/07\/DSC00663-660x371.jpg 660w, https:\/\/www.mojabochnia.pl\/wp-content\/uploads\/2013\/07\/DSC00663.jpg 800w\" sizes=\"auto, (max-width: 100px) 100vw, 100px\" \/><\/a><a href=\"https:\/\/www.mojabochnia.pl\/?attachment_id=93816\" class=\"\"><img loading=\"lazy\" decoding=\"async\" width=\"100\" height=\"56\" src=\"https:\/\/www.mojabochnia.pl\/wp-content\/uploads\/2013\/07\/DSC00668-120x67.jpg\" class=\"attachment-100x100 size-100x100\" alt=\"\" srcset=\"https:\/\/www.mojabochnia.pl\/wp-content\/uploads\/2013\/07\/DSC00668-120x67.jpg 120w, https:\/\/www.mojabochnia.pl\/wp-content\/uploads\/2013\/07\/DSC00668-468x263.jpg 468w, https:\/\/www.mojabochnia.pl\/wp-content\/uploads\/2013\/07\/DSC00668-660x371.jpg 660w, https:\/\/www.mojabochnia.pl\/wp-content\/uploads\/2013\/07\/DSC00668.jpg 800w\" sizes=\"auto, (max-width: 100px) 100vw, 100px\" \/><\/a>\t    <\/div>\r\n\t    ","protected":false},"excerpt":{"rendered":"<p>6 lipca w \u0141azach odby\u0142 si\u0119 konkurs kulinarny \u201eRegionalne produkty w polskiej gastronomii \u2013 mamy czym si\u0119 chwali\u0107 i co promowa\u0107 na naszym stole\u201d. 20 uczestnik\u00f3w przygotowa\u0142o ponad 100 potraw.<\/p>\n","protected":false},"author":13,"featured_media":0,"comment_status":"open","ping_status":"closed","sticky":false,"template":"","format":"standard","meta":{"_acf_changed":false,"footnotes":""},"categories":[5,6251,6250],"tags":[2296,17514,17161],"class_list":["post-93813","post","type-post","status-publish","format-standard","hentry","category-biezace-wydarzenia","category-polityka-i-wydarzenia","category-tematyka","tag-konkurs-kulinarny","tag-lazy","tag-rzezawa","main_tag-konkurs"],"acf":[],"yoast_head":"<!-- This site is optimized with the Yoast SEO plugin v26.9 - https:\/\/yoast.com\/product\/yoast-seo-wordpress\/ -->\n<title>\u0141azy: konkurs kulinarny - wyniki - mojabochnia.pl - portal informacyjny<\/title>\n<meta name=\"robots\" content=\"index, follow, max-snippet:-1, max-image-preview:large, max-video-preview:-1\" \/>\n<link rel=\"canonical\" href=\"https:\/\/www.mojabochnia.pl\/?p=93813\" \/>\n<meta property=\"og:locale\" content=\"pl_PL\" \/>\n<meta property=\"og:type\" content=\"article\" \/>\n<meta property=\"og:title\" content=\"\u0141azy: konkurs kulinarny - wyniki - mojabochnia.pl - portal informacyjny\" \/>\n<meta property=\"og:description\" content=\"6 lipca w \u0141azach odby\u0142 si\u0119 konkurs kulinarny \u201eRegionalne produkty w polskiej gastronomii \u2013 mamy czym si\u0119 chwali\u0107 i co promowa\u0107 na naszym stole\u201d. 20 uczestnik\u00f3w przygotowa\u0142o ponad 100 potraw.\" \/>\n<meta property=\"og:url\" content=\"https:\/\/www.mojabochnia.pl\/?p=93813\" \/>\n<meta property=\"og:site_name\" content=\"mojabochnia.pl - portal informacyjny\" \/>\n<meta property=\"article:publisher\" content=\"https:\/\/www.facebook.com\/mojabochnia\" \/>\n<meta property=\"article:published_time\" content=\"2013-07-09T05:14:15+00:00\" \/>\n<meta name=\"author\" content=\"redakcja\" \/>\n<meta name=\"twitter:card\" content=\"summary_large_image\" \/>\n<meta name=\"twitter:label1\" content=\"Written by\" \/>\n\t<meta name=\"twitter:data1\" content=\"redakcja\" \/>\n\t<meta name=\"twitter:label2\" content=\"Est. reading time\" \/>\n\t<meta name=\"twitter:data2\" content=\"1 minuta\" \/>\n<script type=\"application\/ld+json\" class=\"yoast-schema-graph\">{\"@context\":\"https:\/\/schema.org\",\"@graph\":[{\"@type\":\"Article\",\"@id\":\"https:\/\/www.mojabochnia.pl\/?p=93813#article\",\"isPartOf\":{\"@id\":\"https:\/\/www.mojabochnia.pl\/?p=93813\"},\"author\":{\"name\":\"redakcja\",\"@id\":\"https:\/\/www.mojabochnia.pl\/#\/schema\/person\/7e2f20ead9902216a3384f13606c0ab7\"},\"headline\":\"\u0141azy: konkurs kulinarny &#8211; wyniki\",\"datePublished\":\"2013-07-09T05:14:15+00:00\",\"mainEntityOfPage\":{\"@id\":\"https:\/\/www.mojabochnia.pl\/?p=93813\"},\"wordCount\":256,\"commentCount\":0,\"publisher\":{\"@id\":\"https:\/\/www.mojabochnia.pl\/#organization\"},\"keywords\":[\"konkurs kulinarny\",\"\u0142azy\",\"Rzezawa\"],\"articleSection\":[\"2_ostatnie\",\"polityka i wydarzenia\",\"tematyka\"],\"inLanguage\":\"pl-PL\",\"potentialAction\":[{\"@type\":\"CommentAction\",\"name\":\"Comment\",\"target\":[\"https:\/\/www.mojabochnia.pl\/?p=93813#respond\"]}]},{\"@type\":\"WebPage\",\"@id\":\"https:\/\/www.mojabochnia.pl\/?p=93813\",\"url\":\"https:\/\/www.mojabochnia.pl\/?p=93813\",\"name\":\"\u0141azy: konkurs kulinarny - wyniki - mojabochnia.pl - portal informacyjny\",\"isPartOf\":{\"@id\":\"https:\/\/www.mojabochnia.pl\/#website\"},\"datePublished\":\"2013-07-09T05:14:15+00:00\",\"breadcrumb\":{\"@id\":\"https:\/\/www.mojabochnia.pl\/?p=93813#breadcrumb\"},\"inLanguage\":\"pl-PL\",\"potentialAction\":[{\"@type\":\"ReadAction\",\"target\":[\"https:\/\/www.mojabochnia.pl\/?p=93813\"]}]},{\"@type\":\"BreadcrumbList\",\"@id\":\"https:\/\/www.mojabochnia.pl\/?p=93813#breadcrumb\",\"itemListElement\":[{\"@type\":\"ListItem\",\"position\":1,\"name\":\"Home\",\"item\":\"https:\/\/www.mojabochnia.pl\/\"},{\"@type\":\"ListItem\",\"position\":2,\"name\":\"\u0141azy: konkurs kulinarny &#8211; wyniki\"}]},{\"@type\":\"WebSite\",\"@id\":\"https:\/\/www.mojabochnia.pl\/#website\",\"url\":\"https:\/\/www.mojabochnia.pl\/\",\"name\":\"mojabochnia.pl - portal informacyjny\",\"description\":\"mojaBochnia to portal informacyjny o Bochni. Codziennie o Bochni piszemy i pokazujemy najwa\u017cniejsze wydarzenia\",\"publisher\":{\"@id\":\"https:\/\/www.mojabochnia.pl\/#organization\"},\"potentialAction\":[{\"@type\":\"SearchAction\",\"target\":{\"@type\":\"EntryPoint\",\"urlTemplate\":\"https:\/\/www.mojabochnia.pl\/?s={search_term_string}\"},\"query-input\":{\"@type\":\"PropertyValueSpecification\",\"valueRequired\":true,\"valueName\":\"search_term_string\"}}],\"inLanguage\":\"pl-PL\"},{\"@type\":\"Organization\",\"@id\":\"https:\/\/www.mojabochnia.pl\/#organization\",\"name\":\"mojabochnia.pl - portal informacyjny\",\"url\":\"https:\/\/www.mojabochnia.pl\/\",\"logo\":{\"@type\":\"ImageObject\",\"inLanguage\":\"pl-PL\",\"@id\":\"https:\/\/www.mojabochnia.pl\/#\/schema\/logo\/image\/\",\"url\":\"https:\/\/www.mojabochnia.pl\/wp-content\/uploads\/2017\/08\/logo-mb-opt.png\",\"contentUrl\":\"https:\/\/www.mojabochnia.pl\/wp-content\/uploads\/2017\/08\/logo-mb-opt.png\",\"width\":250,\"height\":48,\"caption\":\"mojabochnia.pl - portal informacyjny\"},\"image\":{\"@id\":\"https:\/\/www.mojabochnia.pl\/#\/schema\/logo\/image\/\"},\"sameAs\":[\"https:\/\/www.facebook.com\/mojabochnia\"]},{\"@type\":\"Person\",\"@id\":\"https:\/\/www.mojabochnia.pl\/#\/schema\/person\/7e2f20ead9902216a3384f13606c0ab7\",\"name\":\"redakcja\",\"sameAs\":[\"http:\/\/\"],\"url\":\"https:\/\/www.mojabochnia.pl\/?author=13\"}]}<\/script>\n<!-- \/ Yoast SEO plugin. -->","yoast_head_json":{"title":"\u0141azy: konkurs kulinarny - wyniki - mojabochnia.pl - portal informacyjny","robots":{"index":"index","follow":"follow","max-snippet":"max-snippet:-1","max-image-preview":"max-image-preview:large","max-video-preview":"max-video-preview:-1"},"canonical":"https:\/\/www.mojabochnia.pl\/?p=93813","og_locale":"pl_PL","og_type":"article","og_title":"\u0141azy: konkurs kulinarny - wyniki - mojabochnia.pl - portal informacyjny","og_description":"6 lipca w \u0141azach odby\u0142 si\u0119 konkurs kulinarny \u201eRegionalne produkty w polskiej gastronomii \u2013 mamy czym si\u0119 chwali\u0107 i co promowa\u0107 na naszym stole\u201d. 20 uczestnik\u00f3w przygotowa\u0142o ponad 100 potraw.","og_url":"https:\/\/www.mojabochnia.pl\/?p=93813","og_site_name":"mojabochnia.pl - portal informacyjny","article_publisher":"https:\/\/www.facebook.com\/mojabochnia","article_published_time":"2013-07-09T05:14:15+00:00","author":"redakcja","twitter_card":"summary_large_image","twitter_misc":{"Written by":"redakcja","Est. reading time":"1 minuta"},"schema":{"@context":"https:\/\/schema.org","@graph":[{"@type":"Article","@id":"https:\/\/www.mojabochnia.pl\/?p=93813#article","isPartOf":{"@id":"https:\/\/www.mojabochnia.pl\/?p=93813"},"author":{"name":"redakcja","@id":"https:\/\/www.mojabochnia.pl\/#\/schema\/person\/7e2f20ead9902216a3384f13606c0ab7"},"headline":"\u0141azy: konkurs kulinarny &#8211; wyniki","datePublished":"2013-07-09T05:14:15+00:00","mainEntityOfPage":{"@id":"https:\/\/www.mojabochnia.pl\/?p=93813"},"wordCount":256,"commentCount":0,"publisher":{"@id":"https:\/\/www.mojabochnia.pl\/#organization"},"keywords":["konkurs kulinarny","\u0142azy","Rzezawa"],"articleSection":["2_ostatnie","polityka i wydarzenia","tematyka"],"inLanguage":"pl-PL","potentialAction":[{"@type":"CommentAction","name":"Comment","target":["https:\/\/www.mojabochnia.pl\/?p=93813#respond"]}]},{"@type":"WebPage","@id":"https:\/\/www.mojabochnia.pl\/?p=93813","url":"https:\/\/www.mojabochnia.pl\/?p=93813","name":"\u0141azy: konkurs kulinarny - wyniki - mojabochnia.pl - portal informacyjny","isPartOf":{"@id":"https:\/\/www.mojabochnia.pl\/#website"},"datePublished":"2013-07-09T05:14:15+00:00","breadcrumb":{"@id":"https:\/\/www.mojabochnia.pl\/?p=93813#breadcrumb"},"inLanguage":"pl-PL","potentialAction":[{"@type":"ReadAction","target":["https:\/\/www.mojabochnia.pl\/?p=93813"]}]},{"@type":"BreadcrumbList","@id":"https:\/\/www.mojabochnia.pl\/?p=93813#breadcrumb","itemListElement":[{"@type":"ListItem","position":1,"name":"Home","item":"https:\/\/www.mojabochnia.pl\/"},{"@type":"ListItem","position":2,"name":"\u0141azy: konkurs kulinarny &#8211; wyniki"}]},{"@type":"WebSite","@id":"https:\/\/www.mojabochnia.pl\/#website","url":"https:\/\/www.mojabochnia.pl\/","name":"mojabochnia.pl - portal informacyjny","description":"mojaBochnia to portal informacyjny o Bochni. Codziennie o Bochni piszemy i pokazujemy najwa\u017cniejsze wydarzenia","publisher":{"@id":"https:\/\/www.mojabochnia.pl\/#organization"},"potentialAction":[{"@type":"SearchAction","target":{"@type":"EntryPoint","urlTemplate":"https:\/\/www.mojabochnia.pl\/?s={search_term_string}"},"query-input":{"@type":"PropertyValueSpecification","valueRequired":true,"valueName":"search_term_string"}}],"inLanguage":"pl-PL"},{"@type":"Organization","@id":"https:\/\/www.mojabochnia.pl\/#organization","name":"mojabochnia.pl - portal informacyjny","url":"https:\/\/www.mojabochnia.pl\/","logo":{"@type":"ImageObject","inLanguage":"pl-PL","@id":"https:\/\/www.mojabochnia.pl\/#\/schema\/logo\/image\/","url":"https:\/\/www.mojabochnia.pl\/wp-content\/uploads\/2017\/08\/logo-mb-opt.png","contentUrl":"https:\/\/www.mojabochnia.pl\/wp-content\/uploads\/2017\/08\/logo-mb-opt.png","width":250,"height":48,"caption":"mojabochnia.pl - portal informacyjny"},"image":{"@id":"https:\/\/www.mojabochnia.pl\/#\/schema\/logo\/image\/"},"sameAs":["https:\/\/www.facebook.com\/mojabochnia"]},{"@type":"Person","@id":"https:\/\/www.mojabochnia.pl\/#\/schema\/person\/7e2f20ead9902216a3384f13606c0ab7","name":"redakcja","sameAs":["http:\/\/"],"url":"https:\/\/www.mojabochnia.pl\/?author=13"}]}},"_links":{"self":[{"href":"https:\/\/www.mojabochnia.pl\/index.php?rest_route=\/wp\/v2\/posts\/93813","targetHints":{"allow":["GET"]}}],"collection":[{"href":"https:\/\/www.mojabochnia.pl\/index.php?rest_route=\/wp\/v2\/posts"}],"about":[{"href":"https:\/\/www.mojabochnia.pl\/index.php?rest_route=\/wp\/v2\/types\/post"}],"author":[{"embeddable":true,"href":"https:\/\/www.mojabochnia.pl\/index.php?rest_route=\/wp\/v2\/users\/13"}],"replies":[{"embeddable":true,"href":"https:\/\/www.mojabochnia.pl\/index.php?rest_route=%2Fwp%2Fv2%2Fcomments&post=93813"}],"version-history":[{"count":4,"href":"https:\/\/www.mojabochnia.pl\/index.php?rest_route=\/wp\/v2\/posts\/93813\/revisions"}],"predecessor-version":[{"id":93819,"href":"https:\/\/www.mojabochnia.pl\/index.php?rest_route=\/wp\/v2\/posts\/93813\/revisions\/93819"}],"wp:attachment":[{"href":"https:\/\/www.mojabochnia.pl\/index.php?rest_route=%2Fwp%2Fv2%2Fmedia&parent=93813"}],"wp:term":[{"taxonomy":"category","embeddable":true,"href":"https:\/\/www.mojabochnia.pl\/index.php?rest_route=%2Fwp%2Fv2%2Fcategories&post=93813"},{"taxonomy":"post_tag","embeddable":true,"href":"https:\/\/www.mojabochnia.pl\/index.php?rest_route=%2Fwp%2Fv2%2Ftags&post=93813"}],"curies":[{"name":"wp","href":"https:\/\/api.w.org\/{rel}","templated":true}]}}