{"id":93807,"date":"2013-07-08T14:02:25","date_gmt":"2013-07-08T12:02:25","guid":{"rendered":"http:\/\/www.mojabochnia.pl\/?p=93807"},"modified":"2013-07-08T14:02:25","modified_gmt":"2013-07-08T12:02:25","slug":"kopalnia-27-tys-turystow-w-czerwcu","status":"publish","type":"post","link":"https:\/\/www.mojabochnia.pl\/?p=93807","title":{"rendered":"Kopalnia: 27 tys. turyst\u00f3w w czerwcu"},"content":{"rendered":"<p>W pierwszym p\u00f3\u0142roczu 2013 roku boche\u0144sk\u0105 kopalni\u0119 soli odwiedzi\u0142o 74,7 tys. turyst\u00f3w. W analogicznym okresie 2012 roku by\u0142o ich 71,2 tys., co daje wzrost na poziomie 5%. <em>Rekordowy czerwiec (27 tys. turyst\u00f3w) pozwoli\u0142 nam odrobi\u0107 spadki notowane w pierwszym kwartale 2013 r. Przed\u0142u\u017caj\u0105ca si\u0119 zima spowodowa\u0142a, \u017ce by\u0142 to bardzo ci\u0119\u017cki okres dla turystyki w og\u00f3le<\/em> &#8211; m\u00f3wi Tomasz Ryncarz, dyrektor handlowy Uzdrowiska Kopalnia Soli Bochnia.<\/p>\n<p>Poniewa\u017c wpis kopalni na list\u0119 \u015awiatowego Dziedzictwa Kultury UNESCO nast\u0105pi\u0142 <a href=\"http:\/\/www.mojabochnia.pl\/?p=92654\">23 czerwca<\/a>, trudno wi\u0105za\u0107 liczb\u0119 turyst\u00f3w w minionym miesi\u0105cu z tym w\u0142a\u015bnie faktem. W ocenie Tomasza Ryncarza, &#8222;efekt UNESCO&#8221; powinien by\u0107 widoczny we wrze\u015bniu. <\/p>\n","protected":false},"excerpt":{"rendered":"<p>Miniony miesi\u0105c by\u0142 rekordowy pod wzgl\u0119dem liczby turyst\u00f3w w boche\u0144skiej kopalni soli. Odwiedzi\u0142o j\u0105 27 tysi\u0119cy os\u00f3b. W kontek\u015bcie niedawnego wpisu tego obiektu na list\u0119 UNESCO to obiecuj\u0105cy prognostyk.<\/p>\n","protected":false},"author":4,"featured_media":0,"comment_status":"open","ping_status":"closed","sticky":false,"template":"","format":"standard","meta":{"_acf_changed":false,"footnotes":""},"categories":[5,6251,6250],"tags":[17407,2783,1014,69,3765],"class_list":["post-93807","post","type-post","status-publish","format-standard","hentry","category-biezace-wydarzenia","category-polityka-i-wydarzenia","category-tematyka","tag-kopalnia","tag-tomasz-ryncarz","tag-turysci","tag-unesco","tag-uzdrowisko-kopalnia-soli-bochnia","main_tag-kopalnia"],"acf":[],"yoast_head":"<!-- This site is optimized with the Yoast SEO plugin v26.9 - https:\/\/yoast.com\/product\/yoast-seo-wordpress\/ -->\n<title>Kopalnia: 27 tys. turyst\u00f3w w czerwcu - mojabochnia.pl - portal informacyjny<\/title>\n<meta name=\"robots\" content=\"index, follow, max-snippet:-1, max-image-preview:large, max-video-preview:-1\" \/>\n<link rel=\"canonical\" href=\"https:\/\/www.mojabochnia.pl\/?p=93807\" \/>\n<meta property=\"og:locale\" content=\"pl_PL\" \/>\n<meta property=\"og:type\" content=\"article\" \/>\n<meta property=\"og:title\" content=\"Kopalnia: 27 tys. turyst\u00f3w w czerwcu - mojabochnia.pl - portal informacyjny\" \/>\n<meta property=\"og:description\" content=\"Miniony miesi\u0105c by\u0142 rekordowy pod wzgl\u0119dem liczby turyst\u00f3w w boche\u0144skiej kopalni soli. Odwiedzi\u0142o j\u0105 27 tysi\u0119cy os\u00f3b. W kontek\u015bcie niedawnego wpisu tego obiektu na list\u0119 UNESCO to obiecuj\u0105cy prognostyk.\" \/>\n<meta property=\"og:url\" content=\"https:\/\/www.mojabochnia.pl\/?p=93807\" \/>\n<meta property=\"og:site_name\" content=\"mojabochnia.pl - portal informacyjny\" \/>\n<meta property=\"article:publisher\" content=\"https:\/\/www.facebook.com\/mojabochnia\" \/>\n<meta property=\"article:published_time\" content=\"2013-07-08T12:02:25+00:00\" \/>\n<meta name=\"author\" content=\"Pawe\u0142 Michalczyk\" \/>\n<meta name=\"twitter:card\" content=\"summary_large_image\" \/>\n<meta name=\"twitter:label1\" content=\"Written by\" \/>\n\t<meta name=\"twitter:data1\" content=\"Pawe\u0142 Michalczyk\" \/>\n\t<meta name=\"twitter:label2\" content=\"Est. reading time\" \/>\n\t<meta name=\"twitter:data2\" content=\"1 minuta\" \/>\n<script type=\"application\/ld+json\" class=\"yoast-schema-graph\">{\"@context\":\"https:\/\/schema.org\",\"@graph\":[{\"@type\":\"Article\",\"@id\":\"https:\/\/www.mojabochnia.pl\/?p=93807#article\",\"isPartOf\":{\"@id\":\"https:\/\/www.mojabochnia.pl\/?p=93807\"},\"author\":{\"name\":\"Pawe\u0142 Michalczyk\",\"@id\":\"https:\/\/www.mojabochnia.pl\/#\/schema\/person\/ea042e4724a77627963f02166828ead4\"},\"headline\":\"Kopalnia: 27 tys. turyst\u00f3w w czerwcu\",\"datePublished\":\"2013-07-08T12:02:25+00:00\",\"mainEntityOfPage\":{\"@id\":\"https:\/\/www.mojabochnia.pl\/?p=93807\"},\"wordCount\":118,\"commentCount\":0,\"publisher\":{\"@id\":\"https:\/\/www.mojabochnia.pl\/#organization\"},\"keywords\":[\"kopalnia\",\"tomasz ryncarz\",\"tury\u015bci\",\"UNESCO\",\"Uzdrowisko Kopalnia Soli Bochnia\"],\"articleSection\":[\"2_ostatnie\",\"polityka i wydarzenia\",\"tematyka\"],\"inLanguage\":\"pl-PL\",\"potentialAction\":[{\"@type\":\"CommentAction\",\"name\":\"Comment\",\"target\":[\"https:\/\/www.mojabochnia.pl\/?p=93807#respond\"]}]},{\"@type\":\"WebPage\",\"@id\":\"https:\/\/www.mojabochnia.pl\/?p=93807\",\"url\":\"https:\/\/www.mojabochnia.pl\/?p=93807\",\"name\":\"Kopalnia: 27 tys. turyst\u00f3w w czerwcu - mojabochnia.pl - portal informacyjny\",\"isPartOf\":{\"@id\":\"https:\/\/www.mojabochnia.pl\/#website\"},\"datePublished\":\"2013-07-08T12:02:25+00:00\",\"breadcrumb\":{\"@id\":\"https:\/\/www.mojabochnia.pl\/?p=93807#breadcrumb\"},\"inLanguage\":\"pl-PL\",\"potentialAction\":[{\"@type\":\"ReadAction\",\"target\":[\"https:\/\/www.mojabochnia.pl\/?p=93807\"]}]},{\"@type\":\"BreadcrumbList\",\"@id\":\"https:\/\/www.mojabochnia.pl\/?p=93807#breadcrumb\",\"itemListElement\":[{\"@type\":\"ListItem\",\"position\":1,\"name\":\"Home\",\"item\":\"https:\/\/www.mojabochnia.pl\/\"},{\"@type\":\"ListItem\",\"position\":2,\"name\":\"Kopalnia: 27 tys. turyst\u00f3w w czerwcu\"}]},{\"@type\":\"WebSite\",\"@id\":\"https:\/\/www.mojabochnia.pl\/#website\",\"url\":\"https:\/\/www.mojabochnia.pl\/\",\"name\":\"mojabochnia.pl - portal informacyjny\",\"description\":\"mojaBochnia to portal informacyjny o Bochni. Codziennie o Bochni piszemy i pokazujemy najwa\u017cniejsze wydarzenia\",\"publisher\":{\"@id\":\"https:\/\/www.mojabochnia.pl\/#organization\"},\"potentialAction\":[{\"@type\":\"SearchAction\",\"target\":{\"@type\":\"EntryPoint\",\"urlTemplate\":\"https:\/\/www.mojabochnia.pl\/?s={search_term_string}\"},\"query-input\":{\"@type\":\"PropertyValueSpecification\",\"valueRequired\":true,\"valueName\":\"search_term_string\"}}],\"inLanguage\":\"pl-PL\"},{\"@type\":\"Organization\",\"@id\":\"https:\/\/www.mojabochnia.pl\/#organization\",\"name\":\"mojabochnia.pl - portal informacyjny\",\"url\":\"https:\/\/www.mojabochnia.pl\/\",\"logo\":{\"@type\":\"ImageObject\",\"inLanguage\":\"pl-PL\",\"@id\":\"https:\/\/www.mojabochnia.pl\/#\/schema\/logo\/image\/\",\"url\":\"https:\/\/www.mojabochnia.pl\/wp-content\/uploads\/2017\/08\/logo-mb-opt.png\",\"contentUrl\":\"https:\/\/www.mojabochnia.pl\/wp-content\/uploads\/2017\/08\/logo-mb-opt.png\",\"width\":250,\"height\":48,\"caption\":\"mojabochnia.pl - portal informacyjny\"},\"image\":{\"@id\":\"https:\/\/www.mojabochnia.pl\/#\/schema\/logo\/image\/\"},\"sameAs\":[\"https:\/\/www.facebook.com\/mojabochnia\"]},{\"@type\":\"Person\",\"@id\":\"https:\/\/www.mojabochnia.pl\/#\/schema\/person\/ea042e4724a77627963f02166828ead4\",\"name\":\"Pawe\u0142 Michalczyk\",\"url\":\"https:\/\/www.mojabochnia.pl\/?author=4\"}]}<\/script>\n<!-- \/ Yoast SEO plugin. -->","yoast_head_json":{"title":"Kopalnia: 27 tys. turyst\u00f3w w czerwcu - mojabochnia.pl - portal informacyjny","robots":{"index":"index","follow":"follow","max-snippet":"max-snippet:-1","max-image-preview":"max-image-preview:large","max-video-preview":"max-video-preview:-1"},"canonical":"https:\/\/www.mojabochnia.pl\/?p=93807","og_locale":"pl_PL","og_type":"article","og_title":"Kopalnia: 27 tys. turyst\u00f3w w czerwcu - mojabochnia.pl - portal informacyjny","og_description":"Miniony miesi\u0105c by\u0142 rekordowy pod wzgl\u0119dem liczby turyst\u00f3w w boche\u0144skiej kopalni soli. Odwiedzi\u0142o j\u0105 27 tysi\u0119cy os\u00f3b. W kontek\u015bcie niedawnego wpisu tego obiektu na list\u0119 UNESCO to obiecuj\u0105cy prognostyk.","og_url":"https:\/\/www.mojabochnia.pl\/?p=93807","og_site_name":"mojabochnia.pl - portal informacyjny","article_publisher":"https:\/\/www.facebook.com\/mojabochnia","article_published_time":"2013-07-08T12:02:25+00:00","author":"Pawe\u0142 Michalczyk","twitter_card":"summary_large_image","twitter_misc":{"Written by":"Pawe\u0142 Michalczyk","Est. reading time":"1 minuta"},"schema":{"@context":"https:\/\/schema.org","@graph":[{"@type":"Article","@id":"https:\/\/www.mojabochnia.pl\/?p=93807#article","isPartOf":{"@id":"https:\/\/www.mojabochnia.pl\/?p=93807"},"author":{"name":"Pawe\u0142 Michalczyk","@id":"https:\/\/www.mojabochnia.pl\/#\/schema\/person\/ea042e4724a77627963f02166828ead4"},"headline":"Kopalnia: 27 tys. turyst\u00f3w w czerwcu","datePublished":"2013-07-08T12:02:25+00:00","mainEntityOfPage":{"@id":"https:\/\/www.mojabochnia.pl\/?p=93807"},"wordCount":118,"commentCount":0,"publisher":{"@id":"https:\/\/www.mojabochnia.pl\/#organization"},"keywords":["kopalnia","tomasz ryncarz","tury\u015bci","UNESCO","Uzdrowisko Kopalnia Soli Bochnia"],"articleSection":["2_ostatnie","polityka i wydarzenia","tematyka"],"inLanguage":"pl-PL","potentialAction":[{"@type":"CommentAction","name":"Comment","target":["https:\/\/www.mojabochnia.pl\/?p=93807#respond"]}]},{"@type":"WebPage","@id":"https:\/\/www.mojabochnia.pl\/?p=93807","url":"https:\/\/www.mojabochnia.pl\/?p=93807","name":"Kopalnia: 27 tys. turyst\u00f3w w czerwcu - mojabochnia.pl - portal informacyjny","isPartOf":{"@id":"https:\/\/www.mojabochnia.pl\/#website"},"datePublished":"2013-07-08T12:02:25+00:00","breadcrumb":{"@id":"https:\/\/www.mojabochnia.pl\/?p=93807#breadcrumb"},"inLanguage":"pl-PL","potentialAction":[{"@type":"ReadAction","target":["https:\/\/www.mojabochnia.pl\/?p=93807"]}]},{"@type":"BreadcrumbList","@id":"https:\/\/www.mojabochnia.pl\/?p=93807#breadcrumb","itemListElement":[{"@type":"ListItem","position":1,"name":"Home","item":"https:\/\/www.mojabochnia.pl\/"},{"@type":"ListItem","position":2,"name":"Kopalnia: 27 tys. turyst\u00f3w w czerwcu"}]},{"@type":"WebSite","@id":"https:\/\/www.mojabochnia.pl\/#website","url":"https:\/\/www.mojabochnia.pl\/","name":"mojabochnia.pl - portal informacyjny","description":"mojaBochnia to portal informacyjny o Bochni. Codziennie o Bochni piszemy i pokazujemy najwa\u017cniejsze wydarzenia","publisher":{"@id":"https:\/\/www.mojabochnia.pl\/#organization"},"potentialAction":[{"@type":"SearchAction","target":{"@type":"EntryPoint","urlTemplate":"https:\/\/www.mojabochnia.pl\/?s={search_term_string}"},"query-input":{"@type":"PropertyValueSpecification","valueRequired":true,"valueName":"search_term_string"}}],"inLanguage":"pl-PL"},{"@type":"Organization","@id":"https:\/\/www.mojabochnia.pl\/#organization","name":"mojabochnia.pl - portal informacyjny","url":"https:\/\/www.mojabochnia.pl\/","logo":{"@type":"ImageObject","inLanguage":"pl-PL","@id":"https:\/\/www.mojabochnia.pl\/#\/schema\/logo\/image\/","url":"https:\/\/www.mojabochnia.pl\/wp-content\/uploads\/2017\/08\/logo-mb-opt.png","contentUrl":"https:\/\/www.mojabochnia.pl\/wp-content\/uploads\/2017\/08\/logo-mb-opt.png","width":250,"height":48,"caption":"mojabochnia.pl - portal informacyjny"},"image":{"@id":"https:\/\/www.mojabochnia.pl\/#\/schema\/logo\/image\/"},"sameAs":["https:\/\/www.facebook.com\/mojabochnia"]},{"@type":"Person","@id":"https:\/\/www.mojabochnia.pl\/#\/schema\/person\/ea042e4724a77627963f02166828ead4","name":"Pawe\u0142 Michalczyk","url":"https:\/\/www.mojabochnia.pl\/?author=4"}]}},"_links":{"self":[{"href":"https:\/\/www.mojabochnia.pl\/index.php?rest_route=\/wp\/v2\/posts\/93807","targetHints":{"allow":["GET"]}}],"collection":[{"href":"https:\/\/www.mojabochnia.pl\/index.php?rest_route=\/wp\/v2\/posts"}],"about":[{"href":"https:\/\/www.mojabochnia.pl\/index.php?rest_route=\/wp\/v2\/types\/post"}],"author":[{"embeddable":true,"href":"https:\/\/www.mojabochnia.pl\/index.php?rest_route=\/wp\/v2\/users\/4"}],"replies":[{"embeddable":true,"href":"https:\/\/www.mojabochnia.pl\/index.php?rest_route=%2Fwp%2Fv2%2Fcomments&post=93807"}],"version-history":[{"count":5,"href":"https:\/\/www.mojabochnia.pl\/index.php?rest_route=\/wp\/v2\/posts\/93807\/revisions"}],"predecessor-version":[{"id":93812,"href":"https:\/\/www.mojabochnia.pl\/index.php?rest_route=\/wp\/v2\/posts\/93807\/revisions\/93812"}],"wp:attachment":[{"href":"https:\/\/www.mojabochnia.pl\/index.php?rest_route=%2Fwp%2Fv2%2Fmedia&parent=93807"}],"wp:term":[{"taxonomy":"category","embeddable":true,"href":"https:\/\/www.mojabochnia.pl\/index.php?rest_route=%2Fwp%2Fv2%2Fcategories&post=93807"},{"taxonomy":"post_tag","embeddable":true,"href":"https:\/\/www.mojabochnia.pl\/index.php?rest_route=%2Fwp%2Fv2%2Ftags&post=93807"}],"curies":[{"name":"wp","href":"https:\/\/api.w.org\/{rel}","templated":true}]}}