{"id":93781,"date":"2013-07-08T09:01:25","date_gmt":"2013-07-08T07:01:25","guid":{"rendered":"http:\/\/www.mojabochnia.pl\/?p=93781"},"modified":"2013-07-08T09:01:47","modified_gmt":"2013-07-08T07:01:47","slug":"brzeznica-zakonczenie-projektu-%e2%80%9eklub-skrzata","status":"publish","type":"post","link":"https:\/\/www.mojabochnia.pl\/?p=93781","title":{"rendered":"Brze\u017anica: zako\u0144czenie projektu \u201eKlub Skrzata\u201d"},"content":{"rendered":"<p>Projekt \u201eKlub Skrzata\u201d by\u0142 realizowany od 3 stycznia do 28 czerwca 2013. Koordynatorem projektu by\u0142a bibliotekarka, Maria Ga\u0142\u0105zka. Projekt zosta\u0142 dofinansowany ze \u015brodk\u00f3w Fundacji im. J. K. Steczkowskiego w ramach V edycji konkursu grantowego \u201eNa dobry pocz\u0105tek\u201d. W zaj\u0119ciach uczestniczy\u0142y dzieci w wieku 2-5 lat, nie ucz\u0119szczaj\u0105ce do przedszkola. <\/p>\n<p>\u0141\u0105cznie zorganizowano w ramach projektu 25 spotka\u0144. Dzieci wraz z rodzicami i opiekunami bra\u0142y udzia\u0142 w zaj\u0119ciach bloku muzycznego, bajkowego, plastycznego, sportowego oraz w spotkaniach z logoped\u0105 \u2013 Mart\u0105 Sobas, pani\u0105 Magdalen\u0105 Tomczyk, z autork\u0105 ksi\u0105\u017cek i piosenek dla dzieci &#8211; Izabell\u0105 Kleba\u0144sk\u0105, z ilustratork\u0105 ksi\u0105\u017cek dla dzieci \u2013Ma\u0142gorzat\u0105 Flis. Ponadto w ramach projektu zorganizowano wycieczk\u0119 do gospodarstwa agroturystycznego \u201eParlament\u201d w Brze\u017anicy. Specjalnie dla rodzic\u00f3w odby\u0142o si\u0119 r\u00f3wnie\u017c spotkanie z psychologiem Lucyn\u0105 Bogacz. <\/p>\n<p>Dzieci wraz z rodzicami i opiekunami licznie przybywali na ka\u017cde spotkanie organizowane w ramach projektu. Za\u0142o\u017ceniem projektu by\u0142a szeroko poj\u0119ta edukacja dzieci nie ucz\u0119szczaj\u0105cych do przedszkola, m.in. kszta\u0142towanie otwarto\u015bci komunikacyjnej, uwagi s\u0142uchowej, rozwijanie sprawno\u015bci manualnych, poszerzanie zasob\u00f3w s\u0142ownictwa, nauka rozr\u00f3\u017cniania d\u017awi\u0119k\u00f3w, kolor\u00f3w, integracja z r\u00f3wie\u015bnikami, poznawanie otaczaj\u0105cego \u015bwiata, gry i zabawy, porady dotycz\u0105ce wspomagania efektywnego rozwoju dziecka. <\/p>\n<p>Na okoliczno\u015b\u0107 zako\u0144czenia projektu przygotowano przedstawienie \u201eMa\u0142ych Skrzat\u00f3w\u201d oraz wystaw\u0119 prac plastycznych maluch\u00f3w z \u201eKlubu Skrzata\u201d. Na spotkanie 28 czerwca przybyli rodzice i opiekunowie maluch\u00f3w oraz zaproszeni go\u015bcie. Przedstawienie rozpocz\u0119\u0142o si\u0119 piosenk\u0105 klubow\u0105 wprowadzaj\u0105c\u0105 w \u015bwiat krasnoludk\u00f3w. Ka\u017cde dziecko w efektownym przebraniu przedstawi\u0142o si\u0119 na scenie swoim imieniem Skrzata. Po czym odby\u0142y si\u0119 zabawy ruchowe, zagadki oraz wsp\u00f3lne \u015bpiewanie piosenek, kt\u00f3re dzieci nauczy\u0142y si\u0119 na zaj\u0119ciach bloku muzycznego. <\/p>\n<p>Na koniec Skrzaty odjecha\u0142y w rytm piosenki poci\u0105giem Fantazja. Nast\u0119pnie wr\u0119czono upominki i dyplomy dzieciom oraz podzi\u0119kowania rodzicom i opiekunom za aktywne uczestnictwo oraz zaanga\u017cowanie w zaj\u0119cia, a tak\u017ce podzi\u0119kowania przyby\u0142ym go\u015bciom za wsp\u00f3\u0142prac\u0119 w ramach projektu. Maluchy wraz z rodzicami serdecznie podzi\u0119kowa\u0142y koordynatorowi \u2013 Marii Ga\u0142\u0105zka za wspania\u0142e prowadzenie i organizacj\u0119 zaj\u0119\u0107 \u201eKlubu Skrzata\u201d. Na zako\u0144czenie uczestnicy oraz zebrani go\u015bcie zasiedli do wsp\u00f3lnego biesiadowania przy pe\u0142nym s\u0142odko\u015bci stole. Wszyscy \u015bwietnie si\u0119 bawili i wyra\u017cali wiele pozytywnych opinii o doskona\u0142ym pomy\u015ble projektu.<\/p>\n\t  \r\n\t\r\n\t    <div class=\"mb-gallery\">\r\n\t    <a href=\"https:\/\/www.mojabochnia.pl\/?attachment_id=93783\" class=\"\"><img loading=\"lazy\" decoding=\"async\" width=\"100\" height=\"56\" src=\"https:\/\/www.mojabochnia.pl\/wp-content\/uploads\/2013\/07\/IMG_0018-120x67.jpg\" class=\"attachment-100x100 size-100x100\" alt=\"\" srcset=\"https:\/\/www.mojabochnia.pl\/wp-content\/uploads\/2013\/07\/IMG_0018-120x67.jpg 120w, https:\/\/www.mojabochnia.pl\/wp-content\/uploads\/2013\/07\/IMG_0018-468x263.jpg 468w, https:\/\/www.mojabochnia.pl\/wp-content\/uploads\/2013\/07\/IMG_0018-660x371.jpg 660w, https:\/\/www.mojabochnia.pl\/wp-content\/uploads\/2013\/07\/IMG_0018.jpg 800w\" sizes=\"auto, (max-width: 100px) 100vw, 100px\" \/><\/a><a href=\"https:\/\/www.mojabochnia.pl\/?attachment_id=93784\" class=\"\"><img loading=\"lazy\" decoding=\"async\" width=\"100\" height=\"56\" src=\"https:\/\/www.mojabochnia.pl\/wp-content\/uploads\/2013\/07\/IMG_0062-120x67.jpg\" class=\"attachment-100x100 size-100x100\" alt=\"\" srcset=\"https:\/\/www.mojabochnia.pl\/wp-content\/uploads\/2013\/07\/IMG_0062-120x67.jpg 120w, https:\/\/www.mojabochnia.pl\/wp-content\/uploads\/2013\/07\/IMG_0062-468x263.jpg 468w, https:\/\/www.mojabochnia.pl\/wp-content\/uploads\/2013\/07\/IMG_0062-660x371.jpg 660w, https:\/\/www.mojabochnia.pl\/wp-content\/uploads\/2013\/07\/IMG_0062.jpg 800w\" sizes=\"auto, (max-width: 100px) 100vw, 100px\" \/><\/a><a href=\"https:\/\/www.mojabochnia.pl\/?attachment_id=93785\" class=\"\"><img loading=\"lazy\" decoding=\"async\" width=\"100\" height=\"56\" src=\"https:\/\/www.mojabochnia.pl\/wp-content\/uploads\/2013\/07\/IMG_0084-120x67.jpg\" class=\"attachment-100x100 size-100x100\" alt=\"\" srcset=\"https:\/\/www.mojabochnia.pl\/wp-content\/uploads\/2013\/07\/IMG_0084-120x67.jpg 120w, https:\/\/www.mojabochnia.pl\/wp-content\/uploads\/2013\/07\/IMG_0084-468x263.jpg 468w, https:\/\/www.mojabochnia.pl\/wp-content\/uploads\/2013\/07\/IMG_0084-660x371.jpg 660w, https:\/\/www.mojabochnia.pl\/wp-content\/uploads\/2013\/07\/IMG_0084.jpg 800w\" sizes=\"auto, (max-width: 100px) 100vw, 100px\" \/><\/a><a href=\"https:\/\/www.mojabochnia.pl\/?attachment_id=93786\" class=\"\"><img loading=\"lazy\" decoding=\"async\" width=\"100\" height=\"56\" src=\"https:\/\/www.mojabochnia.pl\/wp-content\/uploads\/2013\/07\/IMG_0123-120x67.jpg\" class=\"attachment-100x100 size-100x100\" alt=\"\" srcset=\"https:\/\/www.mojabochnia.pl\/wp-content\/uploads\/2013\/07\/IMG_0123-120x67.jpg 120w, https:\/\/www.mojabochnia.pl\/wp-content\/uploads\/2013\/07\/IMG_0123-468x263.jpg 468w, https:\/\/www.mojabochnia.pl\/wp-content\/uploads\/2013\/07\/IMG_0123-660x371.jpg 660w, https:\/\/www.mojabochnia.pl\/wp-content\/uploads\/2013\/07\/IMG_0123.jpg 800w\" sizes=\"auto, (max-width: 100px) 100vw, 100px\" \/><\/a><a href=\"https:\/\/www.mojabochnia.pl\/?attachment_id=93787\" class=\"\"><img loading=\"lazy\" decoding=\"async\" width=\"100\" height=\"56\" src=\"https:\/\/www.mojabochnia.pl\/wp-content\/uploads\/2013\/07\/logo-120x67.jpg\" class=\"attachment-100x100 size-100x100\" alt=\"\" srcset=\"https:\/\/www.mojabochnia.pl\/wp-content\/uploads\/2013\/07\/logo-120x67.jpg 120w, https:\/\/www.mojabochnia.pl\/wp-content\/uploads\/2013\/07\/logo-468x263.jpg 468w, https:\/\/www.mojabochnia.pl\/wp-content\/uploads\/2013\/07\/logo-660x371.jpg 660w, https:\/\/www.mojabochnia.pl\/wp-content\/uploads\/2013\/07\/logo.jpg 800w\" sizes=\"auto, (max-width: 100px) 100vw, 100px\" \/><\/a>\t    <\/div>\r\n\t    ","protected":false},"excerpt":{"rendered":"<p>28 czerwca odby\u0142o si\u0119 uroczyste zako\u0144czenie projektu \u201eKlub Skrzata\u201d w Bibliotece Publicznej w Brze\u017anicy dzia\u0142aj\u0105cej w strukturze Gminnego Centrum Kultury, Czytelnictwa i Sportu w Bochni.<\/p>\n","protected":false},"author":13,"featured_media":0,"comment_status":"open","ping_status":"closed","sticky":false,"template":"","format":"standard","meta":{"_acf_changed":false,"footnotes":""},"categories":[5,6247,6246,6251,6250],"tags":[17246,17225,12160,17287],"class_list":["post-93781","post","type-post","status-publish","format-standard","hentry","category-biezace-wydarzenia","category-fotogaleria","category-medium","category-polityka-i-wydarzenia","category-tematyka","tag-brzeznica","tag-gmina-bochnia","tag-klub-skrzata","tag-projekt","main_tag-brzeznica"],"acf":[],"yoast_head":"<!-- This site is optimized with the Yoast SEO plugin v26.9 - https:\/\/yoast.com\/product\/yoast-seo-wordpress\/ -->\n<title>Brze\u017anica: zako\u0144czenie projektu \u201eKlub Skrzata\u201d - mojabochnia.pl - portal informacyjny<\/title>\n<meta name=\"robots\" content=\"index, follow, max-snippet:-1, max-image-preview:large, max-video-preview:-1\" \/>\n<link rel=\"canonical\" href=\"https:\/\/www.mojabochnia.pl\/?p=93781\" \/>\n<meta property=\"og:locale\" content=\"pl_PL\" \/>\n<meta property=\"og:type\" content=\"article\" \/>\n<meta property=\"og:title\" content=\"Brze\u017anica: zako\u0144czenie projektu \u201eKlub Skrzata\u201d - mojabochnia.pl - portal informacyjny\" \/>\n<meta property=\"og:description\" content=\"28 czerwca odby\u0142o si\u0119 uroczyste zako\u0144czenie projektu \u201eKlub Skrzata\u201d w Bibliotece Publicznej w Brze\u017anicy dzia\u0142aj\u0105cej w strukturze Gminnego Centrum Kultury, Czytelnictwa i Sportu w Bochni.\" \/>\n<meta property=\"og:url\" content=\"https:\/\/www.mojabochnia.pl\/?p=93781\" \/>\n<meta property=\"og:site_name\" content=\"mojabochnia.pl - portal informacyjny\" \/>\n<meta property=\"article:publisher\" content=\"https:\/\/www.facebook.com\/mojabochnia\" \/>\n<meta property=\"article:published_time\" content=\"2013-07-08T07:01:25+00:00\" \/>\n<meta property=\"article:modified_time\" content=\"2013-07-08T07:01:47+00:00\" \/>\n<meta name=\"author\" content=\"redakcja\" \/>\n<meta name=\"twitter:card\" content=\"summary_large_image\" \/>\n<meta name=\"twitter:label1\" content=\"Written by\" \/>\n\t<meta name=\"twitter:data1\" content=\"redakcja\" \/>\n\t<meta name=\"twitter:label2\" content=\"Est. reading time\" \/>\n\t<meta name=\"twitter:data2\" content=\"2 minuty\" \/>\n<script type=\"application\/ld+json\" class=\"yoast-schema-graph\">{\"@context\":\"https:\/\/schema.org\",\"@graph\":[{\"@type\":\"Article\",\"@id\":\"https:\/\/www.mojabochnia.pl\/?p=93781#article\",\"isPartOf\":{\"@id\":\"https:\/\/www.mojabochnia.pl\/?p=93781\"},\"author\":{\"name\":\"redakcja\",\"@id\":\"https:\/\/www.mojabochnia.pl\/#\/schema\/person\/7e2f20ead9902216a3384f13606c0ab7\"},\"headline\":\"Brze\u017anica: zako\u0144czenie projektu \u201eKlub Skrzata\u201d\",\"datePublished\":\"2013-07-08T07:01:25+00:00\",\"dateModified\":\"2013-07-08T07:01:47+00:00\",\"mainEntityOfPage\":{\"@id\":\"https:\/\/www.mojabochnia.pl\/?p=93781\"},\"wordCount\":411,\"commentCount\":0,\"publisher\":{\"@id\":\"https:\/\/www.mojabochnia.pl\/#organization\"},\"keywords\":[\"brze\u017anica\",\"gmina bochnia\",\"klub skrzata\",\"projekt\"],\"articleSection\":[\"2_ostatnie\",\"fotogaleria\",\"Medium\",\"polityka i wydarzenia\",\"tematyka\"],\"inLanguage\":\"pl-PL\",\"potentialAction\":[{\"@type\":\"CommentAction\",\"name\":\"Comment\",\"target\":[\"https:\/\/www.mojabochnia.pl\/?p=93781#respond\"]}]},{\"@type\":\"WebPage\",\"@id\":\"https:\/\/www.mojabochnia.pl\/?p=93781\",\"url\":\"https:\/\/www.mojabochnia.pl\/?p=93781\",\"name\":\"Brze\u017anica: zako\u0144czenie projektu \u201eKlub Skrzata\u201d - mojabochnia.pl - portal informacyjny\",\"isPartOf\":{\"@id\":\"https:\/\/www.mojabochnia.pl\/#website\"},\"datePublished\":\"2013-07-08T07:01:25+00:00\",\"dateModified\":\"2013-07-08T07:01:47+00:00\",\"breadcrumb\":{\"@id\":\"https:\/\/www.mojabochnia.pl\/?p=93781#breadcrumb\"},\"inLanguage\":\"pl-PL\",\"potentialAction\":[{\"@type\":\"ReadAction\",\"target\":[\"https:\/\/www.mojabochnia.pl\/?p=93781\"]}]},{\"@type\":\"BreadcrumbList\",\"@id\":\"https:\/\/www.mojabochnia.pl\/?p=93781#breadcrumb\",\"itemListElement\":[{\"@type\":\"ListItem\",\"position\":1,\"name\":\"Home\",\"item\":\"https:\/\/www.mojabochnia.pl\/\"},{\"@type\":\"ListItem\",\"position\":2,\"name\":\"Brze\u017anica: zako\u0144czenie projektu \u201eKlub Skrzata\u201d\"}]},{\"@type\":\"WebSite\",\"@id\":\"https:\/\/www.mojabochnia.pl\/#website\",\"url\":\"https:\/\/www.mojabochnia.pl\/\",\"name\":\"mojabochnia.pl - portal informacyjny\",\"description\":\"mojaBochnia to portal informacyjny o Bochni. Codziennie o Bochni piszemy i pokazujemy najwa\u017cniejsze wydarzenia\",\"publisher\":{\"@id\":\"https:\/\/www.mojabochnia.pl\/#organization\"},\"potentialAction\":[{\"@type\":\"SearchAction\",\"target\":{\"@type\":\"EntryPoint\",\"urlTemplate\":\"https:\/\/www.mojabochnia.pl\/?s={search_term_string}\"},\"query-input\":{\"@type\":\"PropertyValueSpecification\",\"valueRequired\":true,\"valueName\":\"search_term_string\"}}],\"inLanguage\":\"pl-PL\"},{\"@type\":\"Organization\",\"@id\":\"https:\/\/www.mojabochnia.pl\/#organization\",\"name\":\"mojabochnia.pl - portal informacyjny\",\"url\":\"https:\/\/www.mojabochnia.pl\/\",\"logo\":{\"@type\":\"ImageObject\",\"inLanguage\":\"pl-PL\",\"@id\":\"https:\/\/www.mojabochnia.pl\/#\/schema\/logo\/image\/\",\"url\":\"https:\/\/www.mojabochnia.pl\/wp-content\/uploads\/2017\/08\/logo-mb-opt.png\",\"contentUrl\":\"https:\/\/www.mojabochnia.pl\/wp-content\/uploads\/2017\/08\/logo-mb-opt.png\",\"width\":250,\"height\":48,\"caption\":\"mojabochnia.pl - portal informacyjny\"},\"image\":{\"@id\":\"https:\/\/www.mojabochnia.pl\/#\/schema\/logo\/image\/\"},\"sameAs\":[\"https:\/\/www.facebook.com\/mojabochnia\"]},{\"@type\":\"Person\",\"@id\":\"https:\/\/www.mojabochnia.pl\/#\/schema\/person\/7e2f20ead9902216a3384f13606c0ab7\",\"name\":\"redakcja\",\"sameAs\":[\"http:\/\/\"],\"url\":\"https:\/\/www.mojabochnia.pl\/?author=13\"}]}<\/script>\n<!-- \/ Yoast SEO plugin. -->","yoast_head_json":{"title":"Brze\u017anica: zako\u0144czenie projektu \u201eKlub Skrzata\u201d - mojabochnia.pl - portal informacyjny","robots":{"index":"index","follow":"follow","max-snippet":"max-snippet:-1","max-image-preview":"max-image-preview:large","max-video-preview":"max-video-preview:-1"},"canonical":"https:\/\/www.mojabochnia.pl\/?p=93781","og_locale":"pl_PL","og_type":"article","og_title":"Brze\u017anica: zako\u0144czenie projektu \u201eKlub Skrzata\u201d - mojabochnia.pl - portal informacyjny","og_description":"28 czerwca odby\u0142o si\u0119 uroczyste zako\u0144czenie projektu \u201eKlub Skrzata\u201d w Bibliotece Publicznej w Brze\u017anicy dzia\u0142aj\u0105cej w strukturze Gminnego Centrum Kultury, Czytelnictwa i Sportu w Bochni.","og_url":"https:\/\/www.mojabochnia.pl\/?p=93781","og_site_name":"mojabochnia.pl - portal informacyjny","article_publisher":"https:\/\/www.facebook.com\/mojabochnia","article_published_time":"2013-07-08T07:01:25+00:00","article_modified_time":"2013-07-08T07:01:47+00:00","author":"redakcja","twitter_card":"summary_large_image","twitter_misc":{"Written by":"redakcja","Est. reading time":"2 minuty"},"schema":{"@context":"https:\/\/schema.org","@graph":[{"@type":"Article","@id":"https:\/\/www.mojabochnia.pl\/?p=93781#article","isPartOf":{"@id":"https:\/\/www.mojabochnia.pl\/?p=93781"},"author":{"name":"redakcja","@id":"https:\/\/www.mojabochnia.pl\/#\/schema\/person\/7e2f20ead9902216a3384f13606c0ab7"},"headline":"Brze\u017anica: zako\u0144czenie projektu \u201eKlub Skrzata\u201d","datePublished":"2013-07-08T07:01:25+00:00","dateModified":"2013-07-08T07:01:47+00:00","mainEntityOfPage":{"@id":"https:\/\/www.mojabochnia.pl\/?p=93781"},"wordCount":411,"commentCount":0,"publisher":{"@id":"https:\/\/www.mojabochnia.pl\/#organization"},"keywords":["brze\u017anica","gmina bochnia","klub skrzata","projekt"],"articleSection":["2_ostatnie","fotogaleria","Medium","polityka i wydarzenia","tematyka"],"inLanguage":"pl-PL","potentialAction":[{"@type":"CommentAction","name":"Comment","target":["https:\/\/www.mojabochnia.pl\/?p=93781#respond"]}]},{"@type":"WebPage","@id":"https:\/\/www.mojabochnia.pl\/?p=93781","url":"https:\/\/www.mojabochnia.pl\/?p=93781","name":"Brze\u017anica: zako\u0144czenie projektu \u201eKlub Skrzata\u201d - mojabochnia.pl - portal informacyjny","isPartOf":{"@id":"https:\/\/www.mojabochnia.pl\/#website"},"datePublished":"2013-07-08T07:01:25+00:00","dateModified":"2013-07-08T07:01:47+00:00","breadcrumb":{"@id":"https:\/\/www.mojabochnia.pl\/?p=93781#breadcrumb"},"inLanguage":"pl-PL","potentialAction":[{"@type":"ReadAction","target":["https:\/\/www.mojabochnia.pl\/?p=93781"]}]},{"@type":"BreadcrumbList","@id":"https:\/\/www.mojabochnia.pl\/?p=93781#breadcrumb","itemListElement":[{"@type":"ListItem","position":1,"name":"Home","item":"https:\/\/www.mojabochnia.pl\/"},{"@type":"ListItem","position":2,"name":"Brze\u017anica: zako\u0144czenie projektu \u201eKlub Skrzata\u201d"}]},{"@type":"WebSite","@id":"https:\/\/www.mojabochnia.pl\/#website","url":"https:\/\/www.mojabochnia.pl\/","name":"mojabochnia.pl - portal informacyjny","description":"mojaBochnia to portal informacyjny o Bochni. Codziennie o Bochni piszemy i pokazujemy najwa\u017cniejsze wydarzenia","publisher":{"@id":"https:\/\/www.mojabochnia.pl\/#organization"},"potentialAction":[{"@type":"SearchAction","target":{"@type":"EntryPoint","urlTemplate":"https:\/\/www.mojabochnia.pl\/?s={search_term_string}"},"query-input":{"@type":"PropertyValueSpecification","valueRequired":true,"valueName":"search_term_string"}}],"inLanguage":"pl-PL"},{"@type":"Organization","@id":"https:\/\/www.mojabochnia.pl\/#organization","name":"mojabochnia.pl - portal informacyjny","url":"https:\/\/www.mojabochnia.pl\/","logo":{"@type":"ImageObject","inLanguage":"pl-PL","@id":"https:\/\/www.mojabochnia.pl\/#\/schema\/logo\/image\/","url":"https:\/\/www.mojabochnia.pl\/wp-content\/uploads\/2017\/08\/logo-mb-opt.png","contentUrl":"https:\/\/www.mojabochnia.pl\/wp-content\/uploads\/2017\/08\/logo-mb-opt.png","width":250,"height":48,"caption":"mojabochnia.pl - portal informacyjny"},"image":{"@id":"https:\/\/www.mojabochnia.pl\/#\/schema\/logo\/image\/"},"sameAs":["https:\/\/www.facebook.com\/mojabochnia"]},{"@type":"Person","@id":"https:\/\/www.mojabochnia.pl\/#\/schema\/person\/7e2f20ead9902216a3384f13606c0ab7","name":"redakcja","sameAs":["http:\/\/"],"url":"https:\/\/www.mojabochnia.pl\/?author=13"}]}},"_links":{"self":[{"href":"https:\/\/www.mojabochnia.pl\/index.php?rest_route=\/wp\/v2\/posts\/93781","targetHints":{"allow":["GET"]}}],"collection":[{"href":"https:\/\/www.mojabochnia.pl\/index.php?rest_route=\/wp\/v2\/posts"}],"about":[{"href":"https:\/\/www.mojabochnia.pl\/index.php?rest_route=\/wp\/v2\/types\/post"}],"author":[{"embeddable":true,"href":"https:\/\/www.mojabochnia.pl\/index.php?rest_route=\/wp\/v2\/users\/13"}],"replies":[{"embeddable":true,"href":"https:\/\/www.mojabochnia.pl\/index.php?rest_route=%2Fwp%2Fv2%2Fcomments&post=93781"}],"version-history":[{"count":4,"href":"https:\/\/www.mojabochnia.pl\/index.php?rest_route=\/wp\/v2\/posts\/93781\/revisions"}],"predecessor-version":[{"id":93790,"href":"https:\/\/www.mojabochnia.pl\/index.php?rest_route=\/wp\/v2\/posts\/93781\/revisions\/93790"}],"wp:attachment":[{"href":"https:\/\/www.mojabochnia.pl\/index.php?rest_route=%2Fwp%2Fv2%2Fmedia&parent=93781"}],"wp:term":[{"taxonomy":"category","embeddable":true,"href":"https:\/\/www.mojabochnia.pl\/index.php?rest_route=%2Fwp%2Fv2%2Fcategories&post=93781"},{"taxonomy":"post_tag","embeddable":true,"href":"https:\/\/www.mojabochnia.pl\/index.php?rest_route=%2Fwp%2Fv2%2Ftags&post=93781"}],"curies":[{"name":"wp","href":"https:\/\/api.w.org\/{rel}","templated":true}]}}