{"id":9308,"date":"2009-05-20T10:11:36","date_gmt":"2009-05-20T08:11:36","guid":{"rendered":"http:\/\/www.mojabochnia.pl\/?p=9308"},"modified":"2009-05-20T09:36:07","modified_gmt":"2009-05-20T07:36:07","slug":"marek-jurek-w-bochni-o-co-beda-walczyc-eurodeputowani-z-prawicy-rzeczypospolitej","status":"publish","type":"post","link":"https:\/\/www.mojabochnia.pl\/?p=9308","title":{"rendered":"Marek Jurek w Bochni &#8211; O co b\u0119d\u0105 walczy\u0107 Eurodeputowani z Prawicy Rzeczypospolitej?"},"content":{"rendered":"<p>Marek Jurek wraz z kandydatami Prawicy startuj\u0105cymi w zbli\u017caj\u0105cych si\u0119 wyborach do Parlamentu Europejskiego zago\u015bci\u0142 nie tylko w Bochni, ale tak\u017ce w Tuchowie, D\u0105browie Tarnowskiej i Brzesku. \u201eEuropa normalnych rodzin\u201d sta\u0142a si\u0119 tematem przewodnim spotkania, b\u0119d\u0105c r\u00f3wnocze\u015bnie has\u0142em kampanii wyborczej Prawicy Rzeczypospolitej. G\u0142\u00f3wnym priorytetem Eurodeputowanych mia\u0142aby by\u0107 walka o prawa rodzin i \u201ecywilizacj\u0119 \u017cycia\u201d oraz uczynienie praw rodziny g\u0142\u00f3wnym elementem polityki spo\u0142ecznej Unii Europejskiej. &#8211; <em>Unia musi odnosi\u0107 si\u0119 z szacunkiem i akceptacj\u0105 do wszystkich regulacji narodowych, kt\u00f3re wspieraj\u0105 rodzin\u0119 w wymiarze moralnym i materialnym<\/em> \u2013 m\u00f3wi\u0142 Marek Jurek.<\/p>\n<p>By\u0142y Marsza\u0142ek Sejmu w swojej wypowiedzi skrytykowa\u0142 Sejm i Senat za brak reakcji wobec atak\u00f3w na Ojca \u015awi\u0119tego Benedykta XVI, kt\u00f3re s\u0105 wywo\u0142ane jego nieugi\u0119t\u0105 obron\u0105 prawdy Ewangelii i \u0142adu moralnego. &#8211; <em>Prawica Rzeczypospolitej od kilku tygodni wzywa parlament do jasnej deklaracji solidarno\u015bci z Benedyktem XVI i protestu wobec atak\u00f3w na Ojca \u015awi\u0119tego. W kraju katolickim Papie\u017ca powinno broni\u0107 przedstawicielstwo narodowe i wszystkie znacz\u0105ce ugrupowania polityczne<\/em> \u2013 podkre\u015bla\u0142 przewodnicz\u0105cy Prawicy.<\/p>\n<p>Poruszony zasta\u0142 tak\u017ce temat wprowadzenia w Polsce euro oraz traktatu lizbo\u0144skiego, przeciwko kt\u00f3rym opowiadaj\u0105 si\u0119 cz\u0142onkowie Prawicy Rzeczypospolitej. &#8211; <em>Polska potrzebuje narodowej waluty, euro to wzrost cen i obni\u017cenie poziomu \u017cycia<\/em> \u2013 skomentowa\u0142 Marek Jurek.<\/p>\n<p>Podczas spotkania zaprezentowali si\u0119 r\u00f3wnie\u017c kandydaci Prawicy Rzeczypospolitej do Parlamentu Europejskiego: Krystyna Zaj\u0105c (lider listy), Marek Ciuraszkiewicz, Kazimierz Dro\u017cd\u017cowski, Krzysztof Holender, Jan P\u0142oszczyca, Janusza \u0141ukasik i Ryszard Popie\u0142uszko.<\/p>\n<p>&#8211; <em>W Europie potrzebny jest mocny Polski g\u0142os broni\u0105cy naszych praw, interes\u00f3w i proponuj\u0105cy rozwi\u0105zania europejskie naprawd\u0119 s\u0142u\u017c\u0105ce wszystkim narodom, a nie tylko najsilniejszym pa\u0144stwom, oparte na uniwersalnych warto\u015bciach chrze\u015bcija\u0144stwa<\/em> \u2013 m\u00f3wi\u0142 by\u0142y Marsza\u0142ek Sejmu.<\/p>\n<p>Jak podkre\u015bla\u0142 Janusz Kwa\u015bniak b\u0119d\u0105cy cz\u0142onkiem Zarz\u0105du G\u0142\u00f3wnego i pe\u0142nomocnikiem Prawicy na okr\u0119g tarnowski du\u017ce zainteresowanie dzia\u0142alno\u015bci\u0105 i programem prawicy jest dobrym prognostykiem przed wyborami.<\/p>\n<p><img decoding=\"async\" src=\"\/f\/2009\/05\/090520_wc_marek_jurek1.jpg\" alt=\"null\" \/><br \/>\n<img decoding=\"async\" src=\"\/f\/2009\/05\/090520_wc_marek_jurek2.jpg\" alt=\"null\" \/><\/p>\n","protected":false},"excerpt":{"rendered":"<p>Walka o prawa rodzin ma sta\u0107 si\u0119 g\u0142\u00f3wnym priorytetem Eurpdeputowanych z Prawicy Rzeczypospolitej. Na spotkaniach z przewodnicz\u0105cym prawicy oraz kandydatami do Parlamentu Europejskiego zjawi\u0142o si\u0119 kilkaset os\u00f3b.<\/p>\n","protected":false},"author":1,"featured_media":0,"comment_status":"open","ping_status":"closed","sticky":false,"template":"","format":"standard","meta":{"_acf_changed":false,"footnotes":""},"categories":[5],"tags":[4137,4138,4058,4059,4135,17346],"class_list":["post-9308","post","type-post","status-publish","format-standard","hentry","category-biezace-wydarzenia","tag-kandydaci","tag-lista-wyborcza","tag-marek-jurek","tag-parlament-europejski","tag-przewodniczacy","tag-spotkanie"],"acf":[],"yoast_head":"<!-- This site is optimized with the Yoast SEO plugin v26.9 - https:\/\/yoast.com\/product\/yoast-seo-wordpress\/ -->\n<title>Marek Jurek w Bochni - O co b\u0119d\u0105 walczy\u0107 Eurodeputowani z Prawicy Rzeczypospolitej? - mojabochnia.pl - portal informacyjny<\/title>\n<meta name=\"robots\" content=\"index, follow, max-snippet:-1, max-image-preview:large, max-video-preview:-1\" \/>\n<link rel=\"canonical\" href=\"https:\/\/www.mojabochnia.pl\/?p=9308\" \/>\n<meta property=\"og:locale\" content=\"pl_PL\" \/>\n<meta property=\"og:type\" content=\"article\" \/>\n<meta property=\"og:title\" content=\"Marek Jurek w Bochni - O co b\u0119d\u0105 walczy\u0107 Eurodeputowani z Prawicy Rzeczypospolitej? - mojabochnia.pl - portal informacyjny\" \/>\n<meta property=\"og:description\" content=\"Walka o prawa rodzin ma sta\u0107 si\u0119 g\u0142\u00f3wnym priorytetem Eurpdeputowanych z Prawicy Rzeczypospolitej. Na spotkaniach z przewodnicz\u0105cym prawicy oraz kandydatami do Parlamentu Europejskiego zjawi\u0142o si\u0119 kilkaset os\u00f3b.\" \/>\n<meta property=\"og:url\" content=\"https:\/\/www.mojabochnia.pl\/?p=9308\" \/>\n<meta property=\"og:site_name\" content=\"mojabochnia.pl - portal informacyjny\" \/>\n<meta property=\"article:publisher\" content=\"https:\/\/www.facebook.com\/mojabochnia\" \/>\n<meta property=\"article:published_time\" content=\"2009-05-20T08:11:36+00:00\" \/>\n<meta name=\"author\" content=\"administrator\" \/>\n<meta name=\"twitter:card\" content=\"summary_large_image\" \/>\n<meta name=\"twitter:label1\" content=\"Written by\" \/>\n\t<meta name=\"twitter:data1\" content=\"administrator\" \/>\n\t<meta name=\"twitter:label2\" content=\"Est. reading time\" \/>\n\t<meta name=\"twitter:data2\" content=\"2 minuty\" \/>\n<script type=\"application\/ld+json\" class=\"yoast-schema-graph\">{\"@context\":\"https:\/\/schema.org\",\"@graph\":[{\"@type\":\"Article\",\"@id\":\"https:\/\/www.mojabochnia.pl\/?p=9308#article\",\"isPartOf\":{\"@id\":\"https:\/\/www.mojabochnia.pl\/?p=9308\"},\"author\":{\"name\":\"administrator\",\"@id\":\"https:\/\/www.mojabochnia.pl\/#\/schema\/person\/c00e1f64e6fa0e6de6d410f2c340017f\"},\"headline\":\"Marek Jurek w Bochni &#8211; O co b\u0119d\u0105 walczy\u0107 Eurodeputowani z Prawicy Rzeczypospolitej?\",\"datePublished\":\"2009-05-20T08:11:36+00:00\",\"mainEntityOfPage\":{\"@id\":\"https:\/\/www.mojabochnia.pl\/?p=9308\"},\"wordCount\":361,\"commentCount\":0,\"publisher\":{\"@id\":\"https:\/\/www.mojabochnia.pl\/#organization\"},\"keywords\":[\"kandydaci\",\"lista wyborcza\",\"marek jurek\",\"parlament europejski\",\"przewodnicz\u0105cy\",\"spotkanie\"],\"articleSection\":[\"2_ostatnie\"],\"inLanguage\":\"pl-PL\",\"potentialAction\":[{\"@type\":\"CommentAction\",\"name\":\"Comment\",\"target\":[\"https:\/\/www.mojabochnia.pl\/?p=9308#respond\"]}]},{\"@type\":\"WebPage\",\"@id\":\"https:\/\/www.mojabochnia.pl\/?p=9308\",\"url\":\"https:\/\/www.mojabochnia.pl\/?p=9308\",\"name\":\"Marek Jurek w Bochni - O co b\u0119d\u0105 walczy\u0107 Eurodeputowani z Prawicy Rzeczypospolitej? - mojabochnia.pl - portal informacyjny\",\"isPartOf\":{\"@id\":\"https:\/\/www.mojabochnia.pl\/#website\"},\"datePublished\":\"2009-05-20T08:11:36+00:00\",\"breadcrumb\":{\"@id\":\"https:\/\/www.mojabochnia.pl\/?p=9308#breadcrumb\"},\"inLanguage\":\"pl-PL\",\"potentialAction\":[{\"@type\":\"ReadAction\",\"target\":[\"https:\/\/www.mojabochnia.pl\/?p=9308\"]}]},{\"@type\":\"BreadcrumbList\",\"@id\":\"https:\/\/www.mojabochnia.pl\/?p=9308#breadcrumb\",\"itemListElement\":[{\"@type\":\"ListItem\",\"position\":1,\"name\":\"Home\",\"item\":\"https:\/\/www.mojabochnia.pl\/\"},{\"@type\":\"ListItem\",\"position\":2,\"name\":\"Marek Jurek w Bochni &#8211; O co b\u0119d\u0105 walczy\u0107 Eurodeputowani z Prawicy Rzeczypospolitej?\"}]},{\"@type\":\"WebSite\",\"@id\":\"https:\/\/www.mojabochnia.pl\/#website\",\"url\":\"https:\/\/www.mojabochnia.pl\/\",\"name\":\"mojabochnia.pl - portal informacyjny\",\"description\":\"mojaBochnia to portal informacyjny o Bochni. Codziennie o Bochni piszemy i pokazujemy najwa\u017cniejsze wydarzenia\",\"publisher\":{\"@id\":\"https:\/\/www.mojabochnia.pl\/#organization\"},\"potentialAction\":[{\"@type\":\"SearchAction\",\"target\":{\"@type\":\"EntryPoint\",\"urlTemplate\":\"https:\/\/www.mojabochnia.pl\/?s={search_term_string}\"},\"query-input\":{\"@type\":\"PropertyValueSpecification\",\"valueRequired\":true,\"valueName\":\"search_term_string\"}}],\"inLanguage\":\"pl-PL\"},{\"@type\":\"Organization\",\"@id\":\"https:\/\/www.mojabochnia.pl\/#organization\",\"name\":\"mojabochnia.pl - portal informacyjny\",\"url\":\"https:\/\/www.mojabochnia.pl\/\",\"logo\":{\"@type\":\"ImageObject\",\"inLanguage\":\"pl-PL\",\"@id\":\"https:\/\/www.mojabochnia.pl\/#\/schema\/logo\/image\/\",\"url\":\"https:\/\/www.mojabochnia.pl\/wp-content\/uploads\/2017\/08\/logo-mb-opt.png\",\"contentUrl\":\"https:\/\/www.mojabochnia.pl\/wp-content\/uploads\/2017\/08\/logo-mb-opt.png\",\"width\":250,\"height\":48,\"caption\":\"mojabochnia.pl - portal informacyjny\"},\"image\":{\"@id\":\"https:\/\/www.mojabochnia.pl\/#\/schema\/logo\/image\/\"},\"sameAs\":[\"https:\/\/www.facebook.com\/mojabochnia\"]},{\"@type\":\"Person\",\"@id\":\"https:\/\/www.mojabochnia.pl\/#\/schema\/person\/c00e1f64e6fa0e6de6d410f2c340017f\",\"name\":\"administrator\",\"url\":\"https:\/\/www.mojabochnia.pl\/?author=1\"}]}<\/script>\n<!-- \/ Yoast SEO plugin. -->","yoast_head_json":{"title":"Marek Jurek w Bochni - O co b\u0119d\u0105 walczy\u0107 Eurodeputowani z Prawicy Rzeczypospolitej? - mojabochnia.pl - portal informacyjny","robots":{"index":"index","follow":"follow","max-snippet":"max-snippet:-1","max-image-preview":"max-image-preview:large","max-video-preview":"max-video-preview:-1"},"canonical":"https:\/\/www.mojabochnia.pl\/?p=9308","og_locale":"pl_PL","og_type":"article","og_title":"Marek Jurek w Bochni - O co b\u0119d\u0105 walczy\u0107 Eurodeputowani z Prawicy Rzeczypospolitej? - mojabochnia.pl - portal informacyjny","og_description":"Walka o prawa rodzin ma sta\u0107 si\u0119 g\u0142\u00f3wnym priorytetem Eurpdeputowanych z Prawicy Rzeczypospolitej. Na spotkaniach z przewodnicz\u0105cym prawicy oraz kandydatami do Parlamentu Europejskiego zjawi\u0142o si\u0119 kilkaset os\u00f3b.","og_url":"https:\/\/www.mojabochnia.pl\/?p=9308","og_site_name":"mojabochnia.pl - portal informacyjny","article_publisher":"https:\/\/www.facebook.com\/mojabochnia","article_published_time":"2009-05-20T08:11:36+00:00","author":"administrator","twitter_card":"summary_large_image","twitter_misc":{"Written by":"administrator","Est. reading time":"2 minuty"},"schema":{"@context":"https:\/\/schema.org","@graph":[{"@type":"Article","@id":"https:\/\/www.mojabochnia.pl\/?p=9308#article","isPartOf":{"@id":"https:\/\/www.mojabochnia.pl\/?p=9308"},"author":{"name":"administrator","@id":"https:\/\/www.mojabochnia.pl\/#\/schema\/person\/c00e1f64e6fa0e6de6d410f2c340017f"},"headline":"Marek Jurek w Bochni &#8211; O co b\u0119d\u0105 walczy\u0107 Eurodeputowani z Prawicy Rzeczypospolitej?","datePublished":"2009-05-20T08:11:36+00:00","mainEntityOfPage":{"@id":"https:\/\/www.mojabochnia.pl\/?p=9308"},"wordCount":361,"commentCount":0,"publisher":{"@id":"https:\/\/www.mojabochnia.pl\/#organization"},"keywords":["kandydaci","lista wyborcza","marek jurek","parlament europejski","przewodnicz\u0105cy","spotkanie"],"articleSection":["2_ostatnie"],"inLanguage":"pl-PL","potentialAction":[{"@type":"CommentAction","name":"Comment","target":["https:\/\/www.mojabochnia.pl\/?p=9308#respond"]}]},{"@type":"WebPage","@id":"https:\/\/www.mojabochnia.pl\/?p=9308","url":"https:\/\/www.mojabochnia.pl\/?p=9308","name":"Marek Jurek w Bochni - O co b\u0119d\u0105 walczy\u0107 Eurodeputowani z Prawicy Rzeczypospolitej? - mojabochnia.pl - portal informacyjny","isPartOf":{"@id":"https:\/\/www.mojabochnia.pl\/#website"},"datePublished":"2009-05-20T08:11:36+00:00","breadcrumb":{"@id":"https:\/\/www.mojabochnia.pl\/?p=9308#breadcrumb"},"inLanguage":"pl-PL","potentialAction":[{"@type":"ReadAction","target":["https:\/\/www.mojabochnia.pl\/?p=9308"]}]},{"@type":"BreadcrumbList","@id":"https:\/\/www.mojabochnia.pl\/?p=9308#breadcrumb","itemListElement":[{"@type":"ListItem","position":1,"name":"Home","item":"https:\/\/www.mojabochnia.pl\/"},{"@type":"ListItem","position":2,"name":"Marek Jurek w Bochni &#8211; O co b\u0119d\u0105 walczy\u0107 Eurodeputowani z Prawicy Rzeczypospolitej?"}]},{"@type":"WebSite","@id":"https:\/\/www.mojabochnia.pl\/#website","url":"https:\/\/www.mojabochnia.pl\/","name":"mojabochnia.pl - portal informacyjny","description":"mojaBochnia to portal informacyjny o Bochni. Codziennie o Bochni piszemy i pokazujemy najwa\u017cniejsze wydarzenia","publisher":{"@id":"https:\/\/www.mojabochnia.pl\/#organization"},"potentialAction":[{"@type":"SearchAction","target":{"@type":"EntryPoint","urlTemplate":"https:\/\/www.mojabochnia.pl\/?s={search_term_string}"},"query-input":{"@type":"PropertyValueSpecification","valueRequired":true,"valueName":"search_term_string"}}],"inLanguage":"pl-PL"},{"@type":"Organization","@id":"https:\/\/www.mojabochnia.pl\/#organization","name":"mojabochnia.pl - portal informacyjny","url":"https:\/\/www.mojabochnia.pl\/","logo":{"@type":"ImageObject","inLanguage":"pl-PL","@id":"https:\/\/www.mojabochnia.pl\/#\/schema\/logo\/image\/","url":"https:\/\/www.mojabochnia.pl\/wp-content\/uploads\/2017\/08\/logo-mb-opt.png","contentUrl":"https:\/\/www.mojabochnia.pl\/wp-content\/uploads\/2017\/08\/logo-mb-opt.png","width":250,"height":48,"caption":"mojabochnia.pl - portal informacyjny"},"image":{"@id":"https:\/\/www.mojabochnia.pl\/#\/schema\/logo\/image\/"},"sameAs":["https:\/\/www.facebook.com\/mojabochnia"]},{"@type":"Person","@id":"https:\/\/www.mojabochnia.pl\/#\/schema\/person\/c00e1f64e6fa0e6de6d410f2c340017f","name":"administrator","url":"https:\/\/www.mojabochnia.pl\/?author=1"}]}},"_links":{"self":[{"href":"https:\/\/www.mojabochnia.pl\/index.php?rest_route=\/wp\/v2\/posts\/9308","targetHints":{"allow":["GET"]}}],"collection":[{"href":"https:\/\/www.mojabochnia.pl\/index.php?rest_route=\/wp\/v2\/posts"}],"about":[{"href":"https:\/\/www.mojabochnia.pl\/index.php?rest_route=\/wp\/v2\/types\/post"}],"author":[{"embeddable":true,"href":"https:\/\/www.mojabochnia.pl\/index.php?rest_route=\/wp\/v2\/users\/1"}],"replies":[{"embeddable":true,"href":"https:\/\/www.mojabochnia.pl\/index.php?rest_route=%2Fwp%2Fv2%2Fcomments&post=9308"}],"version-history":[{"count":0,"href":"https:\/\/www.mojabochnia.pl\/index.php?rest_route=\/wp\/v2\/posts\/9308\/revisions"}],"wp:attachment":[{"href":"https:\/\/www.mojabochnia.pl\/index.php?rest_route=%2Fwp%2Fv2%2Fmedia&parent=9308"}],"wp:term":[{"taxonomy":"category","embeddable":true,"href":"https:\/\/www.mojabochnia.pl\/index.php?rest_route=%2Fwp%2Fv2%2Fcategories&post=9308"},{"taxonomy":"post_tag","embeddable":true,"href":"https:\/\/www.mojabochnia.pl\/index.php?rest_route=%2Fwp%2Fv2%2Ftags&post=9308"}],"curies":[{"name":"wp","href":"https:\/\/api.w.org\/{rel}","templated":true}]}}