{"id":92660,"date":"2013-06-23T07:34:05","date_gmt":"2013-06-23T05:34:05","guid":{"rendered":"http:\/\/www.mojabochnia.pl\/?p=92660"},"modified":"2013-06-23T17:37:26","modified_gmt":"2013-06-23T15:37:26","slug":"refleksje-na-niedziele-droga-ucznia-chrystusa","status":"publish","type":"post","link":"https:\/\/www.mojabochnia.pl\/?p=92660","title":{"rendered":"Refleksje na niedziel\u0119: Droga ucznia Chrystusa"},"content":{"rendered":"<p>Na kartach Ewangelii pojawiaj\u0105 si\u0119 wielokrotnie wskaz\u00f3wki dla ucznia Chrystusa. Jako pierwsz\u0105 wymieni\u0142bym \u201esta\u0107 si\u0119 jak dziecko\u201d. Czy to znaczy niesamodzielne, naiwne, ca\u0142kowicie zale\u017cne? Nie! Dziecko w nauczaniu Jezusa to osoba szczera, ca\u0142kowicie zaanga\u017cowana, konsekwentna. Jednym z podstawowych problem\u00f3w wsp\u00f3\u0142czesno\u015bci jest cz\u0119sty brak konsekwencji. Wsp\u00f3\u0142czesny \u015bwiat nie uczy konsekwencji, ponoszenia osobi\u015bcie konsekwencji odpowiedzialno\u015bci za czyny. \u201eJe\u017celi kto\u015b r\u0119k\u0119 do p\u0142uga przyk\u0142ada i wstecz si\u0119 obraca nie jest mnie godzien\u201d. Czyli je\u017celi podejmiemy decyzje p\u00f3j\u015bcia za Chrystusem to nie szukajmy wym\u00f3wek.<\/p>\n<p>Dzisiejsze czytania wpisuj\u0105 si\u0119 w ten nurt. \u201eJe\u017celi kto\u015b chce i\u015b\u0107 za mn\u0105 niech si\u0119 zaprze samego siebie, niech we\u017amie krzy\u017c sw\u00f3j i niech mnie na\u015bladuje\u201d. Wyb\u00f3r Chrystusa to bardzo powa\u017cna decyzja, kt\u00f3rej trzeba podporz\u0105dkowa\u0107 ca\u0142e \u017cycie. To wyb\u00f3r na dobre i z\u0142e, w szcz\u0119\u015bciu i niedoli. To r\u00f3wnie\u017c przyj\u0119cie ca\u0142ego nauczania \u2013 nie tylko tych wskaz\u00f3wek, kt\u00f3re nam pasuj\u0105, ale r\u00f3wnie\u017c i tych ogranicze\u0144, kt\u00f3re nam ci\u0105\u017c\u0105. To one s\u0105 cz\u0119sto tym krzy\u017cem. Tylko w ten spos\u00f3b droga chrze\u015bcijanina b\u0119dzie przemienia\u0107. \u201eWszyscy dzi\u0119ki wierze jeste\u015bcie synami Bo\u017cymi w Chrystusie Jezusie. Bo wy wszyscy, kt\u00f3rzy zostali\u015bcie ochrzczeni w Chrystusie, przyoblekli\u015bcie si\u0119 w Chrystusa\u201d. Skoro przyoblekli\u015bmy si\u0119 w Chrystusa, to r\u00f3wnie\u017c powinni\u015bmy na\u015bladowa\u0107 Jego pos\u0142usze\u0144stwo &#8211; \u201enie moja wola, ale niech si\u0119 Twoja stanie\u201d. <\/p>\n<p>\tNasz Mistrz swoim \u017cyciem ca\u0142kowicie wype\u0142nia\u0142 wol\u0119 Boga, r\u00f3wnie\u017c w chwilach pr\u00f3by.<\/p>\n","protected":false},"excerpt":{"rendered":"<p>Jak powinna wygl\u0105da\u0107 droga chrze\u015bcijanina? Jakie wzorce daje nam Chrystus? \u201eJe\u017celi kto\u015b chce i\u015b\u0107 za mn\u0105\u2026\u201d <\/p>\n","protected":false},"author":1165,"featured_media":0,"comment_status":"open","ping_status":"closed","sticky":false,"template":"","format":"standard","meta":{"_acf_changed":false,"footnotes":""},"categories":[5,6250,1342],"tags":[17844,17834,17365],"class_list":["post-92660","post","type-post","status-publish","format-standard","hentry","category-biezace-wydarzenia","category-tematyka","category-zycie-religijne","tag-jezus","tag-refleksje","tag-wiara","main_tag-refleksje"],"acf":[],"yoast_head":"<!-- This site is optimized with the Yoast SEO plugin v26.9 - https:\/\/yoast.com\/product\/yoast-seo-wordpress\/ -->\n<title>Refleksje na niedziel\u0119: Droga ucznia Chrystusa - mojabochnia.pl - portal informacyjny<\/title>\n<meta name=\"robots\" content=\"index, follow, max-snippet:-1, max-image-preview:large, max-video-preview:-1\" \/>\n<link rel=\"canonical\" href=\"https:\/\/www.mojabochnia.pl\/?p=92660\" \/>\n<meta property=\"og:locale\" content=\"pl_PL\" \/>\n<meta property=\"og:type\" content=\"article\" \/>\n<meta property=\"og:title\" content=\"Refleksje na niedziel\u0119: Droga ucznia Chrystusa - mojabochnia.pl - portal informacyjny\" \/>\n<meta property=\"og:description\" content=\"Jak powinna wygl\u0105da\u0107 droga chrze\u015bcijanina? Jakie wzorce daje nam Chrystus? \u201eJe\u017celi kto\u015b chce i\u015b\u0107 za mn\u0105\u2026\u201d\" \/>\n<meta property=\"og:url\" content=\"https:\/\/www.mojabochnia.pl\/?p=92660\" \/>\n<meta property=\"og:site_name\" content=\"mojabochnia.pl - portal informacyjny\" \/>\n<meta property=\"article:publisher\" content=\"https:\/\/www.facebook.com\/mojabochnia\" \/>\n<meta property=\"article:published_time\" content=\"2013-06-23T05:34:05+00:00\" \/>\n<meta property=\"article:modified_time\" content=\"2013-06-23T15:37:26+00:00\" \/>\n<meta name=\"author\" content=\"Grzegorz P. Bronowski\" \/>\n<meta name=\"twitter:card\" content=\"summary_large_image\" \/>\n<meta name=\"twitter:label1\" content=\"Written by\" \/>\n\t<meta name=\"twitter:data1\" content=\"Grzegorz P. Bronowski\" \/>\n\t<meta name=\"twitter:label2\" content=\"Est. reading time\" \/>\n\t<meta name=\"twitter:data2\" content=\"1 minuta\" \/>\n<script type=\"application\/ld+json\" class=\"yoast-schema-graph\">{\"@context\":\"https:\/\/schema.org\",\"@graph\":[{\"@type\":\"Article\",\"@id\":\"https:\/\/www.mojabochnia.pl\/?p=92660#article\",\"isPartOf\":{\"@id\":\"https:\/\/www.mojabochnia.pl\/?p=92660\"},\"author\":{\"name\":\"Grzegorz P. Bronowski\",\"@id\":\"https:\/\/www.mojabochnia.pl\/#\/schema\/person\/e69284965a8b760e6471c06218b14017\"},\"headline\":\"Refleksje na niedziel\u0119: Droga ucznia Chrystusa\",\"datePublished\":\"2013-06-23T05:34:05+00:00\",\"dateModified\":\"2013-06-23T15:37:26+00:00\",\"mainEntityOfPage\":{\"@id\":\"https:\/\/www.mojabochnia.pl\/?p=92660\"},\"wordCount\":281,\"commentCount\":0,\"publisher\":{\"@id\":\"https:\/\/www.mojabochnia.pl\/#organization\"},\"keywords\":[\"jezus\",\"refleksje\",\"wiara\"],\"articleSection\":[\"2_ostatnie\",\"tematyka\",\"\u017bycie religijne\"],\"inLanguage\":\"pl-PL\",\"potentialAction\":[{\"@type\":\"CommentAction\",\"name\":\"Comment\",\"target\":[\"https:\/\/www.mojabochnia.pl\/?p=92660#respond\"]}]},{\"@type\":\"WebPage\",\"@id\":\"https:\/\/www.mojabochnia.pl\/?p=92660\",\"url\":\"https:\/\/www.mojabochnia.pl\/?p=92660\",\"name\":\"Refleksje na niedziel\u0119: Droga ucznia Chrystusa - mojabochnia.pl - portal informacyjny\",\"isPartOf\":{\"@id\":\"https:\/\/www.mojabochnia.pl\/#website\"},\"datePublished\":\"2013-06-23T05:34:05+00:00\",\"dateModified\":\"2013-06-23T15:37:26+00:00\",\"breadcrumb\":{\"@id\":\"https:\/\/www.mojabochnia.pl\/?p=92660#breadcrumb\"},\"inLanguage\":\"pl-PL\",\"potentialAction\":[{\"@type\":\"ReadAction\",\"target\":[\"https:\/\/www.mojabochnia.pl\/?p=92660\"]}]},{\"@type\":\"BreadcrumbList\",\"@id\":\"https:\/\/www.mojabochnia.pl\/?p=92660#breadcrumb\",\"itemListElement\":[{\"@type\":\"ListItem\",\"position\":1,\"name\":\"Home\",\"item\":\"https:\/\/www.mojabochnia.pl\/\"},{\"@type\":\"ListItem\",\"position\":2,\"name\":\"Refleksje na niedziel\u0119: Droga ucznia Chrystusa\"}]},{\"@type\":\"WebSite\",\"@id\":\"https:\/\/www.mojabochnia.pl\/#website\",\"url\":\"https:\/\/www.mojabochnia.pl\/\",\"name\":\"mojabochnia.pl - portal informacyjny\",\"description\":\"mojaBochnia to portal informacyjny o Bochni. Codziennie o Bochni piszemy i pokazujemy najwa\u017cniejsze wydarzenia\",\"publisher\":{\"@id\":\"https:\/\/www.mojabochnia.pl\/#organization\"},\"potentialAction\":[{\"@type\":\"SearchAction\",\"target\":{\"@type\":\"EntryPoint\",\"urlTemplate\":\"https:\/\/www.mojabochnia.pl\/?s={search_term_string}\"},\"query-input\":{\"@type\":\"PropertyValueSpecification\",\"valueRequired\":true,\"valueName\":\"search_term_string\"}}],\"inLanguage\":\"pl-PL\"},{\"@type\":\"Organization\",\"@id\":\"https:\/\/www.mojabochnia.pl\/#organization\",\"name\":\"mojabochnia.pl - portal informacyjny\",\"url\":\"https:\/\/www.mojabochnia.pl\/\",\"logo\":{\"@type\":\"ImageObject\",\"inLanguage\":\"pl-PL\",\"@id\":\"https:\/\/www.mojabochnia.pl\/#\/schema\/logo\/image\/\",\"url\":\"https:\/\/www.mojabochnia.pl\/wp-content\/uploads\/2017\/08\/logo-mb-opt.png\",\"contentUrl\":\"https:\/\/www.mojabochnia.pl\/wp-content\/uploads\/2017\/08\/logo-mb-opt.png\",\"width\":250,\"height\":48,\"caption\":\"mojabochnia.pl - portal informacyjny\"},\"image\":{\"@id\":\"https:\/\/www.mojabochnia.pl\/#\/schema\/logo\/image\/\"},\"sameAs\":[\"https:\/\/www.facebook.com\/mojabochnia\"]},{\"@type\":\"Person\",\"@id\":\"https:\/\/www.mojabochnia.pl\/#\/schema\/person\/e69284965a8b760e6471c06218b14017\",\"name\":\"Grzegorz P. Bronowski\",\"url\":\"https:\/\/www.mojabochnia.pl\/?author=1165\"}]}<\/script>\n<!-- \/ Yoast SEO plugin. -->","yoast_head_json":{"title":"Refleksje na niedziel\u0119: Droga ucznia Chrystusa - mojabochnia.pl - portal informacyjny","robots":{"index":"index","follow":"follow","max-snippet":"max-snippet:-1","max-image-preview":"max-image-preview:large","max-video-preview":"max-video-preview:-1"},"canonical":"https:\/\/www.mojabochnia.pl\/?p=92660","og_locale":"pl_PL","og_type":"article","og_title":"Refleksje na niedziel\u0119: Droga ucznia Chrystusa - mojabochnia.pl - portal informacyjny","og_description":"Jak powinna wygl\u0105da\u0107 droga chrze\u015bcijanina? Jakie wzorce daje nam Chrystus? \u201eJe\u017celi kto\u015b chce i\u015b\u0107 za mn\u0105\u2026\u201d","og_url":"https:\/\/www.mojabochnia.pl\/?p=92660","og_site_name":"mojabochnia.pl - portal informacyjny","article_publisher":"https:\/\/www.facebook.com\/mojabochnia","article_published_time":"2013-06-23T05:34:05+00:00","article_modified_time":"2013-06-23T15:37:26+00:00","author":"Grzegorz P. Bronowski","twitter_card":"summary_large_image","twitter_misc":{"Written by":"Grzegorz P. Bronowski","Est. reading time":"1 minuta"},"schema":{"@context":"https:\/\/schema.org","@graph":[{"@type":"Article","@id":"https:\/\/www.mojabochnia.pl\/?p=92660#article","isPartOf":{"@id":"https:\/\/www.mojabochnia.pl\/?p=92660"},"author":{"name":"Grzegorz P. Bronowski","@id":"https:\/\/www.mojabochnia.pl\/#\/schema\/person\/e69284965a8b760e6471c06218b14017"},"headline":"Refleksje na niedziel\u0119: Droga ucznia Chrystusa","datePublished":"2013-06-23T05:34:05+00:00","dateModified":"2013-06-23T15:37:26+00:00","mainEntityOfPage":{"@id":"https:\/\/www.mojabochnia.pl\/?p=92660"},"wordCount":281,"commentCount":0,"publisher":{"@id":"https:\/\/www.mojabochnia.pl\/#organization"},"keywords":["jezus","refleksje","wiara"],"articleSection":["2_ostatnie","tematyka","\u017bycie religijne"],"inLanguage":"pl-PL","potentialAction":[{"@type":"CommentAction","name":"Comment","target":["https:\/\/www.mojabochnia.pl\/?p=92660#respond"]}]},{"@type":"WebPage","@id":"https:\/\/www.mojabochnia.pl\/?p=92660","url":"https:\/\/www.mojabochnia.pl\/?p=92660","name":"Refleksje na niedziel\u0119: Droga ucznia Chrystusa - mojabochnia.pl - portal informacyjny","isPartOf":{"@id":"https:\/\/www.mojabochnia.pl\/#website"},"datePublished":"2013-06-23T05:34:05+00:00","dateModified":"2013-06-23T15:37:26+00:00","breadcrumb":{"@id":"https:\/\/www.mojabochnia.pl\/?p=92660#breadcrumb"},"inLanguage":"pl-PL","potentialAction":[{"@type":"ReadAction","target":["https:\/\/www.mojabochnia.pl\/?p=92660"]}]},{"@type":"BreadcrumbList","@id":"https:\/\/www.mojabochnia.pl\/?p=92660#breadcrumb","itemListElement":[{"@type":"ListItem","position":1,"name":"Home","item":"https:\/\/www.mojabochnia.pl\/"},{"@type":"ListItem","position":2,"name":"Refleksje na niedziel\u0119: Droga ucznia Chrystusa"}]},{"@type":"WebSite","@id":"https:\/\/www.mojabochnia.pl\/#website","url":"https:\/\/www.mojabochnia.pl\/","name":"mojabochnia.pl - portal informacyjny","description":"mojaBochnia to portal informacyjny o Bochni. Codziennie o Bochni piszemy i pokazujemy najwa\u017cniejsze wydarzenia","publisher":{"@id":"https:\/\/www.mojabochnia.pl\/#organization"},"potentialAction":[{"@type":"SearchAction","target":{"@type":"EntryPoint","urlTemplate":"https:\/\/www.mojabochnia.pl\/?s={search_term_string}"},"query-input":{"@type":"PropertyValueSpecification","valueRequired":true,"valueName":"search_term_string"}}],"inLanguage":"pl-PL"},{"@type":"Organization","@id":"https:\/\/www.mojabochnia.pl\/#organization","name":"mojabochnia.pl - portal informacyjny","url":"https:\/\/www.mojabochnia.pl\/","logo":{"@type":"ImageObject","inLanguage":"pl-PL","@id":"https:\/\/www.mojabochnia.pl\/#\/schema\/logo\/image\/","url":"https:\/\/www.mojabochnia.pl\/wp-content\/uploads\/2017\/08\/logo-mb-opt.png","contentUrl":"https:\/\/www.mojabochnia.pl\/wp-content\/uploads\/2017\/08\/logo-mb-opt.png","width":250,"height":48,"caption":"mojabochnia.pl - portal informacyjny"},"image":{"@id":"https:\/\/www.mojabochnia.pl\/#\/schema\/logo\/image\/"},"sameAs":["https:\/\/www.facebook.com\/mojabochnia"]},{"@type":"Person","@id":"https:\/\/www.mojabochnia.pl\/#\/schema\/person\/e69284965a8b760e6471c06218b14017","name":"Grzegorz P. Bronowski","url":"https:\/\/www.mojabochnia.pl\/?author=1165"}]}},"_links":{"self":[{"href":"https:\/\/www.mojabochnia.pl\/index.php?rest_route=\/wp\/v2\/posts\/92660","targetHints":{"allow":["GET"]}}],"collection":[{"href":"https:\/\/www.mojabochnia.pl\/index.php?rest_route=\/wp\/v2\/posts"}],"about":[{"href":"https:\/\/www.mojabochnia.pl\/index.php?rest_route=\/wp\/v2\/types\/post"}],"author":[{"embeddable":true,"href":"https:\/\/www.mojabochnia.pl\/index.php?rest_route=\/wp\/v2\/users\/1165"}],"replies":[{"embeddable":true,"href":"https:\/\/www.mojabochnia.pl\/index.php?rest_route=%2Fwp%2Fv2%2Fcomments&post=92660"}],"version-history":[{"count":2,"href":"https:\/\/www.mojabochnia.pl\/index.php?rest_route=\/wp\/v2\/posts\/92660\/revisions"}],"predecessor-version":[{"id":92662,"href":"https:\/\/www.mojabochnia.pl\/index.php?rest_route=\/wp\/v2\/posts\/92660\/revisions\/92662"}],"wp:attachment":[{"href":"https:\/\/www.mojabochnia.pl\/index.php?rest_route=%2Fwp%2Fv2%2Fmedia&parent=92660"}],"wp:term":[{"taxonomy":"category","embeddable":true,"href":"https:\/\/www.mojabochnia.pl\/index.php?rest_route=%2Fwp%2Fv2%2Fcategories&post=92660"},{"taxonomy":"post_tag","embeddable":true,"href":"https:\/\/www.mojabochnia.pl\/index.php?rest_route=%2Fwp%2Fv2%2Ftags&post=92660"}],"curies":[{"name":"wp","href":"https:\/\/api.w.org\/{rel}","templated":true}]}}