{"id":92654,"date":"2013-06-23T11:34:53","date_gmt":"2013-06-23T09:34:53","guid":{"rendered":"http:\/\/www.mojabochnia.pl\/?p=92654"},"modified":"2013-06-25T15:12:52","modified_gmt":"2013-06-25T13:12:52","slug":"kopalnia-na-liscie-unesco","status":"publish","type":"post","link":"https:\/\/www.mojabochnia.pl\/?p=92654","title":{"rendered":"Kopalnia na li\u015bcie UNESCO"},"content":{"rendered":"<p>Decyzja zapad\u0142a ok. godziny 11.00 naszego czasu na popo\u0142udniowej sesji w Kambod\u017cy. <em>To historyczna chwila<\/em> &#8211; cieszy si\u0119 Krzysztof Zi\u0119ba, zarz\u0105dca komisaryczny Kopalni Soli Bochnia.<\/p>\n<p>Starania o wpis trwa\u0142y od wielu lat, kolejne w\u0142adze kopalni prowadzi\u0142y w tej sprawie przygotowania. Jednak to Krzysztof Zi\u0119ba doprowadzi\u0142 do prze\u0142omu w sprawie, zmieniaj\u0105c strategi\u0119 i staraj\u0105c si\u0119 ju\u017c nie o osobny wpis, ale o dopisanie \u017cupy boche\u0144skiej do figuruj\u0105cej ju\u017c na li\u015bcie UNESCO kopalni soli w Wieliczce. <\/p>\n<p><em>Samodzielne staranie si\u0119 o wpis by\u0142oby nara\u017cone na odrzucenie cho\u0107by z tego tytu\u0142u, \u017ce obiekt znacznie wi\u0119kszy o utrwalonej ju\u017c pozycji funkcjonuje w bezpo\u015bredniej odleg\u0142o\u015bci od Bochni. Tworzenie czego\u015b podobnego nara\u017ca\u0142oby na mo\u017cliwo\u015b\u0107 odrzucenia. A korzystaj\u0105c z fakt\u00f3w historycznych, \u017ce przez setki lat by\u0142o to wsp\u00f3lne przedsi\u0119biorstwo, praktycznie to samo z\u0142o\u017ce geologiczne, spowodowa\u0142a \u015bwiadomo\u015b\u0107 \u017ce jedynie rozszerzenie wpisu wielickiego daje okre\u015blone szanse na uznanie naszych podziemi<\/em> \u2013 m\u00f3wi Krzysztof Zi\u0119ba. <\/p>\n<p>Rok temu zapad\u0142y kluczowe dla sprawy decyzje, m.in. przedstawiciel \u015awiatowego Dziedzictwa wizytowa\u0142 podziemne wyrobiska. Wreszcie presti\u017cowy moment sta\u0142 si\u0119 dla Bochni faktem.<\/p>\n<p>Kopalnia soli w Bochni oraz ko\u015bci\u00f3\u0142 \u015bw. Leonarda w Lipnicy Murowanej to jedyne dwa obiekty w powiecie boche\u0144skim na li\u015bcie UNESCO. W Polsce takich zabytk\u00f3w jest 14, a na ca\u0142ym \u015bwiecie 969 (ze 157 kraj\u00f3w)<\/p>\n","protected":false},"excerpt":{"rendered":"<p>Historyczny wpis sta\u0142 si\u0119 faktem: kopalnia soli w Bochni znalaz\u0142a si\u0119 dzisiaj (23 czerwca) na li\u015bcie \u015awiatowego Dziedzictwa Kultury UNESCO. Tak zdecydowali delegaci podczas g\u0142osowania w stolicy Kambod\u017cy.<\/p>\n","protected":false},"author":4,"featured_media":0,"comment_status":"open","ping_status":"closed","sticky":true,"template":"","format":"standard","meta":{"_acf_changed":false,"footnotes":""},"categories":[5,6251,6250],"tags":[17407,69],"class_list":["post-92654","post","type-post","status-publish","format-standard","hentry","category-biezace-wydarzenia","category-polityka-i-wydarzenia","category-tematyka","tag-kopalnia","tag-unesco","main_tag-kopalnia-soli"],"acf":[],"yoast_head":"<!-- This site is optimized with the Yoast SEO plugin v26.9 - https:\/\/yoast.com\/product\/yoast-seo-wordpress\/ -->\n<title>Kopalnia na li\u015bcie UNESCO - mojabochnia.pl - portal informacyjny<\/title>\n<meta name=\"robots\" content=\"index, follow, max-snippet:-1, max-image-preview:large, max-video-preview:-1\" \/>\n<link rel=\"canonical\" href=\"https:\/\/www.mojabochnia.pl\/?p=92654\" \/>\n<meta property=\"og:locale\" content=\"pl_PL\" \/>\n<meta property=\"og:type\" content=\"article\" \/>\n<meta property=\"og:title\" content=\"Kopalnia na li\u015bcie UNESCO - mojabochnia.pl - portal informacyjny\" \/>\n<meta property=\"og:description\" content=\"Historyczny wpis sta\u0142 si\u0119 faktem: kopalnia soli w Bochni znalaz\u0142a si\u0119 dzisiaj (23 czerwca) na li\u015bcie \u015awiatowego Dziedzictwa Kultury UNESCO. Tak zdecydowali delegaci podczas g\u0142osowania w stolicy Kambod\u017cy.\" \/>\n<meta property=\"og:url\" content=\"https:\/\/www.mojabochnia.pl\/?p=92654\" \/>\n<meta property=\"og:site_name\" content=\"mojabochnia.pl - portal informacyjny\" \/>\n<meta property=\"article:publisher\" content=\"https:\/\/www.facebook.com\/mojabochnia\" \/>\n<meta property=\"article:published_time\" content=\"2013-06-23T09:34:53+00:00\" \/>\n<meta property=\"article:modified_time\" content=\"2013-06-25T13:12:52+00:00\" \/>\n<meta name=\"author\" content=\"Pawe\u0142 Michalczyk\" \/>\n<meta name=\"twitter:card\" content=\"summary_large_image\" \/>\n<meta name=\"twitter:label1\" content=\"Written by\" \/>\n\t<meta name=\"twitter:data1\" content=\"Pawe\u0142 Michalczyk\" \/>\n\t<meta name=\"twitter:label2\" content=\"Est. reading time\" \/>\n\t<meta name=\"twitter:data2\" content=\"1 minuta\" \/>\n<script type=\"application\/ld+json\" class=\"yoast-schema-graph\">{\"@context\":\"https:\/\/schema.org\",\"@graph\":[{\"@type\":\"Article\",\"@id\":\"https:\/\/www.mojabochnia.pl\/?p=92654#article\",\"isPartOf\":{\"@id\":\"https:\/\/www.mojabochnia.pl\/?p=92654\"},\"author\":{\"name\":\"Pawe\u0142 Michalczyk\",\"@id\":\"https:\/\/www.mojabochnia.pl\/#\/schema\/person\/ea042e4724a77627963f02166828ead4\"},\"headline\":\"Kopalnia na li\u015bcie UNESCO\",\"datePublished\":\"2013-06-23T09:34:53+00:00\",\"dateModified\":\"2013-06-25T13:12:52+00:00\",\"mainEntityOfPage\":{\"@id\":\"https:\/\/www.mojabochnia.pl\/?p=92654\"},\"wordCount\":247,\"commentCount\":0,\"publisher\":{\"@id\":\"https:\/\/www.mojabochnia.pl\/#organization\"},\"keywords\":[\"kopalnia\",\"UNESCO\"],\"articleSection\":[\"2_ostatnie\",\"polityka i wydarzenia\",\"tematyka\"],\"inLanguage\":\"pl-PL\",\"potentialAction\":[{\"@type\":\"CommentAction\",\"name\":\"Comment\",\"target\":[\"https:\/\/www.mojabochnia.pl\/?p=92654#respond\"]}]},{\"@type\":\"WebPage\",\"@id\":\"https:\/\/www.mojabochnia.pl\/?p=92654\",\"url\":\"https:\/\/www.mojabochnia.pl\/?p=92654\",\"name\":\"Kopalnia na li\u015bcie UNESCO - mojabochnia.pl - portal informacyjny\",\"isPartOf\":{\"@id\":\"https:\/\/www.mojabochnia.pl\/#website\"},\"datePublished\":\"2013-06-23T09:34:53+00:00\",\"dateModified\":\"2013-06-25T13:12:52+00:00\",\"breadcrumb\":{\"@id\":\"https:\/\/www.mojabochnia.pl\/?p=92654#breadcrumb\"},\"inLanguage\":\"pl-PL\",\"potentialAction\":[{\"@type\":\"ReadAction\",\"target\":[\"https:\/\/www.mojabochnia.pl\/?p=92654\"]}]},{\"@type\":\"BreadcrumbList\",\"@id\":\"https:\/\/www.mojabochnia.pl\/?p=92654#breadcrumb\",\"itemListElement\":[{\"@type\":\"ListItem\",\"position\":1,\"name\":\"Home\",\"item\":\"https:\/\/www.mojabochnia.pl\/\"},{\"@type\":\"ListItem\",\"position\":2,\"name\":\"Kopalnia na li\u015bcie UNESCO\"}]},{\"@type\":\"WebSite\",\"@id\":\"https:\/\/www.mojabochnia.pl\/#website\",\"url\":\"https:\/\/www.mojabochnia.pl\/\",\"name\":\"mojabochnia.pl - portal informacyjny\",\"description\":\"mojaBochnia to portal informacyjny o Bochni. Codziennie o Bochni piszemy i pokazujemy najwa\u017cniejsze wydarzenia\",\"publisher\":{\"@id\":\"https:\/\/www.mojabochnia.pl\/#organization\"},\"potentialAction\":[{\"@type\":\"SearchAction\",\"target\":{\"@type\":\"EntryPoint\",\"urlTemplate\":\"https:\/\/www.mojabochnia.pl\/?s={search_term_string}\"},\"query-input\":{\"@type\":\"PropertyValueSpecification\",\"valueRequired\":true,\"valueName\":\"search_term_string\"}}],\"inLanguage\":\"pl-PL\"},{\"@type\":\"Organization\",\"@id\":\"https:\/\/www.mojabochnia.pl\/#organization\",\"name\":\"mojabochnia.pl - portal informacyjny\",\"url\":\"https:\/\/www.mojabochnia.pl\/\",\"logo\":{\"@type\":\"ImageObject\",\"inLanguage\":\"pl-PL\",\"@id\":\"https:\/\/www.mojabochnia.pl\/#\/schema\/logo\/image\/\",\"url\":\"https:\/\/www.mojabochnia.pl\/wp-content\/uploads\/2017\/08\/logo-mb-opt.png\",\"contentUrl\":\"https:\/\/www.mojabochnia.pl\/wp-content\/uploads\/2017\/08\/logo-mb-opt.png\",\"width\":250,\"height\":48,\"caption\":\"mojabochnia.pl - portal informacyjny\"},\"image\":{\"@id\":\"https:\/\/www.mojabochnia.pl\/#\/schema\/logo\/image\/\"},\"sameAs\":[\"https:\/\/www.facebook.com\/mojabochnia\"]},{\"@type\":\"Person\",\"@id\":\"https:\/\/www.mojabochnia.pl\/#\/schema\/person\/ea042e4724a77627963f02166828ead4\",\"name\":\"Pawe\u0142 Michalczyk\",\"url\":\"https:\/\/www.mojabochnia.pl\/?author=4\"}]}<\/script>\n<!-- \/ Yoast SEO plugin. -->","yoast_head_json":{"title":"Kopalnia na li\u015bcie UNESCO - mojabochnia.pl - portal informacyjny","robots":{"index":"index","follow":"follow","max-snippet":"max-snippet:-1","max-image-preview":"max-image-preview:large","max-video-preview":"max-video-preview:-1"},"canonical":"https:\/\/www.mojabochnia.pl\/?p=92654","og_locale":"pl_PL","og_type":"article","og_title":"Kopalnia na li\u015bcie UNESCO - mojabochnia.pl - portal informacyjny","og_description":"Historyczny wpis sta\u0142 si\u0119 faktem: kopalnia soli w Bochni znalaz\u0142a si\u0119 dzisiaj (23 czerwca) na li\u015bcie \u015awiatowego Dziedzictwa Kultury UNESCO. Tak zdecydowali delegaci podczas g\u0142osowania w stolicy Kambod\u017cy.","og_url":"https:\/\/www.mojabochnia.pl\/?p=92654","og_site_name":"mojabochnia.pl - portal informacyjny","article_publisher":"https:\/\/www.facebook.com\/mojabochnia","article_published_time":"2013-06-23T09:34:53+00:00","article_modified_time":"2013-06-25T13:12:52+00:00","author":"Pawe\u0142 Michalczyk","twitter_card":"summary_large_image","twitter_misc":{"Written by":"Pawe\u0142 Michalczyk","Est. reading time":"1 minuta"},"schema":{"@context":"https:\/\/schema.org","@graph":[{"@type":"Article","@id":"https:\/\/www.mojabochnia.pl\/?p=92654#article","isPartOf":{"@id":"https:\/\/www.mojabochnia.pl\/?p=92654"},"author":{"name":"Pawe\u0142 Michalczyk","@id":"https:\/\/www.mojabochnia.pl\/#\/schema\/person\/ea042e4724a77627963f02166828ead4"},"headline":"Kopalnia na li\u015bcie UNESCO","datePublished":"2013-06-23T09:34:53+00:00","dateModified":"2013-06-25T13:12:52+00:00","mainEntityOfPage":{"@id":"https:\/\/www.mojabochnia.pl\/?p=92654"},"wordCount":247,"commentCount":0,"publisher":{"@id":"https:\/\/www.mojabochnia.pl\/#organization"},"keywords":["kopalnia","UNESCO"],"articleSection":["2_ostatnie","polityka i wydarzenia","tematyka"],"inLanguage":"pl-PL","potentialAction":[{"@type":"CommentAction","name":"Comment","target":["https:\/\/www.mojabochnia.pl\/?p=92654#respond"]}]},{"@type":"WebPage","@id":"https:\/\/www.mojabochnia.pl\/?p=92654","url":"https:\/\/www.mojabochnia.pl\/?p=92654","name":"Kopalnia na li\u015bcie UNESCO - mojabochnia.pl - portal informacyjny","isPartOf":{"@id":"https:\/\/www.mojabochnia.pl\/#website"},"datePublished":"2013-06-23T09:34:53+00:00","dateModified":"2013-06-25T13:12:52+00:00","breadcrumb":{"@id":"https:\/\/www.mojabochnia.pl\/?p=92654#breadcrumb"},"inLanguage":"pl-PL","potentialAction":[{"@type":"ReadAction","target":["https:\/\/www.mojabochnia.pl\/?p=92654"]}]},{"@type":"BreadcrumbList","@id":"https:\/\/www.mojabochnia.pl\/?p=92654#breadcrumb","itemListElement":[{"@type":"ListItem","position":1,"name":"Home","item":"https:\/\/www.mojabochnia.pl\/"},{"@type":"ListItem","position":2,"name":"Kopalnia na li\u015bcie UNESCO"}]},{"@type":"WebSite","@id":"https:\/\/www.mojabochnia.pl\/#website","url":"https:\/\/www.mojabochnia.pl\/","name":"mojabochnia.pl - portal informacyjny","description":"mojaBochnia to portal informacyjny o Bochni. Codziennie o Bochni piszemy i pokazujemy najwa\u017cniejsze wydarzenia","publisher":{"@id":"https:\/\/www.mojabochnia.pl\/#organization"},"potentialAction":[{"@type":"SearchAction","target":{"@type":"EntryPoint","urlTemplate":"https:\/\/www.mojabochnia.pl\/?s={search_term_string}"},"query-input":{"@type":"PropertyValueSpecification","valueRequired":true,"valueName":"search_term_string"}}],"inLanguage":"pl-PL"},{"@type":"Organization","@id":"https:\/\/www.mojabochnia.pl\/#organization","name":"mojabochnia.pl - portal informacyjny","url":"https:\/\/www.mojabochnia.pl\/","logo":{"@type":"ImageObject","inLanguage":"pl-PL","@id":"https:\/\/www.mojabochnia.pl\/#\/schema\/logo\/image\/","url":"https:\/\/www.mojabochnia.pl\/wp-content\/uploads\/2017\/08\/logo-mb-opt.png","contentUrl":"https:\/\/www.mojabochnia.pl\/wp-content\/uploads\/2017\/08\/logo-mb-opt.png","width":250,"height":48,"caption":"mojabochnia.pl - portal informacyjny"},"image":{"@id":"https:\/\/www.mojabochnia.pl\/#\/schema\/logo\/image\/"},"sameAs":["https:\/\/www.facebook.com\/mojabochnia"]},{"@type":"Person","@id":"https:\/\/www.mojabochnia.pl\/#\/schema\/person\/ea042e4724a77627963f02166828ead4","name":"Pawe\u0142 Michalczyk","url":"https:\/\/www.mojabochnia.pl\/?author=4"}]}},"_links":{"self":[{"href":"https:\/\/www.mojabochnia.pl\/index.php?rest_route=\/wp\/v2\/posts\/92654","targetHints":{"allow":["GET"]}}],"collection":[{"href":"https:\/\/www.mojabochnia.pl\/index.php?rest_route=\/wp\/v2\/posts"}],"about":[{"href":"https:\/\/www.mojabochnia.pl\/index.php?rest_route=\/wp\/v2\/types\/post"}],"author":[{"embeddable":true,"href":"https:\/\/www.mojabochnia.pl\/index.php?rest_route=\/wp\/v2\/users\/4"}],"replies":[{"embeddable":true,"href":"https:\/\/www.mojabochnia.pl\/index.php?rest_route=%2Fwp%2Fv2%2Fcomments&post=92654"}],"version-history":[{"count":9,"href":"https:\/\/www.mojabochnia.pl\/index.php?rest_route=\/wp\/v2\/posts\/92654\/revisions"}],"predecessor-version":[{"id":92951,"href":"https:\/\/www.mojabochnia.pl\/index.php?rest_route=\/wp\/v2\/posts\/92654\/revisions\/92951"}],"wp:attachment":[{"href":"https:\/\/www.mojabochnia.pl\/index.php?rest_route=%2Fwp%2Fv2%2Fmedia&parent=92654"}],"wp:term":[{"taxonomy":"category","embeddable":true,"href":"https:\/\/www.mojabochnia.pl\/index.php?rest_route=%2Fwp%2Fv2%2Fcategories&post=92654"},{"taxonomy":"post_tag","embeddable":true,"href":"https:\/\/www.mojabochnia.pl\/index.php?rest_route=%2Fwp%2Fv2%2Ftags&post=92654"}],"curies":[{"name":"wp","href":"https:\/\/api.w.org\/{rel}","templated":true}]}}