{"id":92629,"date":"2013-06-21T10:16:34","date_gmt":"2013-06-21T08:16:34","guid":{"rendered":"http:\/\/www.mojabochnia.pl\/?p=92629"},"modified":"2013-06-20T16:19:42","modified_gmt":"2013-06-20T14:19:42","slug":"wisnicz-opera-verbum-nobile-na-zamku","status":"publish","type":"post","link":"https:\/\/www.mojabochnia.pl\/?p=92629","title":{"rendered":"Wi\u015bnicz: opera Verbum Nobile na zamku"},"content":{"rendered":"<p><em>Akcji tocz\u0105cej si\u0119 w dworze szlacheckim towarzyszy pi\u0119kna osiemnastowieczna polska muzyka. Historia ukazuje \u00f3wczesn\u0105 obyczajowo\u015b\u0107, opowiada o m\u0142odym szlachcicu Michale Pakule, kt\u00f3ry ulega wypadkowi podczas podr\u00f3\u017cy. Opiek\u0119 nad chorym roztacza szlachcianka Zuzia z pobliskiego maj\u0105tku. Jednak m\u0142odzieniec nie chce si\u0119 ujawni\u0107 i przedstawia si\u0119 imieniem Stanis\u0142aw. Tymczasem Amor sprawia ze m\u0142odzi zakochuj\u0105 si\u0119 w sobie. Ojciec Zuzi &#8211; pan Serwacy \u0141agoda o\u015bwiadcza, \u017ce z tej mi\u0142o\u015bci nic nie b\u0119dzie, bo gdy Zuzia by\u0142a jeszcze dzieckiem da\u0142 &#8222;verbum nobile&#8221; (szlacheckie s\u0142owo honoru) swemu przyjacielowi &#8211; Marcinowi Pakule, \u017ce c\u00f3rka zostanie \u017con\u0105 jego syna. Podczas gdy m\u0142odzi rozpaczaj\u0105 &#8211; rozz\u0142oszczony Serwacy daje kolejne &#8222;verbum nobile&#8221;, \u017ce Zuzia nigdy nie wyjdzie za Stanis\u0142awa. Po wielu perypetiach okazuje si\u0119 szcz\u0119\u015bliwie, i\u017c to w\u0142a\u015bnie Stanis\u0142aw jest synem Marcina Paku\u0142y. Nawet drugie s\u0142owo szlachcica nie mo\u017ce mie\u0107 mocy. Przemy\u015blna Zuzia t\u0142umaczy bowiem, \u017ce dotyczy\u0142o Stanis\u0142awa, a nie Micha\u0142a<\/em> &#8211; czytamy w zaproszeniu.<\/p>\n<p>Pocz\u0105tek w Sali Rycerskiej zamku w Wi\u015bniczu w sobot\u0119 22 czerwca o godz. 16.00. Bilety w cenie 10 z\u0142.<\/p>\n","protected":false},"excerpt":{"rendered":"<p>W sobot\u0119 na zamku w Nowym Wi\u015bniczu zostanie wykonana opera pt. Verbum Nobile. Zosta\u0142a ona skomponowana przez Stanis\u0142awa Moniuszk\u0119 do libretta Jana Ch\u0119ci\u0144skiego. <\/p>\n","protected":false},"author":13,"featured_media":0,"comment_status":"open","ping_status":"closed","sticky":false,"template":"","format":"standard","meta":{"_acf_changed":false,"footnotes":""},"categories":[5,92,6250],"tags":[17108,17118,17794,17133],"class_list":["post-92629","post","type-post","status-publish","format-standard","hentry","category-biezace-wydarzenia","category-kultura","category-tematyka","tag-koncert","tag-wisnicz","tag-opera","tag-zamek","main_tag-zamek"],"acf":[],"yoast_head":"<!-- This site is optimized with the Yoast SEO plugin v26.9 - https:\/\/yoast.com\/product\/yoast-seo-wordpress\/ -->\n<title>Wi\u015bnicz: opera Verbum Nobile na zamku - mojabochnia.pl - portal informacyjny<\/title>\n<meta name=\"robots\" content=\"index, follow, max-snippet:-1, max-image-preview:large, max-video-preview:-1\" \/>\n<link rel=\"canonical\" href=\"https:\/\/www.mojabochnia.pl\/?p=92629\" \/>\n<meta property=\"og:locale\" content=\"pl_PL\" \/>\n<meta property=\"og:type\" content=\"article\" \/>\n<meta property=\"og:title\" content=\"Wi\u015bnicz: opera Verbum Nobile na zamku - mojabochnia.pl - portal informacyjny\" \/>\n<meta property=\"og:description\" content=\"W sobot\u0119 na zamku w Nowym Wi\u015bniczu zostanie wykonana opera pt. Verbum Nobile. Zosta\u0142a ona skomponowana przez Stanis\u0142awa Moniuszk\u0119 do libretta Jana Ch\u0119ci\u0144skiego.\" \/>\n<meta property=\"og:url\" content=\"https:\/\/www.mojabochnia.pl\/?p=92629\" \/>\n<meta property=\"og:site_name\" content=\"mojabochnia.pl - portal informacyjny\" \/>\n<meta property=\"article:publisher\" content=\"https:\/\/www.facebook.com\/mojabochnia\" \/>\n<meta property=\"article:published_time\" content=\"2013-06-21T08:16:34+00:00\" \/>\n<meta name=\"author\" content=\"redakcja\" \/>\n<meta name=\"twitter:card\" content=\"summary_large_image\" \/>\n<meta name=\"twitter:label1\" content=\"Written by\" \/>\n\t<meta name=\"twitter:data1\" content=\"redakcja\" \/>\n\t<meta name=\"twitter:label2\" content=\"Est. reading time\" \/>\n\t<meta name=\"twitter:data2\" content=\"1 minuta\" \/>\n<script type=\"application\/ld+json\" class=\"yoast-schema-graph\">{\"@context\":\"https:\/\/schema.org\",\"@graph\":[{\"@type\":\"Article\",\"@id\":\"https:\/\/www.mojabochnia.pl\/?p=92629#article\",\"isPartOf\":{\"@id\":\"https:\/\/www.mojabochnia.pl\/?p=92629\"},\"author\":{\"name\":\"redakcja\",\"@id\":\"https:\/\/www.mojabochnia.pl\/#\/schema\/person\/7e2f20ead9902216a3384f13606c0ab7\"},\"headline\":\"Wi\u015bnicz: opera Verbum Nobile na zamku\",\"datePublished\":\"2013-06-21T08:16:34+00:00\",\"mainEntityOfPage\":{\"@id\":\"https:\/\/www.mojabochnia.pl\/?p=92629\"},\"wordCount\":202,\"commentCount\":0,\"publisher\":{\"@id\":\"https:\/\/www.mojabochnia.pl\/#organization\"},\"keywords\":[\"koncert\",\"Nowy Wi\u015bnicz\",\"opera\",\"zamek\"],\"articleSection\":[\"2_ostatnie\",\"kultura\",\"tematyka\"],\"inLanguage\":\"pl-PL\",\"potentialAction\":[{\"@type\":\"CommentAction\",\"name\":\"Comment\",\"target\":[\"https:\/\/www.mojabochnia.pl\/?p=92629#respond\"]}]},{\"@type\":\"WebPage\",\"@id\":\"https:\/\/www.mojabochnia.pl\/?p=92629\",\"url\":\"https:\/\/www.mojabochnia.pl\/?p=92629\",\"name\":\"Wi\u015bnicz: opera Verbum Nobile na zamku - mojabochnia.pl - portal informacyjny\",\"isPartOf\":{\"@id\":\"https:\/\/www.mojabochnia.pl\/#website\"},\"datePublished\":\"2013-06-21T08:16:34+00:00\",\"breadcrumb\":{\"@id\":\"https:\/\/www.mojabochnia.pl\/?p=92629#breadcrumb\"},\"inLanguage\":\"pl-PL\",\"potentialAction\":[{\"@type\":\"ReadAction\",\"target\":[\"https:\/\/www.mojabochnia.pl\/?p=92629\"]}]},{\"@type\":\"BreadcrumbList\",\"@id\":\"https:\/\/www.mojabochnia.pl\/?p=92629#breadcrumb\",\"itemListElement\":[{\"@type\":\"ListItem\",\"position\":1,\"name\":\"Home\",\"item\":\"https:\/\/www.mojabochnia.pl\/\"},{\"@type\":\"ListItem\",\"position\":2,\"name\":\"Wi\u015bnicz: opera Verbum Nobile na zamku\"}]},{\"@type\":\"WebSite\",\"@id\":\"https:\/\/www.mojabochnia.pl\/#website\",\"url\":\"https:\/\/www.mojabochnia.pl\/\",\"name\":\"mojabochnia.pl - portal informacyjny\",\"description\":\"mojaBochnia to portal informacyjny o Bochni. Codziennie o Bochni piszemy i pokazujemy najwa\u017cniejsze wydarzenia\",\"publisher\":{\"@id\":\"https:\/\/www.mojabochnia.pl\/#organization\"},\"potentialAction\":[{\"@type\":\"SearchAction\",\"target\":{\"@type\":\"EntryPoint\",\"urlTemplate\":\"https:\/\/www.mojabochnia.pl\/?s={search_term_string}\"},\"query-input\":{\"@type\":\"PropertyValueSpecification\",\"valueRequired\":true,\"valueName\":\"search_term_string\"}}],\"inLanguage\":\"pl-PL\"},{\"@type\":\"Organization\",\"@id\":\"https:\/\/www.mojabochnia.pl\/#organization\",\"name\":\"mojabochnia.pl - portal informacyjny\",\"url\":\"https:\/\/www.mojabochnia.pl\/\",\"logo\":{\"@type\":\"ImageObject\",\"inLanguage\":\"pl-PL\",\"@id\":\"https:\/\/www.mojabochnia.pl\/#\/schema\/logo\/image\/\",\"url\":\"https:\/\/www.mojabochnia.pl\/wp-content\/uploads\/2017\/08\/logo-mb-opt.png\",\"contentUrl\":\"https:\/\/www.mojabochnia.pl\/wp-content\/uploads\/2017\/08\/logo-mb-opt.png\",\"width\":250,\"height\":48,\"caption\":\"mojabochnia.pl - portal informacyjny\"},\"image\":{\"@id\":\"https:\/\/www.mojabochnia.pl\/#\/schema\/logo\/image\/\"},\"sameAs\":[\"https:\/\/www.facebook.com\/mojabochnia\"]},{\"@type\":\"Person\",\"@id\":\"https:\/\/www.mojabochnia.pl\/#\/schema\/person\/7e2f20ead9902216a3384f13606c0ab7\",\"name\":\"redakcja\",\"sameAs\":[\"http:\/\/\"],\"url\":\"https:\/\/www.mojabochnia.pl\/?author=13\"}]}<\/script>\n<!-- \/ Yoast SEO plugin. -->","yoast_head_json":{"title":"Wi\u015bnicz: opera Verbum Nobile na zamku - mojabochnia.pl - portal informacyjny","robots":{"index":"index","follow":"follow","max-snippet":"max-snippet:-1","max-image-preview":"max-image-preview:large","max-video-preview":"max-video-preview:-1"},"canonical":"https:\/\/www.mojabochnia.pl\/?p=92629","og_locale":"pl_PL","og_type":"article","og_title":"Wi\u015bnicz: opera Verbum Nobile na zamku - mojabochnia.pl - portal informacyjny","og_description":"W sobot\u0119 na zamku w Nowym Wi\u015bniczu zostanie wykonana opera pt. Verbum Nobile. Zosta\u0142a ona skomponowana przez Stanis\u0142awa Moniuszk\u0119 do libretta Jana Ch\u0119ci\u0144skiego.","og_url":"https:\/\/www.mojabochnia.pl\/?p=92629","og_site_name":"mojabochnia.pl - portal informacyjny","article_publisher":"https:\/\/www.facebook.com\/mojabochnia","article_published_time":"2013-06-21T08:16:34+00:00","author":"redakcja","twitter_card":"summary_large_image","twitter_misc":{"Written by":"redakcja","Est. reading time":"1 minuta"},"schema":{"@context":"https:\/\/schema.org","@graph":[{"@type":"Article","@id":"https:\/\/www.mojabochnia.pl\/?p=92629#article","isPartOf":{"@id":"https:\/\/www.mojabochnia.pl\/?p=92629"},"author":{"name":"redakcja","@id":"https:\/\/www.mojabochnia.pl\/#\/schema\/person\/7e2f20ead9902216a3384f13606c0ab7"},"headline":"Wi\u015bnicz: opera Verbum Nobile na zamku","datePublished":"2013-06-21T08:16:34+00:00","mainEntityOfPage":{"@id":"https:\/\/www.mojabochnia.pl\/?p=92629"},"wordCount":202,"commentCount":0,"publisher":{"@id":"https:\/\/www.mojabochnia.pl\/#organization"},"keywords":["koncert","Nowy Wi\u015bnicz","opera","zamek"],"articleSection":["2_ostatnie","kultura","tematyka"],"inLanguage":"pl-PL","potentialAction":[{"@type":"CommentAction","name":"Comment","target":["https:\/\/www.mojabochnia.pl\/?p=92629#respond"]}]},{"@type":"WebPage","@id":"https:\/\/www.mojabochnia.pl\/?p=92629","url":"https:\/\/www.mojabochnia.pl\/?p=92629","name":"Wi\u015bnicz: opera Verbum Nobile na zamku - mojabochnia.pl - portal informacyjny","isPartOf":{"@id":"https:\/\/www.mojabochnia.pl\/#website"},"datePublished":"2013-06-21T08:16:34+00:00","breadcrumb":{"@id":"https:\/\/www.mojabochnia.pl\/?p=92629#breadcrumb"},"inLanguage":"pl-PL","potentialAction":[{"@type":"ReadAction","target":["https:\/\/www.mojabochnia.pl\/?p=92629"]}]},{"@type":"BreadcrumbList","@id":"https:\/\/www.mojabochnia.pl\/?p=92629#breadcrumb","itemListElement":[{"@type":"ListItem","position":1,"name":"Home","item":"https:\/\/www.mojabochnia.pl\/"},{"@type":"ListItem","position":2,"name":"Wi\u015bnicz: opera Verbum Nobile na zamku"}]},{"@type":"WebSite","@id":"https:\/\/www.mojabochnia.pl\/#website","url":"https:\/\/www.mojabochnia.pl\/","name":"mojabochnia.pl - portal informacyjny","description":"mojaBochnia to portal informacyjny o Bochni. Codziennie o Bochni piszemy i pokazujemy najwa\u017cniejsze wydarzenia","publisher":{"@id":"https:\/\/www.mojabochnia.pl\/#organization"},"potentialAction":[{"@type":"SearchAction","target":{"@type":"EntryPoint","urlTemplate":"https:\/\/www.mojabochnia.pl\/?s={search_term_string}"},"query-input":{"@type":"PropertyValueSpecification","valueRequired":true,"valueName":"search_term_string"}}],"inLanguage":"pl-PL"},{"@type":"Organization","@id":"https:\/\/www.mojabochnia.pl\/#organization","name":"mojabochnia.pl - portal informacyjny","url":"https:\/\/www.mojabochnia.pl\/","logo":{"@type":"ImageObject","inLanguage":"pl-PL","@id":"https:\/\/www.mojabochnia.pl\/#\/schema\/logo\/image\/","url":"https:\/\/www.mojabochnia.pl\/wp-content\/uploads\/2017\/08\/logo-mb-opt.png","contentUrl":"https:\/\/www.mojabochnia.pl\/wp-content\/uploads\/2017\/08\/logo-mb-opt.png","width":250,"height":48,"caption":"mojabochnia.pl - portal informacyjny"},"image":{"@id":"https:\/\/www.mojabochnia.pl\/#\/schema\/logo\/image\/"},"sameAs":["https:\/\/www.facebook.com\/mojabochnia"]},{"@type":"Person","@id":"https:\/\/www.mojabochnia.pl\/#\/schema\/person\/7e2f20ead9902216a3384f13606c0ab7","name":"redakcja","sameAs":["http:\/\/"],"url":"https:\/\/www.mojabochnia.pl\/?author=13"}]}},"_links":{"self":[{"href":"https:\/\/www.mojabochnia.pl\/index.php?rest_route=\/wp\/v2\/posts\/92629","targetHints":{"allow":["GET"]}}],"collection":[{"href":"https:\/\/www.mojabochnia.pl\/index.php?rest_route=\/wp\/v2\/posts"}],"about":[{"href":"https:\/\/www.mojabochnia.pl\/index.php?rest_route=\/wp\/v2\/types\/post"}],"author":[{"embeddable":true,"href":"https:\/\/www.mojabochnia.pl\/index.php?rest_route=\/wp\/v2\/users\/13"}],"replies":[{"embeddable":true,"href":"https:\/\/www.mojabochnia.pl\/index.php?rest_route=%2Fwp%2Fv2%2Fcomments&post=92629"}],"version-history":[{"count":4,"href":"https:\/\/www.mojabochnia.pl\/index.php?rest_route=\/wp\/v2\/posts\/92629\/revisions"}],"predecessor-version":[{"id":92635,"href":"https:\/\/www.mojabochnia.pl\/index.php?rest_route=\/wp\/v2\/posts\/92629\/revisions\/92635"}],"wp:attachment":[{"href":"https:\/\/www.mojabochnia.pl\/index.php?rest_route=%2Fwp%2Fv2%2Fmedia&parent=92629"}],"wp:term":[{"taxonomy":"category","embeddable":true,"href":"https:\/\/www.mojabochnia.pl\/index.php?rest_route=%2Fwp%2Fv2%2Fcategories&post=92629"},{"taxonomy":"post_tag","embeddable":true,"href":"https:\/\/www.mojabochnia.pl\/index.php?rest_route=%2Fwp%2Fv2%2Ftags&post=92629"}],"curies":[{"name":"wp","href":"https:\/\/api.w.org\/{rel}","templated":true}]}}