{"id":92,"date":"2008-07-11T21:56:42","date_gmt":"2008-07-11T19:56:42","guid":{"rendered":"http:\/\/beta.mojabochnia.pl\/?p=92"},"modified":"2008-08-25T13:37:27","modified_gmt":"2008-08-25T11:37:27","slug":"ceramiczne-dialogi-w-nowym-wisniczu","status":"publish","type":"post","link":"https:\/\/www.mojabochnia.pl\/?p=92","title":{"rendered":"Ceramiczne dialogi w Nowym Wi\u015bniczu"},"content":{"rendered":"<p>Ko\u0144cz\u0105cy si\u0119 plener ceramiczny zatytu\u0142owany by\u0142 \u201eCeramiczne dialogi 2008\u201d i  by\u0142 ju\u017c si\u00f3dmym z kolei. Wzi\u0119\u0142o w nim udzia\u0142 osiemna\u015bcie os\u00f3b z ca\u0142ego kraju a nawet z zagranicy. Byli plastycy z Radomia, Gliwic, Lublina, Rzeszowa, D\u0105browy G\u00f3rniczej, Jaros\u0142awia, Wielunia, Sosnowca, Krakowa, Zabrza, z miejscowo\u015bci Dalgrand w Szwecji. Nie zabrak\u0142o r\u00f3wnie\u017c ceramik\u00f3w z Nowego Wi\u015bnicza z Henrykiem Kopa\u0144skim, komisarzem pleneru na czele.<\/p>\n<p>&#8211; <em>Wi\u0119kszo\u015b\u0107 prac uczestnik\u00f3w pleneru jest gotowa, niekt\u00f3re wymagaj\u0105 jeszcze drobnych poprawek. Teraz pozostaje wypali\u0107 je w piecu. Zajmie to oko\u0142o trzy miesi\u0105ce, wi\u0119c wystaw\u0119 poplenerow\u0105 planujemy zorganizowa\u0107 jesieni\u0105. Mamy nadziej\u0119 \u017ce zn\u00f3w b\u0119dziemy mogli pokaza\u0107 rze\u017aby na wi\u015bnickim zamku <\/em>\u2013 m\u00f3wi Barbara Szota \u2013 Rekie\u0107, dyrektor ds. artystyczno zawodowych PLSP. <\/p>\n<p>Plener jest form\u0105 integracji \u015brodowiska nauczycielskiego o specjalno\u015bci ceramika, nauczyciele maj\u0105 okazj\u0119 wymieni\u0107 si\u0119 opiniami na temat stosowanych surowcach ceramicznych oraz recepturach szkliw.<\/p>\n<p>Uczestnicy pleneru chwal\u0105 organizacj\u0119 ca\u0142ego programu \u2013 <em>Bra\u0142am udzia\u0142 w wielu plenerach ceramicznych, ale ten jest wyj\u0105tkowy. Urokliwe miasteczko, cisza, spok\u00f3j \u2013 warunki wymarzone do pracy. Jedyn\u0105 wad\u0105 tego seminarium jest zakwaterowanie. Szko\u0142a ta by\u0142a niegdy\u015b numerem jeden w Polsce, obecnie nieco podupad\u0142a, warunki lokalowe mog\u0142y by by\u0107 troch\u0119 lepsze. Jednak atmosfera panuj\u0105ca tutaj sprawia, \u017ce zapomina si\u0119 o niezbyt przyjemnym pokoju czy ma\u0142o komfortowej \u0142azience <\/em>\u2013 m\u00f3wi Ewa Kowalczyk z Gliwic, kt\u00f3ra w wi\u015bnickim plenerze bierze udzia\u0142 ju\u017c po raz trzeci.<\/p>\n<p>Na pi\u0105tkowe spotkanie przyby\u0142 tak\u017ce starosta boche\u0144ski Jacek Paj\u0105k oraz burmistrz Nowego Wi\u015bnicza Stanis\u0142aw Gaworczyk, obecne by\u0142y tak\u017ce El\u017cbieta Kucyba\u0142a, dyrektor PLSP oraz Renata Jonak, kustosz Muzeum Ziemi Wi\u015bnickiej.<\/p>\n","protected":false},"excerpt":{"rendered":"<p>Plener Ceramiczny corocznie organizowany przez Liceum Sztuk Plastycznych w Nowym Wi\u015bniczu dobiega ko\u0144ca. Od 30 czerwca przez dwa tygodnie uczestnicy pleneru pracowali nad rze\u017abami, wymieniali si\u0119 do\u015bwiadczeniami oraz mi\u0142o wsp\u00f3lnie sp\u0119dzali czas. W  pi\u0105tkowy wiecz\u00f3r ceramicy spotkali si\u0119 po raz ostatni, aby dokona\u0107 autoprezentacji i pokaza\u0107 co uda\u0142o si\u0119 stworzy\u0107.<\/p>\n","protected":false},"author":1,"featured_media":0,"comment_status":"open","ping_status":"open","sticky":false,"template":"","format":"standard","meta":{"_acf_changed":false,"footnotes":""},"categories":[5],"tags":[95,94,17136,17135,17742,98,17118,93,99,100,17138],"class_list":["post-92","post","type-post","status-publish","format-standard","hentry","category-biezace-wydarzenia","tag-barbara-szota-rekiec","tag-ceramika","tag-jacek-pajak","tag-kultura","tag-liceum-sztuk-plastycznych","tag-muzeum-ziemi-wisnickiej","tag-wisnicz","tag-plener","tag-renata-jonak","tag-rzezba","tag-stanislaw-gaworczyk"],"acf":[],"yoast_head":"<!-- This site is optimized with the Yoast SEO plugin v26.9 - https:\/\/yoast.com\/product\/yoast-seo-wordpress\/ -->\n<title>Ceramiczne dialogi w Nowym Wi\u015bniczu - mojabochnia.pl - portal informacyjny<\/title>\n<meta name=\"robots\" content=\"index, follow, max-snippet:-1, max-image-preview:large, max-video-preview:-1\" \/>\n<link rel=\"canonical\" href=\"https:\/\/www.mojabochnia.pl\/?p=92\" \/>\n<meta property=\"og:locale\" content=\"pl_PL\" \/>\n<meta property=\"og:type\" content=\"article\" \/>\n<meta property=\"og:title\" content=\"Ceramiczne dialogi w Nowym Wi\u015bniczu - mojabochnia.pl - portal informacyjny\" \/>\n<meta property=\"og:description\" content=\"Plener Ceramiczny corocznie organizowany przez Liceum Sztuk Plastycznych w Nowym Wi\u015bniczu dobiega ko\u0144ca. Od 30 czerwca przez dwa tygodnie uczestnicy pleneru pracowali nad rze\u017abami, wymieniali si\u0119 do\u015bwiadczeniami oraz mi\u0142o wsp\u00f3lnie sp\u0119dzali czas. W pi\u0105tkowy wiecz\u00f3r ceramicy spotkali si\u0119 po raz ostatni, aby dokona\u0107 autoprezentacji i pokaza\u0107 co uda\u0142o si\u0119 stworzy\u0107.\" \/>\n<meta property=\"og:url\" content=\"https:\/\/www.mojabochnia.pl\/?p=92\" \/>\n<meta property=\"og:site_name\" content=\"mojabochnia.pl - portal informacyjny\" \/>\n<meta property=\"article:publisher\" content=\"https:\/\/www.facebook.com\/mojabochnia\" \/>\n<meta property=\"article:published_time\" content=\"2008-07-11T19:56:42+00:00\" \/>\n<meta property=\"article:modified_time\" content=\"2008-08-25T11:37:27+00:00\" \/>\n<meta name=\"author\" content=\"administrator\" \/>\n<meta name=\"twitter:card\" content=\"summary_large_image\" \/>\n<meta name=\"twitter:label1\" content=\"Written by\" \/>\n\t<meta name=\"twitter:data1\" content=\"administrator\" \/>\n\t<meta name=\"twitter:label2\" content=\"Est. reading time\" \/>\n\t<meta name=\"twitter:data2\" content=\"1 minuta\" \/>\n<script type=\"application\/ld+json\" class=\"yoast-schema-graph\">{\"@context\":\"https:\/\/schema.org\",\"@graph\":[{\"@type\":\"Article\",\"@id\":\"https:\/\/www.mojabochnia.pl\/?p=92#article\",\"isPartOf\":{\"@id\":\"https:\/\/www.mojabochnia.pl\/?p=92\"},\"author\":{\"name\":\"administrator\",\"@id\":\"https:\/\/www.mojabochnia.pl\/#\/schema\/person\/c00e1f64e6fa0e6de6d410f2c340017f\"},\"headline\":\"Ceramiczne dialogi w Nowym Wi\u015bniczu\",\"datePublished\":\"2008-07-11T19:56:42+00:00\",\"dateModified\":\"2008-08-25T11:37:27+00:00\",\"mainEntityOfPage\":{\"@id\":\"https:\/\/www.mojabochnia.pl\/?p=92\"},\"wordCount\":299,\"commentCount\":1,\"publisher\":{\"@id\":\"https:\/\/www.mojabochnia.pl\/#organization\"},\"keywords\":[\"barbara szota - rekie\u0107\",\"ceramika\",\"jacek paj\u0105k\",\"kultura\",\"liceum sztuk plastycznych\",\"muzeum ziemi wi\u015bnickiej\",\"Nowy Wi\u015bnicz\",\"plener\",\"renata jonak\",\"rze\u017aba\",\"stanis\u0142aw gaworczyk\"],\"articleSection\":[\"2_ostatnie\"],\"inLanguage\":\"pl-PL\",\"potentialAction\":[{\"@type\":\"CommentAction\",\"name\":\"Comment\",\"target\":[\"https:\/\/www.mojabochnia.pl\/?p=92#respond\"]}]},{\"@type\":\"WebPage\",\"@id\":\"https:\/\/www.mojabochnia.pl\/?p=92\",\"url\":\"https:\/\/www.mojabochnia.pl\/?p=92\",\"name\":\"Ceramiczne dialogi w Nowym Wi\u015bniczu - mojabochnia.pl - portal informacyjny\",\"isPartOf\":{\"@id\":\"https:\/\/www.mojabochnia.pl\/#website\"},\"datePublished\":\"2008-07-11T19:56:42+00:00\",\"dateModified\":\"2008-08-25T11:37:27+00:00\",\"breadcrumb\":{\"@id\":\"https:\/\/www.mojabochnia.pl\/?p=92#breadcrumb\"},\"inLanguage\":\"pl-PL\",\"potentialAction\":[{\"@type\":\"ReadAction\",\"target\":[\"https:\/\/www.mojabochnia.pl\/?p=92\"]}]},{\"@type\":\"BreadcrumbList\",\"@id\":\"https:\/\/www.mojabochnia.pl\/?p=92#breadcrumb\",\"itemListElement\":[{\"@type\":\"ListItem\",\"position\":1,\"name\":\"Home\",\"item\":\"https:\/\/www.mojabochnia.pl\/\"},{\"@type\":\"ListItem\",\"position\":2,\"name\":\"Ceramiczne dialogi w Nowym Wi\u015bniczu\"}]},{\"@type\":\"WebSite\",\"@id\":\"https:\/\/www.mojabochnia.pl\/#website\",\"url\":\"https:\/\/www.mojabochnia.pl\/\",\"name\":\"mojabochnia.pl - portal informacyjny\",\"description\":\"mojaBochnia to portal informacyjny o Bochni. Codziennie o Bochni piszemy i pokazujemy najwa\u017cniejsze wydarzenia\",\"publisher\":{\"@id\":\"https:\/\/www.mojabochnia.pl\/#organization\"},\"potentialAction\":[{\"@type\":\"SearchAction\",\"target\":{\"@type\":\"EntryPoint\",\"urlTemplate\":\"https:\/\/www.mojabochnia.pl\/?s={search_term_string}\"},\"query-input\":{\"@type\":\"PropertyValueSpecification\",\"valueRequired\":true,\"valueName\":\"search_term_string\"}}],\"inLanguage\":\"pl-PL\"},{\"@type\":\"Organization\",\"@id\":\"https:\/\/www.mojabochnia.pl\/#organization\",\"name\":\"mojabochnia.pl - portal informacyjny\",\"url\":\"https:\/\/www.mojabochnia.pl\/\",\"logo\":{\"@type\":\"ImageObject\",\"inLanguage\":\"pl-PL\",\"@id\":\"https:\/\/www.mojabochnia.pl\/#\/schema\/logo\/image\/\",\"url\":\"https:\/\/www.mojabochnia.pl\/wp-content\/uploads\/2017\/08\/logo-mb-opt.png\",\"contentUrl\":\"https:\/\/www.mojabochnia.pl\/wp-content\/uploads\/2017\/08\/logo-mb-opt.png\",\"width\":250,\"height\":48,\"caption\":\"mojabochnia.pl - portal informacyjny\"},\"image\":{\"@id\":\"https:\/\/www.mojabochnia.pl\/#\/schema\/logo\/image\/\"},\"sameAs\":[\"https:\/\/www.facebook.com\/mojabochnia\"]},{\"@type\":\"Person\",\"@id\":\"https:\/\/www.mojabochnia.pl\/#\/schema\/person\/c00e1f64e6fa0e6de6d410f2c340017f\",\"name\":\"administrator\",\"url\":\"https:\/\/www.mojabochnia.pl\/?author=1\"}]}<\/script>\n<!-- \/ Yoast SEO plugin. -->","yoast_head_json":{"title":"Ceramiczne dialogi w Nowym Wi\u015bniczu - mojabochnia.pl - portal informacyjny","robots":{"index":"index","follow":"follow","max-snippet":"max-snippet:-1","max-image-preview":"max-image-preview:large","max-video-preview":"max-video-preview:-1"},"canonical":"https:\/\/www.mojabochnia.pl\/?p=92","og_locale":"pl_PL","og_type":"article","og_title":"Ceramiczne dialogi w Nowym Wi\u015bniczu - mojabochnia.pl - portal informacyjny","og_description":"Plener Ceramiczny corocznie organizowany przez Liceum Sztuk Plastycznych w Nowym Wi\u015bniczu dobiega ko\u0144ca. Od 30 czerwca przez dwa tygodnie uczestnicy pleneru pracowali nad rze\u017abami, wymieniali si\u0119 do\u015bwiadczeniami oraz mi\u0142o wsp\u00f3lnie sp\u0119dzali czas. W pi\u0105tkowy wiecz\u00f3r ceramicy spotkali si\u0119 po raz ostatni, aby dokona\u0107 autoprezentacji i pokaza\u0107 co uda\u0142o si\u0119 stworzy\u0107.","og_url":"https:\/\/www.mojabochnia.pl\/?p=92","og_site_name":"mojabochnia.pl - portal informacyjny","article_publisher":"https:\/\/www.facebook.com\/mojabochnia","article_published_time":"2008-07-11T19:56:42+00:00","article_modified_time":"2008-08-25T11:37:27+00:00","author":"administrator","twitter_card":"summary_large_image","twitter_misc":{"Written by":"administrator","Est. reading time":"1 minuta"},"schema":{"@context":"https:\/\/schema.org","@graph":[{"@type":"Article","@id":"https:\/\/www.mojabochnia.pl\/?p=92#article","isPartOf":{"@id":"https:\/\/www.mojabochnia.pl\/?p=92"},"author":{"name":"administrator","@id":"https:\/\/www.mojabochnia.pl\/#\/schema\/person\/c00e1f64e6fa0e6de6d410f2c340017f"},"headline":"Ceramiczne dialogi w Nowym Wi\u015bniczu","datePublished":"2008-07-11T19:56:42+00:00","dateModified":"2008-08-25T11:37:27+00:00","mainEntityOfPage":{"@id":"https:\/\/www.mojabochnia.pl\/?p=92"},"wordCount":299,"commentCount":1,"publisher":{"@id":"https:\/\/www.mojabochnia.pl\/#organization"},"keywords":["barbara szota - rekie\u0107","ceramika","jacek paj\u0105k","kultura","liceum sztuk plastycznych","muzeum ziemi wi\u015bnickiej","Nowy Wi\u015bnicz","plener","renata jonak","rze\u017aba","stanis\u0142aw gaworczyk"],"articleSection":["2_ostatnie"],"inLanguage":"pl-PL","potentialAction":[{"@type":"CommentAction","name":"Comment","target":["https:\/\/www.mojabochnia.pl\/?p=92#respond"]}]},{"@type":"WebPage","@id":"https:\/\/www.mojabochnia.pl\/?p=92","url":"https:\/\/www.mojabochnia.pl\/?p=92","name":"Ceramiczne dialogi w Nowym Wi\u015bniczu - mojabochnia.pl - portal informacyjny","isPartOf":{"@id":"https:\/\/www.mojabochnia.pl\/#website"},"datePublished":"2008-07-11T19:56:42+00:00","dateModified":"2008-08-25T11:37:27+00:00","breadcrumb":{"@id":"https:\/\/www.mojabochnia.pl\/?p=92#breadcrumb"},"inLanguage":"pl-PL","potentialAction":[{"@type":"ReadAction","target":["https:\/\/www.mojabochnia.pl\/?p=92"]}]},{"@type":"BreadcrumbList","@id":"https:\/\/www.mojabochnia.pl\/?p=92#breadcrumb","itemListElement":[{"@type":"ListItem","position":1,"name":"Home","item":"https:\/\/www.mojabochnia.pl\/"},{"@type":"ListItem","position":2,"name":"Ceramiczne dialogi w Nowym Wi\u015bniczu"}]},{"@type":"WebSite","@id":"https:\/\/www.mojabochnia.pl\/#website","url":"https:\/\/www.mojabochnia.pl\/","name":"mojabochnia.pl - portal informacyjny","description":"mojaBochnia to portal informacyjny o Bochni. Codziennie o Bochni piszemy i pokazujemy najwa\u017cniejsze wydarzenia","publisher":{"@id":"https:\/\/www.mojabochnia.pl\/#organization"},"potentialAction":[{"@type":"SearchAction","target":{"@type":"EntryPoint","urlTemplate":"https:\/\/www.mojabochnia.pl\/?s={search_term_string}"},"query-input":{"@type":"PropertyValueSpecification","valueRequired":true,"valueName":"search_term_string"}}],"inLanguage":"pl-PL"},{"@type":"Organization","@id":"https:\/\/www.mojabochnia.pl\/#organization","name":"mojabochnia.pl - portal informacyjny","url":"https:\/\/www.mojabochnia.pl\/","logo":{"@type":"ImageObject","inLanguage":"pl-PL","@id":"https:\/\/www.mojabochnia.pl\/#\/schema\/logo\/image\/","url":"https:\/\/www.mojabochnia.pl\/wp-content\/uploads\/2017\/08\/logo-mb-opt.png","contentUrl":"https:\/\/www.mojabochnia.pl\/wp-content\/uploads\/2017\/08\/logo-mb-opt.png","width":250,"height":48,"caption":"mojabochnia.pl - portal informacyjny"},"image":{"@id":"https:\/\/www.mojabochnia.pl\/#\/schema\/logo\/image\/"},"sameAs":["https:\/\/www.facebook.com\/mojabochnia"]},{"@type":"Person","@id":"https:\/\/www.mojabochnia.pl\/#\/schema\/person\/c00e1f64e6fa0e6de6d410f2c340017f","name":"administrator","url":"https:\/\/www.mojabochnia.pl\/?author=1"}]}},"_links":{"self":[{"href":"https:\/\/www.mojabochnia.pl\/index.php?rest_route=\/wp\/v2\/posts\/92","targetHints":{"allow":["GET"]}}],"collection":[{"href":"https:\/\/www.mojabochnia.pl\/index.php?rest_route=\/wp\/v2\/posts"}],"about":[{"href":"https:\/\/www.mojabochnia.pl\/index.php?rest_route=\/wp\/v2\/types\/post"}],"author":[{"embeddable":true,"href":"https:\/\/www.mojabochnia.pl\/index.php?rest_route=\/wp\/v2\/users\/1"}],"replies":[{"embeddable":true,"href":"https:\/\/www.mojabochnia.pl\/index.php?rest_route=%2Fwp%2Fv2%2Fcomments&post=92"}],"version-history":[{"count":0,"href":"https:\/\/www.mojabochnia.pl\/index.php?rest_route=\/wp\/v2\/posts\/92\/revisions"}],"wp:attachment":[{"href":"https:\/\/www.mojabochnia.pl\/index.php?rest_route=%2Fwp%2Fv2%2Fmedia&parent=92"}],"wp:term":[{"taxonomy":"category","embeddable":true,"href":"https:\/\/www.mojabochnia.pl\/index.php?rest_route=%2Fwp%2Fv2%2Fcategories&post=92"},{"taxonomy":"post_tag","embeddable":true,"href":"https:\/\/www.mojabochnia.pl\/index.php?rest_route=%2Fwp%2Fv2%2Ftags&post=92"}],"curies":[{"name":"wp","href":"https:\/\/api.w.org\/{rel}","templated":true}]}}