{"id":9127,"date":"2009-05-15T10:46:01","date_gmt":"2009-05-15T08:46:01","guid":{"rendered":"http:\/\/www.mojabochnia.pl\/?p=9127"},"modified":"2009-05-15T10:37:20","modified_gmt":"2009-05-15T08:37:20","slug":"ukryte-piekno-czyli-wernisaz-wystawy-malarstwa-michaliny-piech","status":"publish","type":"post","link":"https:\/\/www.mojabochnia.pl\/?p=9127","title":{"rendered":"Ukryte pi\u0119kno, czyli wernisa\u017c wystawy malarstwa Michaliny Pi\u0119ch"},"content":{"rendered":"<p>Prace, kt\u00f3re mo\u017cna podziwia\u0107 do ko\u0144ca maja prezentuj\u0105 kompozycje kwiatowe, pos\u0142uguje si\u0119 przy tym technik\u0105 olejn\u0105 i pastelami. Ich autorka to emerytowana nauczycielka j\u0119zyka polskiego i \u0142aciny, przez 40 lat uczy\u0142a w boche\u0144skim Liceum Og\u00f3lnokszta\u0142c\u0105cym im. Kr\u00f3la Kazimierza. Maluje dla przyjemno\u015bci. &#8211; <em>Przez lata zgromadzi\u0142a poka\u017any zbi\u00f3r swych prac<\/em> &#8211; powiedzia\u0142a Paulina Urba\u0144czyk z GCKCZiS w Bochni. Michalina Pi\u0119ch jest tak\u017ce autork\u0105 zbioru reporta\u017cy i esej\u00f3w pt. \u201e\u015awiat sercem malowany\u201d opublikowanych trzy lata temu. &#8211; <em>Opisuje w nich swoje wra\u017cenia z licznych podr\u00f3\u017cy i pielgrzymek, szczeg\u00f3lnie akcentuj\u0105c \u015blady polskiej kultury w \u015bwiecie<\/em> \u2013 powiedzia\u0142 Jerzy Lysy.<\/p>\n<p>Otwarcie wystawy u\u015bwietni\u0142 wyst\u0119p boche\u0144skiego gimnazjalisty, ucznia krakowskiej \u015bredniej szko\u0142y muzycznej \u2013 Krzysztofa Augustyna graj\u0105cego na pianinie. Zebrani go\u015bcie mogli wys\u0142ucha\u0107 w jego wykonaniu sonat\u0119 c-moll Ludwika Van Bethowena oraz Etiud\u0119 Koncertow\u0105 \u201e Poszumy le\u015bne\u201d i Rapsodi\u0119 nr 6 Franciszka Liszta.<\/p>\n<p>Na uroczystym otwarciu pojawi\u0142o si\u0119 wielu przyjaci\u00f3\u0142 autorki, zar\u00f3wno pedagog\u00f3w jak i uczni\u00f3w. R\u00f3wnie\u017c gospodarze wystawy: Danuta Niemiec \u2013 dyrektor GCKCZiS i Jerzy Lysy \u2013 w\u00f3jt gminy Bochnia, nale\u017c\u0105 do grona uczni\u00f3w Michaliny Pi\u0119ch. <\/p>\n<p>Prace b\u0119dzie mo\u017cna ogl\u0105da\u0107 w Galerii \u201eChe\u0142m\u201d w pi\u0105tki w godzinach 17.00\u201320.00, w soboty 16.00-20.00 i niedziele 15.00-20.00. Wystawa obraz\u00f3w Michaliny Pi\u0119chowej potrwa do ko\u0144ca maja.<\/p>\n<p><img decoding=\"async\" src=\"\/f\/2009\/05\/090515_xx_chelm_piech1.jpg\" alt=\"null\" \/><br \/>\n<img decoding=\"async\" src=\"\/f\/2009\/05\/090506_xx_obraz.jpg\" alt=\"null\" \/><\/p>\n","protected":false},"excerpt":{"rendered":"<p>W Galerii \u201eChe\u0142m\u201d odby\u0142 si\u0119 wernisa\u017c wystawy malarstwa emerytowanej nauczycielki \u2013 Michaliny Pi\u0119ch. Tematem  prac, kt\u00f3re mo\u017cna ogl\u0105da\u0107 jest pi\u0119kno zamkni\u0119te w kwiatach.<\/p>\n","protected":false},"author":1,"featured_media":0,"comment_status":"open","ping_status":"closed","sticky":false,"template":"","format":"standard","meta":{"_acf_changed":false,"footnotes":""},"categories":[92],"tags":[1647,17215,17108,4055,4053,17259,17159,17157],"class_list":["post-9127","post","type-post","status-publish","format-standard","hentry","category-kultura","tag-danuta-niemiec","tag-jerzy-lysy","tag-koncert","tag-nauczycielka","tag-obraz","tag-praca","tag-wernisaz","tag-wystawa"],"acf":[],"yoast_head":"<!-- This site is optimized with the Yoast SEO plugin v26.9 - https:\/\/yoast.com\/product\/yoast-seo-wordpress\/ -->\n<title>Ukryte pi\u0119kno, czyli wernisa\u017c wystawy malarstwa Michaliny Pi\u0119ch - mojabochnia.pl - portal informacyjny<\/title>\n<meta name=\"robots\" content=\"index, follow, max-snippet:-1, max-image-preview:large, max-video-preview:-1\" \/>\n<link rel=\"canonical\" href=\"https:\/\/www.mojabochnia.pl\/?p=9127\" \/>\n<meta property=\"og:locale\" content=\"pl_PL\" \/>\n<meta property=\"og:type\" content=\"article\" \/>\n<meta property=\"og:title\" content=\"Ukryte pi\u0119kno, czyli wernisa\u017c wystawy malarstwa Michaliny Pi\u0119ch - mojabochnia.pl - portal informacyjny\" \/>\n<meta property=\"og:description\" content=\"W Galerii \u201eChe\u0142m\u201d odby\u0142 si\u0119 wernisa\u017c wystawy malarstwa emerytowanej nauczycielki \u2013 Michaliny Pi\u0119ch. Tematem prac, kt\u00f3re mo\u017cna ogl\u0105da\u0107 jest pi\u0119kno zamkni\u0119te w kwiatach.\" \/>\n<meta property=\"og:url\" content=\"https:\/\/www.mojabochnia.pl\/?p=9127\" \/>\n<meta property=\"og:site_name\" content=\"mojabochnia.pl - portal informacyjny\" \/>\n<meta property=\"article:publisher\" content=\"https:\/\/www.facebook.com\/mojabochnia\" \/>\n<meta property=\"article:published_time\" content=\"2009-05-15T08:46:01+00:00\" \/>\n<meta name=\"author\" content=\"administrator\" \/>\n<meta name=\"twitter:card\" content=\"summary_large_image\" \/>\n<meta name=\"twitter:label1\" content=\"Written by\" \/>\n\t<meta name=\"twitter:data1\" content=\"administrator\" \/>\n\t<meta name=\"twitter:label2\" content=\"Est. reading time\" \/>\n\t<meta name=\"twitter:data2\" content=\"1 minuta\" \/>\n<script type=\"application\/ld+json\" class=\"yoast-schema-graph\">{\"@context\":\"https:\/\/schema.org\",\"@graph\":[{\"@type\":\"Article\",\"@id\":\"https:\/\/www.mojabochnia.pl\/?p=9127#article\",\"isPartOf\":{\"@id\":\"https:\/\/www.mojabochnia.pl\/?p=9127\"},\"author\":{\"name\":\"administrator\",\"@id\":\"https:\/\/www.mojabochnia.pl\/#\/schema\/person\/c00e1f64e6fa0e6de6d410f2c340017f\"},\"headline\":\"Ukryte pi\u0119kno, czyli wernisa\u017c wystawy malarstwa Michaliny Pi\u0119ch\",\"datePublished\":\"2009-05-15T08:46:01+00:00\",\"mainEntityOfPage\":{\"@id\":\"https:\/\/www.mojabochnia.pl\/?p=9127\"},\"wordCount\":248,\"commentCount\":0,\"publisher\":{\"@id\":\"https:\/\/www.mojabochnia.pl\/#organization\"},\"keywords\":[\"danuta niemiec\",\"jerzy lysy\",\"koncert\",\"nauczycielka\",\"obraz\",\"praca\",\"wernisa\u017c\",\"wystawa\"],\"articleSection\":[\"kultura\"],\"inLanguage\":\"pl-PL\",\"potentialAction\":[{\"@type\":\"CommentAction\",\"name\":\"Comment\",\"target\":[\"https:\/\/www.mojabochnia.pl\/?p=9127#respond\"]}]},{\"@type\":\"WebPage\",\"@id\":\"https:\/\/www.mojabochnia.pl\/?p=9127\",\"url\":\"https:\/\/www.mojabochnia.pl\/?p=9127\",\"name\":\"Ukryte pi\u0119kno, czyli wernisa\u017c wystawy malarstwa Michaliny Pi\u0119ch - mojabochnia.pl - portal informacyjny\",\"isPartOf\":{\"@id\":\"https:\/\/www.mojabochnia.pl\/#website\"},\"datePublished\":\"2009-05-15T08:46:01+00:00\",\"breadcrumb\":{\"@id\":\"https:\/\/www.mojabochnia.pl\/?p=9127#breadcrumb\"},\"inLanguage\":\"pl-PL\",\"potentialAction\":[{\"@type\":\"ReadAction\",\"target\":[\"https:\/\/www.mojabochnia.pl\/?p=9127\"]}]},{\"@type\":\"BreadcrumbList\",\"@id\":\"https:\/\/www.mojabochnia.pl\/?p=9127#breadcrumb\",\"itemListElement\":[{\"@type\":\"ListItem\",\"position\":1,\"name\":\"Home\",\"item\":\"https:\/\/www.mojabochnia.pl\/\"},{\"@type\":\"ListItem\",\"position\":2,\"name\":\"Ukryte pi\u0119kno, czyli wernisa\u017c wystawy malarstwa Michaliny Pi\u0119ch\"}]},{\"@type\":\"WebSite\",\"@id\":\"https:\/\/www.mojabochnia.pl\/#website\",\"url\":\"https:\/\/www.mojabochnia.pl\/\",\"name\":\"mojabochnia.pl - portal informacyjny\",\"description\":\"mojaBochnia to portal informacyjny o Bochni. Codziennie o Bochni piszemy i pokazujemy najwa\u017cniejsze wydarzenia\",\"publisher\":{\"@id\":\"https:\/\/www.mojabochnia.pl\/#organization\"},\"potentialAction\":[{\"@type\":\"SearchAction\",\"target\":{\"@type\":\"EntryPoint\",\"urlTemplate\":\"https:\/\/www.mojabochnia.pl\/?s={search_term_string}\"},\"query-input\":{\"@type\":\"PropertyValueSpecification\",\"valueRequired\":true,\"valueName\":\"search_term_string\"}}],\"inLanguage\":\"pl-PL\"},{\"@type\":\"Organization\",\"@id\":\"https:\/\/www.mojabochnia.pl\/#organization\",\"name\":\"mojabochnia.pl - portal informacyjny\",\"url\":\"https:\/\/www.mojabochnia.pl\/\",\"logo\":{\"@type\":\"ImageObject\",\"inLanguage\":\"pl-PL\",\"@id\":\"https:\/\/www.mojabochnia.pl\/#\/schema\/logo\/image\/\",\"url\":\"https:\/\/www.mojabochnia.pl\/wp-content\/uploads\/2017\/08\/logo-mb-opt.png\",\"contentUrl\":\"https:\/\/www.mojabochnia.pl\/wp-content\/uploads\/2017\/08\/logo-mb-opt.png\",\"width\":250,\"height\":48,\"caption\":\"mojabochnia.pl - portal informacyjny\"},\"image\":{\"@id\":\"https:\/\/www.mojabochnia.pl\/#\/schema\/logo\/image\/\"},\"sameAs\":[\"https:\/\/www.facebook.com\/mojabochnia\"]},{\"@type\":\"Person\",\"@id\":\"https:\/\/www.mojabochnia.pl\/#\/schema\/person\/c00e1f64e6fa0e6de6d410f2c340017f\",\"name\":\"administrator\",\"url\":\"https:\/\/www.mojabochnia.pl\/?author=1\"}]}<\/script>\n<!-- \/ Yoast SEO plugin. -->","yoast_head_json":{"title":"Ukryte pi\u0119kno, czyli wernisa\u017c wystawy malarstwa Michaliny Pi\u0119ch - mojabochnia.pl - portal informacyjny","robots":{"index":"index","follow":"follow","max-snippet":"max-snippet:-1","max-image-preview":"max-image-preview:large","max-video-preview":"max-video-preview:-1"},"canonical":"https:\/\/www.mojabochnia.pl\/?p=9127","og_locale":"pl_PL","og_type":"article","og_title":"Ukryte pi\u0119kno, czyli wernisa\u017c wystawy malarstwa Michaliny Pi\u0119ch - mojabochnia.pl - portal informacyjny","og_description":"W Galerii \u201eChe\u0142m\u201d odby\u0142 si\u0119 wernisa\u017c wystawy malarstwa emerytowanej nauczycielki \u2013 Michaliny Pi\u0119ch. Tematem prac, kt\u00f3re mo\u017cna ogl\u0105da\u0107 jest pi\u0119kno zamkni\u0119te w kwiatach.","og_url":"https:\/\/www.mojabochnia.pl\/?p=9127","og_site_name":"mojabochnia.pl - portal informacyjny","article_publisher":"https:\/\/www.facebook.com\/mojabochnia","article_published_time":"2009-05-15T08:46:01+00:00","author":"administrator","twitter_card":"summary_large_image","twitter_misc":{"Written by":"administrator","Est. reading time":"1 minuta"},"schema":{"@context":"https:\/\/schema.org","@graph":[{"@type":"Article","@id":"https:\/\/www.mojabochnia.pl\/?p=9127#article","isPartOf":{"@id":"https:\/\/www.mojabochnia.pl\/?p=9127"},"author":{"name":"administrator","@id":"https:\/\/www.mojabochnia.pl\/#\/schema\/person\/c00e1f64e6fa0e6de6d410f2c340017f"},"headline":"Ukryte pi\u0119kno, czyli wernisa\u017c wystawy malarstwa Michaliny Pi\u0119ch","datePublished":"2009-05-15T08:46:01+00:00","mainEntityOfPage":{"@id":"https:\/\/www.mojabochnia.pl\/?p=9127"},"wordCount":248,"commentCount":0,"publisher":{"@id":"https:\/\/www.mojabochnia.pl\/#organization"},"keywords":["danuta niemiec","jerzy lysy","koncert","nauczycielka","obraz","praca","wernisa\u017c","wystawa"],"articleSection":["kultura"],"inLanguage":"pl-PL","potentialAction":[{"@type":"CommentAction","name":"Comment","target":["https:\/\/www.mojabochnia.pl\/?p=9127#respond"]}]},{"@type":"WebPage","@id":"https:\/\/www.mojabochnia.pl\/?p=9127","url":"https:\/\/www.mojabochnia.pl\/?p=9127","name":"Ukryte pi\u0119kno, czyli wernisa\u017c wystawy malarstwa Michaliny Pi\u0119ch - mojabochnia.pl - portal informacyjny","isPartOf":{"@id":"https:\/\/www.mojabochnia.pl\/#website"},"datePublished":"2009-05-15T08:46:01+00:00","breadcrumb":{"@id":"https:\/\/www.mojabochnia.pl\/?p=9127#breadcrumb"},"inLanguage":"pl-PL","potentialAction":[{"@type":"ReadAction","target":["https:\/\/www.mojabochnia.pl\/?p=9127"]}]},{"@type":"BreadcrumbList","@id":"https:\/\/www.mojabochnia.pl\/?p=9127#breadcrumb","itemListElement":[{"@type":"ListItem","position":1,"name":"Home","item":"https:\/\/www.mojabochnia.pl\/"},{"@type":"ListItem","position":2,"name":"Ukryte pi\u0119kno, czyli wernisa\u017c wystawy malarstwa Michaliny Pi\u0119ch"}]},{"@type":"WebSite","@id":"https:\/\/www.mojabochnia.pl\/#website","url":"https:\/\/www.mojabochnia.pl\/","name":"mojabochnia.pl - portal informacyjny","description":"mojaBochnia to portal informacyjny o Bochni. Codziennie o Bochni piszemy i pokazujemy najwa\u017cniejsze wydarzenia","publisher":{"@id":"https:\/\/www.mojabochnia.pl\/#organization"},"potentialAction":[{"@type":"SearchAction","target":{"@type":"EntryPoint","urlTemplate":"https:\/\/www.mojabochnia.pl\/?s={search_term_string}"},"query-input":{"@type":"PropertyValueSpecification","valueRequired":true,"valueName":"search_term_string"}}],"inLanguage":"pl-PL"},{"@type":"Organization","@id":"https:\/\/www.mojabochnia.pl\/#organization","name":"mojabochnia.pl - portal informacyjny","url":"https:\/\/www.mojabochnia.pl\/","logo":{"@type":"ImageObject","inLanguage":"pl-PL","@id":"https:\/\/www.mojabochnia.pl\/#\/schema\/logo\/image\/","url":"https:\/\/www.mojabochnia.pl\/wp-content\/uploads\/2017\/08\/logo-mb-opt.png","contentUrl":"https:\/\/www.mojabochnia.pl\/wp-content\/uploads\/2017\/08\/logo-mb-opt.png","width":250,"height":48,"caption":"mojabochnia.pl - portal informacyjny"},"image":{"@id":"https:\/\/www.mojabochnia.pl\/#\/schema\/logo\/image\/"},"sameAs":["https:\/\/www.facebook.com\/mojabochnia"]},{"@type":"Person","@id":"https:\/\/www.mojabochnia.pl\/#\/schema\/person\/c00e1f64e6fa0e6de6d410f2c340017f","name":"administrator","url":"https:\/\/www.mojabochnia.pl\/?author=1"}]}},"_links":{"self":[{"href":"https:\/\/www.mojabochnia.pl\/index.php?rest_route=\/wp\/v2\/posts\/9127","targetHints":{"allow":["GET"]}}],"collection":[{"href":"https:\/\/www.mojabochnia.pl\/index.php?rest_route=\/wp\/v2\/posts"}],"about":[{"href":"https:\/\/www.mojabochnia.pl\/index.php?rest_route=\/wp\/v2\/types\/post"}],"author":[{"embeddable":true,"href":"https:\/\/www.mojabochnia.pl\/index.php?rest_route=\/wp\/v2\/users\/1"}],"replies":[{"embeddable":true,"href":"https:\/\/www.mojabochnia.pl\/index.php?rest_route=%2Fwp%2Fv2%2Fcomments&post=9127"}],"version-history":[{"count":0,"href":"https:\/\/www.mojabochnia.pl\/index.php?rest_route=\/wp\/v2\/posts\/9127\/revisions"}],"wp:attachment":[{"href":"https:\/\/www.mojabochnia.pl\/index.php?rest_route=%2Fwp%2Fv2%2Fmedia&parent=9127"}],"wp:term":[{"taxonomy":"category","embeddable":true,"href":"https:\/\/www.mojabochnia.pl\/index.php?rest_route=%2Fwp%2Fv2%2Fcategories&post=9127"},{"taxonomy":"post_tag","embeddable":true,"href":"https:\/\/www.mojabochnia.pl\/index.php?rest_route=%2Fwp%2Fv2%2Ftags&post=9127"}],"curies":[{"name":"wp","href":"https:\/\/api.w.org\/{rel}","templated":true}]}}