{"id":91255,"date":"2013-06-03T10:43:48","date_gmt":"2013-06-03T08:43:48","guid":{"rendered":"http:\/\/www.mojabochnia.pl\/?p=91255"},"modified":"2013-06-03T09:44:05","modified_gmt":"2013-06-03T07:44:05","slug":"galeria-bezdomna-w-bochni","status":"publish","type":"post","link":"https:\/\/www.mojabochnia.pl\/?p=91255","title":{"rendered":"Galeria Bezdomna w Bochni"},"content":{"rendered":"<p>Galeria Bezdomna to spontanicznie tworzone wystawy fotograficzne z udzia\u0142em ka\u017cdego ch\u0119tnego, kt\u00f3ry chce pokaza\u0107 swoje prace w miejscach udost\u0119pnianych na ten cel. W dniach 14-19 Czerwca Galeria Bezdomna zawita do Bochni.<\/p>\n<p>Idea GALERII BEZDOMNEJ narodzi\u0142a si\u0119 w g\u0142owach dw\u00f3ch znanych polskich fotograf\u00f3w: Tomka Sikory i Andrzeja \u015awietlika. Bezdomna &#8211; bo nie ma sta\u0142ego miejsca, pojawia si\u0119 na chwil\u0119 i znika by ponownie otworzy\u0107 swoje podwoje w zupe\u0142nie innym miejscu. Pojawia si\u0119 tam, gdzie tylko znajdzie si\u0119 wolne miejsce gotowe na jaki\u015b czas przygarn\u0105\u0107 fotografi\u0119. Najcz\u0119\u015bciej s\u0105 to fabryki, stare kamienice czy opuszczone budynki. W Bochni galeria zawita do kamienicy na ul. Kraszewskiego 9.<\/p>\n<p>Specyfik\u0105 GALERII BEZDOMNEJ jest brak wst\u0119pnych eliminacji: pokaza\u0107 swoje prace mo\u017ce ka\u017cdy, kto chce, zar\u00f3wno fotograficzne gwiazdy, jak i profesjonali\u015bci, pocz\u0105tkuj\u0105cy fotografowie, studenci i amatorzy. Po drugie nie selekcjonujemy tak\u017ce prac &#8211; nie ma narzuconej tematyki, techniki, formatu i ilo\u015bci pokazywanych przez autor\u00f3w fotografii. Zdj\u0119cia mog\u0105 by\u0107 zar\u00f3wno oprawione w poz\u0142acane ramy jak i mo\u017cna pokaza\u0107 &#8222;go\u0142e&#8221; odbitki przyklejone do \u015bciany. <\/p>\n<p>Wi\u0119cej szczeg\u00f3\u0142\u00f3w pojawi si\u0119 ju\u017c wkr\u00f3tce na \u0142amach naszego serwisu, tymczasem ju\u017c teraz warto przegl\u0105da\u0107 przestrze\u0144 swojego dysku w poszukiwaniu najciekawszych zdj\u0119\u0107, kt\u00f3re z przys\u0142owiowej szuflady mo\u017cna pokaza\u0107 \u015bwiatu.<\/p>\n<p>Kr\u00f3tki poradnik, jak przygotowa\u0107 prac\u0119 na wystaw\u0119 mo\u017cna znale\u017a\u0107 <a onclick=\"javascript:pageTracker._trackPageview('\/outgoing\/www.galeriabezdomna.com\/poradnik.pdf');\"  href=\"http:\/\/www.galeriabezdomna.com\/poradnik.pdf\">tutaj<\/a>.<\/p>\n<p>Organizatorzy zapraszaj\u0105 r\u00f3wnie\u017c na <a onclick=\"javascript:pageTracker._trackPageview('\/outgoing\/www.facebook.com\/GaleriaBezdomnaBochnia');\"  href=\"https:\/\/www.facebook.com\/GaleriaBezdomnaBochnia\">funpage<\/a>.<\/p>\n<p>Osoby ch\u0119tne do pomocy przy organizacji Galerii Bezdomnej prosimy o kontakt mailowy: g.stodolny@gmail.com lub przez profil na facebooku.<\/p>\n","protected":false},"excerpt":{"rendered":"<p>W ramach imprez towarzysz\u0105cych zbli\u017caj\u0105cym si\u0119 Dniom Bochni pojawi si\u0119 r\u00f3wnie\u017c wydarzenie, kt\u00f3re z pewno\u015bci\u0105 zainteresuje ka\u017cd\u0105 fotografuj\u0105c\u0105 cho\u0107by amatorsko osob\u0119. <\/p>\n","protected":false},"author":8,"featured_media":0,"comment_status":"open","ping_status":"closed","sticky":false,"template":"","format":"standard","meta":{"_acf_changed":false,"footnotes":""},"categories":[5,92,6250],"tags":[12551,12552,12550,17157],"class_list":["post-91255","post","type-post","status-publish","format-standard","hentry","category-biezace-wydarzenia","category-kultura","category-tematyka","tag-foptografia","tag-galeria-bezdomna","tag-grzegorz-stodolny","tag-wystawa","main_tag-fotografia"],"acf":[],"yoast_head":"<!-- This site is optimized with the Yoast SEO plugin v26.9 - https:\/\/yoast.com\/product\/yoast-seo-wordpress\/ -->\n<title>Galeria Bezdomna w Bochni - mojabochnia.pl - portal informacyjny<\/title>\n<meta name=\"robots\" content=\"index, follow, max-snippet:-1, max-image-preview:large, max-video-preview:-1\" \/>\n<link rel=\"canonical\" href=\"https:\/\/www.mojabochnia.pl\/?p=91255\" \/>\n<meta property=\"og:locale\" content=\"pl_PL\" \/>\n<meta property=\"og:type\" content=\"article\" \/>\n<meta property=\"og:title\" content=\"Galeria Bezdomna w Bochni - mojabochnia.pl - portal informacyjny\" \/>\n<meta property=\"og:description\" content=\"W ramach imprez towarzysz\u0105cych zbli\u017caj\u0105cym si\u0119 Dniom Bochni pojawi si\u0119 r\u00f3wnie\u017c wydarzenie, kt\u00f3re z pewno\u015bci\u0105 zainteresuje ka\u017cd\u0105 fotografuj\u0105c\u0105 cho\u0107by amatorsko osob\u0119.\" \/>\n<meta property=\"og:url\" content=\"https:\/\/www.mojabochnia.pl\/?p=91255\" \/>\n<meta property=\"og:site_name\" content=\"mojabochnia.pl - portal informacyjny\" \/>\n<meta property=\"article:publisher\" content=\"https:\/\/www.facebook.com\/mojabochnia\" \/>\n<meta property=\"article:published_time\" content=\"2013-06-03T08:43:48+00:00\" \/>\n<meta name=\"author\" content=\"informacja prasowa\" \/>\n<meta name=\"twitter:card\" content=\"summary_large_image\" \/>\n<meta name=\"twitter:label1\" content=\"Written by\" \/>\n\t<meta name=\"twitter:data1\" content=\"informacja prasowa\" \/>\n\t<meta name=\"twitter:label2\" content=\"Est. reading time\" \/>\n\t<meta name=\"twitter:data2\" content=\"1 minuta\" \/>\n<script type=\"application\/ld+json\" class=\"yoast-schema-graph\">{\"@context\":\"https:\/\/schema.org\",\"@graph\":[{\"@type\":\"Article\",\"@id\":\"https:\/\/www.mojabochnia.pl\/?p=91255#article\",\"isPartOf\":{\"@id\":\"https:\/\/www.mojabochnia.pl\/?p=91255\"},\"author\":{\"name\":\"informacja prasowa\",\"@id\":\"https:\/\/www.mojabochnia.pl\/#\/schema\/person\/9e15cf1bcb74043790f124a3130fe41e\"},\"headline\":\"Galeria Bezdomna w Bochni\",\"datePublished\":\"2013-06-03T08:43:48+00:00\",\"mainEntityOfPage\":{\"@id\":\"https:\/\/www.mojabochnia.pl\/?p=91255\"},\"wordCount\":270,\"commentCount\":0,\"publisher\":{\"@id\":\"https:\/\/www.mojabochnia.pl\/#organization\"},\"keywords\":[\"foptografia\",\"galeria bezdomna\",\"grzegorz stodolny\",\"wystawa\"],\"articleSection\":[\"2_ostatnie\",\"kultura\",\"tematyka\"],\"inLanguage\":\"pl-PL\",\"potentialAction\":[{\"@type\":\"CommentAction\",\"name\":\"Comment\",\"target\":[\"https:\/\/www.mojabochnia.pl\/?p=91255#respond\"]}]},{\"@type\":\"WebPage\",\"@id\":\"https:\/\/www.mojabochnia.pl\/?p=91255\",\"url\":\"https:\/\/www.mojabochnia.pl\/?p=91255\",\"name\":\"Galeria Bezdomna w Bochni - mojabochnia.pl - portal informacyjny\",\"isPartOf\":{\"@id\":\"https:\/\/www.mojabochnia.pl\/#website\"},\"datePublished\":\"2013-06-03T08:43:48+00:00\",\"breadcrumb\":{\"@id\":\"https:\/\/www.mojabochnia.pl\/?p=91255#breadcrumb\"},\"inLanguage\":\"pl-PL\",\"potentialAction\":[{\"@type\":\"ReadAction\",\"target\":[\"https:\/\/www.mojabochnia.pl\/?p=91255\"]}]},{\"@type\":\"BreadcrumbList\",\"@id\":\"https:\/\/www.mojabochnia.pl\/?p=91255#breadcrumb\",\"itemListElement\":[{\"@type\":\"ListItem\",\"position\":1,\"name\":\"Home\",\"item\":\"https:\/\/www.mojabochnia.pl\/\"},{\"@type\":\"ListItem\",\"position\":2,\"name\":\"Galeria Bezdomna w Bochni\"}]},{\"@type\":\"WebSite\",\"@id\":\"https:\/\/www.mojabochnia.pl\/#website\",\"url\":\"https:\/\/www.mojabochnia.pl\/\",\"name\":\"mojabochnia.pl - portal informacyjny\",\"description\":\"mojaBochnia to portal informacyjny o Bochni. Codziennie o Bochni piszemy i pokazujemy najwa\u017cniejsze wydarzenia\",\"publisher\":{\"@id\":\"https:\/\/www.mojabochnia.pl\/#organization\"},\"potentialAction\":[{\"@type\":\"SearchAction\",\"target\":{\"@type\":\"EntryPoint\",\"urlTemplate\":\"https:\/\/www.mojabochnia.pl\/?s={search_term_string}\"},\"query-input\":{\"@type\":\"PropertyValueSpecification\",\"valueRequired\":true,\"valueName\":\"search_term_string\"}}],\"inLanguage\":\"pl-PL\"},{\"@type\":\"Organization\",\"@id\":\"https:\/\/www.mojabochnia.pl\/#organization\",\"name\":\"mojabochnia.pl - portal informacyjny\",\"url\":\"https:\/\/www.mojabochnia.pl\/\",\"logo\":{\"@type\":\"ImageObject\",\"inLanguage\":\"pl-PL\",\"@id\":\"https:\/\/www.mojabochnia.pl\/#\/schema\/logo\/image\/\",\"url\":\"https:\/\/www.mojabochnia.pl\/wp-content\/uploads\/2017\/08\/logo-mb-opt.png\",\"contentUrl\":\"https:\/\/www.mojabochnia.pl\/wp-content\/uploads\/2017\/08\/logo-mb-opt.png\",\"width\":250,\"height\":48,\"caption\":\"mojabochnia.pl - portal informacyjny\"},\"image\":{\"@id\":\"https:\/\/www.mojabochnia.pl\/#\/schema\/logo\/image\/\"},\"sameAs\":[\"https:\/\/www.facebook.com\/mojabochnia\"]},{\"@type\":\"Person\",\"@id\":\"https:\/\/www.mojabochnia.pl\/#\/schema\/person\/9e15cf1bcb74043790f124a3130fe41e\",\"name\":\"informacja prasowa\",\"sameAs\":[\"http:\/\/\"],\"url\":\"https:\/\/www.mojabochnia.pl\/?author=8\"}]}<\/script>\n<!-- \/ Yoast SEO plugin. -->","yoast_head_json":{"title":"Galeria Bezdomna w Bochni - mojabochnia.pl - portal informacyjny","robots":{"index":"index","follow":"follow","max-snippet":"max-snippet:-1","max-image-preview":"max-image-preview:large","max-video-preview":"max-video-preview:-1"},"canonical":"https:\/\/www.mojabochnia.pl\/?p=91255","og_locale":"pl_PL","og_type":"article","og_title":"Galeria Bezdomna w Bochni - mojabochnia.pl - portal informacyjny","og_description":"W ramach imprez towarzysz\u0105cych zbli\u017caj\u0105cym si\u0119 Dniom Bochni pojawi si\u0119 r\u00f3wnie\u017c wydarzenie, kt\u00f3re z pewno\u015bci\u0105 zainteresuje ka\u017cd\u0105 fotografuj\u0105c\u0105 cho\u0107by amatorsko osob\u0119.","og_url":"https:\/\/www.mojabochnia.pl\/?p=91255","og_site_name":"mojabochnia.pl - portal informacyjny","article_publisher":"https:\/\/www.facebook.com\/mojabochnia","article_published_time":"2013-06-03T08:43:48+00:00","author":"informacja prasowa","twitter_card":"summary_large_image","twitter_misc":{"Written by":"informacja prasowa","Est. reading time":"1 minuta"},"schema":{"@context":"https:\/\/schema.org","@graph":[{"@type":"Article","@id":"https:\/\/www.mojabochnia.pl\/?p=91255#article","isPartOf":{"@id":"https:\/\/www.mojabochnia.pl\/?p=91255"},"author":{"name":"informacja prasowa","@id":"https:\/\/www.mojabochnia.pl\/#\/schema\/person\/9e15cf1bcb74043790f124a3130fe41e"},"headline":"Galeria Bezdomna w Bochni","datePublished":"2013-06-03T08:43:48+00:00","mainEntityOfPage":{"@id":"https:\/\/www.mojabochnia.pl\/?p=91255"},"wordCount":270,"commentCount":0,"publisher":{"@id":"https:\/\/www.mojabochnia.pl\/#organization"},"keywords":["foptografia","galeria bezdomna","grzegorz stodolny","wystawa"],"articleSection":["2_ostatnie","kultura","tematyka"],"inLanguage":"pl-PL","potentialAction":[{"@type":"CommentAction","name":"Comment","target":["https:\/\/www.mojabochnia.pl\/?p=91255#respond"]}]},{"@type":"WebPage","@id":"https:\/\/www.mojabochnia.pl\/?p=91255","url":"https:\/\/www.mojabochnia.pl\/?p=91255","name":"Galeria Bezdomna w Bochni - mojabochnia.pl - portal informacyjny","isPartOf":{"@id":"https:\/\/www.mojabochnia.pl\/#website"},"datePublished":"2013-06-03T08:43:48+00:00","breadcrumb":{"@id":"https:\/\/www.mojabochnia.pl\/?p=91255#breadcrumb"},"inLanguage":"pl-PL","potentialAction":[{"@type":"ReadAction","target":["https:\/\/www.mojabochnia.pl\/?p=91255"]}]},{"@type":"BreadcrumbList","@id":"https:\/\/www.mojabochnia.pl\/?p=91255#breadcrumb","itemListElement":[{"@type":"ListItem","position":1,"name":"Home","item":"https:\/\/www.mojabochnia.pl\/"},{"@type":"ListItem","position":2,"name":"Galeria Bezdomna w Bochni"}]},{"@type":"WebSite","@id":"https:\/\/www.mojabochnia.pl\/#website","url":"https:\/\/www.mojabochnia.pl\/","name":"mojabochnia.pl - portal informacyjny","description":"mojaBochnia to portal informacyjny o Bochni. Codziennie o Bochni piszemy i pokazujemy najwa\u017cniejsze wydarzenia","publisher":{"@id":"https:\/\/www.mojabochnia.pl\/#organization"},"potentialAction":[{"@type":"SearchAction","target":{"@type":"EntryPoint","urlTemplate":"https:\/\/www.mojabochnia.pl\/?s={search_term_string}"},"query-input":{"@type":"PropertyValueSpecification","valueRequired":true,"valueName":"search_term_string"}}],"inLanguage":"pl-PL"},{"@type":"Organization","@id":"https:\/\/www.mojabochnia.pl\/#organization","name":"mojabochnia.pl - portal informacyjny","url":"https:\/\/www.mojabochnia.pl\/","logo":{"@type":"ImageObject","inLanguage":"pl-PL","@id":"https:\/\/www.mojabochnia.pl\/#\/schema\/logo\/image\/","url":"https:\/\/www.mojabochnia.pl\/wp-content\/uploads\/2017\/08\/logo-mb-opt.png","contentUrl":"https:\/\/www.mojabochnia.pl\/wp-content\/uploads\/2017\/08\/logo-mb-opt.png","width":250,"height":48,"caption":"mojabochnia.pl - portal informacyjny"},"image":{"@id":"https:\/\/www.mojabochnia.pl\/#\/schema\/logo\/image\/"},"sameAs":["https:\/\/www.facebook.com\/mojabochnia"]},{"@type":"Person","@id":"https:\/\/www.mojabochnia.pl\/#\/schema\/person\/9e15cf1bcb74043790f124a3130fe41e","name":"informacja prasowa","sameAs":["http:\/\/"],"url":"https:\/\/www.mojabochnia.pl\/?author=8"}]}},"_links":{"self":[{"href":"https:\/\/www.mojabochnia.pl\/index.php?rest_route=\/wp\/v2\/posts\/91255","targetHints":{"allow":["GET"]}}],"collection":[{"href":"https:\/\/www.mojabochnia.pl\/index.php?rest_route=\/wp\/v2\/posts"}],"about":[{"href":"https:\/\/www.mojabochnia.pl\/index.php?rest_route=\/wp\/v2\/types\/post"}],"author":[{"embeddable":true,"href":"https:\/\/www.mojabochnia.pl\/index.php?rest_route=\/wp\/v2\/users\/8"}],"replies":[{"embeddable":true,"href":"https:\/\/www.mojabochnia.pl\/index.php?rest_route=%2Fwp%2Fv2%2Fcomments&post=91255"}],"version-history":[{"count":4,"href":"https:\/\/www.mojabochnia.pl\/index.php?rest_route=\/wp\/v2\/posts\/91255\/revisions"}],"predecessor-version":[{"id":91260,"href":"https:\/\/www.mojabochnia.pl\/index.php?rest_route=\/wp\/v2\/posts\/91255\/revisions\/91260"}],"wp:attachment":[{"href":"https:\/\/www.mojabochnia.pl\/index.php?rest_route=%2Fwp%2Fv2%2Fmedia&parent=91255"}],"wp:term":[{"taxonomy":"category","embeddable":true,"href":"https:\/\/www.mojabochnia.pl\/index.php?rest_route=%2Fwp%2Fv2%2Fcategories&post=91255"},{"taxonomy":"post_tag","embeddable":true,"href":"https:\/\/www.mojabochnia.pl\/index.php?rest_route=%2Fwp%2Fv2%2Ftags&post=91255"}],"curies":[{"name":"wp","href":"https:\/\/api.w.org\/{rel}","templated":true}]}}