{"id":9023,"date":"2009-05-13T15:22:49","date_gmt":"2009-05-13T13:22:49","guid":{"rendered":"http:\/\/www.mojabochnia.pl\/?p=9023"},"modified":"2011-07-26T10:29:59","modified_gmt":"2011-07-26T08:29:59","slug":"ponad-piecdziesiat-3-latkow-nie-przyjeto-do-przedszkola","status":"publish","type":"post","link":"https:\/\/www.mojabochnia.pl\/?p=9023","title":{"rendered":"Oko\u0142o 130 dzieci w Bochni bez przedszkola?"},"content":{"rendered":"<p>&#8211; <em>Pow\u00f3d jest prosty. Zdarzaj\u0105 si\u0119 wypadki, \u017ce w pierwszej rekrutacji zosta\u0142y przyj\u0119te do przedszkola dzieci, kt\u00f3re nie mieszkaj\u0105 na terenie miasta. Musimy wi\u0119c sprawdzi\u0107 wszystkie karty, poniewa\u017c takich dzieci nie mo\u017cemy przyj\u0105\u0107. Zatem dane, kt\u00f3re obecnie posiadamy s\u0105 niepewne, mog\u0105 si\u0119 zmieni\u0107 i to nawet bardzo<\/em> &#8211; t\u0142umaczy Dorota Palej &#8211; Maliszczak, dyrektor Miejskiego Zespo\u0142u Edukacji w Bochni. &#8211; <em>Dzisiaj mog\u0119 jedynie powiedzie\u0107, \u017ce nie przyj\u0119to 57 dzieci w wieku 3 lat. Wi\u0119cej danych nie mo\u017cemy w tej chwili poda\u0107<\/em> \u2013 dodaje.<\/p>\n<p>Jednak jak dowiedzieli\u015bmy si\u0119 nieoficjalnie ze \u017ar\u00f3de\u0142 zbli\u017conych do Urz\u0119du Miejskiego we wszystkich grupach wiekowych nie zosta\u0142o przyj\u0119tych oko\u0142o 130 przedszkolak\u00f3w.<\/p>\n<p>Spraw\u0119 maj\u0105 wyja\u015bni\u0107 konsultacje dyrektor\u00f3w plac\u00f3wek z rodzicami. &#8211; <em>Dyrektor zwraca si\u0119 do rodzic\u00f3w o uzupe\u0142nienie wszystkich dokument\u00f3w oraz o potwierdzenie miejsca zamieszkania. Musi tak\u017ce da\u0107 im czas na dope\u0142nienie wszystkich formalno\u015bci. Dlatego tak d\u0142ugo to trwa<\/em> \u2013 m\u00f3wi dyrektor Miejskiego Zespo\u0142u Edukacji.<\/p>\n<p>Dodatkowo dzisiaj rozpoczynaj\u0105 si\u0119 w przedszkolach spotkania z rodzicami &#8211; <em>Dyrektorzy miejskich plac\u00f3wek b\u0119d\u0105 namawia\u0107 rodzic\u00f3w, aby zapisali pi\u0119ciolatki do oddzia\u0142\u00f3w przedszkolnych a sze\u015bciolatki do klas I. Tak naprawd\u0119 od tych spotka\u0144 i decyzji rodzic\u00f3w b\u0119d\u0105 zale\u017ca\u0142y ko\u0144cowe wyniki rekrutacji <\/em>\u2013 dodaje Dorota Palej \u2013 Maliszczak. <\/p>\n<p>Spotkania w przedszkolach maja zako\u0144czy\u0107 si\u0119 w przysz\u0142ym tygodniu. &#8211; <em>Ostateczne wyniki b\u0119d\u0105 znane tak naprawd\u0119 na pocz\u0105tku wrze\u015bnia. Radzi\u0142abym rodzicom poczeka\u0107, bo cz\u0119sto zdarza si\u0119, \u017ce na pocz\u0105tku roku szkolnego rodzice rezygnuj\u0105, bo na przyk\u0142ad dziecko choruje lub ma problemy z zadomowieniem si\u0119 w przedszkolu. Wtedy wolne miejsca zajmuj\u0105 dzieci z list rezerwowych<\/em> \u2013 wyja\u015bnia dyrektor Miejskiego Zespo\u0142u Edukacji. <\/p>\n","protected":false},"excerpt":{"rendered":"<p>Kilka dni temu zako\u0144czy\u0142a si\u0119 pierwsza rekrutacja do boche\u0144skich przedszkoli. Do tej pory nie wiadomo dok\u0142adnie ile dzieci zosta\u0142o przyj\u0119tych do boche\u0144skich  przedszkoli. Dlaczego rekrutacja maluch\u00f3w w Solnym Grodzie tak d\u0142ugo trwa?<\/p>\n","protected":false},"author":1,"featured_media":0,"comment_status":"open","ping_status":"closed","sticky":false,"template":"","format":"standard","meta":{"_acf_changed":false,"footnotes":""},"categories":[11],"tags":[660,17203,17326,17396,158,17822,658,1600,883,884,1599,885,17702,1611,17249,967],"class_list":["post-9023","post","type-post","status-publish","format-standard","hentry","category-top-temat","tag-dorota-palej-maliszczak","tag-dyrektor","tag-dzieci","tag-edukacja","tag-kuratorium-oswiaty","tag-przedszkola","tag-przedszkole-nr-1","tag-przedszkole-nr-2","tag-przedszkole-nr-3","tag-przedszkole-nr-4","tag-przedszkole-nr-5","tag-przedszkole-nr-6","tag-rekrutacja","tag-rodzice","tag-szkola","tag-wydzial-edukacji","main_tag-przedszkole"],"acf":[],"yoast_head":"<!-- This site is optimized with the Yoast SEO plugin v26.9 - https:\/\/yoast.com\/product\/yoast-seo-wordpress\/ -->\n<title>Oko\u0142o 130 dzieci w Bochni bez przedszkola? - mojabochnia.pl - portal informacyjny<\/title>\n<meta name=\"robots\" content=\"index, follow, max-snippet:-1, max-image-preview:large, max-video-preview:-1\" \/>\n<link rel=\"canonical\" href=\"https:\/\/www.mojabochnia.pl\/?p=9023\" \/>\n<meta property=\"og:locale\" content=\"pl_PL\" \/>\n<meta property=\"og:type\" content=\"article\" \/>\n<meta property=\"og:title\" content=\"Oko\u0142o 130 dzieci w Bochni bez przedszkola? - mojabochnia.pl - portal informacyjny\" \/>\n<meta property=\"og:description\" content=\"Kilka dni temu zako\u0144czy\u0142a si\u0119 pierwsza rekrutacja do boche\u0144skich przedszkoli. Do tej pory nie wiadomo dok\u0142adnie ile dzieci zosta\u0142o przyj\u0119tych do boche\u0144skich przedszkoli. Dlaczego rekrutacja maluch\u00f3w w Solnym Grodzie tak d\u0142ugo trwa?\" \/>\n<meta property=\"og:url\" content=\"https:\/\/www.mojabochnia.pl\/?p=9023\" \/>\n<meta property=\"og:site_name\" content=\"mojabochnia.pl - portal informacyjny\" \/>\n<meta property=\"article:publisher\" content=\"https:\/\/www.facebook.com\/mojabochnia\" \/>\n<meta property=\"article:published_time\" content=\"2009-05-13T13:22:49+00:00\" \/>\n<meta property=\"article:modified_time\" content=\"2011-07-26T08:29:59+00:00\" \/>\n<meta name=\"author\" content=\"administrator\" \/>\n<meta name=\"twitter:card\" content=\"summary_large_image\" \/>\n<meta name=\"twitter:label1\" content=\"Written by\" \/>\n\t<meta name=\"twitter:data1\" content=\"administrator\" \/>\n\t<meta name=\"twitter:label2\" content=\"Est. reading time\" \/>\n\t<meta name=\"twitter:data2\" content=\"1 minuta\" \/>\n<script type=\"application\/ld+json\" class=\"yoast-schema-graph\">{\"@context\":\"https:\/\/schema.org\",\"@graph\":[{\"@type\":\"Article\",\"@id\":\"https:\/\/www.mojabochnia.pl\/?p=9023#article\",\"isPartOf\":{\"@id\":\"https:\/\/www.mojabochnia.pl\/?p=9023\"},\"author\":{\"name\":\"administrator\",\"@id\":\"https:\/\/www.mojabochnia.pl\/#\/schema\/person\/c00e1f64e6fa0e6de6d410f2c340017f\"},\"headline\":\"Oko\u0142o 130 dzieci w Bochni bez przedszkola?\",\"datePublished\":\"2009-05-13T13:22:49+00:00\",\"dateModified\":\"2011-07-26T08:29:59+00:00\",\"mainEntityOfPage\":{\"@id\":\"https:\/\/www.mojabochnia.pl\/?p=9023\"},\"wordCount\":306,\"commentCount\":10,\"publisher\":{\"@id\":\"https:\/\/www.mojabochnia.pl\/#organization\"},\"keywords\":[\"dorota palej - maliszczak\",\"dyrektor\",\"dzieci\",\"edukacja\",\"kuratorium o\u015bwiaty\",\"przedszkola\",\"przedszkole nr 1\",\"przedszkole nr 2\",\"przedszkole nr 3\",\"przedszkole nr 4\",\"przedszkole nr 5\",\"przedszkole nr 6\",\"rekrutacja\",\"rodzice\",\"szko\u0142a\",\"wydzia\u0142 edukacji\"],\"articleSection\":[\"3_w centrum uwagi\"],\"inLanguage\":\"pl-PL\",\"potentialAction\":[{\"@type\":\"CommentAction\",\"name\":\"Comment\",\"target\":[\"https:\/\/www.mojabochnia.pl\/?p=9023#respond\"]}]},{\"@type\":\"WebPage\",\"@id\":\"https:\/\/www.mojabochnia.pl\/?p=9023\",\"url\":\"https:\/\/www.mojabochnia.pl\/?p=9023\",\"name\":\"Oko\u0142o 130 dzieci w Bochni bez przedszkola? - mojabochnia.pl - portal informacyjny\",\"isPartOf\":{\"@id\":\"https:\/\/www.mojabochnia.pl\/#website\"},\"datePublished\":\"2009-05-13T13:22:49+00:00\",\"dateModified\":\"2011-07-26T08:29:59+00:00\",\"breadcrumb\":{\"@id\":\"https:\/\/www.mojabochnia.pl\/?p=9023#breadcrumb\"},\"inLanguage\":\"pl-PL\",\"potentialAction\":[{\"@type\":\"ReadAction\",\"target\":[\"https:\/\/www.mojabochnia.pl\/?p=9023\"]}]},{\"@type\":\"BreadcrumbList\",\"@id\":\"https:\/\/www.mojabochnia.pl\/?p=9023#breadcrumb\",\"itemListElement\":[{\"@type\":\"ListItem\",\"position\":1,\"name\":\"Home\",\"item\":\"https:\/\/www.mojabochnia.pl\/\"},{\"@type\":\"ListItem\",\"position\":2,\"name\":\"Oko\u0142o 130 dzieci w Bochni bez przedszkola?\"}]},{\"@type\":\"WebSite\",\"@id\":\"https:\/\/www.mojabochnia.pl\/#website\",\"url\":\"https:\/\/www.mojabochnia.pl\/\",\"name\":\"mojabochnia.pl - portal informacyjny\",\"description\":\"mojaBochnia to portal informacyjny o Bochni. Codziennie o Bochni piszemy i pokazujemy najwa\u017cniejsze wydarzenia\",\"publisher\":{\"@id\":\"https:\/\/www.mojabochnia.pl\/#organization\"},\"potentialAction\":[{\"@type\":\"SearchAction\",\"target\":{\"@type\":\"EntryPoint\",\"urlTemplate\":\"https:\/\/www.mojabochnia.pl\/?s={search_term_string}\"},\"query-input\":{\"@type\":\"PropertyValueSpecification\",\"valueRequired\":true,\"valueName\":\"search_term_string\"}}],\"inLanguage\":\"pl-PL\"},{\"@type\":\"Organization\",\"@id\":\"https:\/\/www.mojabochnia.pl\/#organization\",\"name\":\"mojabochnia.pl - portal informacyjny\",\"url\":\"https:\/\/www.mojabochnia.pl\/\",\"logo\":{\"@type\":\"ImageObject\",\"inLanguage\":\"pl-PL\",\"@id\":\"https:\/\/www.mojabochnia.pl\/#\/schema\/logo\/image\/\",\"url\":\"https:\/\/www.mojabochnia.pl\/wp-content\/uploads\/2017\/08\/logo-mb-opt.png\",\"contentUrl\":\"https:\/\/www.mojabochnia.pl\/wp-content\/uploads\/2017\/08\/logo-mb-opt.png\",\"width\":250,\"height\":48,\"caption\":\"mojabochnia.pl - portal informacyjny\"},\"image\":{\"@id\":\"https:\/\/www.mojabochnia.pl\/#\/schema\/logo\/image\/\"},\"sameAs\":[\"https:\/\/www.facebook.com\/mojabochnia\"]},{\"@type\":\"Person\",\"@id\":\"https:\/\/www.mojabochnia.pl\/#\/schema\/person\/c00e1f64e6fa0e6de6d410f2c340017f\",\"name\":\"administrator\",\"url\":\"https:\/\/www.mojabochnia.pl\/?author=1\"}]}<\/script>\n<!-- \/ Yoast SEO plugin. -->","yoast_head_json":{"title":"Oko\u0142o 130 dzieci w Bochni bez przedszkola? - mojabochnia.pl - portal informacyjny","robots":{"index":"index","follow":"follow","max-snippet":"max-snippet:-1","max-image-preview":"max-image-preview:large","max-video-preview":"max-video-preview:-1"},"canonical":"https:\/\/www.mojabochnia.pl\/?p=9023","og_locale":"pl_PL","og_type":"article","og_title":"Oko\u0142o 130 dzieci w Bochni bez przedszkola? - mojabochnia.pl - portal informacyjny","og_description":"Kilka dni temu zako\u0144czy\u0142a si\u0119 pierwsza rekrutacja do boche\u0144skich przedszkoli. Do tej pory nie wiadomo dok\u0142adnie ile dzieci zosta\u0142o przyj\u0119tych do boche\u0144skich przedszkoli. Dlaczego rekrutacja maluch\u00f3w w Solnym Grodzie tak d\u0142ugo trwa?","og_url":"https:\/\/www.mojabochnia.pl\/?p=9023","og_site_name":"mojabochnia.pl - portal informacyjny","article_publisher":"https:\/\/www.facebook.com\/mojabochnia","article_published_time":"2009-05-13T13:22:49+00:00","article_modified_time":"2011-07-26T08:29:59+00:00","author":"administrator","twitter_card":"summary_large_image","twitter_misc":{"Written by":"administrator","Est. reading time":"1 minuta"},"schema":{"@context":"https:\/\/schema.org","@graph":[{"@type":"Article","@id":"https:\/\/www.mojabochnia.pl\/?p=9023#article","isPartOf":{"@id":"https:\/\/www.mojabochnia.pl\/?p=9023"},"author":{"name":"administrator","@id":"https:\/\/www.mojabochnia.pl\/#\/schema\/person\/c00e1f64e6fa0e6de6d410f2c340017f"},"headline":"Oko\u0142o 130 dzieci w Bochni bez przedszkola?","datePublished":"2009-05-13T13:22:49+00:00","dateModified":"2011-07-26T08:29:59+00:00","mainEntityOfPage":{"@id":"https:\/\/www.mojabochnia.pl\/?p=9023"},"wordCount":306,"commentCount":10,"publisher":{"@id":"https:\/\/www.mojabochnia.pl\/#organization"},"keywords":["dorota palej - maliszczak","dyrektor","dzieci","edukacja","kuratorium o\u015bwiaty","przedszkola","przedszkole nr 1","przedszkole nr 2","przedszkole nr 3","przedszkole nr 4","przedszkole nr 5","przedszkole nr 6","rekrutacja","rodzice","szko\u0142a","wydzia\u0142 edukacji"],"articleSection":["3_w centrum uwagi"],"inLanguage":"pl-PL","potentialAction":[{"@type":"CommentAction","name":"Comment","target":["https:\/\/www.mojabochnia.pl\/?p=9023#respond"]}]},{"@type":"WebPage","@id":"https:\/\/www.mojabochnia.pl\/?p=9023","url":"https:\/\/www.mojabochnia.pl\/?p=9023","name":"Oko\u0142o 130 dzieci w Bochni bez przedszkola? - mojabochnia.pl - portal informacyjny","isPartOf":{"@id":"https:\/\/www.mojabochnia.pl\/#website"},"datePublished":"2009-05-13T13:22:49+00:00","dateModified":"2011-07-26T08:29:59+00:00","breadcrumb":{"@id":"https:\/\/www.mojabochnia.pl\/?p=9023#breadcrumb"},"inLanguage":"pl-PL","potentialAction":[{"@type":"ReadAction","target":["https:\/\/www.mojabochnia.pl\/?p=9023"]}]},{"@type":"BreadcrumbList","@id":"https:\/\/www.mojabochnia.pl\/?p=9023#breadcrumb","itemListElement":[{"@type":"ListItem","position":1,"name":"Home","item":"https:\/\/www.mojabochnia.pl\/"},{"@type":"ListItem","position":2,"name":"Oko\u0142o 130 dzieci w Bochni bez przedszkola?"}]},{"@type":"WebSite","@id":"https:\/\/www.mojabochnia.pl\/#website","url":"https:\/\/www.mojabochnia.pl\/","name":"mojabochnia.pl - portal informacyjny","description":"mojaBochnia to portal informacyjny o Bochni. Codziennie o Bochni piszemy i pokazujemy najwa\u017cniejsze wydarzenia","publisher":{"@id":"https:\/\/www.mojabochnia.pl\/#organization"},"potentialAction":[{"@type":"SearchAction","target":{"@type":"EntryPoint","urlTemplate":"https:\/\/www.mojabochnia.pl\/?s={search_term_string}"},"query-input":{"@type":"PropertyValueSpecification","valueRequired":true,"valueName":"search_term_string"}}],"inLanguage":"pl-PL"},{"@type":"Organization","@id":"https:\/\/www.mojabochnia.pl\/#organization","name":"mojabochnia.pl - portal informacyjny","url":"https:\/\/www.mojabochnia.pl\/","logo":{"@type":"ImageObject","inLanguage":"pl-PL","@id":"https:\/\/www.mojabochnia.pl\/#\/schema\/logo\/image\/","url":"https:\/\/www.mojabochnia.pl\/wp-content\/uploads\/2017\/08\/logo-mb-opt.png","contentUrl":"https:\/\/www.mojabochnia.pl\/wp-content\/uploads\/2017\/08\/logo-mb-opt.png","width":250,"height":48,"caption":"mojabochnia.pl - portal informacyjny"},"image":{"@id":"https:\/\/www.mojabochnia.pl\/#\/schema\/logo\/image\/"},"sameAs":["https:\/\/www.facebook.com\/mojabochnia"]},{"@type":"Person","@id":"https:\/\/www.mojabochnia.pl\/#\/schema\/person\/c00e1f64e6fa0e6de6d410f2c340017f","name":"administrator","url":"https:\/\/www.mojabochnia.pl\/?author=1"}]}},"_links":{"self":[{"href":"https:\/\/www.mojabochnia.pl\/index.php?rest_route=\/wp\/v2\/posts\/9023","targetHints":{"allow":["GET"]}}],"collection":[{"href":"https:\/\/www.mojabochnia.pl\/index.php?rest_route=\/wp\/v2\/posts"}],"about":[{"href":"https:\/\/www.mojabochnia.pl\/index.php?rest_route=\/wp\/v2\/types\/post"}],"author":[{"embeddable":true,"href":"https:\/\/www.mojabochnia.pl\/index.php?rest_route=\/wp\/v2\/users\/1"}],"replies":[{"embeddable":true,"href":"https:\/\/www.mojabochnia.pl\/index.php?rest_route=%2Fwp%2Fv2%2Fcomments&post=9023"}],"version-history":[{"count":2,"href":"https:\/\/www.mojabochnia.pl\/index.php?rest_route=\/wp\/v2\/posts\/9023\/revisions"}],"predecessor-version":[{"id":56038,"href":"https:\/\/www.mojabochnia.pl\/index.php?rest_route=\/wp\/v2\/posts\/9023\/revisions\/56038"}],"wp:attachment":[{"href":"https:\/\/www.mojabochnia.pl\/index.php?rest_route=%2Fwp%2Fv2%2Fmedia&parent=9023"}],"wp:term":[{"taxonomy":"category","embeddable":true,"href":"https:\/\/www.mojabochnia.pl\/index.php?rest_route=%2Fwp%2Fv2%2Fcategories&post=9023"},{"taxonomy":"post_tag","embeddable":true,"href":"https:\/\/www.mojabochnia.pl\/index.php?rest_route=%2Fwp%2Fv2%2Ftags&post=9023"}],"curies":[{"name":"wp","href":"https:\/\/api.w.org\/{rel}","templated":true}]}}