{"id":902,"date":"2008-08-26T08:25:54","date_gmt":"2008-08-26T06:25:54","guid":{"rendered":"http:\/\/beta.mojabochnia.pl\/?p=902"},"modified":"2008-08-26T11:32:22","modified_gmt":"2008-08-26T09:32:22","slug":"dziekczynienie-za-plony","status":"publish","type":"post","link":"https:\/\/www.mojabochnia.pl\/?p=902","title":{"rendered":"Dzi\u0119kczynienie za plony"},"content":{"rendered":"<p>Impreza rozpocznie si\u0119 uroczysta Msz\u0105 \u015awi\u0119t\u0105 Dzi\u0119kczynn\u0105, kt\u00f3ra zostanie odprawiona na B\u0142oniach na Zarabiu o godz.12.30. Po Eucharystii nast\u0105pi oficjalne otwarcie \u015awi\u0119ta Plon\u00f3w i zostanie zaprezentowany obrz\u0119d chleba. <\/p>\n<p>O godz. 15.00 koncertem orkiestry d\u0119tej z Gdowa rozpocznie si\u0119 cze\u015b\u0107 artystyczna. W programie przewidziano m.in. konkurs wiedzy o samorz\u0105dzie, wyst\u0119p zespo\u0142u regionalnego Gdowianie, kt\u00f3ry zaprezentuje obrz\u0119d do\u017cynkowy \u201eU nasygo Jegomo\u015bci\u201d a tak\u017ce koncert zespo\u0142u Hyrni z Nowego Targu oraz turniej rodzinny. <\/p>\n<p>Na godz. 19.30 zaplanowano koncert gwiazd wieczoru a mianowicie Ivana Karaivanova oraz Rumena Michailova. Impreza zako\u0144czy si\u0119 zabawa taneczn\u0105, kt\u00f3ra poprowadzi zesp\u00f3\u0142 VIP. <\/p>\n<p>Dodatkowo przewidziano tak\u017ce wojew\u00f3dzki konkurs wie\u0144ca do\u017cynkowego, konkurs potraw regionalnych, wystaw\u0119 rolnicz\u0105, miasteczko zabaw dla dzieci, konkursy zr\u0119czno\u015bciowe oraz stoiska promocyjne gmin i powiat\u00f3w wojew\u00f3dztwa ma\u0142opolskiego. <\/p>\n<p>Szczeg\u00f3\u0142owy plan imprezy:<br \/>\n12.00 \u2013 formowanie korowodu do\u017cynkowego,<br \/>\n12.30 \u2013 uroczysta Msza \u015awi\u0119ta Dzi\u0119kczynna za plony 2008 r. (B\u0142onia na Zarabiu),<br \/>\n13.30 \u2013 uroczyste otwarcie \u015awi\u0119ta Plon\u00f3w<br \/>\n14.30 \u2013 obrz\u0119d chleba<br \/>\n15.00 \u2013 cz\u0119\u015b\u0107 artystyczna<br \/>\n15.00 \u2013 koncert wiedzy o samorz\u0105dzie<br \/>\n16.00 \u2013 Obrz\u0119d Do\u017cynkowy \u201eU nasygo Jegomo\u015bci\u201d zesp\u00f3\u0142 regionalny Gdowianie wraz z kapela ludow\u0105<br \/>\n16.40 \u2013 zesp\u00f3\u0142 g\u00f3ralski Hyrni z Nowego Targu<br \/>\n17.00 \u2013 turniej rodzinny, wyst\u0119p dzieci\u0119cego zespo\u0142u folklorystycznego Ma\u0142e Wr\u0119czyce<br \/>\n18.00 \u2013 zesp\u00f3\u0142 g\u00f3ralski Hyrni z Nowego Targu<br \/>\n18.30 \u2013 zesp\u00f3\u0142 pie\u015bni i ta\u0144ca Mietniowiacy<br \/>\n19.30 \u2013 koncert gwiazd wieczoru Ivana Karaivanova i Rumena Michalinova<br \/>\n20.30 \u2013 22.00 \u2013 zabawa taneczna z zespo\u0142em VIP<\/p>\n","protected":false},"excerpt":{"rendered":"<p>Zarz\u0105d wojew\u00f3dztwa ma\u0142opolskiego zadecydowa\u0142, \u017ce gospodarzem tegorocznych do\u017cynek wojew\u00f3dzkich b\u0119dzie Gd\u00f3w. Uroczyste \u015awi\u0119to Plon\u00f3w odb\u0119dzie si\u0119 w najbli\u017csz\u0105 niedziel\u0119 31 sierpnia. Gwiazd\u0105 imprezy ma by\u0107 Ivan Karaivanov oraz Rumen Michailov.<\/p>\n","protected":false},"author":1,"featured_media":0,"comment_status":"open","ping_status":"open","sticky":false,"template":"","format":"standard","meta":{"_acf_changed":false,"footnotes":""},"categories":[5],"tags":[],"class_list":["post-902","post","type-post","status-publish","format-standard","hentry","category-biezace-wydarzenia"],"acf":[],"yoast_head":"<!-- This site is optimized with the Yoast SEO plugin v26.9 - https:\/\/yoast.com\/product\/yoast-seo-wordpress\/ -->\n<title>Dzi\u0119kczynienie za plony  - mojabochnia.pl - portal informacyjny<\/title>\n<meta name=\"robots\" content=\"index, follow, max-snippet:-1, max-image-preview:large, max-video-preview:-1\" \/>\n<link rel=\"canonical\" href=\"https:\/\/www.mojabochnia.pl\/?p=902\" \/>\n<meta property=\"og:locale\" content=\"pl_PL\" \/>\n<meta property=\"og:type\" content=\"article\" \/>\n<meta property=\"og:title\" content=\"Dzi\u0119kczynienie za plony  - mojabochnia.pl - portal informacyjny\" \/>\n<meta property=\"og:description\" content=\"Zarz\u0105d wojew\u00f3dztwa ma\u0142opolskiego zadecydowa\u0142, \u017ce gospodarzem tegorocznych do\u017cynek wojew\u00f3dzkich b\u0119dzie Gd\u00f3w. Uroczyste \u015awi\u0119to Plon\u00f3w odb\u0119dzie si\u0119 w najbli\u017csz\u0105 niedziel\u0119 31 sierpnia. Gwiazd\u0105 imprezy ma by\u0107 Ivan Karaivanov oraz Rumen Michailov.\" \/>\n<meta property=\"og:url\" content=\"https:\/\/www.mojabochnia.pl\/?p=902\" \/>\n<meta property=\"og:site_name\" content=\"mojabochnia.pl - portal informacyjny\" \/>\n<meta property=\"article:publisher\" content=\"https:\/\/www.facebook.com\/mojabochnia\" \/>\n<meta property=\"article:published_time\" content=\"2008-08-26T06:25:54+00:00\" \/>\n<meta property=\"article:modified_time\" content=\"2008-08-26T09:32:22+00:00\" \/>\n<meta name=\"author\" content=\"administrator\" \/>\n<meta name=\"twitter:card\" content=\"summary_large_image\" \/>\n<meta name=\"twitter:label1\" content=\"Written by\" \/>\n\t<meta name=\"twitter:data1\" content=\"administrator\" \/>\n\t<meta name=\"twitter:label2\" content=\"Est. reading time\" \/>\n\t<meta name=\"twitter:data2\" content=\"1 minuta\" \/>\n<script type=\"application\/ld+json\" class=\"yoast-schema-graph\">{\"@context\":\"https:\/\/schema.org\",\"@graph\":[{\"@type\":\"Article\",\"@id\":\"https:\/\/www.mojabochnia.pl\/?p=902#article\",\"isPartOf\":{\"@id\":\"https:\/\/www.mojabochnia.pl\/?p=902\"},\"author\":{\"name\":\"administrator\",\"@id\":\"https:\/\/www.mojabochnia.pl\/#\/schema\/person\/c00e1f64e6fa0e6de6d410f2c340017f\"},\"headline\":\"Dzi\u0119kczynienie za plony\",\"datePublished\":\"2008-08-26T06:25:54+00:00\",\"dateModified\":\"2008-08-26T09:32:22+00:00\",\"mainEntityOfPage\":{\"@id\":\"https:\/\/www.mojabochnia.pl\/?p=902\"},\"wordCount\":251,\"commentCount\":1,\"publisher\":{\"@id\":\"https:\/\/www.mojabochnia.pl\/#organization\"},\"articleSection\":[\"2_ostatnie\"],\"inLanguage\":\"pl-PL\",\"potentialAction\":[{\"@type\":\"CommentAction\",\"name\":\"Comment\",\"target\":[\"https:\/\/www.mojabochnia.pl\/?p=902#respond\"]}]},{\"@type\":\"WebPage\",\"@id\":\"https:\/\/www.mojabochnia.pl\/?p=902\",\"url\":\"https:\/\/www.mojabochnia.pl\/?p=902\",\"name\":\"Dzi\u0119kczynienie za plony - mojabochnia.pl - portal informacyjny\",\"isPartOf\":{\"@id\":\"https:\/\/www.mojabochnia.pl\/#website\"},\"datePublished\":\"2008-08-26T06:25:54+00:00\",\"dateModified\":\"2008-08-26T09:32:22+00:00\",\"breadcrumb\":{\"@id\":\"https:\/\/www.mojabochnia.pl\/?p=902#breadcrumb\"},\"inLanguage\":\"pl-PL\",\"potentialAction\":[{\"@type\":\"ReadAction\",\"target\":[\"https:\/\/www.mojabochnia.pl\/?p=902\"]}]},{\"@type\":\"BreadcrumbList\",\"@id\":\"https:\/\/www.mojabochnia.pl\/?p=902#breadcrumb\",\"itemListElement\":[{\"@type\":\"ListItem\",\"position\":1,\"name\":\"Home\",\"item\":\"https:\/\/www.mojabochnia.pl\/\"},{\"@type\":\"ListItem\",\"position\":2,\"name\":\"Dzi\u0119kczynienie za plony\"}]},{\"@type\":\"WebSite\",\"@id\":\"https:\/\/www.mojabochnia.pl\/#website\",\"url\":\"https:\/\/www.mojabochnia.pl\/\",\"name\":\"mojabochnia.pl - portal informacyjny\",\"description\":\"mojaBochnia to portal informacyjny o Bochni. Codziennie o Bochni piszemy i pokazujemy najwa\u017cniejsze wydarzenia\",\"publisher\":{\"@id\":\"https:\/\/www.mojabochnia.pl\/#organization\"},\"potentialAction\":[{\"@type\":\"SearchAction\",\"target\":{\"@type\":\"EntryPoint\",\"urlTemplate\":\"https:\/\/www.mojabochnia.pl\/?s={search_term_string}\"},\"query-input\":{\"@type\":\"PropertyValueSpecification\",\"valueRequired\":true,\"valueName\":\"search_term_string\"}}],\"inLanguage\":\"pl-PL\"},{\"@type\":\"Organization\",\"@id\":\"https:\/\/www.mojabochnia.pl\/#organization\",\"name\":\"mojabochnia.pl - portal informacyjny\",\"url\":\"https:\/\/www.mojabochnia.pl\/\",\"logo\":{\"@type\":\"ImageObject\",\"inLanguage\":\"pl-PL\",\"@id\":\"https:\/\/www.mojabochnia.pl\/#\/schema\/logo\/image\/\",\"url\":\"https:\/\/www.mojabochnia.pl\/wp-content\/uploads\/2017\/08\/logo-mb-opt.png\",\"contentUrl\":\"https:\/\/www.mojabochnia.pl\/wp-content\/uploads\/2017\/08\/logo-mb-opt.png\",\"width\":250,\"height\":48,\"caption\":\"mojabochnia.pl - portal informacyjny\"},\"image\":{\"@id\":\"https:\/\/www.mojabochnia.pl\/#\/schema\/logo\/image\/\"},\"sameAs\":[\"https:\/\/www.facebook.com\/mojabochnia\"]},{\"@type\":\"Person\",\"@id\":\"https:\/\/www.mojabochnia.pl\/#\/schema\/person\/c00e1f64e6fa0e6de6d410f2c340017f\",\"name\":\"administrator\",\"url\":\"https:\/\/www.mojabochnia.pl\/?author=1\"}]}<\/script>\n<!-- \/ Yoast SEO plugin. -->","yoast_head_json":{"title":"Dzi\u0119kczynienie za plony  - mojabochnia.pl - portal informacyjny","robots":{"index":"index","follow":"follow","max-snippet":"max-snippet:-1","max-image-preview":"max-image-preview:large","max-video-preview":"max-video-preview:-1"},"canonical":"https:\/\/www.mojabochnia.pl\/?p=902","og_locale":"pl_PL","og_type":"article","og_title":"Dzi\u0119kczynienie za plony  - mojabochnia.pl - portal informacyjny","og_description":"Zarz\u0105d wojew\u00f3dztwa ma\u0142opolskiego zadecydowa\u0142, \u017ce gospodarzem tegorocznych do\u017cynek wojew\u00f3dzkich b\u0119dzie Gd\u00f3w. Uroczyste \u015awi\u0119to Plon\u00f3w odb\u0119dzie si\u0119 w najbli\u017csz\u0105 niedziel\u0119 31 sierpnia. Gwiazd\u0105 imprezy ma by\u0107 Ivan Karaivanov oraz Rumen Michailov.","og_url":"https:\/\/www.mojabochnia.pl\/?p=902","og_site_name":"mojabochnia.pl - portal informacyjny","article_publisher":"https:\/\/www.facebook.com\/mojabochnia","article_published_time":"2008-08-26T06:25:54+00:00","article_modified_time":"2008-08-26T09:32:22+00:00","author":"administrator","twitter_card":"summary_large_image","twitter_misc":{"Written by":"administrator","Est. reading time":"1 minuta"},"schema":{"@context":"https:\/\/schema.org","@graph":[{"@type":"Article","@id":"https:\/\/www.mojabochnia.pl\/?p=902#article","isPartOf":{"@id":"https:\/\/www.mojabochnia.pl\/?p=902"},"author":{"name":"administrator","@id":"https:\/\/www.mojabochnia.pl\/#\/schema\/person\/c00e1f64e6fa0e6de6d410f2c340017f"},"headline":"Dzi\u0119kczynienie za plony","datePublished":"2008-08-26T06:25:54+00:00","dateModified":"2008-08-26T09:32:22+00:00","mainEntityOfPage":{"@id":"https:\/\/www.mojabochnia.pl\/?p=902"},"wordCount":251,"commentCount":1,"publisher":{"@id":"https:\/\/www.mojabochnia.pl\/#organization"},"articleSection":["2_ostatnie"],"inLanguage":"pl-PL","potentialAction":[{"@type":"CommentAction","name":"Comment","target":["https:\/\/www.mojabochnia.pl\/?p=902#respond"]}]},{"@type":"WebPage","@id":"https:\/\/www.mojabochnia.pl\/?p=902","url":"https:\/\/www.mojabochnia.pl\/?p=902","name":"Dzi\u0119kczynienie za plony - mojabochnia.pl - portal informacyjny","isPartOf":{"@id":"https:\/\/www.mojabochnia.pl\/#website"},"datePublished":"2008-08-26T06:25:54+00:00","dateModified":"2008-08-26T09:32:22+00:00","breadcrumb":{"@id":"https:\/\/www.mojabochnia.pl\/?p=902#breadcrumb"},"inLanguage":"pl-PL","potentialAction":[{"@type":"ReadAction","target":["https:\/\/www.mojabochnia.pl\/?p=902"]}]},{"@type":"BreadcrumbList","@id":"https:\/\/www.mojabochnia.pl\/?p=902#breadcrumb","itemListElement":[{"@type":"ListItem","position":1,"name":"Home","item":"https:\/\/www.mojabochnia.pl\/"},{"@type":"ListItem","position":2,"name":"Dzi\u0119kczynienie za plony"}]},{"@type":"WebSite","@id":"https:\/\/www.mojabochnia.pl\/#website","url":"https:\/\/www.mojabochnia.pl\/","name":"mojabochnia.pl - portal informacyjny","description":"mojaBochnia to portal informacyjny o Bochni. Codziennie o Bochni piszemy i pokazujemy najwa\u017cniejsze wydarzenia","publisher":{"@id":"https:\/\/www.mojabochnia.pl\/#organization"},"potentialAction":[{"@type":"SearchAction","target":{"@type":"EntryPoint","urlTemplate":"https:\/\/www.mojabochnia.pl\/?s={search_term_string}"},"query-input":{"@type":"PropertyValueSpecification","valueRequired":true,"valueName":"search_term_string"}}],"inLanguage":"pl-PL"},{"@type":"Organization","@id":"https:\/\/www.mojabochnia.pl\/#organization","name":"mojabochnia.pl - portal informacyjny","url":"https:\/\/www.mojabochnia.pl\/","logo":{"@type":"ImageObject","inLanguage":"pl-PL","@id":"https:\/\/www.mojabochnia.pl\/#\/schema\/logo\/image\/","url":"https:\/\/www.mojabochnia.pl\/wp-content\/uploads\/2017\/08\/logo-mb-opt.png","contentUrl":"https:\/\/www.mojabochnia.pl\/wp-content\/uploads\/2017\/08\/logo-mb-opt.png","width":250,"height":48,"caption":"mojabochnia.pl - portal informacyjny"},"image":{"@id":"https:\/\/www.mojabochnia.pl\/#\/schema\/logo\/image\/"},"sameAs":["https:\/\/www.facebook.com\/mojabochnia"]},{"@type":"Person","@id":"https:\/\/www.mojabochnia.pl\/#\/schema\/person\/c00e1f64e6fa0e6de6d410f2c340017f","name":"administrator","url":"https:\/\/www.mojabochnia.pl\/?author=1"}]}},"_links":{"self":[{"href":"https:\/\/www.mojabochnia.pl\/index.php?rest_route=\/wp\/v2\/posts\/902","targetHints":{"allow":["GET"]}}],"collection":[{"href":"https:\/\/www.mojabochnia.pl\/index.php?rest_route=\/wp\/v2\/posts"}],"about":[{"href":"https:\/\/www.mojabochnia.pl\/index.php?rest_route=\/wp\/v2\/types\/post"}],"author":[{"embeddable":true,"href":"https:\/\/www.mojabochnia.pl\/index.php?rest_route=\/wp\/v2\/users\/1"}],"replies":[{"embeddable":true,"href":"https:\/\/www.mojabochnia.pl\/index.php?rest_route=%2Fwp%2Fv2%2Fcomments&post=902"}],"version-history":[{"count":0,"href":"https:\/\/www.mojabochnia.pl\/index.php?rest_route=\/wp\/v2\/posts\/902\/revisions"}],"wp:attachment":[{"href":"https:\/\/www.mojabochnia.pl\/index.php?rest_route=%2Fwp%2Fv2%2Fmedia&parent=902"}],"wp:term":[{"taxonomy":"category","embeddable":true,"href":"https:\/\/www.mojabochnia.pl\/index.php?rest_route=%2Fwp%2Fv2%2Fcategories&post=902"},{"taxonomy":"post_tag","embeddable":true,"href":"https:\/\/www.mojabochnia.pl\/index.php?rest_route=%2Fwp%2Fv2%2Ftags&post=902"}],"curies":[{"name":"wp","href":"https:\/\/api.w.org\/{rel}","templated":true}]}}