{"id":90185,"date":"2013-05-19T07:53:05","date_gmt":"2013-05-19T05:53:05","guid":{"rendered":"http:\/\/www.mojabochnia.pl\/?p=90185"},"modified":"2013-05-17T22:03:37","modified_gmt":"2013-05-17T20:03:37","slug":"refleksje-na-niedziele-cztery-kroki","status":"publish","type":"post","link":"https:\/\/www.mojabochnia.pl\/?p=90185","title":{"rendered":"Refleksje na niedziel\u0119: Cztery kroki"},"content":{"rendered":"<p>B\u00f3g jest mi\u0142o\u015bci\u0105. Mi\u0142o\u015bci\u0105 pe\u0142n\u0105, kt\u00f3ra chce si\u0119 dzieli\u0107. Wyrazem tego by\u0142o mi\u0119dzy innymi stworzenie \u015bwiata i cz\u0142owieka. Cz\u0142owiek, przez Boga, zosta\u0142 stworzony do mi\u0142o\u015bci pe\u0142nej \u2013 prawdziwej, na wz\u00f3r Bo\u017cy. <\/p>\n<p>Ale przez grzech rajski wypaczy\u0142 t\u0119 mi\u0142o\u015b\u0107 w egoizm. Ju\u017c nie dzielenie si\u0119 z innymi a zagarnianie do siebie. To spowodowa\u0142o w cz\u0142owieku p\u0119kni\u0119cie, do g\u0142osu dosz\u0142o po\u017c\u0105danie. Aby zapanowa\u0107 nad po\u017c\u0105daniem Pan B\u00f3g da\u0142 Moj\u017ceszowi Dekalog, kt\u00f3ry dotyka r\u00f3\u017cnych rodzaj\u00f3w po\u017c\u0105dania.<\/p>\n<p>Ostatecznie p\u0119kni\u0119cie zosta\u0142o za\u017cegnane przez M\u0119k\u0119, \u015amier\u0107 i Zmartwychwstanie Pana Jezusa. Dzi\u0119ki najwi\u0119kszemu przyk\u0142adowi mi\u0142o\u015bci ludzie zobaczyli, \u017ce mi\u0142o\u015b\u0107 jest silniejsza od egoizmu. <\/p>\n<p>Ten dar zosta\u0142 ka\u017cdemu cz\u0142owiekowi dany. Ale jak z niego skorzysta\u0107? \u017beby cz\u0142owiek m\u00f3g\u0142 wykorzysta\u0107 ten dar zst\u0105pi\u0142 Duch \u015awi\u0119ty. Dzi\u0119ki Jego mocy danej nam w postaci dar\u00f3w cz\u0142owiek mo\u017ce przemienia\u0107 swoje \u017cycie, a dok\u0142adnie to podda\u0107 si\u0119 przemieniaj\u0105cej mocy. O tym jak wielka to si\u0142a \u015bwiadcz\u0105 teksty czyta\u0144. \u201eUkaza\u0142y si\u0119 im te\u017c j\u0119zyki jakby z ognia, kt\u00f3re si\u0119 rozdzieli\u0142y, i na ka\u017cdym z nich spocz\u0105\u0142 jeden. I wszyscy zostali nape\u0142nieni Duchem \u015awi\u0119tym\u201d, oraz \u201eR\u00f3\u017cne s\u0105 dary \u0142aski, lecz ten sam Duch; r\u00f3\u017cne te\u017c s\u0105 rodzaje pos\u0142ugiwania, ale jeden Pan; r\u00f3\u017cne s\u0105 wreszcie dzia\u0142ania, lecz ten sam B\u00f3g, sprawca wszystkiego we wszystkich. Wszystkim za\u015b objawia si\u0119 Duch dla [wsp\u00f3lnego] dobra\u201d. Ka\u017cdy cz\u0142owiek otrzymuje takie dary jakie s\u0105 mu potrzebne do jak najlepszego rozwoju.<\/p>\n<p>Zanim zst\u0105pi\u0142 Obiecany<br \/>\nJeszcze nie poj\u0119li<br \/>\nZanim zst\u0105pi\u0142 Obiecany<br \/>\nJeszcze my\u015bleli po ludzku<\/p>\n<p>Ogie\u0144 \u2013 \u017ar\u00f3d\u0142o ciep\u0142a<br \/>\nOgie\u0144 \u2013 \u017ar\u00f3d\u0142o mocy<br \/>\nOgie\u0144 \u2013 \u017ar\u00f3d\u0142o oczyszczenia<\/p>\n<p>Jak krzak gorej\u0105cy<br \/>\nKt\u00f3ry p\u0142on\u0105\u0142 \u2013 ale si\u0119 nie spala\u0142\t\t\t\t\t\t\t\t\t      Tak Oni<\/p>\n<p>Musieli p\u0142on\u0105\u0107 \u2013 wypalaj\u0105c ograniczenie<br \/>\nJak krzak gorej\u0105cy<br \/>\nKt\u00f3ry p\u0142on\u0105\u0142  &#8211; ale si\u0119 nie spala\u0142<br \/>\nTak My<br \/>\nMusimy p\u0142on\u0105\u0107 \u2013 wypalaj\u0105c nasze ma\u0142ostkowo\u015bci<\/p>\n<p>I ukaza\u0142y si\u0119 j\u0119zyki jakby z ognia<br \/>\nI na ka\u017cdym spocz\u0105\u0142 jeden<\/p>\n","protected":false},"excerpt":{"rendered":"<p>Dzisiejsze czytania podaj\u0105 ostatni z tytu\u0142owych czterech krok\u00f3w. Jakie etapy rozwa\u017camy? \u2013 Grzech rajski, Dekalog, Zmartwychwstanie i Zes\u0142anie Ducha \u015awi\u0119tego. Tych historii nie mo\u017cna odczytywa\u0107 pojedynczo!  <\/p>\n","protected":false},"author":1165,"featured_media":0,"comment_status":"open","ping_status":"closed","sticky":false,"template":"","format":"standard","meta":{"_acf_changed":false,"footnotes":""},"categories":[5,6250,1342],"tags":[17844,17834,17365,4313],"class_list":["post-90185","post","type-post","status-publish","format-standard","hentry","category-biezace-wydarzenia","category-tematyka","category-zycie-religijne","tag-jezus","tag-refleksje","tag-wiara","tag-zeslanie-ducha-swietego","main_tag-refleksje"],"acf":[],"yoast_head":"<!-- This site is optimized with the Yoast SEO plugin v26.9 - https:\/\/yoast.com\/product\/yoast-seo-wordpress\/ -->\n<title>Refleksje na niedziel\u0119: Cztery kroki - mojabochnia.pl - portal informacyjny<\/title>\n<meta name=\"robots\" content=\"index, follow, max-snippet:-1, max-image-preview:large, max-video-preview:-1\" \/>\n<link rel=\"canonical\" href=\"https:\/\/www.mojabochnia.pl\/?p=90185\" \/>\n<meta property=\"og:locale\" content=\"pl_PL\" \/>\n<meta property=\"og:type\" content=\"article\" \/>\n<meta property=\"og:title\" content=\"Refleksje na niedziel\u0119: Cztery kroki - mojabochnia.pl - portal informacyjny\" \/>\n<meta property=\"og:description\" content=\"Dzisiejsze czytania podaj\u0105 ostatni z tytu\u0142owych czterech krok\u00f3w. Jakie etapy rozwa\u017camy? \u2013 Grzech rajski, Dekalog, Zmartwychwstanie i Zes\u0142anie Ducha \u015awi\u0119tego. Tych historii nie mo\u017cna odczytywa\u0107 pojedynczo!\" \/>\n<meta property=\"og:url\" content=\"https:\/\/www.mojabochnia.pl\/?p=90185\" \/>\n<meta property=\"og:site_name\" content=\"mojabochnia.pl - portal informacyjny\" \/>\n<meta property=\"article:publisher\" content=\"https:\/\/www.facebook.com\/mojabochnia\" \/>\n<meta property=\"article:published_time\" content=\"2013-05-19T05:53:05+00:00\" \/>\n<meta name=\"author\" content=\"Grzegorz P. Bronowski\" \/>\n<meta name=\"twitter:card\" content=\"summary_large_image\" \/>\n<meta name=\"twitter:label1\" content=\"Written by\" \/>\n\t<meta name=\"twitter:data1\" content=\"Grzegorz P. Bronowski\" \/>\n\t<meta name=\"twitter:label2\" content=\"Est. reading time\" \/>\n\t<meta name=\"twitter:data2\" content=\"2 minuty\" \/>\n<script type=\"application\/ld+json\" class=\"yoast-schema-graph\">{\"@context\":\"https:\/\/schema.org\",\"@graph\":[{\"@type\":\"Article\",\"@id\":\"https:\/\/www.mojabochnia.pl\/?p=90185#article\",\"isPartOf\":{\"@id\":\"https:\/\/www.mojabochnia.pl\/?p=90185\"},\"author\":{\"name\":\"Grzegorz P. Bronowski\",\"@id\":\"https:\/\/www.mojabochnia.pl\/#\/schema\/person\/e69284965a8b760e6471c06218b14017\"},\"headline\":\"Refleksje na niedziel\u0119: Cztery kroki\",\"datePublished\":\"2013-05-19T05:53:05+00:00\",\"mainEntityOfPage\":{\"@id\":\"https:\/\/www.mojabochnia.pl\/?p=90185\"},\"wordCount\":386,\"commentCount\":0,\"publisher\":{\"@id\":\"https:\/\/www.mojabochnia.pl\/#organization\"},\"keywords\":[\"jezus\",\"refleksje\",\"wiara\",\"zes\u0142anie Ducha \u015awi\u0119tego\"],\"articleSection\":[\"2_ostatnie\",\"tematyka\",\"\u017bycie religijne\"],\"inLanguage\":\"pl-PL\",\"potentialAction\":[{\"@type\":\"CommentAction\",\"name\":\"Comment\",\"target\":[\"https:\/\/www.mojabochnia.pl\/?p=90185#respond\"]}]},{\"@type\":\"WebPage\",\"@id\":\"https:\/\/www.mojabochnia.pl\/?p=90185\",\"url\":\"https:\/\/www.mojabochnia.pl\/?p=90185\",\"name\":\"Refleksje na niedziel\u0119: Cztery kroki - mojabochnia.pl - portal informacyjny\",\"isPartOf\":{\"@id\":\"https:\/\/www.mojabochnia.pl\/#website\"},\"datePublished\":\"2013-05-19T05:53:05+00:00\",\"breadcrumb\":{\"@id\":\"https:\/\/www.mojabochnia.pl\/?p=90185#breadcrumb\"},\"inLanguage\":\"pl-PL\",\"potentialAction\":[{\"@type\":\"ReadAction\",\"target\":[\"https:\/\/www.mojabochnia.pl\/?p=90185\"]}]},{\"@type\":\"BreadcrumbList\",\"@id\":\"https:\/\/www.mojabochnia.pl\/?p=90185#breadcrumb\",\"itemListElement\":[{\"@type\":\"ListItem\",\"position\":1,\"name\":\"Home\",\"item\":\"https:\/\/www.mojabochnia.pl\/\"},{\"@type\":\"ListItem\",\"position\":2,\"name\":\"Refleksje na niedziel\u0119: Cztery kroki\"}]},{\"@type\":\"WebSite\",\"@id\":\"https:\/\/www.mojabochnia.pl\/#website\",\"url\":\"https:\/\/www.mojabochnia.pl\/\",\"name\":\"mojabochnia.pl - portal informacyjny\",\"description\":\"mojaBochnia to portal informacyjny o Bochni. Codziennie o Bochni piszemy i pokazujemy najwa\u017cniejsze wydarzenia\",\"publisher\":{\"@id\":\"https:\/\/www.mojabochnia.pl\/#organization\"},\"potentialAction\":[{\"@type\":\"SearchAction\",\"target\":{\"@type\":\"EntryPoint\",\"urlTemplate\":\"https:\/\/www.mojabochnia.pl\/?s={search_term_string}\"},\"query-input\":{\"@type\":\"PropertyValueSpecification\",\"valueRequired\":true,\"valueName\":\"search_term_string\"}}],\"inLanguage\":\"pl-PL\"},{\"@type\":\"Organization\",\"@id\":\"https:\/\/www.mojabochnia.pl\/#organization\",\"name\":\"mojabochnia.pl - portal informacyjny\",\"url\":\"https:\/\/www.mojabochnia.pl\/\",\"logo\":{\"@type\":\"ImageObject\",\"inLanguage\":\"pl-PL\",\"@id\":\"https:\/\/www.mojabochnia.pl\/#\/schema\/logo\/image\/\",\"url\":\"https:\/\/www.mojabochnia.pl\/wp-content\/uploads\/2017\/08\/logo-mb-opt.png\",\"contentUrl\":\"https:\/\/www.mojabochnia.pl\/wp-content\/uploads\/2017\/08\/logo-mb-opt.png\",\"width\":250,\"height\":48,\"caption\":\"mojabochnia.pl - portal informacyjny\"},\"image\":{\"@id\":\"https:\/\/www.mojabochnia.pl\/#\/schema\/logo\/image\/\"},\"sameAs\":[\"https:\/\/www.facebook.com\/mojabochnia\"]},{\"@type\":\"Person\",\"@id\":\"https:\/\/www.mojabochnia.pl\/#\/schema\/person\/e69284965a8b760e6471c06218b14017\",\"name\":\"Grzegorz P. Bronowski\",\"url\":\"https:\/\/www.mojabochnia.pl\/?author=1165\"}]}<\/script>\n<!-- \/ Yoast SEO plugin. -->","yoast_head_json":{"title":"Refleksje na niedziel\u0119: Cztery kroki - mojabochnia.pl - portal informacyjny","robots":{"index":"index","follow":"follow","max-snippet":"max-snippet:-1","max-image-preview":"max-image-preview:large","max-video-preview":"max-video-preview:-1"},"canonical":"https:\/\/www.mojabochnia.pl\/?p=90185","og_locale":"pl_PL","og_type":"article","og_title":"Refleksje na niedziel\u0119: Cztery kroki - mojabochnia.pl - portal informacyjny","og_description":"Dzisiejsze czytania podaj\u0105 ostatni z tytu\u0142owych czterech krok\u00f3w. Jakie etapy rozwa\u017camy? \u2013 Grzech rajski, Dekalog, Zmartwychwstanie i Zes\u0142anie Ducha \u015awi\u0119tego. Tych historii nie mo\u017cna odczytywa\u0107 pojedynczo!","og_url":"https:\/\/www.mojabochnia.pl\/?p=90185","og_site_name":"mojabochnia.pl - portal informacyjny","article_publisher":"https:\/\/www.facebook.com\/mojabochnia","article_published_time":"2013-05-19T05:53:05+00:00","author":"Grzegorz P. Bronowski","twitter_card":"summary_large_image","twitter_misc":{"Written by":"Grzegorz P. Bronowski","Est. reading time":"2 minuty"},"schema":{"@context":"https:\/\/schema.org","@graph":[{"@type":"Article","@id":"https:\/\/www.mojabochnia.pl\/?p=90185#article","isPartOf":{"@id":"https:\/\/www.mojabochnia.pl\/?p=90185"},"author":{"name":"Grzegorz P. Bronowski","@id":"https:\/\/www.mojabochnia.pl\/#\/schema\/person\/e69284965a8b760e6471c06218b14017"},"headline":"Refleksje na niedziel\u0119: Cztery kroki","datePublished":"2013-05-19T05:53:05+00:00","mainEntityOfPage":{"@id":"https:\/\/www.mojabochnia.pl\/?p=90185"},"wordCount":386,"commentCount":0,"publisher":{"@id":"https:\/\/www.mojabochnia.pl\/#organization"},"keywords":["jezus","refleksje","wiara","zes\u0142anie Ducha \u015awi\u0119tego"],"articleSection":["2_ostatnie","tematyka","\u017bycie religijne"],"inLanguage":"pl-PL","potentialAction":[{"@type":"CommentAction","name":"Comment","target":["https:\/\/www.mojabochnia.pl\/?p=90185#respond"]}]},{"@type":"WebPage","@id":"https:\/\/www.mojabochnia.pl\/?p=90185","url":"https:\/\/www.mojabochnia.pl\/?p=90185","name":"Refleksje na niedziel\u0119: Cztery kroki - mojabochnia.pl - portal informacyjny","isPartOf":{"@id":"https:\/\/www.mojabochnia.pl\/#website"},"datePublished":"2013-05-19T05:53:05+00:00","breadcrumb":{"@id":"https:\/\/www.mojabochnia.pl\/?p=90185#breadcrumb"},"inLanguage":"pl-PL","potentialAction":[{"@type":"ReadAction","target":["https:\/\/www.mojabochnia.pl\/?p=90185"]}]},{"@type":"BreadcrumbList","@id":"https:\/\/www.mojabochnia.pl\/?p=90185#breadcrumb","itemListElement":[{"@type":"ListItem","position":1,"name":"Home","item":"https:\/\/www.mojabochnia.pl\/"},{"@type":"ListItem","position":2,"name":"Refleksje na niedziel\u0119: Cztery kroki"}]},{"@type":"WebSite","@id":"https:\/\/www.mojabochnia.pl\/#website","url":"https:\/\/www.mojabochnia.pl\/","name":"mojabochnia.pl - portal informacyjny","description":"mojaBochnia to portal informacyjny o Bochni. Codziennie o Bochni piszemy i pokazujemy najwa\u017cniejsze wydarzenia","publisher":{"@id":"https:\/\/www.mojabochnia.pl\/#organization"},"potentialAction":[{"@type":"SearchAction","target":{"@type":"EntryPoint","urlTemplate":"https:\/\/www.mojabochnia.pl\/?s={search_term_string}"},"query-input":{"@type":"PropertyValueSpecification","valueRequired":true,"valueName":"search_term_string"}}],"inLanguage":"pl-PL"},{"@type":"Organization","@id":"https:\/\/www.mojabochnia.pl\/#organization","name":"mojabochnia.pl - portal informacyjny","url":"https:\/\/www.mojabochnia.pl\/","logo":{"@type":"ImageObject","inLanguage":"pl-PL","@id":"https:\/\/www.mojabochnia.pl\/#\/schema\/logo\/image\/","url":"https:\/\/www.mojabochnia.pl\/wp-content\/uploads\/2017\/08\/logo-mb-opt.png","contentUrl":"https:\/\/www.mojabochnia.pl\/wp-content\/uploads\/2017\/08\/logo-mb-opt.png","width":250,"height":48,"caption":"mojabochnia.pl - portal informacyjny"},"image":{"@id":"https:\/\/www.mojabochnia.pl\/#\/schema\/logo\/image\/"},"sameAs":["https:\/\/www.facebook.com\/mojabochnia"]},{"@type":"Person","@id":"https:\/\/www.mojabochnia.pl\/#\/schema\/person\/e69284965a8b760e6471c06218b14017","name":"Grzegorz P. Bronowski","url":"https:\/\/www.mojabochnia.pl\/?author=1165"}]}},"_links":{"self":[{"href":"https:\/\/www.mojabochnia.pl\/index.php?rest_route=\/wp\/v2\/posts\/90185","targetHints":{"allow":["GET"]}}],"collection":[{"href":"https:\/\/www.mojabochnia.pl\/index.php?rest_route=\/wp\/v2\/posts"}],"about":[{"href":"https:\/\/www.mojabochnia.pl\/index.php?rest_route=\/wp\/v2\/types\/post"}],"author":[{"embeddable":true,"href":"https:\/\/www.mojabochnia.pl\/index.php?rest_route=\/wp\/v2\/users\/1165"}],"replies":[{"embeddable":true,"href":"https:\/\/www.mojabochnia.pl\/index.php?rest_route=%2Fwp%2Fv2%2Fcomments&post=90185"}],"version-history":[{"count":6,"href":"https:\/\/www.mojabochnia.pl\/index.php?rest_route=\/wp\/v2\/posts\/90185\/revisions"}],"predecessor-version":[{"id":90191,"href":"https:\/\/www.mojabochnia.pl\/index.php?rest_route=\/wp\/v2\/posts\/90185\/revisions\/90191"}],"wp:attachment":[{"href":"https:\/\/www.mojabochnia.pl\/index.php?rest_route=%2Fwp%2Fv2%2Fmedia&parent=90185"}],"wp:term":[{"taxonomy":"category","embeddable":true,"href":"https:\/\/www.mojabochnia.pl\/index.php?rest_route=%2Fwp%2Fv2%2Fcategories&post=90185"},{"taxonomy":"post_tag","embeddable":true,"href":"https:\/\/www.mojabochnia.pl\/index.php?rest_route=%2Fwp%2Fv2%2Ftags&post=90185"}],"curies":[{"name":"wp","href":"https:\/\/api.w.org\/{rel}","templated":true}]}}