{"id":89592,"date":"2013-05-05T07:12:48","date_gmt":"2013-05-05T05:12:48","guid":{"rendered":"http:\/\/www.mojabochnia.pl\/?p=89592"},"modified":"2013-05-03T13:14:42","modified_gmt":"2013-05-03T11:14:42","slug":"refleksje-na-niedziele-zapomniana-osoba-trojcy-swietej","status":"publish","type":"post","link":"https:\/\/www.mojabochnia.pl\/?p=89592","title":{"rendered":"Refleksje na niedziel\u0119: Zapomniana Osoba Tr\u00f3jcy \u015awi\u0119tej"},"content":{"rendered":"<p>Niedzielne czytania przypominaj\u0105 nam Trzeci\u0105 Osob\u0119, co wi\u0119cej ods\u0142aniaj\u0105 troch\u0119 z Tajemnicy dzia\u0142ania.<\/p>\n<p>W pierwszym czytaniu s\u0142yszymy \u201epostanowili\u015bmy bowiem Duch \u015awi\u0119ty i my\u2026\u201d &#8211; Aposto\u0142 wypowiada te s\u0142owa kiedy relacjonuje ustalenia tzw. Soboru Jerozolimskiego. Dzi\u0119ki dzia\u0142aniu Ducha \u015awi\u0119tego aposto\u0142owie zebrani na Soborze potrafili wnikn\u0105\u0107 w istot\u0119 Tory. Potrafili odczyta\u0107 Bo\u017c\u0105 wol\u0119. W momencie, kiedy opr\u00f3cz \u017byd\u00f3w do Ko\u015bcio\u0142a zacz\u0119\u0142o nale\u017ce\u0107 coraz wi\u0119cej pogan, Aposto\u0142owie stan\u0119li przed nie lada wyzwaniem \u2013 obowi\u0105zywalno\u015bci wszystkich przepis\u00f3w Prawa. Oni \u017cyli w zgodzie z nimi \u2013 ale czy chrze\u015bcijanie poga\u0144skiego pochodzenia te\u017c maj\u0105 wszystkiego przestrzega\u0107? I znale\u017ali odpowied\u017a &#8211; \u201enie nak\u0142ada\u0107 nic poza to co konieczne\u201d. Duch \u015awi\u0119ty jest bowiem t\u0105 Osob\u0105, kt\u00f3ra pozwala Ko\u015bcio\u0142owi prawid\u0142owo interpretowa\u0107 Pismo \u015awi\u0119te. Czuwa ON by Ko\u015bci\u00f3\u0142 by\u0142 wierny nauczaniu Chrystusa.<\/p>\n<p>\u201eA Pocieszyciel, Duch \u015awi\u0119ty, kt\u00f3rego Ojciec po\u015ble w moim imieniu, On was wszystkiego nauczy i przypomni  wam wszystko co wam powiedzia\u0142em\u201d. W oryginalnym tek\u015bcie mamy u\u017cyte s\u0142owo Parakletos, kt\u00f3re mo\u017cemy t\u0142umaczy\u0107 obro\u0144ca, adwokat, wspomo\u017cyciel, or\u0119downik, pocieszyciel. Tytu\u0142 ten chyba najlepiej oddaje JEGO dzia\u0142anie w naszym \u017cyciu. Wstawia si\u0119 za nami, jest sprawc\u0105 wszelkich naszych dobrych my\u015bli, popycha nas do dobrego.<\/p>\n<p>Apokalipsa ukazuje nam Miasto Nowe \u2013 Jeruzalem niebieskie. W nim nie ma \u015bwi\u0105tyni. Jeruzalem nowe jest obrazem Ko\u015bcio\u0142a. Nie b\u0119dzie budynk\u00f3w na \u015bwi\u0105tynie. Dlaczego? \u2013 bo Duch \u015awi\u0119ty czyni z ka\u017cdego wierz\u0105cego \u015bwi\u0105tynie Boga. \u201eCia\u0142o wasze jest \u015bwi\u0105tyni\u0105 Ducha \u015awi\u0119tego\u201d. Dzi\u0119ki sakramentom i udzielanej w nich \u0142asce, kt\u00f3ra jest darem Ducha \u015awi\u0119tego dokonuje w nas wierz\u0105cych przemiana, u\u015bwi\u0119cenie, jak ucz\u0105 nas prawos\u0142awni \u2013 przeb\u00f3stwienie. &#8222;B\u00f3g sta\u0142 si\u0119 cz\u0142owiekiem, aby ludzie mogli sta\u0107 si\u0119 bogami&#8221;. <\/p>\n<p>Naprawd\u0119 warto przyjrze\u0107 si\u0119 tej zapomnianej POSTACI. <\/p>\n","protected":false},"excerpt":{"rendered":"<p>Duch \u015awi\u0119ty cz\u0119sto dla nas chrze\u015bcijan jest trudn\u0105 Osob\u0105, bo nie bardzo wiemy co z Nim zrobi\u0107. Jako\u015b wierzymy , \u017ce ON jest \u2013 w ko\u0144cu w niedzielnym Credo i sze\u015bciu prawdach wiary wymieniamy Jego osob\u0119 \u2013 ale co ON dzia\u0142a w naszym \u017cyciu?<\/p>\n","protected":false},"author":1165,"featured_media":0,"comment_status":"open","ping_status":"closed","sticky":false,"template":"","format":"standard","meta":{"_acf_changed":false,"footnotes":""},"categories":[5,6250,1342],"tags":[4314,17834,17934,17365],"class_list":["post-89592","post","type-post","status-publish","format-standard","hentry","category-biezace-wydarzenia","category-tematyka","category-zycie-religijne","tag-duch-swiety","tag-refleksje","tag-refleksje-na-niedziele","tag-wiara","main_tag-refleksje"],"acf":[],"yoast_head":"<!-- This site is optimized with the Yoast SEO plugin v26.9 - https:\/\/yoast.com\/product\/yoast-seo-wordpress\/ -->\n<title>Refleksje na niedziel\u0119: Zapomniana Osoba Tr\u00f3jcy \u015awi\u0119tej - mojabochnia.pl - portal informacyjny<\/title>\n<meta name=\"robots\" content=\"index, follow, max-snippet:-1, max-image-preview:large, max-video-preview:-1\" \/>\n<link rel=\"canonical\" href=\"https:\/\/www.mojabochnia.pl\/?p=89592\" \/>\n<meta property=\"og:locale\" content=\"pl_PL\" \/>\n<meta property=\"og:type\" content=\"article\" \/>\n<meta property=\"og:title\" content=\"Refleksje na niedziel\u0119: Zapomniana Osoba Tr\u00f3jcy \u015awi\u0119tej - mojabochnia.pl - portal informacyjny\" \/>\n<meta property=\"og:description\" content=\"Duch \u015awi\u0119ty cz\u0119sto dla nas chrze\u015bcijan jest trudn\u0105 Osob\u0105, bo nie bardzo wiemy co z Nim zrobi\u0107. Jako\u015b wierzymy , \u017ce ON jest \u2013 w ko\u0144cu w niedzielnym Credo i sze\u015bciu prawdach wiary wymieniamy Jego osob\u0119 \u2013 ale co ON dzia\u0142a w naszym \u017cyciu?\" \/>\n<meta property=\"og:url\" content=\"https:\/\/www.mojabochnia.pl\/?p=89592\" \/>\n<meta property=\"og:site_name\" content=\"mojabochnia.pl - portal informacyjny\" \/>\n<meta property=\"article:publisher\" content=\"https:\/\/www.facebook.com\/mojabochnia\" \/>\n<meta property=\"article:published_time\" content=\"2013-05-05T05:12:48+00:00\" \/>\n<meta name=\"author\" content=\"Grzegorz P. Bronowski\" \/>\n<meta name=\"twitter:card\" content=\"summary_large_image\" \/>\n<meta name=\"twitter:label1\" content=\"Written by\" \/>\n\t<meta name=\"twitter:data1\" content=\"Grzegorz P. Bronowski\" \/>\n\t<meta name=\"twitter:label2\" content=\"Est. reading time\" \/>\n\t<meta name=\"twitter:data2\" content=\"2 minuty\" \/>\n<script type=\"application\/ld+json\" class=\"yoast-schema-graph\">{\"@context\":\"https:\/\/schema.org\",\"@graph\":[{\"@type\":\"Article\",\"@id\":\"https:\/\/www.mojabochnia.pl\/?p=89592#article\",\"isPartOf\":{\"@id\":\"https:\/\/www.mojabochnia.pl\/?p=89592\"},\"author\":{\"name\":\"Grzegorz P. Bronowski\",\"@id\":\"https:\/\/www.mojabochnia.pl\/#\/schema\/person\/e69284965a8b760e6471c06218b14017\"},\"headline\":\"Refleksje na niedziel\u0119: Zapomniana Osoba Tr\u00f3jcy \u015awi\u0119tej\",\"datePublished\":\"2013-05-05T05:12:48+00:00\",\"mainEntityOfPage\":{\"@id\":\"https:\/\/www.mojabochnia.pl\/?p=89592\"},\"wordCount\":339,\"commentCount\":0,\"publisher\":{\"@id\":\"https:\/\/www.mojabochnia.pl\/#organization\"},\"keywords\":[\"Duch \u015awi\u0119ty\",\"refleksje\",\"refleksje na niedziel\u0119\",\"wiara\"],\"articleSection\":[\"2_ostatnie\",\"tematyka\",\"\u017bycie religijne\"],\"inLanguage\":\"pl-PL\",\"potentialAction\":[{\"@type\":\"CommentAction\",\"name\":\"Comment\",\"target\":[\"https:\/\/www.mojabochnia.pl\/?p=89592#respond\"]}]},{\"@type\":\"WebPage\",\"@id\":\"https:\/\/www.mojabochnia.pl\/?p=89592\",\"url\":\"https:\/\/www.mojabochnia.pl\/?p=89592\",\"name\":\"Refleksje na niedziel\u0119: Zapomniana Osoba Tr\u00f3jcy \u015awi\u0119tej - mojabochnia.pl - portal informacyjny\",\"isPartOf\":{\"@id\":\"https:\/\/www.mojabochnia.pl\/#website\"},\"datePublished\":\"2013-05-05T05:12:48+00:00\",\"breadcrumb\":{\"@id\":\"https:\/\/www.mojabochnia.pl\/?p=89592#breadcrumb\"},\"inLanguage\":\"pl-PL\",\"potentialAction\":[{\"@type\":\"ReadAction\",\"target\":[\"https:\/\/www.mojabochnia.pl\/?p=89592\"]}]},{\"@type\":\"BreadcrumbList\",\"@id\":\"https:\/\/www.mojabochnia.pl\/?p=89592#breadcrumb\",\"itemListElement\":[{\"@type\":\"ListItem\",\"position\":1,\"name\":\"Home\",\"item\":\"https:\/\/www.mojabochnia.pl\/\"},{\"@type\":\"ListItem\",\"position\":2,\"name\":\"Refleksje na niedziel\u0119: Zapomniana Osoba Tr\u00f3jcy \u015awi\u0119tej\"}]},{\"@type\":\"WebSite\",\"@id\":\"https:\/\/www.mojabochnia.pl\/#website\",\"url\":\"https:\/\/www.mojabochnia.pl\/\",\"name\":\"mojabochnia.pl - portal informacyjny\",\"description\":\"mojaBochnia to portal informacyjny o Bochni. Codziennie o Bochni piszemy i pokazujemy najwa\u017cniejsze wydarzenia\",\"publisher\":{\"@id\":\"https:\/\/www.mojabochnia.pl\/#organization\"},\"potentialAction\":[{\"@type\":\"SearchAction\",\"target\":{\"@type\":\"EntryPoint\",\"urlTemplate\":\"https:\/\/www.mojabochnia.pl\/?s={search_term_string}\"},\"query-input\":{\"@type\":\"PropertyValueSpecification\",\"valueRequired\":true,\"valueName\":\"search_term_string\"}}],\"inLanguage\":\"pl-PL\"},{\"@type\":\"Organization\",\"@id\":\"https:\/\/www.mojabochnia.pl\/#organization\",\"name\":\"mojabochnia.pl - portal informacyjny\",\"url\":\"https:\/\/www.mojabochnia.pl\/\",\"logo\":{\"@type\":\"ImageObject\",\"inLanguage\":\"pl-PL\",\"@id\":\"https:\/\/www.mojabochnia.pl\/#\/schema\/logo\/image\/\",\"url\":\"https:\/\/www.mojabochnia.pl\/wp-content\/uploads\/2017\/08\/logo-mb-opt.png\",\"contentUrl\":\"https:\/\/www.mojabochnia.pl\/wp-content\/uploads\/2017\/08\/logo-mb-opt.png\",\"width\":250,\"height\":48,\"caption\":\"mojabochnia.pl - portal informacyjny\"},\"image\":{\"@id\":\"https:\/\/www.mojabochnia.pl\/#\/schema\/logo\/image\/\"},\"sameAs\":[\"https:\/\/www.facebook.com\/mojabochnia\"]},{\"@type\":\"Person\",\"@id\":\"https:\/\/www.mojabochnia.pl\/#\/schema\/person\/e69284965a8b760e6471c06218b14017\",\"name\":\"Grzegorz P. Bronowski\",\"url\":\"https:\/\/www.mojabochnia.pl\/?author=1165\"}]}<\/script>\n<!-- \/ Yoast SEO plugin. -->","yoast_head_json":{"title":"Refleksje na niedziel\u0119: Zapomniana Osoba Tr\u00f3jcy \u015awi\u0119tej - mojabochnia.pl - portal informacyjny","robots":{"index":"index","follow":"follow","max-snippet":"max-snippet:-1","max-image-preview":"max-image-preview:large","max-video-preview":"max-video-preview:-1"},"canonical":"https:\/\/www.mojabochnia.pl\/?p=89592","og_locale":"pl_PL","og_type":"article","og_title":"Refleksje na niedziel\u0119: Zapomniana Osoba Tr\u00f3jcy \u015awi\u0119tej - mojabochnia.pl - portal informacyjny","og_description":"Duch \u015awi\u0119ty cz\u0119sto dla nas chrze\u015bcijan jest trudn\u0105 Osob\u0105, bo nie bardzo wiemy co z Nim zrobi\u0107. Jako\u015b wierzymy , \u017ce ON jest \u2013 w ko\u0144cu w niedzielnym Credo i sze\u015bciu prawdach wiary wymieniamy Jego osob\u0119 \u2013 ale co ON dzia\u0142a w naszym \u017cyciu?","og_url":"https:\/\/www.mojabochnia.pl\/?p=89592","og_site_name":"mojabochnia.pl - portal informacyjny","article_publisher":"https:\/\/www.facebook.com\/mojabochnia","article_published_time":"2013-05-05T05:12:48+00:00","author":"Grzegorz P. Bronowski","twitter_card":"summary_large_image","twitter_misc":{"Written by":"Grzegorz P. Bronowski","Est. reading time":"2 minuty"},"schema":{"@context":"https:\/\/schema.org","@graph":[{"@type":"Article","@id":"https:\/\/www.mojabochnia.pl\/?p=89592#article","isPartOf":{"@id":"https:\/\/www.mojabochnia.pl\/?p=89592"},"author":{"name":"Grzegorz P. Bronowski","@id":"https:\/\/www.mojabochnia.pl\/#\/schema\/person\/e69284965a8b760e6471c06218b14017"},"headline":"Refleksje na niedziel\u0119: Zapomniana Osoba Tr\u00f3jcy \u015awi\u0119tej","datePublished":"2013-05-05T05:12:48+00:00","mainEntityOfPage":{"@id":"https:\/\/www.mojabochnia.pl\/?p=89592"},"wordCount":339,"commentCount":0,"publisher":{"@id":"https:\/\/www.mojabochnia.pl\/#organization"},"keywords":["Duch \u015awi\u0119ty","refleksje","refleksje na niedziel\u0119","wiara"],"articleSection":["2_ostatnie","tematyka","\u017bycie religijne"],"inLanguage":"pl-PL","potentialAction":[{"@type":"CommentAction","name":"Comment","target":["https:\/\/www.mojabochnia.pl\/?p=89592#respond"]}]},{"@type":"WebPage","@id":"https:\/\/www.mojabochnia.pl\/?p=89592","url":"https:\/\/www.mojabochnia.pl\/?p=89592","name":"Refleksje na niedziel\u0119: Zapomniana Osoba Tr\u00f3jcy \u015awi\u0119tej - mojabochnia.pl - portal informacyjny","isPartOf":{"@id":"https:\/\/www.mojabochnia.pl\/#website"},"datePublished":"2013-05-05T05:12:48+00:00","breadcrumb":{"@id":"https:\/\/www.mojabochnia.pl\/?p=89592#breadcrumb"},"inLanguage":"pl-PL","potentialAction":[{"@type":"ReadAction","target":["https:\/\/www.mojabochnia.pl\/?p=89592"]}]},{"@type":"BreadcrumbList","@id":"https:\/\/www.mojabochnia.pl\/?p=89592#breadcrumb","itemListElement":[{"@type":"ListItem","position":1,"name":"Home","item":"https:\/\/www.mojabochnia.pl\/"},{"@type":"ListItem","position":2,"name":"Refleksje na niedziel\u0119: Zapomniana Osoba Tr\u00f3jcy \u015awi\u0119tej"}]},{"@type":"WebSite","@id":"https:\/\/www.mojabochnia.pl\/#website","url":"https:\/\/www.mojabochnia.pl\/","name":"mojabochnia.pl - portal informacyjny","description":"mojaBochnia to portal informacyjny o Bochni. Codziennie o Bochni piszemy i pokazujemy najwa\u017cniejsze wydarzenia","publisher":{"@id":"https:\/\/www.mojabochnia.pl\/#organization"},"potentialAction":[{"@type":"SearchAction","target":{"@type":"EntryPoint","urlTemplate":"https:\/\/www.mojabochnia.pl\/?s={search_term_string}"},"query-input":{"@type":"PropertyValueSpecification","valueRequired":true,"valueName":"search_term_string"}}],"inLanguage":"pl-PL"},{"@type":"Organization","@id":"https:\/\/www.mojabochnia.pl\/#organization","name":"mojabochnia.pl - portal informacyjny","url":"https:\/\/www.mojabochnia.pl\/","logo":{"@type":"ImageObject","inLanguage":"pl-PL","@id":"https:\/\/www.mojabochnia.pl\/#\/schema\/logo\/image\/","url":"https:\/\/www.mojabochnia.pl\/wp-content\/uploads\/2017\/08\/logo-mb-opt.png","contentUrl":"https:\/\/www.mojabochnia.pl\/wp-content\/uploads\/2017\/08\/logo-mb-opt.png","width":250,"height":48,"caption":"mojabochnia.pl - portal informacyjny"},"image":{"@id":"https:\/\/www.mojabochnia.pl\/#\/schema\/logo\/image\/"},"sameAs":["https:\/\/www.facebook.com\/mojabochnia"]},{"@type":"Person","@id":"https:\/\/www.mojabochnia.pl\/#\/schema\/person\/e69284965a8b760e6471c06218b14017","name":"Grzegorz P. Bronowski","url":"https:\/\/www.mojabochnia.pl\/?author=1165"}]}},"_links":{"self":[{"href":"https:\/\/www.mojabochnia.pl\/index.php?rest_route=\/wp\/v2\/posts\/89592","targetHints":{"allow":["GET"]}}],"collection":[{"href":"https:\/\/www.mojabochnia.pl\/index.php?rest_route=\/wp\/v2\/posts"}],"about":[{"href":"https:\/\/www.mojabochnia.pl\/index.php?rest_route=\/wp\/v2\/types\/post"}],"author":[{"embeddable":true,"href":"https:\/\/www.mojabochnia.pl\/index.php?rest_route=\/wp\/v2\/users\/1165"}],"replies":[{"embeddable":true,"href":"https:\/\/www.mojabochnia.pl\/index.php?rest_route=%2Fwp%2Fv2%2Fcomments&post=89592"}],"version-history":[{"count":3,"href":"https:\/\/www.mojabochnia.pl\/index.php?rest_route=\/wp\/v2\/posts\/89592\/revisions"}],"predecessor-version":[{"id":89595,"href":"https:\/\/www.mojabochnia.pl\/index.php?rest_route=\/wp\/v2\/posts\/89592\/revisions\/89595"}],"wp:attachment":[{"href":"https:\/\/www.mojabochnia.pl\/index.php?rest_route=%2Fwp%2Fv2%2Fmedia&parent=89592"}],"wp:term":[{"taxonomy":"category","embeddable":true,"href":"https:\/\/www.mojabochnia.pl\/index.php?rest_route=%2Fwp%2Fv2%2Fcategories&post=89592"},{"taxonomy":"post_tag","embeddable":true,"href":"https:\/\/www.mojabochnia.pl\/index.php?rest_route=%2Fwp%2Fv2%2Ftags&post=89592"}],"curies":[{"name":"wp","href":"https:\/\/api.w.org\/{rel}","templated":true}]}}