{"id":89358,"date":"2013-04-28T07:09:37","date_gmt":"2013-04-28T05:09:37","guid":{"rendered":"http:\/\/www.mojabochnia.pl\/?p=89358"},"modified":"2013-04-26T23:12:02","modified_gmt":"2013-04-26T21:12:02","slug":"proby-oczyszczaja-nasza-milosc","status":"publish","type":"post","link":"https:\/\/www.mojabochnia.pl\/?p=89358","title":{"rendered":"Refleksje na niedziel\u0119: Pr\u00f3by oczyszczaj\u0105 nasz\u0105 mi\u0142o\u015b\u0107"},"content":{"rendered":"<p>Dlatego te\u017c Pawe\u0142 z Barnab\u0105 przeszli jeszcze raz przez wsp\u00f3lnoty gdzie g\u0142osili Ewangeli\u0119 by umocni\u0107 ich. Chrystus, a za Jego przyk\u0142adem Aposto\u0142owie zak\u0142adali wsp\u00f3lnoty. Wsp\u00f3lnota ma t\u0119 przewag\u0119 nad poszczeg\u00f3lnymi osobami, \u017ce wsp\u00f3\u0142dzia\u0142a \u2013 poszczeg\u00f3lni cz\u0142onkowie wzmacniaj\u0105 si\u0119 wzajemnie. Mo\u017cna to por\u00f3wna\u0107 do wi\u0105zki patyk\u00f3w. Gdyby\u015bmy brali je ka\u017cde z osobna, to nie problem je z\u0142ama\u0107. Natomiast je\u015bli zwi\u0105za\u0107 je w wi\u0105zk\u0119, to bardzo trudno je z\u0142ama\u0107. I tak samo dzieje si\u0119 we wsp\u00f3lnocie. W prawdziwej wsp\u00f3lnocie cz\u0142onkowie zapewniaj\u0105 sobie wzajemnie wsparcie, co wa\u017cne jest szczeg\u00f3lnie w czasach kryzys\u00f3w i pr\u00f3b.<\/p>\n<p>Kryzys mo\u017ce by\u0107 zagro\u017ceniem, bo mo\u017ce zniszczy\u0107, ale kryzys mo\u017ce by\u0107 i szans\u0105 \u2013 bo oczyszcza, jest impulsem do przewarto\u015bciowania, do wzmocnienie lub zbudowania na nowo. Kryzys religijny nie jest gro\u017any, kiedy jest prze\u017cywany z Chrystusem w duchu wiary. Apokalipsa poucza: \u201eI us\u0142ysza\u0142em dono\u015bny g\u0142os m\u00f3wi\u0105cy od tronu: Oto przybytek Boga z lud\u017ami: i zamieszka wraz z nimi, i b\u0119d\u0105 oni jego ludem, a On b\u0119dzie Bogiem z nimi. I otrze z ich oczu wszelk\u0105 \u0142z\u0119\u201d. Pan Jezus poucza\u0142, \u017ce z\u0142oto oczyszcza si\u0119 w ogniu. Przez ten proces wypalaj\u0105 si\u0119 wszystkie zanieczyszczenia. Pr\u00f3by i do\u015bwiadczenia oczyszczaj\u0105 nasz\u0105 wiar\u0119 i mi\u0142o\u015b\u0107 do Boga \u2013 uszlachetniaj\u0105 wi\u0119c nas.<\/p>\n<p>Podstawowym prawem nowej wsp\u00f3lnoty \u2013 za\u0142o\u017conego przez Chrystusa Ko\u015bcio\u0142a ma by\u0107 przykazanie mi\u0142o\u015bci. \u201ePrzykazanie nowe daj\u0119 wam, aby\u015bcie si\u0119 wzajemnie mi\u0142owali tak, jak Ja was umi\u0142owa\u0142em; \u017ceby\u015bcie i wy tak si\u0119 mi\u0142owali wzajemnie. Po tym wszyscy poznaj\u0105, \u017ce\u015bcie uczniami moimi, je\u015bli b\u0119dziecie si\u0119 wzajemnie mi\u0142owali\u201d. Mi\u0142o\u015b\u0107 b\u0119d\u0105ca naczeln\u0105 zasad\u0105 wsp\u00f3lnoty powoduje, \u017ce wsp\u00f3lnota jest silna. Taka wsp\u00f3lnota jest silna i rozwija si\u0119.<\/p>\n","protected":false},"excerpt":{"rendered":"<p>Kiedy przybyli i zebrali miejscowy Ko\u015bci\u00f3\u0142, opowiedzieli, jak wiele B\u00f3g przez nich zdzia\u0142a\u0142 i jak otworzy\u0142 poganom podwoje wiary. Wiara umacnia si\u0119 w czasach pr\u00f3by. Wyzwania oczyszczaj\u0105 wiar\u0119. <\/p>\n","protected":false},"author":1165,"featured_media":0,"comment_status":"open","ping_status":"closed","sticky":false,"template":"","format":"standard","meta":{"_acf_changed":false,"footnotes":""},"categories":[5,6250,1342],"tags":[17844,17834,17934,17365],"class_list":["post-89358","post","type-post","status-publish","format-standard","hentry","category-biezace-wydarzenia","category-tematyka","category-zycie-religijne","tag-jezus","tag-refleksje","tag-refleksje-na-niedziele","tag-wiara","main_tag-refleksje-na-niedziele"],"acf":[],"yoast_head":"<!-- This site is optimized with the Yoast SEO plugin v26.9 - https:\/\/yoast.com\/product\/yoast-seo-wordpress\/ -->\n<title>Refleksje na niedziel\u0119: Pr\u00f3by oczyszczaj\u0105 nasz\u0105 mi\u0142o\u015b\u0107 - mojabochnia.pl - portal informacyjny<\/title>\n<meta name=\"robots\" content=\"index, follow, max-snippet:-1, max-image-preview:large, max-video-preview:-1\" \/>\n<link rel=\"canonical\" href=\"https:\/\/www.mojabochnia.pl\/?p=89358\" \/>\n<meta property=\"og:locale\" content=\"pl_PL\" \/>\n<meta property=\"og:type\" content=\"article\" \/>\n<meta property=\"og:title\" content=\"Refleksje na niedziel\u0119: Pr\u00f3by oczyszczaj\u0105 nasz\u0105 mi\u0142o\u015b\u0107 - mojabochnia.pl - portal informacyjny\" \/>\n<meta property=\"og:description\" content=\"Kiedy przybyli i zebrali miejscowy Ko\u015bci\u00f3\u0142, opowiedzieli, jak wiele B\u00f3g przez nich zdzia\u0142a\u0142 i jak otworzy\u0142 poganom podwoje wiary. Wiara umacnia si\u0119 w czasach pr\u00f3by. Wyzwania oczyszczaj\u0105 wiar\u0119.\" \/>\n<meta property=\"og:url\" content=\"https:\/\/www.mojabochnia.pl\/?p=89358\" \/>\n<meta property=\"og:site_name\" content=\"mojabochnia.pl - portal informacyjny\" \/>\n<meta property=\"article:publisher\" content=\"https:\/\/www.facebook.com\/mojabochnia\" \/>\n<meta property=\"article:published_time\" content=\"2013-04-28T05:09:37+00:00\" \/>\n<meta name=\"author\" content=\"Grzegorz P. Bronowski\" \/>\n<meta name=\"twitter:card\" content=\"summary_large_image\" \/>\n<meta name=\"twitter:label1\" content=\"Written by\" \/>\n\t<meta name=\"twitter:data1\" content=\"Grzegorz P. Bronowski\" \/>\n\t<meta name=\"twitter:label2\" content=\"Est. reading time\" \/>\n\t<meta name=\"twitter:data2\" content=\"2 minuty\" \/>\n<script type=\"application\/ld+json\" class=\"yoast-schema-graph\">{\"@context\":\"https:\/\/schema.org\",\"@graph\":[{\"@type\":\"Article\",\"@id\":\"https:\/\/www.mojabochnia.pl\/?p=89358#article\",\"isPartOf\":{\"@id\":\"https:\/\/www.mojabochnia.pl\/?p=89358\"},\"author\":{\"name\":\"Grzegorz P. Bronowski\",\"@id\":\"https:\/\/www.mojabochnia.pl\/#\/schema\/person\/e69284965a8b760e6471c06218b14017\"},\"headline\":\"Refleksje na niedziel\u0119: Pr\u00f3by oczyszczaj\u0105 nasz\u0105 mi\u0142o\u015b\u0107\",\"datePublished\":\"2013-04-28T05:09:37+00:00\",\"mainEntityOfPage\":{\"@id\":\"https:\/\/www.mojabochnia.pl\/?p=89358\"},\"wordCount\":338,\"commentCount\":0,\"publisher\":{\"@id\":\"https:\/\/www.mojabochnia.pl\/#organization\"},\"keywords\":[\"jezus\",\"refleksje\",\"refleksje na niedziel\u0119\",\"wiara\"],\"articleSection\":[\"2_ostatnie\",\"tematyka\",\"\u017bycie religijne\"],\"inLanguage\":\"pl-PL\",\"potentialAction\":[{\"@type\":\"CommentAction\",\"name\":\"Comment\",\"target\":[\"https:\/\/www.mojabochnia.pl\/?p=89358#respond\"]}]},{\"@type\":\"WebPage\",\"@id\":\"https:\/\/www.mojabochnia.pl\/?p=89358\",\"url\":\"https:\/\/www.mojabochnia.pl\/?p=89358\",\"name\":\"Refleksje na niedziel\u0119: Pr\u00f3by oczyszczaj\u0105 nasz\u0105 mi\u0142o\u015b\u0107 - mojabochnia.pl - portal informacyjny\",\"isPartOf\":{\"@id\":\"https:\/\/www.mojabochnia.pl\/#website\"},\"datePublished\":\"2013-04-28T05:09:37+00:00\",\"breadcrumb\":{\"@id\":\"https:\/\/www.mojabochnia.pl\/?p=89358#breadcrumb\"},\"inLanguage\":\"pl-PL\",\"potentialAction\":[{\"@type\":\"ReadAction\",\"target\":[\"https:\/\/www.mojabochnia.pl\/?p=89358\"]}]},{\"@type\":\"BreadcrumbList\",\"@id\":\"https:\/\/www.mojabochnia.pl\/?p=89358#breadcrumb\",\"itemListElement\":[{\"@type\":\"ListItem\",\"position\":1,\"name\":\"Home\",\"item\":\"https:\/\/www.mojabochnia.pl\/\"},{\"@type\":\"ListItem\",\"position\":2,\"name\":\"Refleksje na niedziel\u0119: Pr\u00f3by oczyszczaj\u0105 nasz\u0105 mi\u0142o\u015b\u0107\"}]},{\"@type\":\"WebSite\",\"@id\":\"https:\/\/www.mojabochnia.pl\/#website\",\"url\":\"https:\/\/www.mojabochnia.pl\/\",\"name\":\"mojabochnia.pl - portal informacyjny\",\"description\":\"mojaBochnia to portal informacyjny o Bochni. Codziennie o Bochni piszemy i pokazujemy najwa\u017cniejsze wydarzenia\",\"publisher\":{\"@id\":\"https:\/\/www.mojabochnia.pl\/#organization\"},\"potentialAction\":[{\"@type\":\"SearchAction\",\"target\":{\"@type\":\"EntryPoint\",\"urlTemplate\":\"https:\/\/www.mojabochnia.pl\/?s={search_term_string}\"},\"query-input\":{\"@type\":\"PropertyValueSpecification\",\"valueRequired\":true,\"valueName\":\"search_term_string\"}}],\"inLanguage\":\"pl-PL\"},{\"@type\":\"Organization\",\"@id\":\"https:\/\/www.mojabochnia.pl\/#organization\",\"name\":\"mojabochnia.pl - portal informacyjny\",\"url\":\"https:\/\/www.mojabochnia.pl\/\",\"logo\":{\"@type\":\"ImageObject\",\"inLanguage\":\"pl-PL\",\"@id\":\"https:\/\/www.mojabochnia.pl\/#\/schema\/logo\/image\/\",\"url\":\"https:\/\/www.mojabochnia.pl\/wp-content\/uploads\/2017\/08\/logo-mb-opt.png\",\"contentUrl\":\"https:\/\/www.mojabochnia.pl\/wp-content\/uploads\/2017\/08\/logo-mb-opt.png\",\"width\":250,\"height\":48,\"caption\":\"mojabochnia.pl - portal informacyjny\"},\"image\":{\"@id\":\"https:\/\/www.mojabochnia.pl\/#\/schema\/logo\/image\/\"},\"sameAs\":[\"https:\/\/www.facebook.com\/mojabochnia\"]},{\"@type\":\"Person\",\"@id\":\"https:\/\/www.mojabochnia.pl\/#\/schema\/person\/e69284965a8b760e6471c06218b14017\",\"name\":\"Grzegorz P. Bronowski\",\"url\":\"https:\/\/www.mojabochnia.pl\/?author=1165\"}]}<\/script>\n<!-- \/ Yoast SEO plugin. -->","yoast_head_json":{"title":"Refleksje na niedziel\u0119: Pr\u00f3by oczyszczaj\u0105 nasz\u0105 mi\u0142o\u015b\u0107 - mojabochnia.pl - portal informacyjny","robots":{"index":"index","follow":"follow","max-snippet":"max-snippet:-1","max-image-preview":"max-image-preview:large","max-video-preview":"max-video-preview:-1"},"canonical":"https:\/\/www.mojabochnia.pl\/?p=89358","og_locale":"pl_PL","og_type":"article","og_title":"Refleksje na niedziel\u0119: Pr\u00f3by oczyszczaj\u0105 nasz\u0105 mi\u0142o\u015b\u0107 - mojabochnia.pl - portal informacyjny","og_description":"Kiedy przybyli i zebrali miejscowy Ko\u015bci\u00f3\u0142, opowiedzieli, jak wiele B\u00f3g przez nich zdzia\u0142a\u0142 i jak otworzy\u0142 poganom podwoje wiary. Wiara umacnia si\u0119 w czasach pr\u00f3by. Wyzwania oczyszczaj\u0105 wiar\u0119.","og_url":"https:\/\/www.mojabochnia.pl\/?p=89358","og_site_name":"mojabochnia.pl - portal informacyjny","article_publisher":"https:\/\/www.facebook.com\/mojabochnia","article_published_time":"2013-04-28T05:09:37+00:00","author":"Grzegorz P. Bronowski","twitter_card":"summary_large_image","twitter_misc":{"Written by":"Grzegorz P. Bronowski","Est. reading time":"2 minuty"},"schema":{"@context":"https:\/\/schema.org","@graph":[{"@type":"Article","@id":"https:\/\/www.mojabochnia.pl\/?p=89358#article","isPartOf":{"@id":"https:\/\/www.mojabochnia.pl\/?p=89358"},"author":{"name":"Grzegorz P. Bronowski","@id":"https:\/\/www.mojabochnia.pl\/#\/schema\/person\/e69284965a8b760e6471c06218b14017"},"headline":"Refleksje na niedziel\u0119: Pr\u00f3by oczyszczaj\u0105 nasz\u0105 mi\u0142o\u015b\u0107","datePublished":"2013-04-28T05:09:37+00:00","mainEntityOfPage":{"@id":"https:\/\/www.mojabochnia.pl\/?p=89358"},"wordCount":338,"commentCount":0,"publisher":{"@id":"https:\/\/www.mojabochnia.pl\/#organization"},"keywords":["jezus","refleksje","refleksje na niedziel\u0119","wiara"],"articleSection":["2_ostatnie","tematyka","\u017bycie religijne"],"inLanguage":"pl-PL","potentialAction":[{"@type":"CommentAction","name":"Comment","target":["https:\/\/www.mojabochnia.pl\/?p=89358#respond"]}]},{"@type":"WebPage","@id":"https:\/\/www.mojabochnia.pl\/?p=89358","url":"https:\/\/www.mojabochnia.pl\/?p=89358","name":"Refleksje na niedziel\u0119: Pr\u00f3by oczyszczaj\u0105 nasz\u0105 mi\u0142o\u015b\u0107 - mojabochnia.pl - portal informacyjny","isPartOf":{"@id":"https:\/\/www.mojabochnia.pl\/#website"},"datePublished":"2013-04-28T05:09:37+00:00","breadcrumb":{"@id":"https:\/\/www.mojabochnia.pl\/?p=89358#breadcrumb"},"inLanguage":"pl-PL","potentialAction":[{"@type":"ReadAction","target":["https:\/\/www.mojabochnia.pl\/?p=89358"]}]},{"@type":"BreadcrumbList","@id":"https:\/\/www.mojabochnia.pl\/?p=89358#breadcrumb","itemListElement":[{"@type":"ListItem","position":1,"name":"Home","item":"https:\/\/www.mojabochnia.pl\/"},{"@type":"ListItem","position":2,"name":"Refleksje na niedziel\u0119: Pr\u00f3by oczyszczaj\u0105 nasz\u0105 mi\u0142o\u015b\u0107"}]},{"@type":"WebSite","@id":"https:\/\/www.mojabochnia.pl\/#website","url":"https:\/\/www.mojabochnia.pl\/","name":"mojabochnia.pl - portal informacyjny","description":"mojaBochnia to portal informacyjny o Bochni. Codziennie o Bochni piszemy i pokazujemy najwa\u017cniejsze wydarzenia","publisher":{"@id":"https:\/\/www.mojabochnia.pl\/#organization"},"potentialAction":[{"@type":"SearchAction","target":{"@type":"EntryPoint","urlTemplate":"https:\/\/www.mojabochnia.pl\/?s={search_term_string}"},"query-input":{"@type":"PropertyValueSpecification","valueRequired":true,"valueName":"search_term_string"}}],"inLanguage":"pl-PL"},{"@type":"Organization","@id":"https:\/\/www.mojabochnia.pl\/#organization","name":"mojabochnia.pl - portal informacyjny","url":"https:\/\/www.mojabochnia.pl\/","logo":{"@type":"ImageObject","inLanguage":"pl-PL","@id":"https:\/\/www.mojabochnia.pl\/#\/schema\/logo\/image\/","url":"https:\/\/www.mojabochnia.pl\/wp-content\/uploads\/2017\/08\/logo-mb-opt.png","contentUrl":"https:\/\/www.mojabochnia.pl\/wp-content\/uploads\/2017\/08\/logo-mb-opt.png","width":250,"height":48,"caption":"mojabochnia.pl - portal informacyjny"},"image":{"@id":"https:\/\/www.mojabochnia.pl\/#\/schema\/logo\/image\/"},"sameAs":["https:\/\/www.facebook.com\/mojabochnia"]},{"@type":"Person","@id":"https:\/\/www.mojabochnia.pl\/#\/schema\/person\/e69284965a8b760e6471c06218b14017","name":"Grzegorz P. Bronowski","url":"https:\/\/www.mojabochnia.pl\/?author=1165"}]}},"_links":{"self":[{"href":"https:\/\/www.mojabochnia.pl\/index.php?rest_route=\/wp\/v2\/posts\/89358","targetHints":{"allow":["GET"]}}],"collection":[{"href":"https:\/\/www.mojabochnia.pl\/index.php?rest_route=\/wp\/v2\/posts"}],"about":[{"href":"https:\/\/www.mojabochnia.pl\/index.php?rest_route=\/wp\/v2\/types\/post"}],"author":[{"embeddable":true,"href":"https:\/\/www.mojabochnia.pl\/index.php?rest_route=\/wp\/v2\/users\/1165"}],"replies":[{"embeddable":true,"href":"https:\/\/www.mojabochnia.pl\/index.php?rest_route=%2Fwp%2Fv2%2Fcomments&post=89358"}],"version-history":[{"count":6,"href":"https:\/\/www.mojabochnia.pl\/index.php?rest_route=\/wp\/v2\/posts\/89358\/revisions"}],"predecessor-version":[{"id":89364,"href":"https:\/\/www.mojabochnia.pl\/index.php?rest_route=\/wp\/v2\/posts\/89358\/revisions\/89364"}],"wp:attachment":[{"href":"https:\/\/www.mojabochnia.pl\/index.php?rest_route=%2Fwp%2Fv2%2Fmedia&parent=89358"}],"wp:term":[{"taxonomy":"category","embeddable":true,"href":"https:\/\/www.mojabochnia.pl\/index.php?rest_route=%2Fwp%2Fv2%2Fcategories&post=89358"},{"taxonomy":"post_tag","embeddable":true,"href":"https:\/\/www.mojabochnia.pl\/index.php?rest_route=%2Fwp%2Fv2%2Ftags&post=89358"}],"curies":[{"name":"wp","href":"https:\/\/api.w.org\/{rel}","templated":true}]}}