{"id":89154,"date":"2013-04-23T09:21:40","date_gmt":"2013-04-23T07:21:40","guid":{"rendered":"http:\/\/www.mojabochnia.pl\/?p=89154"},"modified":"2013-04-23T09:21:40","modified_gmt":"2013-04-23T07:21:40","slug":"dkf-z-muzyka-w-tle-sugar-man","status":"publish","type":"post","link":"https:\/\/www.mojabochnia.pl\/?p=89154","title":{"rendered":"DKF z muzyk\u0105 w tle &#8211; SUGAR MAN"},"content":{"rendered":"<p>&#8222;Sugar Man&#8221; prezentuje sylwetk\u0119 ameryka\u0144skiego muzyka, Sixto Rodrigueza, kt\u00f3remu wr\u00f3\u017cono karier\u0119 na miar\u0119 Boba Dylana. Jednak po wydaniu dw\u00f3ch kr\u0105\u017ck\u00f3w, piosenkarz przepad\u0142 bez wie\u015bci. Wszyscy my\u015bleli, \u017ce nie \u017cyje. Niekt\u00f3rzy twierdzili, \u017ce pope\u0142ni\u0142 samob\u00f3jstwo na scenie. W tym samym czasie jego piosenki cieszy\u0142y si\u0119 ogromn\u0105 popularno\u015bci\u0105 w Republice Po\u0142udniowej Afryki, a on sta\u0142 si\u0119 idolem tamtejszej publiczno\u015bci.<\/p>\n<p>&#8222;Sugar Man&#8221; to laureat tegorocznego Oscara w kategorii &#8222;Najlepszy Film Dokumentalny&#8221;. Opr\u00f3cz najwa\u017cniejszej i najbardziej po\u017c\u0105danej w \u015bwiecie filmowym statuetki, debiut Malika Bendjelloula otrzyma\u0142 r\u00f3wnie\u017c m.in. Nagrody Publiczno\u015bci na festiwalach w Sundance, Nowym Jorku, Los Angeles i Melbourne. &#8222;Sugar Man&#8221; to nie tylko uniwersalna i zaskakuj\u0105ca opowie\u015b\u0107 o pot\u0119dze przypadku i roli szcz\u0119\u015bcia w ludzkim \u017cyciu.<\/p>\n<p>Janusz Wr\u00f3blewski zwraca\u0142 uwag\u0119 w &#8222;Polityce&#8221; na pe\u0142n\u0105 napi\u0119cia struktur\u0119 filmu: <em>Film ma dramaturgi\u0119 godn\u0105 hitchcockowskiego thrillera. Wychodz\u0105c od oczywistego pytania, jak to mo\u017cliwe, \u017ce tak utalentowany artysta nie zosta\u0142 w por\u0119 doceniony przez ameryka\u0144ski show-biznes, powolutku zmierza w stron\u0119 refleksyjnego dzie\u0142a o tajemnicy sztuki, przewrotnym losie, warto\u015bci pracy, a przede wszystkim o tym, czym jest s\u0142awa i kariera w \u015bwiecie doszcz\u0119tnie zdominowanym przez pogo\u0144 za pieni\u0119dzmi<\/em>.<\/p>\n<p>O sile filmu stanowi te\u017c znakomita muzyka Rodrigueza, na co zwraca\u0142 uwag\u0119 Darek Arest w recenzji dla Filmwebu: <em>Je\u015bli ca\u0142o\u015b\u0107 ogl\u0105da si\u0119 bardzo dobrze, to najpewniej dzi\u0119ki (\u2026) muzyce Rodrigueza. Muzyce z dw\u00f3ch kr\u0105\u017ck\u00f3w, kt\u00f3re dane mu by\u0142o nagra\u0107 i nie daj\u0105cej za wygran\u0105 my\u015bli o wszystkich tych, kt\u00f3re mog\u0142y powsta\u0107 przez 40 lat, gdyby sprawy przyj\u0119\u0142y inny (sensowny!) obr\u00f3t<\/em>.<\/p>\n<p>Projekcji b\u0119dzie towarzyszy\u0107 dyskusja o o nieodkrytych talentach i z\u0142amanych karierach muzycznych z udzia\u0142em zaproszonych go\u015bci.<\/p>\n<p>W debacie wezm\u0105 udzia\u0142:<\/p>\n<p>Piotr Go\u0142\u0105b \u2013 z do\u015bwiadczenia dziennikarz muzyczny, z wykszta\u0142cenia filolog-kulturoznawca, z zami\u0142owania ba\u0142kanista. Przez kilka lat prowadzi\u0142 audycj\u0119 &#8221;Wielobarwy&#8221; w studenckim Radiu BezKitu. Recenzent muzyczny portalu PORCYS.COM. Prowadzi autorsk\u0105 audycj\u0119 w Radiu Nowinki oraz \u2013 wsp\u00f3lnie z \u0141ukaszem Konatowiczem \u2013 program radiowy Past Present w krakowskiej Radiofonii, w kt\u00f3rym zestawia naj\u015bwie\u017csze kr\u0105\u017cki z muzyk\u0105, kt\u00f3ra mog\u0142a zainspirowa\u0107 wsp\u00f3\u0142czesnych artyst\u00f3w. Muzyczny erudyta i mi\u0142o\u015bnik kina, w szczeg\u00f3lno\u015bci Pa\u0144stw by\u0142ej Jugos\u0142awii.<\/p>\n<p>\u0141ukasz Konatowicz \u2013 od osiemnastego roku \u017cycia recenzuje muzyk\u0119 (Porcys, Hiro Free, ma na koncie te\u017c epizody z magazynem Pulp i serwisem polskieradio.pl). Wsp\u00f3\u0142prowadzi z Piotrem Go\u0142\u0119biem audycj\u0119 Past Present w krakowskim radiu Radiofonia, w kt\u00f3rej znajduje elementy \u0142\u0105cz\u0105ce nagrania z r\u00f3\u017cnych okres\u00f3w i gatunk\u00f3w. Wychowa\u0142 si\u0119 na muzyce post-punkowej, pierwszy opublikowany tekst napisa\u0142 o p\u0142ycie Kylie Minogue. Ostatnio opowiada na YouTubie o klasycznych albumach.<\/p>\n<p>Pawe\u0142 Korta \u2013 pracownik boche\u0144skiego kina Regis, muzyk, filozof sztuki, recenzent i felietonista Krakowskiej Sceny Muzycznej (KSM). Jego zainteresowania to historia muzyki rockowej, popkultura (z naciskiem na kontrkultur\u0119), alternatywne ruchy religijne, psychologia nie\u015bwiadomo\u015bci.<\/p>\n<p>Wojtek Soko\u0142owski \u2013 t\u0142umacz polskiego wydania biografii Toma Waitsa, To fortepian jest pijany, nie ja&#8230; (autor: Patrick Humphries, Rock-Serwis 1995). Meloman, mi\u0142o\u015bnik klasycznego rocka. Przez wiele lat Big Time \u2013 sklep muzyczny, kt\u00f3ry uchowa\u0142 si\u0119 najd\u0142u\u017cej ze wszystkich istniej\u0105cych.<\/p>\n<p>Dyskusj\u0119 poprowadzi Jacek Dziduszko.<\/p>\n<p>B\u0119dzie to drugie spotkanie (po marcowej &#8222;Samsarze&#8221;) w ramach mini-cyklu: &#8222;Na styku&#8221; sztuki filmowej i muzyki. <\/p>\n<p>Pokaz i debata b\u0119d\u0105 mie\u0107 miejsce w pi\u0105tek, 26 kwietnia o godz. 18:00 w ma\u0142ej sali kina Regis.<\/p>\n<p>Bilety: 10 z\u0142<br \/>\n5 z\u0142 (cz\u0142onkowie DKF)<br \/>\nProjekt dofinansowany ze \u017ar\u00f3de\u0142 PISF.<\/p>\n","protected":false},"excerpt":{"rendered":"<p>DKF Maciste i Kino Regis zapraszaj\u0105 26 kwietnia na pokaz nagrodzonego Oscarem filmu &#8222;Sugar Man&#8221; oraz debat\u0119 o nieodkrytych talentach i z\u0142amanych karierach muzycznych. <\/p>\n","protected":false},"author":13,"featured_media":0,"comment_status":"open","ping_status":"closed","sticky":false,"template":"","format":"standard","meta":{"_acf_changed":false,"footnotes":""},"categories":[5,92,6250],"tags":[17866,17142,17289,17263,12420],"class_list":["post-89154","post","type-post","status-publish","format-standard","hentry","category-biezace-wydarzenia","category-kultura","category-tematyka","tag-dkf","tag-film","tag-kino","tag-kino-regis","tag-sugar-man","main_tag-kino-2"],"acf":[],"yoast_head":"<!-- This site is optimized with the Yoast SEO plugin v26.9 - https:\/\/yoast.com\/product\/yoast-seo-wordpress\/ -->\n<title>DKF z muzyk\u0105 w tle - SUGAR MAN - mojabochnia.pl - portal informacyjny<\/title>\n<meta name=\"robots\" content=\"index, follow, max-snippet:-1, max-image-preview:large, max-video-preview:-1\" \/>\n<link rel=\"canonical\" href=\"https:\/\/www.mojabochnia.pl\/?p=89154\" \/>\n<meta property=\"og:locale\" content=\"pl_PL\" \/>\n<meta property=\"og:type\" content=\"article\" \/>\n<meta property=\"og:title\" content=\"DKF z muzyk\u0105 w tle - SUGAR MAN - mojabochnia.pl - portal informacyjny\" \/>\n<meta property=\"og:description\" content=\"DKF Maciste i Kino Regis zapraszaj\u0105 26 kwietnia na pokaz nagrodzonego Oscarem filmu &quot;Sugar Man&quot; oraz debat\u0119 o nieodkrytych talentach i z\u0142amanych karierach muzycznych.\" \/>\n<meta property=\"og:url\" content=\"https:\/\/www.mojabochnia.pl\/?p=89154\" \/>\n<meta property=\"og:site_name\" content=\"mojabochnia.pl - portal informacyjny\" \/>\n<meta property=\"article:publisher\" content=\"https:\/\/www.facebook.com\/mojabochnia\" \/>\n<meta property=\"article:published_time\" content=\"2013-04-23T07:21:40+00:00\" \/>\n<meta name=\"author\" content=\"redakcja\" \/>\n<meta name=\"twitter:card\" content=\"summary_large_image\" \/>\n<meta name=\"twitter:label1\" content=\"Written by\" \/>\n\t<meta name=\"twitter:data1\" content=\"redakcja\" \/>\n\t<meta name=\"twitter:label2\" content=\"Est. reading time\" \/>\n\t<meta name=\"twitter:data2\" content=\"3 minuty\" \/>\n<script type=\"application\/ld+json\" class=\"yoast-schema-graph\">{\"@context\":\"https:\/\/schema.org\",\"@graph\":[{\"@type\":\"Article\",\"@id\":\"https:\/\/www.mojabochnia.pl\/?p=89154#article\",\"isPartOf\":{\"@id\":\"https:\/\/www.mojabochnia.pl\/?p=89154\"},\"author\":{\"name\":\"redakcja\",\"@id\":\"https:\/\/www.mojabochnia.pl\/#\/schema\/person\/7e2f20ead9902216a3384f13606c0ab7\"},\"headline\":\"DKF z muzyk\u0105 w tle &#8211; SUGAR MAN\",\"datePublished\":\"2013-04-23T07:21:40+00:00\",\"mainEntityOfPage\":{\"@id\":\"https:\/\/www.mojabochnia.pl\/?p=89154\"},\"wordCount\":612,\"commentCount\":0,\"publisher\":{\"@id\":\"https:\/\/www.mojabochnia.pl\/#organization\"},\"keywords\":[\"dkf\",\"film\",\"Kino\",\"kino regis\",\"sugar man\"],\"articleSection\":[\"2_ostatnie\",\"kultura\",\"tematyka\"],\"inLanguage\":\"pl-PL\",\"potentialAction\":[{\"@type\":\"CommentAction\",\"name\":\"Comment\",\"target\":[\"https:\/\/www.mojabochnia.pl\/?p=89154#respond\"]}]},{\"@type\":\"WebPage\",\"@id\":\"https:\/\/www.mojabochnia.pl\/?p=89154\",\"url\":\"https:\/\/www.mojabochnia.pl\/?p=89154\",\"name\":\"DKF z muzyk\u0105 w tle - SUGAR MAN - mojabochnia.pl - portal informacyjny\",\"isPartOf\":{\"@id\":\"https:\/\/www.mojabochnia.pl\/#website\"},\"datePublished\":\"2013-04-23T07:21:40+00:00\",\"breadcrumb\":{\"@id\":\"https:\/\/www.mojabochnia.pl\/?p=89154#breadcrumb\"},\"inLanguage\":\"pl-PL\",\"potentialAction\":[{\"@type\":\"ReadAction\",\"target\":[\"https:\/\/www.mojabochnia.pl\/?p=89154\"]}]},{\"@type\":\"BreadcrumbList\",\"@id\":\"https:\/\/www.mojabochnia.pl\/?p=89154#breadcrumb\",\"itemListElement\":[{\"@type\":\"ListItem\",\"position\":1,\"name\":\"Home\",\"item\":\"https:\/\/www.mojabochnia.pl\/\"},{\"@type\":\"ListItem\",\"position\":2,\"name\":\"DKF z muzyk\u0105 w tle &#8211; SUGAR MAN\"}]},{\"@type\":\"WebSite\",\"@id\":\"https:\/\/www.mojabochnia.pl\/#website\",\"url\":\"https:\/\/www.mojabochnia.pl\/\",\"name\":\"mojabochnia.pl - portal informacyjny\",\"description\":\"mojaBochnia to portal informacyjny o Bochni. Codziennie o Bochni piszemy i pokazujemy najwa\u017cniejsze wydarzenia\",\"publisher\":{\"@id\":\"https:\/\/www.mojabochnia.pl\/#organization\"},\"potentialAction\":[{\"@type\":\"SearchAction\",\"target\":{\"@type\":\"EntryPoint\",\"urlTemplate\":\"https:\/\/www.mojabochnia.pl\/?s={search_term_string}\"},\"query-input\":{\"@type\":\"PropertyValueSpecification\",\"valueRequired\":true,\"valueName\":\"search_term_string\"}}],\"inLanguage\":\"pl-PL\"},{\"@type\":\"Organization\",\"@id\":\"https:\/\/www.mojabochnia.pl\/#organization\",\"name\":\"mojabochnia.pl - portal informacyjny\",\"url\":\"https:\/\/www.mojabochnia.pl\/\",\"logo\":{\"@type\":\"ImageObject\",\"inLanguage\":\"pl-PL\",\"@id\":\"https:\/\/www.mojabochnia.pl\/#\/schema\/logo\/image\/\",\"url\":\"https:\/\/www.mojabochnia.pl\/wp-content\/uploads\/2017\/08\/logo-mb-opt.png\",\"contentUrl\":\"https:\/\/www.mojabochnia.pl\/wp-content\/uploads\/2017\/08\/logo-mb-opt.png\",\"width\":250,\"height\":48,\"caption\":\"mojabochnia.pl - portal informacyjny\"},\"image\":{\"@id\":\"https:\/\/www.mojabochnia.pl\/#\/schema\/logo\/image\/\"},\"sameAs\":[\"https:\/\/www.facebook.com\/mojabochnia\"]},{\"@type\":\"Person\",\"@id\":\"https:\/\/www.mojabochnia.pl\/#\/schema\/person\/7e2f20ead9902216a3384f13606c0ab7\",\"name\":\"redakcja\",\"sameAs\":[\"http:\/\/\"],\"url\":\"https:\/\/www.mojabochnia.pl\/?author=13\"}]}<\/script>\n<!-- \/ Yoast SEO plugin. -->","yoast_head_json":{"title":"DKF z muzyk\u0105 w tle - SUGAR MAN - mojabochnia.pl - portal informacyjny","robots":{"index":"index","follow":"follow","max-snippet":"max-snippet:-1","max-image-preview":"max-image-preview:large","max-video-preview":"max-video-preview:-1"},"canonical":"https:\/\/www.mojabochnia.pl\/?p=89154","og_locale":"pl_PL","og_type":"article","og_title":"DKF z muzyk\u0105 w tle - SUGAR MAN - mojabochnia.pl - portal informacyjny","og_description":"DKF Maciste i Kino Regis zapraszaj\u0105 26 kwietnia na pokaz nagrodzonego Oscarem filmu \"Sugar Man\" oraz debat\u0119 o nieodkrytych talentach i z\u0142amanych karierach muzycznych.","og_url":"https:\/\/www.mojabochnia.pl\/?p=89154","og_site_name":"mojabochnia.pl - portal informacyjny","article_publisher":"https:\/\/www.facebook.com\/mojabochnia","article_published_time":"2013-04-23T07:21:40+00:00","author":"redakcja","twitter_card":"summary_large_image","twitter_misc":{"Written by":"redakcja","Est. reading time":"3 minuty"},"schema":{"@context":"https:\/\/schema.org","@graph":[{"@type":"Article","@id":"https:\/\/www.mojabochnia.pl\/?p=89154#article","isPartOf":{"@id":"https:\/\/www.mojabochnia.pl\/?p=89154"},"author":{"name":"redakcja","@id":"https:\/\/www.mojabochnia.pl\/#\/schema\/person\/7e2f20ead9902216a3384f13606c0ab7"},"headline":"DKF z muzyk\u0105 w tle &#8211; SUGAR MAN","datePublished":"2013-04-23T07:21:40+00:00","mainEntityOfPage":{"@id":"https:\/\/www.mojabochnia.pl\/?p=89154"},"wordCount":612,"commentCount":0,"publisher":{"@id":"https:\/\/www.mojabochnia.pl\/#organization"},"keywords":["dkf","film","Kino","kino regis","sugar man"],"articleSection":["2_ostatnie","kultura","tematyka"],"inLanguage":"pl-PL","potentialAction":[{"@type":"CommentAction","name":"Comment","target":["https:\/\/www.mojabochnia.pl\/?p=89154#respond"]}]},{"@type":"WebPage","@id":"https:\/\/www.mojabochnia.pl\/?p=89154","url":"https:\/\/www.mojabochnia.pl\/?p=89154","name":"DKF z muzyk\u0105 w tle - SUGAR MAN - mojabochnia.pl - portal informacyjny","isPartOf":{"@id":"https:\/\/www.mojabochnia.pl\/#website"},"datePublished":"2013-04-23T07:21:40+00:00","breadcrumb":{"@id":"https:\/\/www.mojabochnia.pl\/?p=89154#breadcrumb"},"inLanguage":"pl-PL","potentialAction":[{"@type":"ReadAction","target":["https:\/\/www.mojabochnia.pl\/?p=89154"]}]},{"@type":"BreadcrumbList","@id":"https:\/\/www.mojabochnia.pl\/?p=89154#breadcrumb","itemListElement":[{"@type":"ListItem","position":1,"name":"Home","item":"https:\/\/www.mojabochnia.pl\/"},{"@type":"ListItem","position":2,"name":"DKF z muzyk\u0105 w tle &#8211; SUGAR MAN"}]},{"@type":"WebSite","@id":"https:\/\/www.mojabochnia.pl\/#website","url":"https:\/\/www.mojabochnia.pl\/","name":"mojabochnia.pl - portal informacyjny","description":"mojaBochnia to portal informacyjny o Bochni. Codziennie o Bochni piszemy i pokazujemy najwa\u017cniejsze wydarzenia","publisher":{"@id":"https:\/\/www.mojabochnia.pl\/#organization"},"potentialAction":[{"@type":"SearchAction","target":{"@type":"EntryPoint","urlTemplate":"https:\/\/www.mojabochnia.pl\/?s={search_term_string}"},"query-input":{"@type":"PropertyValueSpecification","valueRequired":true,"valueName":"search_term_string"}}],"inLanguage":"pl-PL"},{"@type":"Organization","@id":"https:\/\/www.mojabochnia.pl\/#organization","name":"mojabochnia.pl - portal informacyjny","url":"https:\/\/www.mojabochnia.pl\/","logo":{"@type":"ImageObject","inLanguage":"pl-PL","@id":"https:\/\/www.mojabochnia.pl\/#\/schema\/logo\/image\/","url":"https:\/\/www.mojabochnia.pl\/wp-content\/uploads\/2017\/08\/logo-mb-opt.png","contentUrl":"https:\/\/www.mojabochnia.pl\/wp-content\/uploads\/2017\/08\/logo-mb-opt.png","width":250,"height":48,"caption":"mojabochnia.pl - portal informacyjny"},"image":{"@id":"https:\/\/www.mojabochnia.pl\/#\/schema\/logo\/image\/"},"sameAs":["https:\/\/www.facebook.com\/mojabochnia"]},{"@type":"Person","@id":"https:\/\/www.mojabochnia.pl\/#\/schema\/person\/7e2f20ead9902216a3384f13606c0ab7","name":"redakcja","sameAs":["http:\/\/"],"url":"https:\/\/www.mojabochnia.pl\/?author=13"}]}},"_links":{"self":[{"href":"https:\/\/www.mojabochnia.pl\/index.php?rest_route=\/wp\/v2\/posts\/89154","targetHints":{"allow":["GET"]}}],"collection":[{"href":"https:\/\/www.mojabochnia.pl\/index.php?rest_route=\/wp\/v2\/posts"}],"about":[{"href":"https:\/\/www.mojabochnia.pl\/index.php?rest_route=\/wp\/v2\/types\/post"}],"author":[{"embeddable":true,"href":"https:\/\/www.mojabochnia.pl\/index.php?rest_route=\/wp\/v2\/users\/13"}],"replies":[{"embeddable":true,"href":"https:\/\/www.mojabochnia.pl\/index.php?rest_route=%2Fwp%2Fv2%2Fcomments&post=89154"}],"version-history":[{"count":3,"href":"https:\/\/www.mojabochnia.pl\/index.php?rest_route=\/wp\/v2\/posts\/89154\/revisions"}],"predecessor-version":[{"id":89158,"href":"https:\/\/www.mojabochnia.pl\/index.php?rest_route=\/wp\/v2\/posts\/89154\/revisions\/89158"}],"wp:attachment":[{"href":"https:\/\/www.mojabochnia.pl\/index.php?rest_route=%2Fwp%2Fv2%2Fmedia&parent=89154"}],"wp:term":[{"taxonomy":"category","embeddable":true,"href":"https:\/\/www.mojabochnia.pl\/index.php?rest_route=%2Fwp%2Fv2%2Fcategories&post=89154"},{"taxonomy":"post_tag","embeddable":true,"href":"https:\/\/www.mojabochnia.pl\/index.php?rest_route=%2Fwp%2Fv2%2Ftags&post=89154"}],"curies":[{"name":"wp","href":"https:\/\/api.w.org\/{rel}","templated":true}]}}