{"id":8915,"date":"2009-05-12T06:35:36","date_gmt":"2009-05-12T04:35:36","guid":{"rendered":"http:\/\/www.mojabochnia.pl\/?p=8915"},"modified":"2009-05-11T14:54:17","modified_gmt":"2009-05-11T12:54:17","slug":"powiat-zaczyna-remonty-z-tzw-schetynowek","status":"publish","type":"post","link":"https:\/\/www.mojabochnia.pl\/?p=8915","title":{"rendered":"Powiat zaczyna remonty z tzw. schetyn\u00f3wek"},"content":{"rendered":"<p>Przypomnijmy, powiat boche\u0144ski otrzyma\u0142 pieni\u0105dze na inwestycje w gminie Nowy Wi\u015bnicz oraz gminie \u0141apan\u00f3w. \u2013 <em>Jedna inwestycja jest ju\u017c mocno zaawansowana, w gm. \u0141apan\u00f3w zosta\u0142a wykonana kanalizacja deszczowa wraz z kraw\u0119\u017cnikowaniem na d\u0142ugo\u015bci ok. 2 km, trwaj\u0105 r\u00f3wnie\u017c przygotowania do po\u0142o\u017cenia nawierzchni asfaltowej na drodze \u0141apan\u00f3w \u2013 Tarnawa \u2013 Stare Rybie. Druga schetyn\u00f3wka zosta\u0142a przyznana na drog\u0119 Kobyle \u2013 Nowy Wi\u015bnicz, r\u00f3wnie\u017c tu trwaj\u0105 przygotowania do budowy chodnika o d\u0142ugo\u015bci ok. 750 m w Kobylu oraz ok. 500 m w Nowym Wi\u015bniczu <\/em>\u2013 m\u00f3wi Tomasz Ca\u0142ka, wicestarosta boche\u0144ski.<\/p>\n<p>Przypomnijmy, powiat boche\u0144ski otrzyma\u0142 blisko 1,8 mln z\u0142 z programu tzw. schetyn\u00f3wek. Dofinansowanie z bud\u017cetu pa\u0144stwa to 50% warto\u015bci zadania. Pozosta\u0142a cz\u0119\u015b\u0107 jest realizowana przez powiat wsp\u00f3lnie z gminami (30% z bud\u017cetu powiatu, 20% z bud\u017cetu gminy).<\/p>\n<p>\u0141\u0105czny koszt realizowanych inwestycji to ponad 3,5 mln z\u0142. Wszystkie prace maj\u0105 si\u0119 zako\u0144czy\u0107 do listopada. <\/p>\n","protected":false},"excerpt":{"rendered":"<p>W powiecie boche\u0144skim rozpoczyna si\u0119 realizacja remont\u00f3w drogowych z tzw. schetyn\u00f3wek. Jest ju\u017c po przetargach i place bud\u00f3w zosta\u0142y przekazane wykonawcom.<\/p>\n","protected":false},"author":4,"featured_media":0,"comment_status":"open","ping_status":"closed","sticky":false,"template":"","format":"standard","meta":{"_acf_changed":false,"footnotes":""},"categories":[5],"tags":[17253,1880,17216,17136,17233,17118,17300,17152,1696,17494,17347,2419],"class_list":["post-8915","post","type-post","status-publish","format-standard","hentry","category-biezace-wydarzenia","tag-dotacja","tag-grzegorz-schetyna","tag-inwestycja","tag-jacek-pajak","tag-lapanow","tag-wisnicz","tag-remont","tag-remont-drogi","tag-schetynowki","tag-starosta","tag-tomasz-calka","tag-wicestarosta"],"acf":[],"yoast_head":"<!-- This site is optimized with the Yoast SEO plugin v26.9 - https:\/\/yoast.com\/product\/yoast-seo-wordpress\/ -->\n<title>Powiat zaczyna remonty z tzw. schetyn\u00f3wek - mojabochnia.pl - portal informacyjny<\/title>\n<meta name=\"robots\" content=\"index, follow, max-snippet:-1, max-image-preview:large, max-video-preview:-1\" \/>\n<link rel=\"canonical\" href=\"https:\/\/www.mojabochnia.pl\/?p=8915\" \/>\n<meta property=\"og:locale\" content=\"pl_PL\" \/>\n<meta property=\"og:type\" content=\"article\" \/>\n<meta property=\"og:title\" content=\"Powiat zaczyna remonty z tzw. schetyn\u00f3wek - mojabochnia.pl - portal informacyjny\" \/>\n<meta property=\"og:description\" content=\"W powiecie boche\u0144skim rozpoczyna si\u0119 realizacja remont\u00f3w drogowych z tzw. schetyn\u00f3wek. Jest ju\u017c po przetargach i place bud\u00f3w zosta\u0142y przekazane wykonawcom.\" \/>\n<meta property=\"og:url\" content=\"https:\/\/www.mojabochnia.pl\/?p=8915\" \/>\n<meta property=\"og:site_name\" content=\"mojabochnia.pl - portal informacyjny\" \/>\n<meta property=\"article:publisher\" content=\"https:\/\/www.facebook.com\/mojabochnia\" \/>\n<meta property=\"article:published_time\" content=\"2009-05-12T04:35:36+00:00\" \/>\n<meta name=\"author\" content=\"Pawe\u0142 Michalczyk\" \/>\n<meta name=\"twitter:card\" content=\"summary_large_image\" \/>\n<meta name=\"twitter:label1\" content=\"Written by\" \/>\n\t<meta name=\"twitter:data1\" content=\"Pawe\u0142 Michalczyk\" \/>\n\t<meta name=\"twitter:label2\" content=\"Est. reading time\" \/>\n\t<meta name=\"twitter:data2\" content=\"1 minuta\" \/>\n<script type=\"application\/ld+json\" class=\"yoast-schema-graph\">{\"@context\":\"https:\/\/schema.org\",\"@graph\":[{\"@type\":\"Article\",\"@id\":\"https:\/\/www.mojabochnia.pl\/?p=8915#article\",\"isPartOf\":{\"@id\":\"https:\/\/www.mojabochnia.pl\/?p=8915\"},\"author\":{\"name\":\"Pawe\u0142 Michalczyk\",\"@id\":\"https:\/\/www.mojabochnia.pl\/#\/schema\/person\/ea042e4724a77627963f02166828ead4\"},\"headline\":\"Powiat zaczyna remonty z tzw. schetyn\u00f3wek\",\"datePublished\":\"2009-05-12T04:35:36+00:00\",\"mainEntityOfPage\":{\"@id\":\"https:\/\/www.mojabochnia.pl\/?p=8915\"},\"wordCount\":168,\"commentCount\":0,\"publisher\":{\"@id\":\"https:\/\/www.mojabochnia.pl\/#organization\"},\"keywords\":[\"dotacja\",\"grzegorz schetyna\",\"inwestycja\",\"jacek paj\u0105k\",\"\u0141apan\u00f3w\",\"Nowy Wi\u015bnicz\",\"remont\",\"remont drogi\",\"schetyn\u00f3wki\",\"starosta\",\"tomasz ca\u0142ka\",\"wicestarosta\"],\"articleSection\":[\"2_ostatnie\"],\"inLanguage\":\"pl-PL\",\"potentialAction\":[{\"@type\":\"CommentAction\",\"name\":\"Comment\",\"target\":[\"https:\/\/www.mojabochnia.pl\/?p=8915#respond\"]}]},{\"@type\":\"WebPage\",\"@id\":\"https:\/\/www.mojabochnia.pl\/?p=8915\",\"url\":\"https:\/\/www.mojabochnia.pl\/?p=8915\",\"name\":\"Powiat zaczyna remonty z tzw. schetyn\u00f3wek - mojabochnia.pl - portal informacyjny\",\"isPartOf\":{\"@id\":\"https:\/\/www.mojabochnia.pl\/#website\"},\"datePublished\":\"2009-05-12T04:35:36+00:00\",\"breadcrumb\":{\"@id\":\"https:\/\/www.mojabochnia.pl\/?p=8915#breadcrumb\"},\"inLanguage\":\"pl-PL\",\"potentialAction\":[{\"@type\":\"ReadAction\",\"target\":[\"https:\/\/www.mojabochnia.pl\/?p=8915\"]}]},{\"@type\":\"BreadcrumbList\",\"@id\":\"https:\/\/www.mojabochnia.pl\/?p=8915#breadcrumb\",\"itemListElement\":[{\"@type\":\"ListItem\",\"position\":1,\"name\":\"Home\",\"item\":\"https:\/\/www.mojabochnia.pl\/\"},{\"@type\":\"ListItem\",\"position\":2,\"name\":\"Powiat zaczyna remonty z tzw. schetyn\u00f3wek\"}]},{\"@type\":\"WebSite\",\"@id\":\"https:\/\/www.mojabochnia.pl\/#website\",\"url\":\"https:\/\/www.mojabochnia.pl\/\",\"name\":\"mojabochnia.pl - portal informacyjny\",\"description\":\"mojaBochnia to portal informacyjny o Bochni. Codziennie o Bochni piszemy i pokazujemy najwa\u017cniejsze wydarzenia\",\"publisher\":{\"@id\":\"https:\/\/www.mojabochnia.pl\/#organization\"},\"potentialAction\":[{\"@type\":\"SearchAction\",\"target\":{\"@type\":\"EntryPoint\",\"urlTemplate\":\"https:\/\/www.mojabochnia.pl\/?s={search_term_string}\"},\"query-input\":{\"@type\":\"PropertyValueSpecification\",\"valueRequired\":true,\"valueName\":\"search_term_string\"}}],\"inLanguage\":\"pl-PL\"},{\"@type\":\"Organization\",\"@id\":\"https:\/\/www.mojabochnia.pl\/#organization\",\"name\":\"mojabochnia.pl - portal informacyjny\",\"url\":\"https:\/\/www.mojabochnia.pl\/\",\"logo\":{\"@type\":\"ImageObject\",\"inLanguage\":\"pl-PL\",\"@id\":\"https:\/\/www.mojabochnia.pl\/#\/schema\/logo\/image\/\",\"url\":\"https:\/\/www.mojabochnia.pl\/wp-content\/uploads\/2017\/08\/logo-mb-opt.png\",\"contentUrl\":\"https:\/\/www.mojabochnia.pl\/wp-content\/uploads\/2017\/08\/logo-mb-opt.png\",\"width\":250,\"height\":48,\"caption\":\"mojabochnia.pl - portal informacyjny\"},\"image\":{\"@id\":\"https:\/\/www.mojabochnia.pl\/#\/schema\/logo\/image\/\"},\"sameAs\":[\"https:\/\/www.facebook.com\/mojabochnia\"]},{\"@type\":\"Person\",\"@id\":\"https:\/\/www.mojabochnia.pl\/#\/schema\/person\/ea042e4724a77627963f02166828ead4\",\"name\":\"Pawe\u0142 Michalczyk\",\"url\":\"https:\/\/www.mojabochnia.pl\/?author=4\"}]}<\/script>\n<!-- \/ Yoast SEO plugin. -->","yoast_head_json":{"title":"Powiat zaczyna remonty z tzw. schetyn\u00f3wek - mojabochnia.pl - portal informacyjny","robots":{"index":"index","follow":"follow","max-snippet":"max-snippet:-1","max-image-preview":"max-image-preview:large","max-video-preview":"max-video-preview:-1"},"canonical":"https:\/\/www.mojabochnia.pl\/?p=8915","og_locale":"pl_PL","og_type":"article","og_title":"Powiat zaczyna remonty z tzw. schetyn\u00f3wek - mojabochnia.pl - portal informacyjny","og_description":"W powiecie boche\u0144skim rozpoczyna si\u0119 realizacja remont\u00f3w drogowych z tzw. schetyn\u00f3wek. Jest ju\u017c po przetargach i place bud\u00f3w zosta\u0142y przekazane wykonawcom.","og_url":"https:\/\/www.mojabochnia.pl\/?p=8915","og_site_name":"mojabochnia.pl - portal informacyjny","article_publisher":"https:\/\/www.facebook.com\/mojabochnia","article_published_time":"2009-05-12T04:35:36+00:00","author":"Pawe\u0142 Michalczyk","twitter_card":"summary_large_image","twitter_misc":{"Written by":"Pawe\u0142 Michalczyk","Est. reading time":"1 minuta"},"schema":{"@context":"https:\/\/schema.org","@graph":[{"@type":"Article","@id":"https:\/\/www.mojabochnia.pl\/?p=8915#article","isPartOf":{"@id":"https:\/\/www.mojabochnia.pl\/?p=8915"},"author":{"name":"Pawe\u0142 Michalczyk","@id":"https:\/\/www.mojabochnia.pl\/#\/schema\/person\/ea042e4724a77627963f02166828ead4"},"headline":"Powiat zaczyna remonty z tzw. schetyn\u00f3wek","datePublished":"2009-05-12T04:35:36+00:00","mainEntityOfPage":{"@id":"https:\/\/www.mojabochnia.pl\/?p=8915"},"wordCount":168,"commentCount":0,"publisher":{"@id":"https:\/\/www.mojabochnia.pl\/#organization"},"keywords":["dotacja","grzegorz schetyna","inwestycja","jacek paj\u0105k","\u0141apan\u00f3w","Nowy Wi\u015bnicz","remont","remont drogi","schetyn\u00f3wki","starosta","tomasz ca\u0142ka","wicestarosta"],"articleSection":["2_ostatnie"],"inLanguage":"pl-PL","potentialAction":[{"@type":"CommentAction","name":"Comment","target":["https:\/\/www.mojabochnia.pl\/?p=8915#respond"]}]},{"@type":"WebPage","@id":"https:\/\/www.mojabochnia.pl\/?p=8915","url":"https:\/\/www.mojabochnia.pl\/?p=8915","name":"Powiat zaczyna remonty z tzw. schetyn\u00f3wek - mojabochnia.pl - portal informacyjny","isPartOf":{"@id":"https:\/\/www.mojabochnia.pl\/#website"},"datePublished":"2009-05-12T04:35:36+00:00","breadcrumb":{"@id":"https:\/\/www.mojabochnia.pl\/?p=8915#breadcrumb"},"inLanguage":"pl-PL","potentialAction":[{"@type":"ReadAction","target":["https:\/\/www.mojabochnia.pl\/?p=8915"]}]},{"@type":"BreadcrumbList","@id":"https:\/\/www.mojabochnia.pl\/?p=8915#breadcrumb","itemListElement":[{"@type":"ListItem","position":1,"name":"Home","item":"https:\/\/www.mojabochnia.pl\/"},{"@type":"ListItem","position":2,"name":"Powiat zaczyna remonty z tzw. schetyn\u00f3wek"}]},{"@type":"WebSite","@id":"https:\/\/www.mojabochnia.pl\/#website","url":"https:\/\/www.mojabochnia.pl\/","name":"mojabochnia.pl - portal informacyjny","description":"mojaBochnia to portal informacyjny o Bochni. Codziennie o Bochni piszemy i pokazujemy najwa\u017cniejsze wydarzenia","publisher":{"@id":"https:\/\/www.mojabochnia.pl\/#organization"},"potentialAction":[{"@type":"SearchAction","target":{"@type":"EntryPoint","urlTemplate":"https:\/\/www.mojabochnia.pl\/?s={search_term_string}"},"query-input":{"@type":"PropertyValueSpecification","valueRequired":true,"valueName":"search_term_string"}}],"inLanguage":"pl-PL"},{"@type":"Organization","@id":"https:\/\/www.mojabochnia.pl\/#organization","name":"mojabochnia.pl - portal informacyjny","url":"https:\/\/www.mojabochnia.pl\/","logo":{"@type":"ImageObject","inLanguage":"pl-PL","@id":"https:\/\/www.mojabochnia.pl\/#\/schema\/logo\/image\/","url":"https:\/\/www.mojabochnia.pl\/wp-content\/uploads\/2017\/08\/logo-mb-opt.png","contentUrl":"https:\/\/www.mojabochnia.pl\/wp-content\/uploads\/2017\/08\/logo-mb-opt.png","width":250,"height":48,"caption":"mojabochnia.pl - portal informacyjny"},"image":{"@id":"https:\/\/www.mojabochnia.pl\/#\/schema\/logo\/image\/"},"sameAs":["https:\/\/www.facebook.com\/mojabochnia"]},{"@type":"Person","@id":"https:\/\/www.mojabochnia.pl\/#\/schema\/person\/ea042e4724a77627963f02166828ead4","name":"Pawe\u0142 Michalczyk","url":"https:\/\/www.mojabochnia.pl\/?author=4"}]}},"_links":{"self":[{"href":"https:\/\/www.mojabochnia.pl\/index.php?rest_route=\/wp\/v2\/posts\/8915","targetHints":{"allow":["GET"]}}],"collection":[{"href":"https:\/\/www.mojabochnia.pl\/index.php?rest_route=\/wp\/v2\/posts"}],"about":[{"href":"https:\/\/www.mojabochnia.pl\/index.php?rest_route=\/wp\/v2\/types\/post"}],"author":[{"embeddable":true,"href":"https:\/\/www.mojabochnia.pl\/index.php?rest_route=\/wp\/v2\/users\/4"}],"replies":[{"embeddable":true,"href":"https:\/\/www.mojabochnia.pl\/index.php?rest_route=%2Fwp%2Fv2%2Fcomments&post=8915"}],"version-history":[{"count":0,"href":"https:\/\/www.mojabochnia.pl\/index.php?rest_route=\/wp\/v2\/posts\/8915\/revisions"}],"wp:attachment":[{"href":"https:\/\/www.mojabochnia.pl\/index.php?rest_route=%2Fwp%2Fv2%2Fmedia&parent=8915"}],"wp:term":[{"taxonomy":"category","embeddable":true,"href":"https:\/\/www.mojabochnia.pl\/index.php?rest_route=%2Fwp%2Fv2%2Fcategories&post=8915"},{"taxonomy":"post_tag","embeddable":true,"href":"https:\/\/www.mojabochnia.pl\/index.php?rest_route=%2Fwp%2Fv2%2Ftags&post=8915"}],"curies":[{"name":"wp","href":"https:\/\/api.w.org\/{rel}","templated":true}]}}