{"id":8905,"date":"2009-05-11T15:20:42","date_gmt":"2009-05-11T13:20:42","guid":{"rendered":"http:\/\/www.mojabochnia.pl\/?p=8905"},"modified":"2009-05-12T08:27:00","modified_gmt":"2009-05-12T06:27:00","slug":"bochenskie-obchody-dnia-strazaka-2009","status":"publish","type":"post","link":"https:\/\/www.mojabochnia.pl\/?p=8905","title":{"rendered":"Boche\u0144skie obchody Dnia Stra\u017caka &#8211; galeria"},"content":{"rendered":"<p>Tegoroczne obchody Dnia Stra\u017caka 2009 powiatu boche\u0144skiego zbieg\u0142y si\u0119 z jeszcze jednym wa\u017cnym wydarzeniem. &#8211; <em>T\u0105 donios\u0142\u0105, radosn\u0105 dla nas stra\u017cak\u00f3w uroczysto\u015b\u0107 \u0142\u0105czymy ze 140 rocznic\u0105 powstania Ochotniczej Stra\u017cy Po\u017carnej w Bochni, kt\u00f3rej bardzo wspania\u0142e i szczytne tradycje staramy si\u0119 kontynuowa\u0107<\/em> \u2013 powiedzia\u0142 Krzysztof Kokoszka, Komendant Powiatowej Pa\u0144stwowej Stra\u017cy Po\u017carnej w Bochni.<\/p>\n<p>G\u0142\u00f3wnym punktem tego dnia by\u0142o po\u015bwi\u0119cenie i przekazanie nowego wozu stra\u017cackiego. Nowy pojazd to ci\u0119\u017cki samoch\u00f3d ratownictwa technicznego na podwoziu Volvo. Samoch\u00f3d ten jest przeznaczony do udzia\u0142u w ci\u0119\u017ckich wypadkach samochodowych, z udzia\u0142em aut ci\u0119\u017carowych. &#8211; <em>W\u00f3z oddany w u\u017cytkowanie Stra\u017cy Po\u017carnej posiada wszystkie wymagane certyfikaty i dopuszczenia, spe\u0142nia wszystkie normy europejskie i krajowe. Koszt zakupu z podstawowym wyposa\u017ceniem wynosi ok. 1200 000 z\u0142otych, jego posiadanie to oczywisty pow\u00f3d do dumy<\/em> \u2013 doda\u0142 Krzysztof Kokoszka. Wyposa\u017cony jest m.in. w d\u017awig, kt\u00f3ry pozwala na podnoszenie i przemieszczanie innych pojazd\u00f3w oraz element\u00f3w konstrukcji budowlanych. Warto doda\u0107, \u017ce jedynie 5 komend Pa\u0144stwowej Stra\u017cy Po\u017carnej w naszym wojew\u00f3dztwie posiada pojazd tego typu. Uroczystego po\u015bwi\u0119cenia wozu dokona\u0142 ks. Zdzis\u0142aw Sadko z parafii \u015aw. Miko\u0142aja w Bochni.<\/p>\n<p><img decoding=\"async\" src=\"\/f\/2009\/05\/090511_an_dzien_strazaka5.jpg\" alt=\"null\" \/><\/p>\n<p>&#8211; <em>Dzie\u0144 Stra\u017caka to r\u00f3wnie\u017c dzie\u0144 w kt\u00f3rym wielu stra\u017cak\u00f3w zostanie odznaczonych, wyr\u00f3\u017cnionych i awansowanych na wy\u017csze stopnie s\u0142u\u017cbowe. Na t\u0119 wysok\u0105 ocen\u0119 zapracowali pe\u0142ni\u0105c na co dzie\u0144 trudn\u0105 i odpowiedzialn\u0105 powinno\u015b\u0107 dla dobra Rzeczypospolitej i jej obywateli<\/em> \u2013 powiedzia\u0142 w przem\u00f3wieniu Krzysztof Kokoszka. Wyr\u00f3\u017cnienia zosta\u0142y przyznane za m.in. d\u0142ugoletni\u0105 s\u0142u\u017cb\u0119, za zas\u0142ugi dla Ochrony Przeciwpo\u017carowej, za zas\u0142ugi dla po\u017carnictwa. Wr\u0119czenie odznacze\u0144 dokona\u0142 Stanis\u0142aw Sorys, Wicewojewoda Ma\u0142opolski wraz z przedstawicielami w\u0142adz. Okoliczno\u015bciowym toporkiem stra\u017cackim przyznanym przez Krzysztofa Kokoszk\u0119 zostali wyr\u00f3\u017cnieni ci, kt\u00f3rzy przyczynili si\u0119 do poprawy wyposa\u017cenia w sprz\u0119t po\u017carniczy w komendzie oraz poprawy bezpiecze\u0144stwa mieszka\u0144c\u00f3w powiatu boche\u0144skiego. <\/p>\n<p><img decoding=\"async\" src=\"\/f\/2009\/05\/090511_an_dzien_strazaka.jpg\" alt=\"null\" \/><\/p>\n<p>Medalem za d\u0142ugoletni\u0105 s\u0142u\u017cb\u0119 Prezydent RP odznaczy\u0142:<br \/>\n1. Raczkowska-N\u00f3\u017cka Irena (Z\u0142oty Medal)<br \/>\n2. St. ogn. Gadowski Rados\u0142aw (Srebrny Medal)<br \/>\n3. Go\u0142das Pawe\u0142 (Srebrny Medal)<br \/>\n4. M\u0142. kpt. Kmiecik Antoni (Srebrny Medal)<br \/>\n5. Kpt. Radzi\u0119ta Tadeusz (Srebrny Medal)<br \/>\n6. St. ogn. Sta\u0144do Janusz (Srebrny Medal)<br \/>\n7. St. ogn. Turek Adam (Srebrny Medal)<br \/>\n8. St. ogn. \u0141\u0105cki Stanis\u0142aw (Br\u0105zowy Medal)<br \/>\n9. M\u0142. kpt. Wydrych Gerard (Br\u0105zowy Medal) <\/p>\n<p><img decoding=\"async\" src=\"\/f\/2009\/05\/090511_an_dzien_strazaka10.jpg\" alt=\"null\" \/><\/p>\n<p>Odznaczenia Ministra Spraw Wewn\u0119trznych i Administracji oraz Ministra Obrony Narodowej. Br\u0105zow\u0105 Odznak\u0105 Zas\u0142u\u017cony dla Ochrony Przeciwpo\u017carowej odznaczeni zostali:<br \/>\n1. B\u0142oniarz Jerzy<br \/>\n2. Lysy Jerzy<br \/>\n3. m\u0142. insp. Rudnik Marek<br \/>\n4. Bukowiec Stanis\u0142aw<br \/>\n5. ogn. Szostak Adam<br \/>\nBr\u0105zowy Medal Za zas\u0142ugi dla Obronno\u015bci Kraju<br \/>\n1. St. kpt. Cie\u015bla Grzegorz<br \/>\n2. St. kpt. Mroczek Miros\u0142aw <\/p>\n<p>Z\u0142otym, Srebrnym i Br\u0105zowym Medalem Za Zas\u0142ugi dla Po\u017carnictwa:<br \/>\n1. W\u00f3jcik Waldemar (Z\u0142oty Medal)<br \/>\n2. ogn. Krzy\u017cak S\u0142awomir (Z\u0142oty Medal)<br \/>\n3. m\u0142. kpt. Kufta Marek (Z\u0142oty Medal)<br \/>\n4. ogn. Szostak Adam (Z\u0142oty Medal)<br \/>\n5. pp\u0142k. \u017bera W\u0142odzimierz (Srebrny Medal)<br \/>\n6. mjr. Caba\u0142a Krzysztof (Srebrny Medal)<br \/>\n7. pp\u0142k. Koziara Grzegorz (Srebrny Medal)<br \/>\n8. podinsp. Jakubas Marek (Srebrny Medal)<br \/>\n9. st. ogn. Skoczek Krzysztof (Srebrny Medal)<br \/>\n10. Kosturkiewicz Bogdan (Br\u0105zowy Medal)<br \/>\n11. Mazur Zbigniew (Br\u0105zowy Medal)<br \/>\n12. m\u0142. ogn. Jarmu\u0142a Jaros\u0142aw (Br\u0105zowy Medal)<br \/>\n13. kpt. Sajak Witold (Br\u0105zowy Medal) <\/p>\n<p>Awanse w stopniach s\u0142u\u017cbowych:<br \/>\n1. m\u0142. bryg. Wolak Maciej<br \/>\n2. kpt. Cie\u015bla Robert<br \/>\n3. kpt. Kica Barbara<br \/>\n4. kpt. Sajak Witold<br \/>\n5. asp. Tr\u0105ba Leszek<br \/>\n6. asp. G\u00f3rka Tomasz<br \/>\n7. st. og. Gadowski Rados\u0142aw.<br \/>\n8. ogn. Szostak Adam<br \/>\n9. m\u0142. ogn. Jarmu\u0142a Jaros\u0142aw<br \/>\n10. m\u0142. ogn. Ma\u0142ek Aleksander<br \/>\n11. st. sekc. Dudek Jan<br \/>\n12. st. sekc. Dudek Stanis\u0142aw<br \/>\n13. st. sekc. Surma Robert<\/p>\n<p>Okoliczno\u015bciowym Toporkiem Stra\u017cackim za aktywn\u0105 dzia\u0142alno\u015b\u0107 na rzecz poprawy bezpiecze\u0144stwa mieszka\u0144c\u00f3w powiatu boche\u0144skiego zostali wyr\u00f3\u017cnieni:<br \/>\n1. Jerzy Miller Wojewoda Ma\u0142opolski<br \/>\n2. Stanis\u0142aw Sorys Wicewojewoda Ma\u0142opolski<br \/>\n3. Roman Ciepiela Wicemarsza\u0142ek Wojew\u00f3dztwa Ma\u0142opolskiego<br \/>\n4. st. bryg. Andrzej Mr\u00f3z Ma\u0142opolskiego Komendant Wojew\u00f3dzki<br \/>\n5.  Jacek Paj\u0105k, Starosta Boche\u0144ski<br \/>\n6. Krzysztof Bolek, Prezes Wojew\u00f3dzkiego Funduszu Ochrony \u015arodowiska, <\/p>\n<p><img decoding=\"async\" src=\"\/f\/2009\/05\/090511_an_dzien_strazaka3.jpg\" alt=\"null\" \/><\/p>\n<p>Dyplomem za aktywn\u0105 pomoc w zakupie samochodu SCRt Volvo oraz dzia\u0142ania na rzecz ochrony przeciwpo\u017carowej i poprawy bezpiecze\u0144stwa mieszka\u0144c\u00f3w powiatu boche\u0144skiego zostali wyr\u00f3\u017cnieni:<br \/>\n1. Bogdan Kosturkiewicz, Burmistrz Miasta Bochnia<br \/>\n2. Stanis\u0142aw Gaworczyk, Burmistrz Miasta i Gminy Nowy Wi\u015bnicz<br \/>\n3. Jerzy Lysy, W\u00f3jt Gminy Bochnia<br \/>\n4. Jan Kulig, W\u00f3jt Gminy \u0141apan\u00f3w<br \/>\n5. J\u00f3zef S\u0142onina, W\u00f3jt Gminy Rzezawa<br \/>\n6. Jerzy B\u0142oniarz, W\u00f3jt Gminy \u017begocina<br \/>\n7. J\u00f3zef Nowak, W\u00f3jt Gminy Trzciana<br \/>\n8. Tadeusz Klimek, W\u00f3jt Gminy Lipnica Murowana<br \/>\n9.  Andrzej Kular, W\u00f3jt Gminy Drwinia<\/p>\n<p><img decoding=\"async\" src=\"\/f\/2009\/05\/090511_an_dzien_strazaka2.jpg\" alt=\"null\" \/><\/p>\n<p><img decoding=\"async\" src=\"\/f\/2009\/05\/090511_an_dzien_strazaka4.jpg\" alt=\"null\" \/><br \/>\n<img decoding=\"async\" src=\"\/f\/2009\/05\/090511_an_dzien_strazaka6.jpg\" alt=\"null\" \/><br \/>\n<img decoding=\"async\" src=\"\/f\/2009\/05\/090511_an_dzien_strazaka11.jpg\" alt=\"null\" \/><br \/>\n<img decoding=\"async\" src=\"\/f\/2009\/05\/090511_an_dzien_strazaka12.jpg\" alt=\"null\" \/><\/p>\n","protected":false},"excerpt":{"rendered":"<p>Uroczysto\u015bci Dnia Stra\u017caka powiatu boche\u0144skiego u\u015bwietni\u0142o po\u015bwi\u0119cenie i przekazanie nowego wozu stra\u017cackiego. Pojazd tego typu posiada jedynie 5 komend na terenie naszego wojew\u00f3dztwa.<\/p>\n","protected":false},"author":1,"featured_media":0,"comment_status":"open","ping_status":"closed","sticky":false,"template":"","format":"standard","meta":{"_acf_changed":false,"footnotes":""},"categories":[5],"tags":[17230,3796,17136,701,17248,2143,3572,3944,3893,17141,3947,3943,3946],"class_list":["post-8905","post","type-post","status-publish","format-standard","hentry","category-biezace-wydarzenia","tag-awans","tag-dzien-strazaka","tag-jacek-pajak","tag-krzysztof-kokoszka","tag-ks-zdzislaw-sadko","tag-ochotnicza-straz-pozarna","tag-odznaczenia","tag-powiatowa-panstwowa-straz-pozarna","tag-stanislaw-sorys","tag-straz-pozarna","tag-wicewojewoda-malopolski","tag-woz-strazacki","tag-wyroznienia"],"acf":[],"yoast_head":"<!-- This site is optimized with the Yoast SEO plugin v26.9 - https:\/\/yoast.com\/product\/yoast-seo-wordpress\/ -->\n<title>Boche\u0144skie obchody Dnia Stra\u017caka - galeria - mojabochnia.pl - portal informacyjny<\/title>\n<meta name=\"robots\" content=\"index, follow, max-snippet:-1, max-image-preview:large, max-video-preview:-1\" \/>\n<link rel=\"canonical\" href=\"https:\/\/www.mojabochnia.pl\/?p=8905\" \/>\n<meta property=\"og:locale\" content=\"pl_PL\" \/>\n<meta property=\"og:type\" content=\"article\" \/>\n<meta property=\"og:title\" content=\"Boche\u0144skie obchody Dnia Stra\u017caka - galeria - mojabochnia.pl - portal informacyjny\" \/>\n<meta property=\"og:description\" content=\"Uroczysto\u015bci Dnia Stra\u017caka powiatu boche\u0144skiego u\u015bwietni\u0142o po\u015bwi\u0119cenie i przekazanie nowego wozu stra\u017cackiego. Pojazd tego typu posiada jedynie 5 komend na terenie naszego wojew\u00f3dztwa.\" \/>\n<meta property=\"og:url\" content=\"https:\/\/www.mojabochnia.pl\/?p=8905\" \/>\n<meta property=\"og:site_name\" content=\"mojabochnia.pl - portal informacyjny\" \/>\n<meta property=\"article:publisher\" content=\"https:\/\/www.facebook.com\/mojabochnia\" \/>\n<meta property=\"article:published_time\" content=\"2009-05-11T13:20:42+00:00\" \/>\n<meta property=\"article:modified_time\" content=\"2009-05-12T06:27:00+00:00\" \/>\n<meta name=\"author\" content=\"administrator\" \/>\n<meta name=\"twitter:card\" content=\"summary_large_image\" \/>\n<meta name=\"twitter:label1\" content=\"Written by\" \/>\n\t<meta name=\"twitter:data1\" content=\"administrator\" \/>\n\t<meta name=\"twitter:label2\" content=\"Est. reading time\" \/>\n\t<meta name=\"twitter:data2\" content=\"4 minuty\" \/>\n<script type=\"application\/ld+json\" class=\"yoast-schema-graph\">{\"@context\":\"https:\/\/schema.org\",\"@graph\":[{\"@type\":\"Article\",\"@id\":\"https:\/\/www.mojabochnia.pl\/?p=8905#article\",\"isPartOf\":{\"@id\":\"https:\/\/www.mojabochnia.pl\/?p=8905\"},\"author\":{\"name\":\"administrator\",\"@id\":\"https:\/\/www.mojabochnia.pl\/#\/schema\/person\/c00e1f64e6fa0e6de6d410f2c340017f\"},\"headline\":\"Boche\u0144skie obchody Dnia Stra\u017caka &#8211; galeria\",\"datePublished\":\"2009-05-11T13:20:42+00:00\",\"dateModified\":\"2009-05-12T06:27:00+00:00\",\"mainEntityOfPage\":{\"@id\":\"https:\/\/www.mojabochnia.pl\/?p=8905\"},\"wordCount\":795,\"commentCount\":0,\"publisher\":{\"@id\":\"https:\/\/www.mojabochnia.pl\/#organization\"},\"keywords\":[\"awans\",\"dzie\u0144 stra\u017caka\",\"jacek paj\u0105k\",\"krzysztof kokoszka\",\"ks. zdzis\u0142aw sadko\",\"ochotnicza stra\u017c po\u017carna\",\"odznaczenia\",\"powiatowa pa\u0144stwowa stra\u017c po\u017carna\",\"stanis\u0142aw sorys\",\"stra\u017c po\u017carna\",\"wicewojewoda ma\u0142opolski\",\"w\u00f3z stra\u017cacki\",\"wyr\u00f3\u017cnienia\"],\"articleSection\":[\"2_ostatnie\"],\"inLanguage\":\"pl-PL\",\"potentialAction\":[{\"@type\":\"CommentAction\",\"name\":\"Comment\",\"target\":[\"https:\/\/www.mojabochnia.pl\/?p=8905#respond\"]}]},{\"@type\":\"WebPage\",\"@id\":\"https:\/\/www.mojabochnia.pl\/?p=8905\",\"url\":\"https:\/\/www.mojabochnia.pl\/?p=8905\",\"name\":\"Boche\u0144skie obchody Dnia Stra\u017caka - galeria - mojabochnia.pl - portal informacyjny\",\"isPartOf\":{\"@id\":\"https:\/\/www.mojabochnia.pl\/#website\"},\"datePublished\":\"2009-05-11T13:20:42+00:00\",\"dateModified\":\"2009-05-12T06:27:00+00:00\",\"breadcrumb\":{\"@id\":\"https:\/\/www.mojabochnia.pl\/?p=8905#breadcrumb\"},\"inLanguage\":\"pl-PL\",\"potentialAction\":[{\"@type\":\"ReadAction\",\"target\":[\"https:\/\/www.mojabochnia.pl\/?p=8905\"]}]},{\"@type\":\"BreadcrumbList\",\"@id\":\"https:\/\/www.mojabochnia.pl\/?p=8905#breadcrumb\",\"itemListElement\":[{\"@type\":\"ListItem\",\"position\":1,\"name\":\"Home\",\"item\":\"https:\/\/www.mojabochnia.pl\/\"},{\"@type\":\"ListItem\",\"position\":2,\"name\":\"Boche\u0144skie obchody Dnia Stra\u017caka &#8211; galeria\"}]},{\"@type\":\"WebSite\",\"@id\":\"https:\/\/www.mojabochnia.pl\/#website\",\"url\":\"https:\/\/www.mojabochnia.pl\/\",\"name\":\"mojabochnia.pl - portal informacyjny\",\"description\":\"mojaBochnia to portal informacyjny o Bochni. Codziennie o Bochni piszemy i pokazujemy najwa\u017cniejsze wydarzenia\",\"publisher\":{\"@id\":\"https:\/\/www.mojabochnia.pl\/#organization\"},\"potentialAction\":[{\"@type\":\"SearchAction\",\"target\":{\"@type\":\"EntryPoint\",\"urlTemplate\":\"https:\/\/www.mojabochnia.pl\/?s={search_term_string}\"},\"query-input\":{\"@type\":\"PropertyValueSpecification\",\"valueRequired\":true,\"valueName\":\"search_term_string\"}}],\"inLanguage\":\"pl-PL\"},{\"@type\":\"Organization\",\"@id\":\"https:\/\/www.mojabochnia.pl\/#organization\",\"name\":\"mojabochnia.pl - portal informacyjny\",\"url\":\"https:\/\/www.mojabochnia.pl\/\",\"logo\":{\"@type\":\"ImageObject\",\"inLanguage\":\"pl-PL\",\"@id\":\"https:\/\/www.mojabochnia.pl\/#\/schema\/logo\/image\/\",\"url\":\"https:\/\/www.mojabochnia.pl\/wp-content\/uploads\/2017\/08\/logo-mb-opt.png\",\"contentUrl\":\"https:\/\/www.mojabochnia.pl\/wp-content\/uploads\/2017\/08\/logo-mb-opt.png\",\"width\":250,\"height\":48,\"caption\":\"mojabochnia.pl - portal informacyjny\"},\"image\":{\"@id\":\"https:\/\/www.mojabochnia.pl\/#\/schema\/logo\/image\/\"},\"sameAs\":[\"https:\/\/www.facebook.com\/mojabochnia\"]},{\"@type\":\"Person\",\"@id\":\"https:\/\/www.mojabochnia.pl\/#\/schema\/person\/c00e1f64e6fa0e6de6d410f2c340017f\",\"name\":\"administrator\",\"url\":\"https:\/\/www.mojabochnia.pl\/?author=1\"}]}<\/script>\n<!-- \/ Yoast SEO plugin. -->","yoast_head_json":{"title":"Boche\u0144skie obchody Dnia Stra\u017caka - galeria - mojabochnia.pl - portal informacyjny","robots":{"index":"index","follow":"follow","max-snippet":"max-snippet:-1","max-image-preview":"max-image-preview:large","max-video-preview":"max-video-preview:-1"},"canonical":"https:\/\/www.mojabochnia.pl\/?p=8905","og_locale":"pl_PL","og_type":"article","og_title":"Boche\u0144skie obchody Dnia Stra\u017caka - galeria - mojabochnia.pl - portal informacyjny","og_description":"Uroczysto\u015bci Dnia Stra\u017caka powiatu boche\u0144skiego u\u015bwietni\u0142o po\u015bwi\u0119cenie i przekazanie nowego wozu stra\u017cackiego. Pojazd tego typu posiada jedynie 5 komend na terenie naszego wojew\u00f3dztwa.","og_url":"https:\/\/www.mojabochnia.pl\/?p=8905","og_site_name":"mojabochnia.pl - portal informacyjny","article_publisher":"https:\/\/www.facebook.com\/mojabochnia","article_published_time":"2009-05-11T13:20:42+00:00","article_modified_time":"2009-05-12T06:27:00+00:00","author":"administrator","twitter_card":"summary_large_image","twitter_misc":{"Written by":"administrator","Est. reading time":"4 minuty"},"schema":{"@context":"https:\/\/schema.org","@graph":[{"@type":"Article","@id":"https:\/\/www.mojabochnia.pl\/?p=8905#article","isPartOf":{"@id":"https:\/\/www.mojabochnia.pl\/?p=8905"},"author":{"name":"administrator","@id":"https:\/\/www.mojabochnia.pl\/#\/schema\/person\/c00e1f64e6fa0e6de6d410f2c340017f"},"headline":"Boche\u0144skie obchody Dnia Stra\u017caka &#8211; galeria","datePublished":"2009-05-11T13:20:42+00:00","dateModified":"2009-05-12T06:27:00+00:00","mainEntityOfPage":{"@id":"https:\/\/www.mojabochnia.pl\/?p=8905"},"wordCount":795,"commentCount":0,"publisher":{"@id":"https:\/\/www.mojabochnia.pl\/#organization"},"keywords":["awans","dzie\u0144 stra\u017caka","jacek paj\u0105k","krzysztof kokoszka","ks. zdzis\u0142aw sadko","ochotnicza stra\u017c po\u017carna","odznaczenia","powiatowa pa\u0144stwowa stra\u017c po\u017carna","stanis\u0142aw sorys","stra\u017c po\u017carna","wicewojewoda ma\u0142opolski","w\u00f3z stra\u017cacki","wyr\u00f3\u017cnienia"],"articleSection":["2_ostatnie"],"inLanguage":"pl-PL","potentialAction":[{"@type":"CommentAction","name":"Comment","target":["https:\/\/www.mojabochnia.pl\/?p=8905#respond"]}]},{"@type":"WebPage","@id":"https:\/\/www.mojabochnia.pl\/?p=8905","url":"https:\/\/www.mojabochnia.pl\/?p=8905","name":"Boche\u0144skie obchody Dnia Stra\u017caka - galeria - mojabochnia.pl - portal informacyjny","isPartOf":{"@id":"https:\/\/www.mojabochnia.pl\/#website"},"datePublished":"2009-05-11T13:20:42+00:00","dateModified":"2009-05-12T06:27:00+00:00","breadcrumb":{"@id":"https:\/\/www.mojabochnia.pl\/?p=8905#breadcrumb"},"inLanguage":"pl-PL","potentialAction":[{"@type":"ReadAction","target":["https:\/\/www.mojabochnia.pl\/?p=8905"]}]},{"@type":"BreadcrumbList","@id":"https:\/\/www.mojabochnia.pl\/?p=8905#breadcrumb","itemListElement":[{"@type":"ListItem","position":1,"name":"Home","item":"https:\/\/www.mojabochnia.pl\/"},{"@type":"ListItem","position":2,"name":"Boche\u0144skie obchody Dnia Stra\u017caka &#8211; galeria"}]},{"@type":"WebSite","@id":"https:\/\/www.mojabochnia.pl\/#website","url":"https:\/\/www.mojabochnia.pl\/","name":"mojabochnia.pl - portal informacyjny","description":"mojaBochnia to portal informacyjny o Bochni. Codziennie o Bochni piszemy i pokazujemy najwa\u017cniejsze wydarzenia","publisher":{"@id":"https:\/\/www.mojabochnia.pl\/#organization"},"potentialAction":[{"@type":"SearchAction","target":{"@type":"EntryPoint","urlTemplate":"https:\/\/www.mojabochnia.pl\/?s={search_term_string}"},"query-input":{"@type":"PropertyValueSpecification","valueRequired":true,"valueName":"search_term_string"}}],"inLanguage":"pl-PL"},{"@type":"Organization","@id":"https:\/\/www.mojabochnia.pl\/#organization","name":"mojabochnia.pl - portal informacyjny","url":"https:\/\/www.mojabochnia.pl\/","logo":{"@type":"ImageObject","inLanguage":"pl-PL","@id":"https:\/\/www.mojabochnia.pl\/#\/schema\/logo\/image\/","url":"https:\/\/www.mojabochnia.pl\/wp-content\/uploads\/2017\/08\/logo-mb-opt.png","contentUrl":"https:\/\/www.mojabochnia.pl\/wp-content\/uploads\/2017\/08\/logo-mb-opt.png","width":250,"height":48,"caption":"mojabochnia.pl - portal informacyjny"},"image":{"@id":"https:\/\/www.mojabochnia.pl\/#\/schema\/logo\/image\/"},"sameAs":["https:\/\/www.facebook.com\/mojabochnia"]},{"@type":"Person","@id":"https:\/\/www.mojabochnia.pl\/#\/schema\/person\/c00e1f64e6fa0e6de6d410f2c340017f","name":"administrator","url":"https:\/\/www.mojabochnia.pl\/?author=1"}]}},"_links":{"self":[{"href":"https:\/\/www.mojabochnia.pl\/index.php?rest_route=\/wp\/v2\/posts\/8905","targetHints":{"allow":["GET"]}}],"collection":[{"href":"https:\/\/www.mojabochnia.pl\/index.php?rest_route=\/wp\/v2\/posts"}],"about":[{"href":"https:\/\/www.mojabochnia.pl\/index.php?rest_route=\/wp\/v2\/types\/post"}],"author":[{"embeddable":true,"href":"https:\/\/www.mojabochnia.pl\/index.php?rest_route=\/wp\/v2\/users\/1"}],"replies":[{"embeddable":true,"href":"https:\/\/www.mojabochnia.pl\/index.php?rest_route=%2Fwp%2Fv2%2Fcomments&post=8905"}],"version-history":[{"count":0,"href":"https:\/\/www.mojabochnia.pl\/index.php?rest_route=\/wp\/v2\/posts\/8905\/revisions"}],"wp:attachment":[{"href":"https:\/\/www.mojabochnia.pl\/index.php?rest_route=%2Fwp%2Fv2%2Fmedia&parent=8905"}],"wp:term":[{"taxonomy":"category","embeddable":true,"href":"https:\/\/www.mojabochnia.pl\/index.php?rest_route=%2Fwp%2Fv2%2Fcategories&post=8905"},{"taxonomy":"post_tag","embeddable":true,"href":"https:\/\/www.mojabochnia.pl\/index.php?rest_route=%2Fwp%2Fv2%2Ftags&post=8905"}],"curies":[{"name":"wp","href":"https:\/\/api.w.org\/{rel}","templated":true}]}}