{"id":87374,"date":"2013-03-19T13:09:21","date_gmt":"2013-03-19T12:09:21","guid":{"rendered":"http:\/\/www.mojabochnia.pl\/?p=87374"},"modified":"2013-03-19T17:44:30","modified_gmt":"2013-03-19T16:44:30","slug":"chor-pueri-cantores-z-grand-prix-w-zorach","status":"publish","type":"post","link":"https:\/\/www.mojabochnia.pl\/?p=87374","title":{"rendered":"Ch\u00f3r Pueri Cantores z Grand Prix w \u017borach"},"content":{"rendered":"<p>Zesp\u00f3\u0142 swoim wyst\u0119pem podbi\u0142 serca juror\u00f3w oraz licznie zgromadzonej publiczno\u015bci. W konkursie wyst\u0105pi\u0142o 19 ch\u00f3r\u00f3w ko\u015bcielnych z ca\u0142ej Polski. Wiele utytu\u0142owanych, z kilkudziesi\u0119cioletni\u0105 tradycj\u0105 \u015bpiewania. <em>Tym wi\u0119ksza nasza rado\u015b\u0107 ze zdobytej nagrody. Wida\u0107, \u017ce systematyczna praca i zaanga\u017cowanie ch\u0142opc\u00f3w w \u015bpiew przynosi muzyczne efekty<\/em> \u2013 m\u00f3wi dyrygent i za\u0142o\u017cyciel ch\u00f3ru, ks. Stanis\u0142aw Adamczyk.<\/p>\n<p>O tych efektach \u015bwiadczy nie tylko nagroda w \u017borach, ale tak\u017ce liczne zaproszenia do udzia\u0142u w festiwalach i wielkich muzycznych przedsi\u0119wzi\u0119ciach, jak cho\u0107by ubieg\u0142oroczne prawykonanie Pasji wg \u015awi\u0119tego \u0141ukasza, w re\u017cyserii Grzegorza Jarzyny, pod dyrekcj\u0105 kompozytora Krzysztofa Pendereckiego.   <\/p>\n<p>Podczas konkursu w \u017borach, zespo\u0142y ocenia\u0142o jury w sk\u0142adzie: ks. dr Wies\u0142aw Hudek, prof. dr hab. Miros\u0142awa Knapik, dr Joanna Glenc, Ewa Adamczyk-\u015acibik oraz Zofia Ma\u0144ka-B\u0142aszczyk. <\/p>\n<p>Pierwsz\u0105 nagrod\u0119 zdoby\u0142 ch\u00f3r Epifania z Warszawy, drugie miejsce przypad\u0142o ch\u00f3rowi Corda Cordi ze \u015aremy w Wielkopolsce. Na trzeciej pozycji uplasowa\u0142y si\u0119 ex-aequo dwa ch\u00f3ry z Katowic. <\/p>\n<p>\u015apiewaj\u0105cy ch\u0142opcy opr\u00f3cz zaszczytnego tytu\u0142u przywie\u017ali poz\u0142acan\u0105 Piet\u0119, wykonan\u0105 przez \u017corskiego artyst\u0119 Alojzego B\u0142\u0119dowskiego i nagrod\u0119 pieni\u0119\u017cn\u0105.<\/p>\n<p>Warto doda\u0107, \u017ce Ch\u00f3r \u201ePueri Cantores Sancti Nicolai\u201d wygra\u0142 w \u017borach ju\u017c po raz drugi. Poprzednie Grand Prix zdoby\u0142 tu w 2006 roku. <\/p>\n<p>Fot. Przemys\u0142aw Kucharczak<\/p>\n\t  \r\n\t\r\n\t    <div class=\"mb-gallery\">\r\n\t    <a href=\"https:\/\/www.mojabochnia.pl\/?attachment_id=87376\" class=\"\"><img loading=\"lazy\" decoding=\"async\" width=\"100\" height=\"56\" src=\"https:\/\/www.mojabochnia.pl\/wp-content\/uploads\/2013\/03\/DSC02390-120x67.jpg\" class=\"attachment-100x100 size-100x100\" alt=\"\" srcset=\"https:\/\/www.mojabochnia.pl\/wp-content\/uploads\/2013\/03\/DSC02390-120x67.jpg 120w, https:\/\/www.mojabochnia.pl\/wp-content\/uploads\/2013\/03\/DSC02390-468x263.jpg 468w, https:\/\/www.mojabochnia.pl\/wp-content\/uploads\/2013\/03\/DSC02390-660x371.jpg 660w, https:\/\/www.mojabochnia.pl\/wp-content\/uploads\/2013\/03\/DSC02390.jpg 800w\" sizes=\"auto, (max-width: 100px) 100vw, 100px\" \/><\/a><a href=\"https:\/\/www.mojabochnia.pl\/?attachment_id=87377\" class=\"\"><img loading=\"lazy\" decoding=\"async\" width=\"100\" height=\"56\" src=\"https:\/\/www.mojabochnia.pl\/wp-content\/uploads\/2013\/03\/DSC02394-120x67.jpg\" class=\"attachment-100x100 size-100x100\" alt=\"\" srcset=\"https:\/\/www.mojabochnia.pl\/wp-content\/uploads\/2013\/03\/DSC02394-120x67.jpg 120w, https:\/\/www.mojabochnia.pl\/wp-content\/uploads\/2013\/03\/DSC02394-468x263.jpg 468w, https:\/\/www.mojabochnia.pl\/wp-content\/uploads\/2013\/03\/DSC02394-660x371.jpg 660w, https:\/\/www.mojabochnia.pl\/wp-content\/uploads\/2013\/03\/DSC02394.jpg 800w\" sizes=\"auto, (max-width: 100px) 100vw, 100px\" \/><\/a><a href=\"https:\/\/www.mojabochnia.pl\/?attachment_id=87378\" class=\"\"><img loading=\"lazy\" decoding=\"async\" width=\"100\" height=\"56\" src=\"https:\/\/www.mojabochnia.pl\/wp-content\/uploads\/2013\/03\/DSC02396-120x67.jpg\" class=\"attachment-100x100 size-100x100\" alt=\"\" srcset=\"https:\/\/www.mojabochnia.pl\/wp-content\/uploads\/2013\/03\/DSC02396-120x67.jpg 120w, https:\/\/www.mojabochnia.pl\/wp-content\/uploads\/2013\/03\/DSC02396-468x263.jpg 468w, https:\/\/www.mojabochnia.pl\/wp-content\/uploads\/2013\/03\/DSC02396-660x371.jpg 660w, https:\/\/www.mojabochnia.pl\/wp-content\/uploads\/2013\/03\/DSC02396.jpg 800w\" sizes=\"auto, (max-width: 100px) 100vw, 100px\" \/><\/a><a href=\"https:\/\/www.mojabochnia.pl\/?attachment_id=87379\" class=\"\"><img loading=\"lazy\" decoding=\"async\" width=\"100\" height=\"56\" src=\"https:\/\/www.mojabochnia.pl\/wp-content\/uploads\/2013\/03\/DSC02425-120x67.jpg\" class=\"attachment-100x100 size-100x100\" alt=\"\" srcset=\"https:\/\/www.mojabochnia.pl\/wp-content\/uploads\/2013\/03\/DSC02425-120x67.jpg 120w, https:\/\/www.mojabochnia.pl\/wp-content\/uploads\/2013\/03\/DSC02425-468x263.jpg 468w, https:\/\/www.mojabochnia.pl\/wp-content\/uploads\/2013\/03\/DSC02425-660x371.jpg 660w, https:\/\/www.mojabochnia.pl\/wp-content\/uploads\/2013\/03\/DSC02425.jpg 800w\" sizes=\"auto, (max-width: 100px) 100vw, 100px\" \/><\/a><a href=\"https:\/\/www.mojabochnia.pl\/?attachment_id=87380\" class=\"\"><img loading=\"lazy\" decoding=\"async\" width=\"100\" height=\"56\" src=\"https:\/\/www.mojabochnia.pl\/wp-content\/uploads\/2013\/03\/DSC02445-120x67.jpg\" class=\"attachment-100x100 size-100x100\" alt=\"\" srcset=\"https:\/\/www.mojabochnia.pl\/wp-content\/uploads\/2013\/03\/DSC02445-120x67.jpg 120w, https:\/\/www.mojabochnia.pl\/wp-content\/uploads\/2013\/03\/DSC02445-468x263.jpg 468w, https:\/\/www.mojabochnia.pl\/wp-content\/uploads\/2013\/03\/DSC02445-660x371.jpg 660w, https:\/\/www.mojabochnia.pl\/wp-content\/uploads\/2013\/03\/DSC02445.jpg 800w\" sizes=\"auto, (max-width: 100px) 100vw, 100px\" \/><\/a>\t    <\/div>\r\n\t    ","protected":false},"excerpt":{"rendered":"<p>Boche\u0144ski Ch\u00f3r Ch\u0142opi\u0119cy \u201ePueri Cantores Sancti Nicolai\u201d zdoby\u0142 Grand Prix na IX Og\u00f3lnopolskim Przegl\u0105dzie Ch\u00f3r\u00f3w Ko\u015bcielnych Pie\u015bni Pokutnej i Pasyjnej &#8211; \u017bory 2013. <\/p>\n","protected":false},"author":13,"featured_media":0,"comment_status":"open","ping_status":"closed","sticky":false,"template":"","format":"standard","meta":{"_acf_changed":false,"footnotes":""},"categories":[5,6247,92,6246,6250],"tags":[17490,17473,17299,1450],"class_list":["post-87374","post","type-post","status-publish","format-standard","hentry","category-biezace-wydarzenia","category-fotogaleria","category-kultura","category-medium","category-tematyka","tag-chor","tag-ks-stanislaw-adamczyk","tag-nagroda","tag-pueri-cantores-sancti-nicolai","main_tag-chor"],"acf":[],"yoast_head":"<!-- This site is optimized with the Yoast SEO plugin v26.9 - https:\/\/yoast.com\/product\/yoast-seo-wordpress\/ -->\n<title>Ch\u00f3r Pueri Cantores z Grand Prix w \u017borach - mojabochnia.pl - portal informacyjny<\/title>\n<meta name=\"robots\" content=\"index, follow, max-snippet:-1, max-image-preview:large, max-video-preview:-1\" \/>\n<link rel=\"canonical\" href=\"https:\/\/www.mojabochnia.pl\/?p=87374\" \/>\n<meta property=\"og:locale\" content=\"pl_PL\" \/>\n<meta property=\"og:type\" content=\"article\" \/>\n<meta property=\"og:title\" content=\"Ch\u00f3r Pueri Cantores z Grand Prix w \u017borach - mojabochnia.pl - portal informacyjny\" \/>\n<meta property=\"og:description\" content=\"Boche\u0144ski Ch\u00f3r Ch\u0142opi\u0119cy \u201ePueri Cantores Sancti Nicolai\u201d zdoby\u0142 Grand Prix na IX Og\u00f3lnopolskim Przegl\u0105dzie Ch\u00f3r\u00f3w Ko\u015bcielnych Pie\u015bni Pokutnej i Pasyjnej - \u017bory 2013.\" \/>\n<meta property=\"og:url\" content=\"https:\/\/www.mojabochnia.pl\/?p=87374\" \/>\n<meta property=\"og:site_name\" content=\"mojabochnia.pl - portal informacyjny\" \/>\n<meta property=\"article:publisher\" content=\"https:\/\/www.facebook.com\/mojabochnia\" \/>\n<meta property=\"article:published_time\" content=\"2013-03-19T12:09:21+00:00\" \/>\n<meta property=\"article:modified_time\" content=\"2013-03-19T16:44:30+00:00\" \/>\n<meta name=\"author\" content=\"redakcja\" \/>\n<meta name=\"twitter:card\" content=\"summary_large_image\" \/>\n<meta name=\"twitter:label1\" content=\"Written by\" \/>\n\t<meta name=\"twitter:data1\" content=\"redakcja\" \/>\n\t<meta name=\"twitter:label2\" content=\"Est. reading time\" \/>\n\t<meta name=\"twitter:data2\" content=\"1 minuta\" \/>\n<script type=\"application\/ld+json\" class=\"yoast-schema-graph\">{\"@context\":\"https:\/\/schema.org\",\"@graph\":[{\"@type\":\"Article\",\"@id\":\"https:\/\/www.mojabochnia.pl\/?p=87374#article\",\"isPartOf\":{\"@id\":\"https:\/\/www.mojabochnia.pl\/?p=87374\"},\"author\":{\"name\":\"redakcja\",\"@id\":\"https:\/\/www.mojabochnia.pl\/#\/schema\/person\/7e2f20ead9902216a3384f13606c0ab7\"},\"headline\":\"Ch\u00f3r Pueri Cantores z Grand Prix w \u017borach\",\"datePublished\":\"2013-03-19T12:09:21+00:00\",\"dateModified\":\"2013-03-19T16:44:30+00:00\",\"mainEntityOfPage\":{\"@id\":\"https:\/\/www.mojabochnia.pl\/?p=87374\"},\"wordCount\":244,\"commentCount\":0,\"publisher\":{\"@id\":\"https:\/\/www.mojabochnia.pl\/#organization\"},\"keywords\":[\"ch\u00f3r\",\"ks. stanis\u0142aw adamczyk\",\"nagroda\",\"pueri cantores sancti nicolai\"],\"articleSection\":[\"2_ostatnie\",\"fotogaleria\",\"kultura\",\"Medium\",\"tematyka\"],\"inLanguage\":\"pl-PL\",\"potentialAction\":[{\"@type\":\"CommentAction\",\"name\":\"Comment\",\"target\":[\"https:\/\/www.mojabochnia.pl\/?p=87374#respond\"]}]},{\"@type\":\"WebPage\",\"@id\":\"https:\/\/www.mojabochnia.pl\/?p=87374\",\"url\":\"https:\/\/www.mojabochnia.pl\/?p=87374\",\"name\":\"Ch\u00f3r Pueri Cantores z Grand Prix w \u017borach - mojabochnia.pl - portal informacyjny\",\"isPartOf\":{\"@id\":\"https:\/\/www.mojabochnia.pl\/#website\"},\"datePublished\":\"2013-03-19T12:09:21+00:00\",\"dateModified\":\"2013-03-19T16:44:30+00:00\",\"breadcrumb\":{\"@id\":\"https:\/\/www.mojabochnia.pl\/?p=87374#breadcrumb\"},\"inLanguage\":\"pl-PL\",\"potentialAction\":[{\"@type\":\"ReadAction\",\"target\":[\"https:\/\/www.mojabochnia.pl\/?p=87374\"]}]},{\"@type\":\"BreadcrumbList\",\"@id\":\"https:\/\/www.mojabochnia.pl\/?p=87374#breadcrumb\",\"itemListElement\":[{\"@type\":\"ListItem\",\"position\":1,\"name\":\"Home\",\"item\":\"https:\/\/www.mojabochnia.pl\/\"},{\"@type\":\"ListItem\",\"position\":2,\"name\":\"Ch\u00f3r Pueri Cantores z Grand Prix w \u017borach\"}]},{\"@type\":\"WebSite\",\"@id\":\"https:\/\/www.mojabochnia.pl\/#website\",\"url\":\"https:\/\/www.mojabochnia.pl\/\",\"name\":\"mojabochnia.pl - portal informacyjny\",\"description\":\"mojaBochnia to portal informacyjny o Bochni. Codziennie o Bochni piszemy i pokazujemy najwa\u017cniejsze wydarzenia\",\"publisher\":{\"@id\":\"https:\/\/www.mojabochnia.pl\/#organization\"},\"potentialAction\":[{\"@type\":\"SearchAction\",\"target\":{\"@type\":\"EntryPoint\",\"urlTemplate\":\"https:\/\/www.mojabochnia.pl\/?s={search_term_string}\"},\"query-input\":{\"@type\":\"PropertyValueSpecification\",\"valueRequired\":true,\"valueName\":\"search_term_string\"}}],\"inLanguage\":\"pl-PL\"},{\"@type\":\"Organization\",\"@id\":\"https:\/\/www.mojabochnia.pl\/#organization\",\"name\":\"mojabochnia.pl - portal informacyjny\",\"url\":\"https:\/\/www.mojabochnia.pl\/\",\"logo\":{\"@type\":\"ImageObject\",\"inLanguage\":\"pl-PL\",\"@id\":\"https:\/\/www.mojabochnia.pl\/#\/schema\/logo\/image\/\",\"url\":\"https:\/\/www.mojabochnia.pl\/wp-content\/uploads\/2017\/08\/logo-mb-opt.png\",\"contentUrl\":\"https:\/\/www.mojabochnia.pl\/wp-content\/uploads\/2017\/08\/logo-mb-opt.png\",\"width\":250,\"height\":48,\"caption\":\"mojabochnia.pl - portal informacyjny\"},\"image\":{\"@id\":\"https:\/\/www.mojabochnia.pl\/#\/schema\/logo\/image\/\"},\"sameAs\":[\"https:\/\/www.facebook.com\/mojabochnia\"]},{\"@type\":\"Person\",\"@id\":\"https:\/\/www.mojabochnia.pl\/#\/schema\/person\/7e2f20ead9902216a3384f13606c0ab7\",\"name\":\"redakcja\",\"sameAs\":[\"http:\/\/\"],\"url\":\"https:\/\/www.mojabochnia.pl\/?author=13\"}]}<\/script>\n<!-- \/ Yoast SEO plugin. -->","yoast_head_json":{"title":"Ch\u00f3r Pueri Cantores z Grand Prix w \u017borach - mojabochnia.pl - portal informacyjny","robots":{"index":"index","follow":"follow","max-snippet":"max-snippet:-1","max-image-preview":"max-image-preview:large","max-video-preview":"max-video-preview:-1"},"canonical":"https:\/\/www.mojabochnia.pl\/?p=87374","og_locale":"pl_PL","og_type":"article","og_title":"Ch\u00f3r Pueri Cantores z Grand Prix w \u017borach - mojabochnia.pl - portal informacyjny","og_description":"Boche\u0144ski Ch\u00f3r Ch\u0142opi\u0119cy \u201ePueri Cantores Sancti Nicolai\u201d zdoby\u0142 Grand Prix na IX Og\u00f3lnopolskim Przegl\u0105dzie Ch\u00f3r\u00f3w Ko\u015bcielnych Pie\u015bni Pokutnej i Pasyjnej - \u017bory 2013.","og_url":"https:\/\/www.mojabochnia.pl\/?p=87374","og_site_name":"mojabochnia.pl - portal informacyjny","article_publisher":"https:\/\/www.facebook.com\/mojabochnia","article_published_time":"2013-03-19T12:09:21+00:00","article_modified_time":"2013-03-19T16:44:30+00:00","author":"redakcja","twitter_card":"summary_large_image","twitter_misc":{"Written by":"redakcja","Est. reading time":"1 minuta"},"schema":{"@context":"https:\/\/schema.org","@graph":[{"@type":"Article","@id":"https:\/\/www.mojabochnia.pl\/?p=87374#article","isPartOf":{"@id":"https:\/\/www.mojabochnia.pl\/?p=87374"},"author":{"name":"redakcja","@id":"https:\/\/www.mojabochnia.pl\/#\/schema\/person\/7e2f20ead9902216a3384f13606c0ab7"},"headline":"Ch\u00f3r Pueri Cantores z Grand Prix w \u017borach","datePublished":"2013-03-19T12:09:21+00:00","dateModified":"2013-03-19T16:44:30+00:00","mainEntityOfPage":{"@id":"https:\/\/www.mojabochnia.pl\/?p=87374"},"wordCount":244,"commentCount":0,"publisher":{"@id":"https:\/\/www.mojabochnia.pl\/#organization"},"keywords":["ch\u00f3r","ks. stanis\u0142aw adamczyk","nagroda","pueri cantores sancti nicolai"],"articleSection":["2_ostatnie","fotogaleria","kultura","Medium","tematyka"],"inLanguage":"pl-PL","potentialAction":[{"@type":"CommentAction","name":"Comment","target":["https:\/\/www.mojabochnia.pl\/?p=87374#respond"]}]},{"@type":"WebPage","@id":"https:\/\/www.mojabochnia.pl\/?p=87374","url":"https:\/\/www.mojabochnia.pl\/?p=87374","name":"Ch\u00f3r Pueri Cantores z Grand Prix w \u017borach - mojabochnia.pl - portal informacyjny","isPartOf":{"@id":"https:\/\/www.mojabochnia.pl\/#website"},"datePublished":"2013-03-19T12:09:21+00:00","dateModified":"2013-03-19T16:44:30+00:00","breadcrumb":{"@id":"https:\/\/www.mojabochnia.pl\/?p=87374#breadcrumb"},"inLanguage":"pl-PL","potentialAction":[{"@type":"ReadAction","target":["https:\/\/www.mojabochnia.pl\/?p=87374"]}]},{"@type":"BreadcrumbList","@id":"https:\/\/www.mojabochnia.pl\/?p=87374#breadcrumb","itemListElement":[{"@type":"ListItem","position":1,"name":"Home","item":"https:\/\/www.mojabochnia.pl\/"},{"@type":"ListItem","position":2,"name":"Ch\u00f3r Pueri Cantores z Grand Prix w \u017borach"}]},{"@type":"WebSite","@id":"https:\/\/www.mojabochnia.pl\/#website","url":"https:\/\/www.mojabochnia.pl\/","name":"mojabochnia.pl - portal informacyjny","description":"mojaBochnia to portal informacyjny o Bochni. Codziennie o Bochni piszemy i pokazujemy najwa\u017cniejsze wydarzenia","publisher":{"@id":"https:\/\/www.mojabochnia.pl\/#organization"},"potentialAction":[{"@type":"SearchAction","target":{"@type":"EntryPoint","urlTemplate":"https:\/\/www.mojabochnia.pl\/?s={search_term_string}"},"query-input":{"@type":"PropertyValueSpecification","valueRequired":true,"valueName":"search_term_string"}}],"inLanguage":"pl-PL"},{"@type":"Organization","@id":"https:\/\/www.mojabochnia.pl\/#organization","name":"mojabochnia.pl - portal informacyjny","url":"https:\/\/www.mojabochnia.pl\/","logo":{"@type":"ImageObject","inLanguage":"pl-PL","@id":"https:\/\/www.mojabochnia.pl\/#\/schema\/logo\/image\/","url":"https:\/\/www.mojabochnia.pl\/wp-content\/uploads\/2017\/08\/logo-mb-opt.png","contentUrl":"https:\/\/www.mojabochnia.pl\/wp-content\/uploads\/2017\/08\/logo-mb-opt.png","width":250,"height":48,"caption":"mojabochnia.pl - portal informacyjny"},"image":{"@id":"https:\/\/www.mojabochnia.pl\/#\/schema\/logo\/image\/"},"sameAs":["https:\/\/www.facebook.com\/mojabochnia"]},{"@type":"Person","@id":"https:\/\/www.mojabochnia.pl\/#\/schema\/person\/7e2f20ead9902216a3384f13606c0ab7","name":"redakcja","sameAs":["http:\/\/"],"url":"https:\/\/www.mojabochnia.pl\/?author=13"}]}},"_links":{"self":[{"href":"https:\/\/www.mojabochnia.pl\/index.php?rest_route=\/wp\/v2\/posts\/87374","targetHints":{"allow":["GET"]}}],"collection":[{"href":"https:\/\/www.mojabochnia.pl\/index.php?rest_route=\/wp\/v2\/posts"}],"about":[{"href":"https:\/\/www.mojabochnia.pl\/index.php?rest_route=\/wp\/v2\/types\/post"}],"author":[{"embeddable":true,"href":"https:\/\/www.mojabochnia.pl\/index.php?rest_route=\/wp\/v2\/users\/13"}],"replies":[{"embeddable":true,"href":"https:\/\/www.mojabochnia.pl\/index.php?rest_route=%2Fwp%2Fv2%2Fcomments&post=87374"}],"version-history":[{"count":6,"href":"https:\/\/www.mojabochnia.pl\/index.php?rest_route=\/wp\/v2\/posts\/87374\/revisions"}],"predecessor-version":[{"id":87397,"href":"https:\/\/www.mojabochnia.pl\/index.php?rest_route=\/wp\/v2\/posts\/87374\/revisions\/87397"}],"wp:attachment":[{"href":"https:\/\/www.mojabochnia.pl\/index.php?rest_route=%2Fwp%2Fv2%2Fmedia&parent=87374"}],"wp:term":[{"taxonomy":"category","embeddable":true,"href":"https:\/\/www.mojabochnia.pl\/index.php?rest_route=%2Fwp%2Fv2%2Fcategories&post=87374"},{"taxonomy":"post_tag","embeddable":true,"href":"https:\/\/www.mojabochnia.pl\/index.php?rest_route=%2Fwp%2Fv2%2Ftags&post=87374"}],"curies":[{"name":"wp","href":"https:\/\/api.w.org\/{rel}","templated":true}]}}