{"id":8535,"date":"2009-05-04T08:45:03","date_gmt":"2009-05-04T06:45:03","guid":{"rendered":"http:\/\/www.mojabochnia.pl\/?p=8535"},"modified":"2009-05-04T08:45:03","modified_gmt":"2009-05-04T06:45:03","slug":"rezolucja-rady-gm-bochnia-ws-obwodnicy-lapczycy","status":"publish","type":"post","link":"https:\/\/www.mojabochnia.pl\/?p=8535","title":{"rendered":"Rezolucja Rady gm. Bochnia ws. obwodnicy \u0141apczycy"},"content":{"rendered":"<p>Przypomnijmy, podczas sesji rady miejskiej radni miasta Bochni przyj\u0119li o\u015bwiadczenie w sprawie obwodnicy. Uchwa\u0142\u0119 intencyjn\u0105 w sprawie obwodnicy \u0141apczycy maj\u0105 te\u017c przyj\u0105\u0107 radni powiatu boche\u0144skiego.<\/p>\n","protected":false},"excerpt":{"rendered":"<p>&#8222;Rada Gminy Bochnia jest zaniepokojona atmosfer\u0105 stworzon\u0105 wok\u00f3\u0142 budowy obwodnicy&#8221; &#8211; czytamy w rezolucji Rady Gminy Bochnia przyj\u0119tej podczas kwietniowej sesji. <\/p>\n","protected":false},"author":4,"featured_media":0,"comment_status":"open","ping_status":"closed","sticky":false,"template":"","format":"standard","meta":{"_acf_changed":false,"footnotes":""},"categories":[5],"tags":[689,2594,17225,17215,1697,17218,2974,1612,908,346,17724,17663,17493,163,3795],"class_list":["post-8535","post","type-post","status-publish","format-standard","hentry","category-biezace-wydarzenia","tag-gddkia","tag-generalna-dyrekcja-drog-krajowych-i-autostrad","tag-gmina-bochnia","tag-jerzy-lysy","tag-jerzy-raczynski","tag-lapczyca","tag-magdalena-chacaga","tag-obwodnica-lapczycy","tag-rada-gminy","tag-radni","tag-rezolucja","tag-soltys","tag-wojt","tag-wojt-gminy-bochnia","tag-zofia-pukal"],"acf":[],"yoast_head":"<!-- This site is optimized with the Yoast SEO plugin v26.9 - https:\/\/yoast.com\/product\/yoast-seo-wordpress\/ -->\n<title>Rezolucja Rady gm. Bochnia ws. obwodnicy \u0141apczycy - mojabochnia.pl - portal informacyjny<\/title>\n<meta name=\"robots\" content=\"index, follow, max-snippet:-1, max-image-preview:large, max-video-preview:-1\" \/>\n<link rel=\"canonical\" href=\"https:\/\/www.mojabochnia.pl\/?p=8535\" \/>\n<meta property=\"og:locale\" content=\"pl_PL\" \/>\n<meta property=\"og:type\" content=\"article\" \/>\n<meta property=\"og:title\" content=\"Rezolucja Rady gm. Bochnia ws. obwodnicy \u0141apczycy - mojabochnia.pl - portal informacyjny\" \/>\n<meta property=\"og:description\" content=\"&quot;Rada Gminy Bochnia jest zaniepokojona atmosfer\u0105 stworzon\u0105 wok\u00f3\u0142 budowy obwodnicy&quot; - czytamy w rezolucji Rady Gminy Bochnia przyj\u0119tej podczas kwietniowej sesji.\" \/>\n<meta property=\"og:url\" content=\"https:\/\/www.mojabochnia.pl\/?p=8535\" \/>\n<meta property=\"og:site_name\" content=\"mojabochnia.pl - portal informacyjny\" \/>\n<meta property=\"article:publisher\" content=\"https:\/\/www.facebook.com\/mojabochnia\" \/>\n<meta property=\"article:published_time\" content=\"2009-05-04T06:45:03+00:00\" \/>\n<meta name=\"author\" content=\"Pawe\u0142 Michalczyk\" \/>\n<meta name=\"twitter:card\" content=\"summary_large_image\" \/>\n<meta name=\"twitter:label1\" content=\"Written by\" \/>\n\t<meta name=\"twitter:data1\" content=\"Pawe\u0142 Michalczyk\" \/>\n<script type=\"application\/ld+json\" class=\"yoast-schema-graph\">{\"@context\":\"https:\/\/schema.org\",\"@graph\":[{\"@type\":\"Article\",\"@id\":\"https:\/\/www.mojabochnia.pl\/?p=8535#article\",\"isPartOf\":{\"@id\":\"https:\/\/www.mojabochnia.pl\/?p=8535\"},\"author\":{\"name\":\"Pawe\u0142 Michalczyk\",\"@id\":\"https:\/\/www.mojabochnia.pl\/#\/schema\/person\/ea042e4724a77627963f02166828ead4\"},\"headline\":\"Rezolucja Rady gm. Bochnia ws. obwodnicy \u0141apczycy\",\"datePublished\":\"2009-05-04T06:45:03+00:00\",\"mainEntityOfPage\":{\"@id\":\"https:\/\/www.mojabochnia.pl\/?p=8535\"},\"wordCount\":35,\"commentCount\":0,\"publisher\":{\"@id\":\"https:\/\/www.mojabochnia.pl\/#organization\"},\"keywords\":[\"GDDKiA\",\"generalna dyrekcja dr\u00f3g krajowych i autostrad\",\"gmina bochnia\",\"jerzy lysy\",\"jerzy raczy\u0144ski\",\"\u0142apczyca\",\"magdalena chacaga\",\"obwodnica \u0141apczycy\",\"rada gminy\",\"radni\",\"rezolucja\",\"so\u0142tys\",\"w\u00f3jt\",\"w\u00f3jt gminy bochnia\",\"zofia pukal\"],\"articleSection\":[\"2_ostatnie\"],\"inLanguage\":\"pl-PL\",\"potentialAction\":[{\"@type\":\"CommentAction\",\"name\":\"Comment\",\"target\":[\"https:\/\/www.mojabochnia.pl\/?p=8535#respond\"]}]},{\"@type\":\"WebPage\",\"@id\":\"https:\/\/www.mojabochnia.pl\/?p=8535\",\"url\":\"https:\/\/www.mojabochnia.pl\/?p=8535\",\"name\":\"Rezolucja Rady gm. Bochnia ws. obwodnicy \u0141apczycy - mojabochnia.pl - portal informacyjny\",\"isPartOf\":{\"@id\":\"https:\/\/www.mojabochnia.pl\/#website\"},\"datePublished\":\"2009-05-04T06:45:03+00:00\",\"breadcrumb\":{\"@id\":\"https:\/\/www.mojabochnia.pl\/?p=8535#breadcrumb\"},\"inLanguage\":\"pl-PL\",\"potentialAction\":[{\"@type\":\"ReadAction\",\"target\":[\"https:\/\/www.mojabochnia.pl\/?p=8535\"]}]},{\"@type\":\"BreadcrumbList\",\"@id\":\"https:\/\/www.mojabochnia.pl\/?p=8535#breadcrumb\",\"itemListElement\":[{\"@type\":\"ListItem\",\"position\":1,\"name\":\"Home\",\"item\":\"https:\/\/www.mojabochnia.pl\/\"},{\"@type\":\"ListItem\",\"position\":2,\"name\":\"Rezolucja Rady gm. Bochnia ws. obwodnicy \u0141apczycy\"}]},{\"@type\":\"WebSite\",\"@id\":\"https:\/\/www.mojabochnia.pl\/#website\",\"url\":\"https:\/\/www.mojabochnia.pl\/\",\"name\":\"mojabochnia.pl - portal informacyjny\",\"description\":\"mojaBochnia to portal informacyjny o Bochni. Codziennie o Bochni piszemy i pokazujemy najwa\u017cniejsze wydarzenia\",\"publisher\":{\"@id\":\"https:\/\/www.mojabochnia.pl\/#organization\"},\"potentialAction\":[{\"@type\":\"SearchAction\",\"target\":{\"@type\":\"EntryPoint\",\"urlTemplate\":\"https:\/\/www.mojabochnia.pl\/?s={search_term_string}\"},\"query-input\":{\"@type\":\"PropertyValueSpecification\",\"valueRequired\":true,\"valueName\":\"search_term_string\"}}],\"inLanguage\":\"pl-PL\"},{\"@type\":\"Organization\",\"@id\":\"https:\/\/www.mojabochnia.pl\/#organization\",\"name\":\"mojabochnia.pl - portal informacyjny\",\"url\":\"https:\/\/www.mojabochnia.pl\/\",\"logo\":{\"@type\":\"ImageObject\",\"inLanguage\":\"pl-PL\",\"@id\":\"https:\/\/www.mojabochnia.pl\/#\/schema\/logo\/image\/\",\"url\":\"https:\/\/www.mojabochnia.pl\/wp-content\/uploads\/2017\/08\/logo-mb-opt.png\",\"contentUrl\":\"https:\/\/www.mojabochnia.pl\/wp-content\/uploads\/2017\/08\/logo-mb-opt.png\",\"width\":250,\"height\":48,\"caption\":\"mojabochnia.pl - portal informacyjny\"},\"image\":{\"@id\":\"https:\/\/www.mojabochnia.pl\/#\/schema\/logo\/image\/\"},\"sameAs\":[\"https:\/\/www.facebook.com\/mojabochnia\"]},{\"@type\":\"Person\",\"@id\":\"https:\/\/www.mojabochnia.pl\/#\/schema\/person\/ea042e4724a77627963f02166828ead4\",\"name\":\"Pawe\u0142 Michalczyk\",\"url\":\"https:\/\/www.mojabochnia.pl\/?author=4\"}]}<\/script>\n<!-- \/ Yoast SEO plugin. -->","yoast_head_json":{"title":"Rezolucja Rady gm. Bochnia ws. obwodnicy \u0141apczycy - mojabochnia.pl - portal informacyjny","robots":{"index":"index","follow":"follow","max-snippet":"max-snippet:-1","max-image-preview":"max-image-preview:large","max-video-preview":"max-video-preview:-1"},"canonical":"https:\/\/www.mojabochnia.pl\/?p=8535","og_locale":"pl_PL","og_type":"article","og_title":"Rezolucja Rady gm. Bochnia ws. obwodnicy \u0141apczycy - mojabochnia.pl - portal informacyjny","og_description":"\"Rada Gminy Bochnia jest zaniepokojona atmosfer\u0105 stworzon\u0105 wok\u00f3\u0142 budowy obwodnicy\" - czytamy w rezolucji Rady Gminy Bochnia przyj\u0119tej podczas kwietniowej sesji.","og_url":"https:\/\/www.mojabochnia.pl\/?p=8535","og_site_name":"mojabochnia.pl - portal informacyjny","article_publisher":"https:\/\/www.facebook.com\/mojabochnia","article_published_time":"2009-05-04T06:45:03+00:00","author":"Pawe\u0142 Michalczyk","twitter_card":"summary_large_image","twitter_misc":{"Written by":"Pawe\u0142 Michalczyk"},"schema":{"@context":"https:\/\/schema.org","@graph":[{"@type":"Article","@id":"https:\/\/www.mojabochnia.pl\/?p=8535#article","isPartOf":{"@id":"https:\/\/www.mojabochnia.pl\/?p=8535"},"author":{"name":"Pawe\u0142 Michalczyk","@id":"https:\/\/www.mojabochnia.pl\/#\/schema\/person\/ea042e4724a77627963f02166828ead4"},"headline":"Rezolucja Rady gm. Bochnia ws. obwodnicy \u0141apczycy","datePublished":"2009-05-04T06:45:03+00:00","mainEntityOfPage":{"@id":"https:\/\/www.mojabochnia.pl\/?p=8535"},"wordCount":35,"commentCount":0,"publisher":{"@id":"https:\/\/www.mojabochnia.pl\/#organization"},"keywords":["GDDKiA","generalna dyrekcja dr\u00f3g krajowych i autostrad","gmina bochnia","jerzy lysy","jerzy raczy\u0144ski","\u0142apczyca","magdalena chacaga","obwodnica \u0141apczycy","rada gminy","radni","rezolucja","so\u0142tys","w\u00f3jt","w\u00f3jt gminy bochnia","zofia pukal"],"articleSection":["2_ostatnie"],"inLanguage":"pl-PL","potentialAction":[{"@type":"CommentAction","name":"Comment","target":["https:\/\/www.mojabochnia.pl\/?p=8535#respond"]}]},{"@type":"WebPage","@id":"https:\/\/www.mojabochnia.pl\/?p=8535","url":"https:\/\/www.mojabochnia.pl\/?p=8535","name":"Rezolucja Rady gm. Bochnia ws. obwodnicy \u0141apczycy - mojabochnia.pl - portal informacyjny","isPartOf":{"@id":"https:\/\/www.mojabochnia.pl\/#website"},"datePublished":"2009-05-04T06:45:03+00:00","breadcrumb":{"@id":"https:\/\/www.mojabochnia.pl\/?p=8535#breadcrumb"},"inLanguage":"pl-PL","potentialAction":[{"@type":"ReadAction","target":["https:\/\/www.mojabochnia.pl\/?p=8535"]}]},{"@type":"BreadcrumbList","@id":"https:\/\/www.mojabochnia.pl\/?p=8535#breadcrumb","itemListElement":[{"@type":"ListItem","position":1,"name":"Home","item":"https:\/\/www.mojabochnia.pl\/"},{"@type":"ListItem","position":2,"name":"Rezolucja Rady gm. Bochnia ws. obwodnicy \u0141apczycy"}]},{"@type":"WebSite","@id":"https:\/\/www.mojabochnia.pl\/#website","url":"https:\/\/www.mojabochnia.pl\/","name":"mojabochnia.pl - portal informacyjny","description":"mojaBochnia to portal informacyjny o Bochni. Codziennie o Bochni piszemy i pokazujemy najwa\u017cniejsze wydarzenia","publisher":{"@id":"https:\/\/www.mojabochnia.pl\/#organization"},"potentialAction":[{"@type":"SearchAction","target":{"@type":"EntryPoint","urlTemplate":"https:\/\/www.mojabochnia.pl\/?s={search_term_string}"},"query-input":{"@type":"PropertyValueSpecification","valueRequired":true,"valueName":"search_term_string"}}],"inLanguage":"pl-PL"},{"@type":"Organization","@id":"https:\/\/www.mojabochnia.pl\/#organization","name":"mojabochnia.pl - portal informacyjny","url":"https:\/\/www.mojabochnia.pl\/","logo":{"@type":"ImageObject","inLanguage":"pl-PL","@id":"https:\/\/www.mojabochnia.pl\/#\/schema\/logo\/image\/","url":"https:\/\/www.mojabochnia.pl\/wp-content\/uploads\/2017\/08\/logo-mb-opt.png","contentUrl":"https:\/\/www.mojabochnia.pl\/wp-content\/uploads\/2017\/08\/logo-mb-opt.png","width":250,"height":48,"caption":"mojabochnia.pl - portal informacyjny"},"image":{"@id":"https:\/\/www.mojabochnia.pl\/#\/schema\/logo\/image\/"},"sameAs":["https:\/\/www.facebook.com\/mojabochnia"]},{"@type":"Person","@id":"https:\/\/www.mojabochnia.pl\/#\/schema\/person\/ea042e4724a77627963f02166828ead4","name":"Pawe\u0142 Michalczyk","url":"https:\/\/www.mojabochnia.pl\/?author=4"}]}},"_links":{"self":[{"href":"https:\/\/www.mojabochnia.pl\/index.php?rest_route=\/wp\/v2\/posts\/8535","targetHints":{"allow":["GET"]}}],"collection":[{"href":"https:\/\/www.mojabochnia.pl\/index.php?rest_route=\/wp\/v2\/posts"}],"about":[{"href":"https:\/\/www.mojabochnia.pl\/index.php?rest_route=\/wp\/v2\/types\/post"}],"author":[{"embeddable":true,"href":"https:\/\/www.mojabochnia.pl\/index.php?rest_route=\/wp\/v2\/users\/4"}],"replies":[{"embeddable":true,"href":"https:\/\/www.mojabochnia.pl\/index.php?rest_route=%2Fwp%2Fv2%2Fcomments&post=8535"}],"version-history":[{"count":0,"href":"https:\/\/www.mojabochnia.pl\/index.php?rest_route=\/wp\/v2\/posts\/8535\/revisions"}],"wp:attachment":[{"href":"https:\/\/www.mojabochnia.pl\/index.php?rest_route=%2Fwp%2Fv2%2Fmedia&parent=8535"}],"wp:term":[{"taxonomy":"category","embeddable":true,"href":"https:\/\/www.mojabochnia.pl\/index.php?rest_route=%2Fwp%2Fv2%2Fcategories&post=8535"},{"taxonomy":"post_tag","embeddable":true,"href":"https:\/\/www.mojabochnia.pl\/index.php?rest_route=%2Fwp%2Fv2%2Ftags&post=8535"}],"curies":[{"name":"wp","href":"https:\/\/api.w.org\/{rel}","templated":true}]}}