{"id":8385,"date":"2009-04-28T11:07:31","date_gmt":"2009-04-28T09:07:31","guid":{"rendered":"http:\/\/www.mojabochnia.pl\/?p=8385"},"modified":"2009-04-30T13:24:40","modified_gmt":"2009-04-30T11:24:40","slug":"przerwany-wyklad-na-os-niepodleglosci","status":"publish","type":"post","link":"https:\/\/www.mojabochnia.pl\/?p=8385","title":{"rendered":"Przerwany wyk\u0142ad na os. Niepodleg\u0142o\u015bci"},"content":{"rendered":"<p>\u2013 <em>Mieszkam w bloku nr 16, fundamenty w piwnicach s\u0105 pop\u0119kane, u s\u0105siadki na parterze \u015bciany s\u0105 pop\u0119kane. Je\u017celi b\u0119dzie tu przebiega\u0142a trasa, nasz blok zupe\u0142nie si\u0105dzie. Nie tylko nasz, ale i wszystkie obok. Ludzie po to si\u0119 starali o mieszkanie w tych blokach, \u017ceby mieli cisz\u0119 i spok\u00f3j. A tu si\u0119 okazuje, \u017ce co nam zagra\u017ca? Jeste\u015bmy zbulwersowani. Nie wiem, kto to robi, wszystko si\u0119 robi w bia\u0142ych r\u0119kawiczkach po to, \u017ceby nas wyka\u0144cza\u0107 psychicznie i fizycznie<\/em> \u2013 m\u00f3wi Zofia \u0141\u0119kawa. <\/p>\n<p>\u2013 <em>Ju\u017c raz by\u0142em wyw\u0142aszczony, wykupi\u0142em te tereny z powrotem w starostwie. Teraz jestem traktowany jak dziecko: da\u0142o si\u0119 dziecku zabawk\u0119, wykupi\u0142o i teraz b\u0119dzie si\u0119 z powrotem wyw\u0142aszcza\u0107? Polubownie nie za\u0142atwi\u0119, absolutnie. Wiem, \u017ce wesz\u0142a specustawa, ale niech ona b\u0119dzie stosowana do wszystkich, bo ul. Nowy \u015awiat od 10 lat jest niesko\u0144czona<\/em> \u2013 m\u00f3wi Adam Gut. <\/p>\n<p><img decoding=\"async\" src=\"http:\/\/www.mojabochnia.pl\/f\/2009\/04\/090428_pm_kn2_spotk1.jpg\" \/><\/p>\n<p>Burmistrz Bogdan Kosturkiewicz t\u0142umaczy\u0142 mieszka\u0144com osiedla, \u017ce obecnie budowany jest pierwszy etap KN2. M\u00f3wi\u0142, \u017ce nie projektowano od razu ca\u0142o\u015bci drogi, poniewa\u017c trwa\u0142oby to zbyt d\u0142ugo, aby m\u00f3c si\u0119 ubiega\u0107 o \u015brodki zewn\u0119trzne (na obecny etap inwestycji miasto pozyska\u0142o 3 mln z\u0142 z tzw. schetyn\u00f3wki, jest szansa na kolejne pieni\u0105dze z MRPO). Drugi etap inwestycji ma by\u0107 zrealizowany w przysz\u0142o\u015bci. Ludzie jednak nie dowierzaj\u0105 tym zapewnieniom. \u2013 <em>Przyjdzie nowa ekipa i sko\u0144czy si\u0119 na obietnicach<\/em> \u2013 m\u00f3wi\u0105.<\/p>\n<p>Wi\u0119cej na temat spotkania osiedlowego ws. KN2 w relacji TV Moja Bochnia ju\u017c wkr\u00f3tce.<\/p>\n<p><strong><a href=\"http:\/\/www.mojabochnia.pl\/?p=8495\">Zobacz TV Sond\u0119 <\/a>w\u015br\u00f3d mieszka\u0144c\u00f3w zaraz po spotkaniu<\/strong><\/p>\n<p>Zobacz tak\u017ce Porann\u0105 Kaw\u0119 z radnym Eugeniuszem Koniecznym nt. drogi KN2:<\/p>\n<p><object width=\"465\" height=\"349\"><param name=\"movie\" value=\"http:\/\/www.youtube.com\/v\/K-Q73T2zkv4&#038;hl=pl&#038;fs=1\"><\/param><param name=\"allowFullScreen\" value=\"true\"><\/param><param name=\"allowscriptaccess\" value=\"always\"><\/param><embed src=\"http:\/\/www.youtube.com\/v\/K-Q73T2zkv4&#038;hl=pl&#038;fs=1\" type=\"application\/x-shockwave-flash\" allowscriptaccess=\"always\" allowfullscreen=\"true\" width=\"465\" height=\"349\"><\/embed><\/object><\/p>\n","protected":false},"excerpt":{"rendered":"<p>Burmistrz Bogdan Kosturkiewicz musia\u0142 szybko ko\u0144czy\u0107 przygotowan\u0105 prezentacj\u0119 multimedialn\u0105. Mieszka\u0144cy osiedla a\u017c palili si\u0119 do zadawania pyta\u0144 o dalszy los ich osiedla.<\/p>\n","protected":false},"author":4,"featured_media":0,"comment_status":"open","ping_status":"closed","sticky":false,"template":"","format":"standard","meta":{"_acf_changed":false,"footnotes":""},"categories":[11],"tags":[17171,17421,232,280,722,1015,17245,839,202,17149,17719,17714,17690,17573,349,837,17419],"class_list":["post-8385","post","type-post","status-publish","format-standard","hentry","category-top-temat","tag-bogdan-kosturkiewicz","tag-burmistrz","tag-gustaw-korta","tag-interwencja","tag-kn2","tag-komunikacja","tag-obwodnica","tag-obwodnica-polnocno-zachodnia","tag-osiedle-niepodleglosci","tag-rondo","tag-spotkanie-osiedlowe","tag-tv","tag-tv-flesz","tag-tv-poranna-kawa","tag-uklad-komunikacyjny","tag-ul-karosek","tag-wiceburmistrz"],"acf":[],"yoast_head":"<!-- This site is optimized with the Yoast SEO plugin v26.9 - https:\/\/yoast.com\/product\/yoast-seo-wordpress\/ -->\n<title>Przerwany wyk\u0142ad na os. Niepodleg\u0142o\u015bci - mojabochnia.pl - portal informacyjny<\/title>\n<meta name=\"robots\" content=\"index, follow, max-snippet:-1, max-image-preview:large, max-video-preview:-1\" \/>\n<link rel=\"canonical\" href=\"https:\/\/www.mojabochnia.pl\/?p=8385\" \/>\n<meta property=\"og:locale\" content=\"pl_PL\" \/>\n<meta property=\"og:type\" content=\"article\" \/>\n<meta property=\"og:title\" content=\"Przerwany wyk\u0142ad na os. Niepodleg\u0142o\u015bci - mojabochnia.pl - portal informacyjny\" \/>\n<meta property=\"og:description\" content=\"Burmistrz Bogdan Kosturkiewicz musia\u0142 szybko ko\u0144czy\u0107 przygotowan\u0105 prezentacj\u0119 multimedialn\u0105. Mieszka\u0144cy osiedla a\u017c palili si\u0119 do zadawania pyta\u0144 o dalszy los ich osiedla.\" \/>\n<meta property=\"og:url\" content=\"https:\/\/www.mojabochnia.pl\/?p=8385\" \/>\n<meta property=\"og:site_name\" content=\"mojabochnia.pl - portal informacyjny\" \/>\n<meta property=\"article:publisher\" content=\"https:\/\/www.facebook.com\/mojabochnia\" \/>\n<meta property=\"article:published_time\" content=\"2009-04-28T09:07:31+00:00\" \/>\n<meta property=\"article:modified_time\" content=\"2009-04-30T11:24:40+00:00\" \/>\n<meta property=\"og:image\" content=\"http:\/\/www.mojabochnia.pl\/f\/2009\/04\/090428_pm_kn2_spotk1.jpg\" \/>\n<meta name=\"author\" content=\"Pawe\u0142 Michalczyk\" \/>\n<meta name=\"twitter:card\" content=\"summary_large_image\" \/>\n<meta name=\"twitter:label1\" content=\"Written by\" \/>\n\t<meta name=\"twitter:data1\" content=\"Pawe\u0142 Michalczyk\" \/>\n\t<meta name=\"twitter:label2\" content=\"Est. reading time\" \/>\n\t<meta name=\"twitter:data2\" content=\"1 minuta\" \/>\n<script type=\"application\/ld+json\" class=\"yoast-schema-graph\">{\"@context\":\"https:\/\/schema.org\",\"@graph\":[{\"@type\":\"Article\",\"@id\":\"https:\/\/www.mojabochnia.pl\/?p=8385#article\",\"isPartOf\":{\"@id\":\"https:\/\/www.mojabochnia.pl\/?p=8385\"},\"author\":{\"name\":\"Pawe\u0142 Michalczyk\",\"@id\":\"https:\/\/www.mojabochnia.pl\/#\/schema\/person\/ea042e4724a77627963f02166828ead4\"},\"headline\":\"Przerwany wyk\u0142ad na os. Niepodleg\u0142o\u015bci\",\"datePublished\":\"2009-04-28T09:07:31+00:00\",\"dateModified\":\"2009-04-30T11:24:40+00:00\",\"mainEntityOfPage\":{\"@id\":\"https:\/\/www.mojabochnia.pl\/?p=8385\"},\"wordCount\":298,\"commentCount\":6,\"publisher\":{\"@id\":\"https:\/\/www.mojabochnia.pl\/#organization\"},\"image\":{\"@id\":\"https:\/\/www.mojabochnia.pl\/?p=8385#primaryimage\"},\"thumbnailUrl\":\"http:\/\/www.mojabochnia.pl\/f\/2009\/04\/090428_pm_kn2_spotk1.jpg\",\"keywords\":[\"bogdan kosturkiewicz\",\"burmistrz\",\"gustaw korta\",\"interwencja\",\"KN2\",\"komunikacja\",\"obwodnica\",\"obwodnica p\u00f3\u0142nocno-zachodnia\",\"osiedle niepodleg\u0142o\u015bci\",\"rondo\",\"spotkanie osiedlowe\",\"TV\",\"TV Flesz\",\"TV Poranna kawa\",\"uk\u0142ad komunikacyjny\",\"ul. karosek\",\"wiceburmistrz\"],\"articleSection\":[\"3_w centrum uwagi\"],\"inLanguage\":\"pl-PL\",\"potentialAction\":[{\"@type\":\"CommentAction\",\"name\":\"Comment\",\"target\":[\"https:\/\/www.mojabochnia.pl\/?p=8385#respond\"]}]},{\"@type\":\"WebPage\",\"@id\":\"https:\/\/www.mojabochnia.pl\/?p=8385\",\"url\":\"https:\/\/www.mojabochnia.pl\/?p=8385\",\"name\":\"Przerwany wyk\u0142ad na os. Niepodleg\u0142o\u015bci - mojabochnia.pl - portal informacyjny\",\"isPartOf\":{\"@id\":\"https:\/\/www.mojabochnia.pl\/#website\"},\"primaryImageOfPage\":{\"@id\":\"https:\/\/www.mojabochnia.pl\/?p=8385#primaryimage\"},\"image\":{\"@id\":\"https:\/\/www.mojabochnia.pl\/?p=8385#primaryimage\"},\"thumbnailUrl\":\"http:\/\/www.mojabochnia.pl\/f\/2009\/04\/090428_pm_kn2_spotk1.jpg\",\"datePublished\":\"2009-04-28T09:07:31+00:00\",\"dateModified\":\"2009-04-30T11:24:40+00:00\",\"breadcrumb\":{\"@id\":\"https:\/\/www.mojabochnia.pl\/?p=8385#breadcrumb\"},\"inLanguage\":\"pl-PL\",\"potentialAction\":[{\"@type\":\"ReadAction\",\"target\":[\"https:\/\/www.mojabochnia.pl\/?p=8385\"]}]},{\"@type\":\"ImageObject\",\"inLanguage\":\"pl-PL\",\"@id\":\"https:\/\/www.mojabochnia.pl\/?p=8385#primaryimage\",\"url\":\"http:\/\/www.mojabochnia.pl\/f\/2009\/04\/090428_pm_kn2_spotk1.jpg\",\"contentUrl\":\"http:\/\/www.mojabochnia.pl\/f\/2009\/04\/090428_pm_kn2_spotk1.jpg\"},{\"@type\":\"BreadcrumbList\",\"@id\":\"https:\/\/www.mojabochnia.pl\/?p=8385#breadcrumb\",\"itemListElement\":[{\"@type\":\"ListItem\",\"position\":1,\"name\":\"Home\",\"item\":\"https:\/\/www.mojabochnia.pl\/\"},{\"@type\":\"ListItem\",\"position\":2,\"name\":\"Przerwany wyk\u0142ad na os. Niepodleg\u0142o\u015bci\"}]},{\"@type\":\"WebSite\",\"@id\":\"https:\/\/www.mojabochnia.pl\/#website\",\"url\":\"https:\/\/www.mojabochnia.pl\/\",\"name\":\"mojabochnia.pl - portal informacyjny\",\"description\":\"mojaBochnia to portal informacyjny o Bochni. Codziennie o Bochni piszemy i pokazujemy najwa\u017cniejsze wydarzenia\",\"publisher\":{\"@id\":\"https:\/\/www.mojabochnia.pl\/#organization\"},\"potentialAction\":[{\"@type\":\"SearchAction\",\"target\":{\"@type\":\"EntryPoint\",\"urlTemplate\":\"https:\/\/www.mojabochnia.pl\/?s={search_term_string}\"},\"query-input\":{\"@type\":\"PropertyValueSpecification\",\"valueRequired\":true,\"valueName\":\"search_term_string\"}}],\"inLanguage\":\"pl-PL\"},{\"@type\":\"Organization\",\"@id\":\"https:\/\/www.mojabochnia.pl\/#organization\",\"name\":\"mojabochnia.pl - portal informacyjny\",\"url\":\"https:\/\/www.mojabochnia.pl\/\",\"logo\":{\"@type\":\"ImageObject\",\"inLanguage\":\"pl-PL\",\"@id\":\"https:\/\/www.mojabochnia.pl\/#\/schema\/logo\/image\/\",\"url\":\"https:\/\/www.mojabochnia.pl\/wp-content\/uploads\/2017\/08\/logo-mb-opt.png\",\"contentUrl\":\"https:\/\/www.mojabochnia.pl\/wp-content\/uploads\/2017\/08\/logo-mb-opt.png\",\"width\":250,\"height\":48,\"caption\":\"mojabochnia.pl - portal informacyjny\"},\"image\":{\"@id\":\"https:\/\/www.mojabochnia.pl\/#\/schema\/logo\/image\/\"},\"sameAs\":[\"https:\/\/www.facebook.com\/mojabochnia\"]},{\"@type\":\"Person\",\"@id\":\"https:\/\/www.mojabochnia.pl\/#\/schema\/person\/ea042e4724a77627963f02166828ead4\",\"name\":\"Pawe\u0142 Michalczyk\",\"url\":\"https:\/\/www.mojabochnia.pl\/?author=4\"}]}<\/script>\n<!-- \/ Yoast SEO plugin. -->","yoast_head_json":{"title":"Przerwany wyk\u0142ad na os. Niepodleg\u0142o\u015bci - mojabochnia.pl - portal informacyjny","robots":{"index":"index","follow":"follow","max-snippet":"max-snippet:-1","max-image-preview":"max-image-preview:large","max-video-preview":"max-video-preview:-1"},"canonical":"https:\/\/www.mojabochnia.pl\/?p=8385","og_locale":"pl_PL","og_type":"article","og_title":"Przerwany wyk\u0142ad na os. Niepodleg\u0142o\u015bci - mojabochnia.pl - portal informacyjny","og_description":"Burmistrz Bogdan Kosturkiewicz musia\u0142 szybko ko\u0144czy\u0107 przygotowan\u0105 prezentacj\u0119 multimedialn\u0105. Mieszka\u0144cy osiedla a\u017c palili si\u0119 do zadawania pyta\u0144 o dalszy los ich osiedla.","og_url":"https:\/\/www.mojabochnia.pl\/?p=8385","og_site_name":"mojabochnia.pl - portal informacyjny","article_publisher":"https:\/\/www.facebook.com\/mojabochnia","article_published_time":"2009-04-28T09:07:31+00:00","article_modified_time":"2009-04-30T11:24:40+00:00","og_image":[{"url":"http:\/\/www.mojabochnia.pl\/f\/2009\/04\/090428_pm_kn2_spotk1.jpg","type":"","width":"","height":""}],"author":"Pawe\u0142 Michalczyk","twitter_card":"summary_large_image","twitter_misc":{"Written by":"Pawe\u0142 Michalczyk","Est. reading time":"1 minuta"},"schema":{"@context":"https:\/\/schema.org","@graph":[{"@type":"Article","@id":"https:\/\/www.mojabochnia.pl\/?p=8385#article","isPartOf":{"@id":"https:\/\/www.mojabochnia.pl\/?p=8385"},"author":{"name":"Pawe\u0142 Michalczyk","@id":"https:\/\/www.mojabochnia.pl\/#\/schema\/person\/ea042e4724a77627963f02166828ead4"},"headline":"Przerwany wyk\u0142ad na os. Niepodleg\u0142o\u015bci","datePublished":"2009-04-28T09:07:31+00:00","dateModified":"2009-04-30T11:24:40+00:00","mainEntityOfPage":{"@id":"https:\/\/www.mojabochnia.pl\/?p=8385"},"wordCount":298,"commentCount":6,"publisher":{"@id":"https:\/\/www.mojabochnia.pl\/#organization"},"image":{"@id":"https:\/\/www.mojabochnia.pl\/?p=8385#primaryimage"},"thumbnailUrl":"http:\/\/www.mojabochnia.pl\/f\/2009\/04\/090428_pm_kn2_spotk1.jpg","keywords":["bogdan kosturkiewicz","burmistrz","gustaw korta","interwencja","KN2","komunikacja","obwodnica","obwodnica p\u00f3\u0142nocno-zachodnia","osiedle niepodleg\u0142o\u015bci","rondo","spotkanie osiedlowe","TV","TV Flesz","TV Poranna kawa","uk\u0142ad komunikacyjny","ul. karosek","wiceburmistrz"],"articleSection":["3_w centrum uwagi"],"inLanguage":"pl-PL","potentialAction":[{"@type":"CommentAction","name":"Comment","target":["https:\/\/www.mojabochnia.pl\/?p=8385#respond"]}]},{"@type":"WebPage","@id":"https:\/\/www.mojabochnia.pl\/?p=8385","url":"https:\/\/www.mojabochnia.pl\/?p=8385","name":"Przerwany wyk\u0142ad na os. Niepodleg\u0142o\u015bci - mojabochnia.pl - portal informacyjny","isPartOf":{"@id":"https:\/\/www.mojabochnia.pl\/#website"},"primaryImageOfPage":{"@id":"https:\/\/www.mojabochnia.pl\/?p=8385#primaryimage"},"image":{"@id":"https:\/\/www.mojabochnia.pl\/?p=8385#primaryimage"},"thumbnailUrl":"http:\/\/www.mojabochnia.pl\/f\/2009\/04\/090428_pm_kn2_spotk1.jpg","datePublished":"2009-04-28T09:07:31+00:00","dateModified":"2009-04-30T11:24:40+00:00","breadcrumb":{"@id":"https:\/\/www.mojabochnia.pl\/?p=8385#breadcrumb"},"inLanguage":"pl-PL","potentialAction":[{"@type":"ReadAction","target":["https:\/\/www.mojabochnia.pl\/?p=8385"]}]},{"@type":"ImageObject","inLanguage":"pl-PL","@id":"https:\/\/www.mojabochnia.pl\/?p=8385#primaryimage","url":"http:\/\/www.mojabochnia.pl\/f\/2009\/04\/090428_pm_kn2_spotk1.jpg","contentUrl":"http:\/\/www.mojabochnia.pl\/f\/2009\/04\/090428_pm_kn2_spotk1.jpg"},{"@type":"BreadcrumbList","@id":"https:\/\/www.mojabochnia.pl\/?p=8385#breadcrumb","itemListElement":[{"@type":"ListItem","position":1,"name":"Home","item":"https:\/\/www.mojabochnia.pl\/"},{"@type":"ListItem","position":2,"name":"Przerwany wyk\u0142ad na os. Niepodleg\u0142o\u015bci"}]},{"@type":"WebSite","@id":"https:\/\/www.mojabochnia.pl\/#website","url":"https:\/\/www.mojabochnia.pl\/","name":"mojabochnia.pl - portal informacyjny","description":"mojaBochnia to portal informacyjny o Bochni. Codziennie o Bochni piszemy i pokazujemy najwa\u017cniejsze wydarzenia","publisher":{"@id":"https:\/\/www.mojabochnia.pl\/#organization"},"potentialAction":[{"@type":"SearchAction","target":{"@type":"EntryPoint","urlTemplate":"https:\/\/www.mojabochnia.pl\/?s={search_term_string}"},"query-input":{"@type":"PropertyValueSpecification","valueRequired":true,"valueName":"search_term_string"}}],"inLanguage":"pl-PL"},{"@type":"Organization","@id":"https:\/\/www.mojabochnia.pl\/#organization","name":"mojabochnia.pl - portal informacyjny","url":"https:\/\/www.mojabochnia.pl\/","logo":{"@type":"ImageObject","inLanguage":"pl-PL","@id":"https:\/\/www.mojabochnia.pl\/#\/schema\/logo\/image\/","url":"https:\/\/www.mojabochnia.pl\/wp-content\/uploads\/2017\/08\/logo-mb-opt.png","contentUrl":"https:\/\/www.mojabochnia.pl\/wp-content\/uploads\/2017\/08\/logo-mb-opt.png","width":250,"height":48,"caption":"mojabochnia.pl - portal informacyjny"},"image":{"@id":"https:\/\/www.mojabochnia.pl\/#\/schema\/logo\/image\/"},"sameAs":["https:\/\/www.facebook.com\/mojabochnia"]},{"@type":"Person","@id":"https:\/\/www.mojabochnia.pl\/#\/schema\/person\/ea042e4724a77627963f02166828ead4","name":"Pawe\u0142 Michalczyk","url":"https:\/\/www.mojabochnia.pl\/?author=4"}]}},"_links":{"self":[{"href":"https:\/\/www.mojabochnia.pl\/index.php?rest_route=\/wp\/v2\/posts\/8385","targetHints":{"allow":["GET"]}}],"collection":[{"href":"https:\/\/www.mojabochnia.pl\/index.php?rest_route=\/wp\/v2\/posts"}],"about":[{"href":"https:\/\/www.mojabochnia.pl\/index.php?rest_route=\/wp\/v2\/types\/post"}],"author":[{"embeddable":true,"href":"https:\/\/www.mojabochnia.pl\/index.php?rest_route=\/wp\/v2\/users\/4"}],"replies":[{"embeddable":true,"href":"https:\/\/www.mojabochnia.pl\/index.php?rest_route=%2Fwp%2Fv2%2Fcomments&post=8385"}],"version-history":[{"count":0,"href":"https:\/\/www.mojabochnia.pl\/index.php?rest_route=\/wp\/v2\/posts\/8385\/revisions"}],"wp:attachment":[{"href":"https:\/\/www.mojabochnia.pl\/index.php?rest_route=%2Fwp%2Fv2%2Fmedia&parent=8385"}],"wp:term":[{"taxonomy":"category","embeddable":true,"href":"https:\/\/www.mojabochnia.pl\/index.php?rest_route=%2Fwp%2Fv2%2Fcategories&post=8385"},{"taxonomy":"post_tag","embeddable":true,"href":"https:\/\/www.mojabochnia.pl\/index.php?rest_route=%2Fwp%2Fv2%2Ftags&post=8385"}],"curies":[{"name":"wp","href":"https:\/\/api.w.org\/{rel}","templated":true}]}}