{"id":8381,"date":"2009-04-28T10:36:53","date_gmt":"2009-04-28T08:36:53","guid":{"rendered":"http:\/\/www.mojabochnia.pl\/?p=8381"},"modified":"2009-04-29T08:28:21","modified_gmt":"2009-04-29T06:28:21","slug":"zegocina-posadzono-katynskie-deby","status":"publish","type":"post","link":"https:\/\/www.mojabochnia.pl\/?p=8381","title":{"rendered":"\u017begocina: Posadzono \u201eKaty\u0144skie D\u0119by\u201d"},"content":{"rendered":"<p>Uroczysto\u015b\u0107 odby\u0142a si\u0119 przy pomniku Ofiar II Wojny \u015awiatowej w \u017begocinie, gdzie w obecno\u015bci rodzin Katy\u0144skich Ofiar, przedstawicieli Gminy, policji, duchowie\u0144stwa, szkolnej m\u0142odzie\u017cy i zaproszonych go\u015bci posadzono dwa d\u0119by. S\u0105 one po\u015bwi\u0119cone asp. W\u0142adys\u0142awowi Imio\u0142kowi i por. Janowi Walig\u00f3rze &#8211; mieszka\u0144com \u017begociny, zamordowanym w 1940 roku przez NKWD strza\u0142em w ty\u0142 g\u0142owy.<\/p>\n<p><em>&#8211; Wszystko odby\u0142o si\u0119 zgodnie z za\u0142o\u017conym planem, jedynym zaskoczeniem by\u0142o pojawienie si\u0119 os\u00f3b, o kt\u00f3rych nawet nie wiedzieli\u015bmy, \u017ce s\u0105 cz\u0142onkami rodzin bohater\u00f3w wczorajszej uroczysto\u015bci. Zw\u0142aszcza od strony aspiranta Imio\u0142ka, przyjecha\u0142o du\u017co os\u00f3b, w\u0142a\u015bciwie a\u017c trzy pokolenia. D\u0119by zosta\u0142y posadzone przez przedstawicieli r\u00f3\u017cnych instytucji, np. Komendant Posterunku Policji w \u017begocinie wraz z cz\u0142onkiem rodziny (wnukiem), w przypadku W\u0142adys\u0142awa Imio\u0142ka. Dariusz Badyla, przedstawiciel rodziny asp. Imio\u0142ka, wzruszonym g\u0142osem dzi\u0119kowa\u0142 za zorganizowanie uroczysto\u015bci oraz przypomnienie tych postaci i tragicznych zdarze\u0144, o kt\u00f3rych przez lata nie wolno by\u0142o m\u00f3wi\u0107. R\u00f3wnie\u017c ks. proboszcz parafii w \u017begocinie wyg\u0142osi\u0142 patriotyczne przem\u00f3wienie i opowiedzia\u0142 o represjach jakie na niego spad\u0142y po poruszeniu w kazaniu przed laty sprawy katy\u0144skiej. G\u0142os zabrali tak\u017ce Jerzy B\u0142oniarz, W\u00f3jt Gminy  oraz Zbigniew Siudak, prezes Zarz\u0105du Oddzia\u0142u \u015awiatowego Zwi\u0105zku \u017bo\u0142nierzy Armii Krajowej w Bochni, kt\u00f3ry podzi\u0119kowa\u0142 za to spotkanie i zaproszenie, te\u017c ze wzgl\u0119d\u00f3w osobistych, gdy\u017c jego ojciec by\u0142 ofiar\u0105 NKWD. Danuta P\u0105czek, dyrektor szko\u0142y w \u017begocinie, w imieniu spo\u0142eczno\u015bci gimnazjalnej, przyj\u0119\u0142a opiek\u0119 nad nowym miejscem pami\u0119ci &#8211;<\/em> relacjonuje wczorajsze wydarzenia Tadeusz Olszewski ze Stowarzyszenia Przyjaci\u00f3\u0142 Ziemi \u017begoci\u0144skiej, kt\u00f3re wraz W\u00f3jtem Gminy w \u017begocinie by\u0142o organizatorem uroczysto\u015bci.<\/p>\n<p>Temat Sprawy Katy\u0144skiej jeszcze nieraz powr\u00f3ci w \u017begocinie, ju\u017c zaplanowano na wrzesie\u0144, w rocznic\u0119 agresji sowieckiej na Polsk\u0119, otwarcie wystawy, k\u0105cika pami\u0119ci po\u015bwi\u0119conego asp. W\u0142adys\u0142awowi Imio\u0142kowi i por. Janowi Walig\u00f3rze, kt\u00f3rzy byli mieszka\u0144cami \u017begociny. <em>&#8211; W projektach jest tak\u017ce sesja naukowa dla m\u0142odzie\u017cy, \u017ceby ten temat katy\u0144ski przybli\u017cy\u0107 im w wi\u0119kszym stopniu ni\u017c jest to w programach szkolnych &#8211;<\/em> powiedzia\u0142 w rozmowie z nami Tadeusz Olszewski<\/p>\n<p>Poni\u017cej prezentujemy zdj\u0119cia z wczorajszych obchod\u00f3w, wszystkie zosta\u0142y wykonane przez Tadeusza Olszewskiego.<\/p>\n<p><img decoding=\"async\" src=\"\/f\/2009\/04\/090428_xx_deby_wojt.jpg\" alt=\"null\" \/><br \/>\n<img decoding=\"async\" src=\"\/f\/2009\/04\/090428_xx_deby_tablica.jpg\" alt=\"null\" \/><br \/>\n<img decoding=\"async\" src=\"\/f\/2009\/04\/090428_xx_deby_siudak.jpg\" alt=\"null\" \/><br \/>\n<img decoding=\"async\" src=\"\/f\/2009\/04\/090428_xx_deby_goscie.jpg\" alt=\"null\" \/><br \/>\n<img decoding=\"async\" src=\"\/f\/2009\/04\/090428_xx_deby_dyrektor_szkoly.jpg\" alt=\"null\" \/><\/p>\n<p>O akcji \u201dKATY\u0143&#8230; ocali\u0107 od zapomnienia\u201d, zorganizowanej przez stowarzyszenie Parafiada, w ramach kt\u00f3rej odby\u0142y si\u0119 wczorajsze uroczysto\u015bci pisali\u015bmy <a href=\"http:\/\/www.mojabochnia.pl\/?p=7657\">wcze\u015bniej<\/a>.<\/p>\n","protected":false},"excerpt":{"rendered":"<p>Wczoraj, o godz. 12.00 w \u017begocinie rozpocz\u0119\u0142a si\u0119 ceremonia posadzenia drzewek pami\u0119ci dla Ofiar Katynia. Wzruszenie i rado\u015b\u0107 towarzyszy\u0142y zaproszonym cz\u0142onkom rodzin pomordowanych.<\/p>\n","protected":false},"author":1,"featured_media":0,"comment_status":"open","ping_status":"closed","sticky":false,"template":"","format":"standard","meta":{"_acf_changed":false,"footnotes":""},"categories":[5],"tags":[17184,2490,918,3714,3448,17327,3710,174,17115,537],"class_list":["post-8381","post","type-post","status-publish","format-standard","hentry","category-biezace-wydarzenia","tag-akcja","tag-danuta-paczek","tag-jerzy-bloniarz","tag-sprawa-katynska","tag-tadeusz-olszewski","tag-uroczystosc","tag-wojt-gminy","tag-zbigniew-siudak","tag-zegocina","tag-zwiazek-zolnierzy-armii-krajowej"],"acf":[],"yoast_head":"<!-- This site is optimized with the Yoast SEO plugin v26.9 - https:\/\/yoast.com\/product\/yoast-seo-wordpress\/ -->\n<title>\u017begocina: Posadzono \u201eKaty\u0144skie D\u0119by\u201d - mojabochnia.pl - portal informacyjny<\/title>\n<meta name=\"robots\" content=\"index, follow, max-snippet:-1, max-image-preview:large, max-video-preview:-1\" \/>\n<link rel=\"canonical\" href=\"https:\/\/www.mojabochnia.pl\/?p=8381\" \/>\n<meta property=\"og:locale\" content=\"pl_PL\" \/>\n<meta property=\"og:type\" content=\"article\" \/>\n<meta property=\"og:title\" content=\"\u017begocina: Posadzono \u201eKaty\u0144skie D\u0119by\u201d - mojabochnia.pl - portal informacyjny\" \/>\n<meta property=\"og:description\" content=\"Wczoraj, o godz. 12.00 w \u017begocinie rozpocz\u0119\u0142a si\u0119 ceremonia posadzenia drzewek pami\u0119ci dla Ofiar Katynia. Wzruszenie i rado\u015b\u0107 towarzyszy\u0142y zaproszonym cz\u0142onkom rodzin pomordowanych.\" \/>\n<meta property=\"og:url\" content=\"https:\/\/www.mojabochnia.pl\/?p=8381\" \/>\n<meta property=\"og:site_name\" content=\"mojabochnia.pl - portal informacyjny\" \/>\n<meta property=\"article:publisher\" content=\"https:\/\/www.facebook.com\/mojabochnia\" \/>\n<meta property=\"article:published_time\" content=\"2009-04-28T08:36:53+00:00\" \/>\n<meta property=\"article:modified_time\" content=\"2009-04-29T06:28:21+00:00\" \/>\n<meta name=\"author\" content=\"administrator\" \/>\n<meta name=\"twitter:card\" content=\"summary_large_image\" \/>\n<meta name=\"twitter:label1\" content=\"Written by\" \/>\n\t<meta name=\"twitter:data1\" content=\"administrator\" \/>\n\t<meta name=\"twitter:label2\" content=\"Est. reading time\" \/>\n\t<meta name=\"twitter:data2\" content=\"2 minuty\" \/>\n<script type=\"application\/ld+json\" class=\"yoast-schema-graph\">{\"@context\":\"https:\/\/schema.org\",\"@graph\":[{\"@type\":\"Article\",\"@id\":\"https:\/\/www.mojabochnia.pl\/?p=8381#article\",\"isPartOf\":{\"@id\":\"https:\/\/www.mojabochnia.pl\/?p=8381\"},\"author\":{\"name\":\"administrator\",\"@id\":\"https:\/\/www.mojabochnia.pl\/#\/schema\/person\/c00e1f64e6fa0e6de6d410f2c340017f\"},\"headline\":\"\u017begocina: Posadzono \u201eKaty\u0144skie D\u0119by\u201d\",\"datePublished\":\"2009-04-28T08:36:53+00:00\",\"dateModified\":\"2009-04-29T06:28:21+00:00\",\"mainEntityOfPage\":{\"@id\":\"https:\/\/www.mojabochnia.pl\/?p=8381\"},\"wordCount\":442,\"commentCount\":0,\"publisher\":{\"@id\":\"https:\/\/www.mojabochnia.pl\/#organization\"},\"keywords\":[\"akcja\",\"danuta p\u0105czek\",\"jerzy b\u0142oniarz\",\"sprawa katy\u0144ska\",\"tadeusz olszewski\",\"uroczysto\u015b\u0107\",\"w\u00f3jt gminy\",\"zbigniew siudak\",\"\u017begocina\",\"zwi\u0105zek \u017co\u0142nierzy armii krajowej\"],\"articleSection\":[\"2_ostatnie\"],\"inLanguage\":\"pl-PL\",\"potentialAction\":[{\"@type\":\"CommentAction\",\"name\":\"Comment\",\"target\":[\"https:\/\/www.mojabochnia.pl\/?p=8381#respond\"]}]},{\"@type\":\"WebPage\",\"@id\":\"https:\/\/www.mojabochnia.pl\/?p=8381\",\"url\":\"https:\/\/www.mojabochnia.pl\/?p=8381\",\"name\":\"\u017begocina: Posadzono \u201eKaty\u0144skie D\u0119by\u201d - mojabochnia.pl - portal informacyjny\",\"isPartOf\":{\"@id\":\"https:\/\/www.mojabochnia.pl\/#website\"},\"datePublished\":\"2009-04-28T08:36:53+00:00\",\"dateModified\":\"2009-04-29T06:28:21+00:00\",\"breadcrumb\":{\"@id\":\"https:\/\/www.mojabochnia.pl\/?p=8381#breadcrumb\"},\"inLanguage\":\"pl-PL\",\"potentialAction\":[{\"@type\":\"ReadAction\",\"target\":[\"https:\/\/www.mojabochnia.pl\/?p=8381\"]}]},{\"@type\":\"BreadcrumbList\",\"@id\":\"https:\/\/www.mojabochnia.pl\/?p=8381#breadcrumb\",\"itemListElement\":[{\"@type\":\"ListItem\",\"position\":1,\"name\":\"Home\",\"item\":\"https:\/\/www.mojabochnia.pl\/\"},{\"@type\":\"ListItem\",\"position\":2,\"name\":\"\u017begocina: Posadzono \u201eKaty\u0144skie D\u0119by\u201d\"}]},{\"@type\":\"WebSite\",\"@id\":\"https:\/\/www.mojabochnia.pl\/#website\",\"url\":\"https:\/\/www.mojabochnia.pl\/\",\"name\":\"mojabochnia.pl - portal informacyjny\",\"description\":\"mojaBochnia to portal informacyjny o Bochni. Codziennie o Bochni piszemy i pokazujemy najwa\u017cniejsze wydarzenia\",\"publisher\":{\"@id\":\"https:\/\/www.mojabochnia.pl\/#organization\"},\"potentialAction\":[{\"@type\":\"SearchAction\",\"target\":{\"@type\":\"EntryPoint\",\"urlTemplate\":\"https:\/\/www.mojabochnia.pl\/?s={search_term_string}\"},\"query-input\":{\"@type\":\"PropertyValueSpecification\",\"valueRequired\":true,\"valueName\":\"search_term_string\"}}],\"inLanguage\":\"pl-PL\"},{\"@type\":\"Organization\",\"@id\":\"https:\/\/www.mojabochnia.pl\/#organization\",\"name\":\"mojabochnia.pl - portal informacyjny\",\"url\":\"https:\/\/www.mojabochnia.pl\/\",\"logo\":{\"@type\":\"ImageObject\",\"inLanguage\":\"pl-PL\",\"@id\":\"https:\/\/www.mojabochnia.pl\/#\/schema\/logo\/image\/\",\"url\":\"https:\/\/www.mojabochnia.pl\/wp-content\/uploads\/2017\/08\/logo-mb-opt.png\",\"contentUrl\":\"https:\/\/www.mojabochnia.pl\/wp-content\/uploads\/2017\/08\/logo-mb-opt.png\",\"width\":250,\"height\":48,\"caption\":\"mojabochnia.pl - portal informacyjny\"},\"image\":{\"@id\":\"https:\/\/www.mojabochnia.pl\/#\/schema\/logo\/image\/\"},\"sameAs\":[\"https:\/\/www.facebook.com\/mojabochnia\"]},{\"@type\":\"Person\",\"@id\":\"https:\/\/www.mojabochnia.pl\/#\/schema\/person\/c00e1f64e6fa0e6de6d410f2c340017f\",\"name\":\"administrator\",\"url\":\"https:\/\/www.mojabochnia.pl\/?author=1\"}]}<\/script>\n<!-- \/ Yoast SEO plugin. -->","yoast_head_json":{"title":"\u017begocina: Posadzono \u201eKaty\u0144skie D\u0119by\u201d - mojabochnia.pl - portal informacyjny","robots":{"index":"index","follow":"follow","max-snippet":"max-snippet:-1","max-image-preview":"max-image-preview:large","max-video-preview":"max-video-preview:-1"},"canonical":"https:\/\/www.mojabochnia.pl\/?p=8381","og_locale":"pl_PL","og_type":"article","og_title":"\u017begocina: Posadzono \u201eKaty\u0144skie D\u0119by\u201d - mojabochnia.pl - portal informacyjny","og_description":"Wczoraj, o godz. 12.00 w \u017begocinie rozpocz\u0119\u0142a si\u0119 ceremonia posadzenia drzewek pami\u0119ci dla Ofiar Katynia. Wzruszenie i rado\u015b\u0107 towarzyszy\u0142y zaproszonym cz\u0142onkom rodzin pomordowanych.","og_url":"https:\/\/www.mojabochnia.pl\/?p=8381","og_site_name":"mojabochnia.pl - portal informacyjny","article_publisher":"https:\/\/www.facebook.com\/mojabochnia","article_published_time":"2009-04-28T08:36:53+00:00","article_modified_time":"2009-04-29T06:28:21+00:00","author":"administrator","twitter_card":"summary_large_image","twitter_misc":{"Written by":"administrator","Est. reading time":"2 minuty"},"schema":{"@context":"https:\/\/schema.org","@graph":[{"@type":"Article","@id":"https:\/\/www.mojabochnia.pl\/?p=8381#article","isPartOf":{"@id":"https:\/\/www.mojabochnia.pl\/?p=8381"},"author":{"name":"administrator","@id":"https:\/\/www.mojabochnia.pl\/#\/schema\/person\/c00e1f64e6fa0e6de6d410f2c340017f"},"headline":"\u017begocina: Posadzono \u201eKaty\u0144skie D\u0119by\u201d","datePublished":"2009-04-28T08:36:53+00:00","dateModified":"2009-04-29T06:28:21+00:00","mainEntityOfPage":{"@id":"https:\/\/www.mojabochnia.pl\/?p=8381"},"wordCount":442,"commentCount":0,"publisher":{"@id":"https:\/\/www.mojabochnia.pl\/#organization"},"keywords":["akcja","danuta p\u0105czek","jerzy b\u0142oniarz","sprawa katy\u0144ska","tadeusz olszewski","uroczysto\u015b\u0107","w\u00f3jt gminy","zbigniew siudak","\u017begocina","zwi\u0105zek \u017co\u0142nierzy armii krajowej"],"articleSection":["2_ostatnie"],"inLanguage":"pl-PL","potentialAction":[{"@type":"CommentAction","name":"Comment","target":["https:\/\/www.mojabochnia.pl\/?p=8381#respond"]}]},{"@type":"WebPage","@id":"https:\/\/www.mojabochnia.pl\/?p=8381","url":"https:\/\/www.mojabochnia.pl\/?p=8381","name":"\u017begocina: Posadzono \u201eKaty\u0144skie D\u0119by\u201d - mojabochnia.pl - portal informacyjny","isPartOf":{"@id":"https:\/\/www.mojabochnia.pl\/#website"},"datePublished":"2009-04-28T08:36:53+00:00","dateModified":"2009-04-29T06:28:21+00:00","breadcrumb":{"@id":"https:\/\/www.mojabochnia.pl\/?p=8381#breadcrumb"},"inLanguage":"pl-PL","potentialAction":[{"@type":"ReadAction","target":["https:\/\/www.mojabochnia.pl\/?p=8381"]}]},{"@type":"BreadcrumbList","@id":"https:\/\/www.mojabochnia.pl\/?p=8381#breadcrumb","itemListElement":[{"@type":"ListItem","position":1,"name":"Home","item":"https:\/\/www.mojabochnia.pl\/"},{"@type":"ListItem","position":2,"name":"\u017begocina: Posadzono \u201eKaty\u0144skie D\u0119by\u201d"}]},{"@type":"WebSite","@id":"https:\/\/www.mojabochnia.pl\/#website","url":"https:\/\/www.mojabochnia.pl\/","name":"mojabochnia.pl - portal informacyjny","description":"mojaBochnia to portal informacyjny o Bochni. Codziennie o Bochni piszemy i pokazujemy najwa\u017cniejsze wydarzenia","publisher":{"@id":"https:\/\/www.mojabochnia.pl\/#organization"},"potentialAction":[{"@type":"SearchAction","target":{"@type":"EntryPoint","urlTemplate":"https:\/\/www.mojabochnia.pl\/?s={search_term_string}"},"query-input":{"@type":"PropertyValueSpecification","valueRequired":true,"valueName":"search_term_string"}}],"inLanguage":"pl-PL"},{"@type":"Organization","@id":"https:\/\/www.mojabochnia.pl\/#organization","name":"mojabochnia.pl - portal informacyjny","url":"https:\/\/www.mojabochnia.pl\/","logo":{"@type":"ImageObject","inLanguage":"pl-PL","@id":"https:\/\/www.mojabochnia.pl\/#\/schema\/logo\/image\/","url":"https:\/\/www.mojabochnia.pl\/wp-content\/uploads\/2017\/08\/logo-mb-opt.png","contentUrl":"https:\/\/www.mojabochnia.pl\/wp-content\/uploads\/2017\/08\/logo-mb-opt.png","width":250,"height":48,"caption":"mojabochnia.pl - portal informacyjny"},"image":{"@id":"https:\/\/www.mojabochnia.pl\/#\/schema\/logo\/image\/"},"sameAs":["https:\/\/www.facebook.com\/mojabochnia"]},{"@type":"Person","@id":"https:\/\/www.mojabochnia.pl\/#\/schema\/person\/c00e1f64e6fa0e6de6d410f2c340017f","name":"administrator","url":"https:\/\/www.mojabochnia.pl\/?author=1"}]}},"_links":{"self":[{"href":"https:\/\/www.mojabochnia.pl\/index.php?rest_route=\/wp\/v2\/posts\/8381","targetHints":{"allow":["GET"]}}],"collection":[{"href":"https:\/\/www.mojabochnia.pl\/index.php?rest_route=\/wp\/v2\/posts"}],"about":[{"href":"https:\/\/www.mojabochnia.pl\/index.php?rest_route=\/wp\/v2\/types\/post"}],"author":[{"embeddable":true,"href":"https:\/\/www.mojabochnia.pl\/index.php?rest_route=\/wp\/v2\/users\/1"}],"replies":[{"embeddable":true,"href":"https:\/\/www.mojabochnia.pl\/index.php?rest_route=%2Fwp%2Fv2%2Fcomments&post=8381"}],"version-history":[{"count":0,"href":"https:\/\/www.mojabochnia.pl\/index.php?rest_route=\/wp\/v2\/posts\/8381\/revisions"}],"wp:attachment":[{"href":"https:\/\/www.mojabochnia.pl\/index.php?rest_route=%2Fwp%2Fv2%2Fmedia&parent=8381"}],"wp:term":[{"taxonomy":"category","embeddable":true,"href":"https:\/\/www.mojabochnia.pl\/index.php?rest_route=%2Fwp%2Fv2%2Fcategories&post=8381"},{"taxonomy":"post_tag","embeddable":true,"href":"https:\/\/www.mojabochnia.pl\/index.php?rest_route=%2Fwp%2Fv2%2Ftags&post=8381"}],"curies":[{"name":"wp","href":"https:\/\/api.w.org\/{rel}","templated":true}]}}