{"id":8368,"date":"2009-04-28T06:28:17","date_gmt":"2009-04-28T04:28:17","guid":{"rendered":"http:\/\/www.mojabochnia.pl\/?p=8368"},"modified":"2009-04-28T13:59:47","modified_gmt":"2009-04-28T11:59:47","slug":"ekolodzy-przeciw-obwodnicy-lapczycy","status":"publish","type":"post","link":"https:\/\/www.mojabochnia.pl\/?p=8368","title":{"rendered":"Ekolodzy: obwodnica \u0141apczycy tak, ale po autostradzie"},"content":{"rendered":"<p>Z\u0142o\u017cyli oni specjalne o\u015bwiadczenie, w kt\u00f3rym wyra\u017caj\u0105 zaniepokojenie \u201eprzewidywanymi negatywnymi nast\u0119pstwami, jakie planowana obwodnica przyniesie przyrodzie obszaru przez kt\u00f3ry droga ma przebiega\u0107\u201d. \u2013 <em>Jest to teren od wiek\u00f3w zwi\u0105zany z Boche\u0144szczyzn\u0105 i stanowi o jej warto\u015bci. Nie chcemy blokowa\u0107 ostatecznie obwodnicy, je\u017celi by\u0142aby ju\u017c taka nieodwracalna konieczno\u015b\u0107. Natomiast chcieliby\u015bmy, \u017ceby zosta\u0142o to jeszcze raz przemy\u015blane, zwracamy uwag\u0119, \u017ce dop\u00f3ki nie zostanie zbudowana autostrada, do ko\u0144ca nie wiadomo, czy roz\u0142aduje ona ruch w \u0141apczycy czy nie<\/em> \u2013 m\u00f3wi Pawe\u0142 Wieciech, prezes stowarzyszenia Prospector.<\/p>\n<p>Stowarzyszenie ekolog\u00f3w chce, aby z budow\u0105 obwodnicy \u0141apczycy poczeka\u0107 do czasu, gdy b\u0119dzie ju\u017c funkcjonowa\u0142a autostrada Krak\u00f3w &#8211; Tarn\u00f3w. Mieszka\u0144cy \u0141apczycy s\u0105 oburzeni tym, \u017ce zn\u00f3w kto\u015b chce odci\u0105gn\u0105\u0107 w czasie inwestycj\u0119, o kt\u00f3r\u0105 walcz\u0105 ju\u017c od lat. Jak m\u00f3wi Jerzy Raczy\u0144ski, so\u0142tys \u0141apczycy, obwodnica \u0141apczycy jest obecnie w fazie projekt\u00f3w i od kilku miesi\u0119cy jest na dobrej drodze do realizacji. \u2013<em> Opowiadanie w tej chwili, \u017ce autostrada rozwi\u0105\u017ce problem nat\u0119\u017cenia ruchu jest nie na miejscu. Prawdopodobnie panowie zrzeszeni nie za bardzo rozumiej\u0105 spraw\u0119 pt. p\u0142atne autostrady. A je\u015bli chodzi o zarzuty, ze zostanie zniszczona ro\u015blinno\u015b\u0107 czy jakie\u015b zwierz\u0119ta, tam trudno znale\u017a\u0107 w tej chwili jak\u0105\u015b \u017cabk\u0119 zielon\u0105 czy konika polnego. 40% teren\u00f3w jest nieuprawianych, 60% jest rolniczych i wiadomo, s\u0105 opryski, r\u00f3\u017cne prace piel\u0119gnacyjne<\/em> \u2013 argumentuje Raczy\u0144ski. <\/p>\n<p>W sprawie obwodnicy \u0141apczycy maj\u0105 si\u0119 wkr\u00f3tce wypowiedzie\u0107 radni miasta Bochni, uwzgl\u0119dniaj\u0105cy protesty kilku mieszka\u0144c\u00f3w osiedla Kolan\u00f3w, kt\u00f3rych domy zostan\u0105 wyburzone. Uchwa\u0142\u0119 intencyjn\u0105 w sprawie przyspieszenia realizacji obwodnicy maj\u0105 te\u017c przyj\u0105\u0107 radni powiatowi.<br \/>\n<strong><br \/>\nZobacz tak\u017ce komentarze TV na ten temat:<\/strong> Paw\u0142a Wieciecha &#8211; prezesa Stowarzyszenia Prospector, Jerzego Raczy\u0144skiego &#8211; so\u0142tysa wsi \u0141apczyca i starosty boche\u0144skiego Jacka Paj\u0105ka.<\/p>\n<p><object width=\"465\" height=\"349\"><param name=\"movie\" value=\"http:\/\/www.youtube.com\/v\/Af_fjMBGgwg&#038;hl=pl&#038;fs=1\"><\/param><param name=\"allowFullScreen\" value=\"true\"><\/param><param name=\"allowscriptaccess\" value=\"always\"><\/param><embed src=\"http:\/\/www.youtube.com\/v\/Af_fjMBGgwg&#038;hl=pl&#038;fs=1\" type=\"application\/x-shockwave-flash\" allowscriptaccess=\"always\" allowfullscreen=\"true\" width=\"465\" height=\"349\"><\/embed><\/object><\/p>\n","protected":false},"excerpt":{"rendered":"<p>Obwodnica \u0141apczycy mo\u017ce wp\u0142yn\u0105\u0107 destrukcyjnie na \u015brodowisko naturalne \u2013 uwa\u017caj\u0105 boche\u0144scy ekolodzy. So\u0142tys \u0141apczycy jest oburzony.<\/p>\n","protected":false},"author":4,"featured_media":0,"comment_status":"open","ping_status":"closed","sticky":false,"template":"","format":"standard","meta":{"_acf_changed":false,"footnotes":""},"categories":[11],"tags":[691,3705,689,17225,232,17215,1697,17218,17245,3704,690,3706,17663,692,693,17150],"class_list":["post-8368","post","type-post","status-publish","format-standard","hentry","category-top-temat","tag-decyzja-srodowiskowa","tag-ekolodzy","tag-gddkia","tag-gmina-bochnia","tag-gustaw-korta","tag-jerzy-lysy","tag-jerzy-raczynski","tag-lapczyca","tag-obwodnica","tag-pawel-wieciech","tag-piotr-sroczynski","tag-prospector","tag-soltys","tag-specustawa","tag-via-regia-antiqua","tag-wypadek"],"acf":[],"yoast_head":"<!-- This site is optimized with the Yoast SEO plugin v26.9 - https:\/\/yoast.com\/product\/yoast-seo-wordpress\/ -->\n<title>Ekolodzy: obwodnica \u0141apczycy tak, ale po autostradzie - mojabochnia.pl - portal informacyjny<\/title>\n<meta name=\"robots\" content=\"index, follow, max-snippet:-1, max-image-preview:large, max-video-preview:-1\" \/>\n<link rel=\"canonical\" href=\"https:\/\/www.mojabochnia.pl\/?p=8368\" \/>\n<meta property=\"og:locale\" content=\"pl_PL\" \/>\n<meta property=\"og:type\" content=\"article\" \/>\n<meta property=\"og:title\" content=\"Ekolodzy: obwodnica \u0141apczycy tak, ale po autostradzie - mojabochnia.pl - portal informacyjny\" \/>\n<meta property=\"og:description\" content=\"Obwodnica \u0141apczycy mo\u017ce wp\u0142yn\u0105\u0107 destrukcyjnie na \u015brodowisko naturalne \u2013 uwa\u017caj\u0105 boche\u0144scy ekolodzy. So\u0142tys \u0141apczycy jest oburzony.\" \/>\n<meta property=\"og:url\" content=\"https:\/\/www.mojabochnia.pl\/?p=8368\" \/>\n<meta property=\"og:site_name\" content=\"mojabochnia.pl - portal informacyjny\" \/>\n<meta property=\"article:publisher\" content=\"https:\/\/www.facebook.com\/mojabochnia\" \/>\n<meta property=\"article:published_time\" content=\"2009-04-28T04:28:17+00:00\" \/>\n<meta property=\"article:modified_time\" content=\"2009-04-28T11:59:47+00:00\" \/>\n<meta name=\"author\" content=\"Pawe\u0142 Michalczyk\" \/>\n<meta name=\"twitter:card\" content=\"summary_large_image\" \/>\n<meta name=\"twitter:label1\" content=\"Written by\" \/>\n\t<meta name=\"twitter:data1\" content=\"Pawe\u0142 Michalczyk\" \/>\n\t<meta name=\"twitter:label2\" content=\"Est. reading time\" \/>\n\t<meta name=\"twitter:data2\" content=\"2 minuty\" \/>\n<script type=\"application\/ld+json\" class=\"yoast-schema-graph\">{\"@context\":\"https:\/\/schema.org\",\"@graph\":[{\"@type\":\"Article\",\"@id\":\"https:\/\/www.mojabochnia.pl\/?p=8368#article\",\"isPartOf\":{\"@id\":\"https:\/\/www.mojabochnia.pl\/?p=8368\"},\"author\":{\"name\":\"Pawe\u0142 Michalczyk\",\"@id\":\"https:\/\/www.mojabochnia.pl\/#\/schema\/person\/ea042e4724a77627963f02166828ead4\"},\"headline\":\"Ekolodzy: obwodnica \u0141apczycy tak, ale po autostradzie\",\"datePublished\":\"2009-04-28T04:28:17+00:00\",\"dateModified\":\"2009-04-28T11:59:47+00:00\",\"mainEntityOfPage\":{\"@id\":\"https:\/\/www.mojabochnia.pl\/?p=8368\"},\"wordCount\":325,\"commentCount\":12,\"publisher\":{\"@id\":\"https:\/\/www.mojabochnia.pl\/#organization\"},\"keywords\":[\"decyzja \u015brodowiskowa\",\"ekolodzy\",\"GDDKiA\",\"gmina bochnia\",\"gustaw korta\",\"jerzy lysy\",\"jerzy raczy\u0144ski\",\"\u0142apczyca\",\"obwodnica\",\"pawe\u0142 wieciech\",\"piotr sroczy\u0144ski\",\"prospector\",\"so\u0142tys\",\"specustawa\",\"via regia antiqua\",\"wypadek\"],\"articleSection\":[\"3_w centrum uwagi\"],\"inLanguage\":\"pl-PL\",\"potentialAction\":[{\"@type\":\"CommentAction\",\"name\":\"Comment\",\"target\":[\"https:\/\/www.mojabochnia.pl\/?p=8368#respond\"]}]},{\"@type\":\"WebPage\",\"@id\":\"https:\/\/www.mojabochnia.pl\/?p=8368\",\"url\":\"https:\/\/www.mojabochnia.pl\/?p=8368\",\"name\":\"Ekolodzy: obwodnica \u0141apczycy tak, ale po autostradzie - mojabochnia.pl - portal informacyjny\",\"isPartOf\":{\"@id\":\"https:\/\/www.mojabochnia.pl\/#website\"},\"datePublished\":\"2009-04-28T04:28:17+00:00\",\"dateModified\":\"2009-04-28T11:59:47+00:00\",\"breadcrumb\":{\"@id\":\"https:\/\/www.mojabochnia.pl\/?p=8368#breadcrumb\"},\"inLanguage\":\"pl-PL\",\"potentialAction\":[{\"@type\":\"ReadAction\",\"target\":[\"https:\/\/www.mojabochnia.pl\/?p=8368\"]}]},{\"@type\":\"BreadcrumbList\",\"@id\":\"https:\/\/www.mojabochnia.pl\/?p=8368#breadcrumb\",\"itemListElement\":[{\"@type\":\"ListItem\",\"position\":1,\"name\":\"Home\",\"item\":\"https:\/\/www.mojabochnia.pl\/\"},{\"@type\":\"ListItem\",\"position\":2,\"name\":\"Ekolodzy: obwodnica \u0141apczycy tak, ale po autostradzie\"}]},{\"@type\":\"WebSite\",\"@id\":\"https:\/\/www.mojabochnia.pl\/#website\",\"url\":\"https:\/\/www.mojabochnia.pl\/\",\"name\":\"mojabochnia.pl - portal informacyjny\",\"description\":\"mojaBochnia to portal informacyjny o Bochni. Codziennie o Bochni piszemy i pokazujemy najwa\u017cniejsze wydarzenia\",\"publisher\":{\"@id\":\"https:\/\/www.mojabochnia.pl\/#organization\"},\"potentialAction\":[{\"@type\":\"SearchAction\",\"target\":{\"@type\":\"EntryPoint\",\"urlTemplate\":\"https:\/\/www.mojabochnia.pl\/?s={search_term_string}\"},\"query-input\":{\"@type\":\"PropertyValueSpecification\",\"valueRequired\":true,\"valueName\":\"search_term_string\"}}],\"inLanguage\":\"pl-PL\"},{\"@type\":\"Organization\",\"@id\":\"https:\/\/www.mojabochnia.pl\/#organization\",\"name\":\"mojabochnia.pl - portal informacyjny\",\"url\":\"https:\/\/www.mojabochnia.pl\/\",\"logo\":{\"@type\":\"ImageObject\",\"inLanguage\":\"pl-PL\",\"@id\":\"https:\/\/www.mojabochnia.pl\/#\/schema\/logo\/image\/\",\"url\":\"https:\/\/www.mojabochnia.pl\/wp-content\/uploads\/2017\/08\/logo-mb-opt.png\",\"contentUrl\":\"https:\/\/www.mojabochnia.pl\/wp-content\/uploads\/2017\/08\/logo-mb-opt.png\",\"width\":250,\"height\":48,\"caption\":\"mojabochnia.pl - portal informacyjny\"},\"image\":{\"@id\":\"https:\/\/www.mojabochnia.pl\/#\/schema\/logo\/image\/\"},\"sameAs\":[\"https:\/\/www.facebook.com\/mojabochnia\"]},{\"@type\":\"Person\",\"@id\":\"https:\/\/www.mojabochnia.pl\/#\/schema\/person\/ea042e4724a77627963f02166828ead4\",\"name\":\"Pawe\u0142 Michalczyk\",\"url\":\"https:\/\/www.mojabochnia.pl\/?author=4\"}]}<\/script>\n<!-- \/ Yoast SEO plugin. -->","yoast_head_json":{"title":"Ekolodzy: obwodnica \u0141apczycy tak, ale po autostradzie - mojabochnia.pl - portal informacyjny","robots":{"index":"index","follow":"follow","max-snippet":"max-snippet:-1","max-image-preview":"max-image-preview:large","max-video-preview":"max-video-preview:-1"},"canonical":"https:\/\/www.mojabochnia.pl\/?p=8368","og_locale":"pl_PL","og_type":"article","og_title":"Ekolodzy: obwodnica \u0141apczycy tak, ale po autostradzie - mojabochnia.pl - portal informacyjny","og_description":"Obwodnica \u0141apczycy mo\u017ce wp\u0142yn\u0105\u0107 destrukcyjnie na \u015brodowisko naturalne \u2013 uwa\u017caj\u0105 boche\u0144scy ekolodzy. So\u0142tys \u0141apczycy jest oburzony.","og_url":"https:\/\/www.mojabochnia.pl\/?p=8368","og_site_name":"mojabochnia.pl - portal informacyjny","article_publisher":"https:\/\/www.facebook.com\/mojabochnia","article_published_time":"2009-04-28T04:28:17+00:00","article_modified_time":"2009-04-28T11:59:47+00:00","author":"Pawe\u0142 Michalczyk","twitter_card":"summary_large_image","twitter_misc":{"Written by":"Pawe\u0142 Michalczyk","Est. reading time":"2 minuty"},"schema":{"@context":"https:\/\/schema.org","@graph":[{"@type":"Article","@id":"https:\/\/www.mojabochnia.pl\/?p=8368#article","isPartOf":{"@id":"https:\/\/www.mojabochnia.pl\/?p=8368"},"author":{"name":"Pawe\u0142 Michalczyk","@id":"https:\/\/www.mojabochnia.pl\/#\/schema\/person\/ea042e4724a77627963f02166828ead4"},"headline":"Ekolodzy: obwodnica \u0141apczycy tak, ale po autostradzie","datePublished":"2009-04-28T04:28:17+00:00","dateModified":"2009-04-28T11:59:47+00:00","mainEntityOfPage":{"@id":"https:\/\/www.mojabochnia.pl\/?p=8368"},"wordCount":325,"commentCount":12,"publisher":{"@id":"https:\/\/www.mojabochnia.pl\/#organization"},"keywords":["decyzja \u015brodowiskowa","ekolodzy","GDDKiA","gmina bochnia","gustaw korta","jerzy lysy","jerzy raczy\u0144ski","\u0142apczyca","obwodnica","pawe\u0142 wieciech","piotr sroczy\u0144ski","prospector","so\u0142tys","specustawa","via regia antiqua","wypadek"],"articleSection":["3_w centrum uwagi"],"inLanguage":"pl-PL","potentialAction":[{"@type":"CommentAction","name":"Comment","target":["https:\/\/www.mojabochnia.pl\/?p=8368#respond"]}]},{"@type":"WebPage","@id":"https:\/\/www.mojabochnia.pl\/?p=8368","url":"https:\/\/www.mojabochnia.pl\/?p=8368","name":"Ekolodzy: obwodnica \u0141apczycy tak, ale po autostradzie - mojabochnia.pl - portal informacyjny","isPartOf":{"@id":"https:\/\/www.mojabochnia.pl\/#website"},"datePublished":"2009-04-28T04:28:17+00:00","dateModified":"2009-04-28T11:59:47+00:00","breadcrumb":{"@id":"https:\/\/www.mojabochnia.pl\/?p=8368#breadcrumb"},"inLanguage":"pl-PL","potentialAction":[{"@type":"ReadAction","target":["https:\/\/www.mojabochnia.pl\/?p=8368"]}]},{"@type":"BreadcrumbList","@id":"https:\/\/www.mojabochnia.pl\/?p=8368#breadcrumb","itemListElement":[{"@type":"ListItem","position":1,"name":"Home","item":"https:\/\/www.mojabochnia.pl\/"},{"@type":"ListItem","position":2,"name":"Ekolodzy: obwodnica \u0141apczycy tak, ale po autostradzie"}]},{"@type":"WebSite","@id":"https:\/\/www.mojabochnia.pl\/#website","url":"https:\/\/www.mojabochnia.pl\/","name":"mojabochnia.pl - portal informacyjny","description":"mojaBochnia to portal informacyjny o Bochni. Codziennie o Bochni piszemy i pokazujemy najwa\u017cniejsze wydarzenia","publisher":{"@id":"https:\/\/www.mojabochnia.pl\/#organization"},"potentialAction":[{"@type":"SearchAction","target":{"@type":"EntryPoint","urlTemplate":"https:\/\/www.mojabochnia.pl\/?s={search_term_string}"},"query-input":{"@type":"PropertyValueSpecification","valueRequired":true,"valueName":"search_term_string"}}],"inLanguage":"pl-PL"},{"@type":"Organization","@id":"https:\/\/www.mojabochnia.pl\/#organization","name":"mojabochnia.pl - portal informacyjny","url":"https:\/\/www.mojabochnia.pl\/","logo":{"@type":"ImageObject","inLanguage":"pl-PL","@id":"https:\/\/www.mojabochnia.pl\/#\/schema\/logo\/image\/","url":"https:\/\/www.mojabochnia.pl\/wp-content\/uploads\/2017\/08\/logo-mb-opt.png","contentUrl":"https:\/\/www.mojabochnia.pl\/wp-content\/uploads\/2017\/08\/logo-mb-opt.png","width":250,"height":48,"caption":"mojabochnia.pl - portal informacyjny"},"image":{"@id":"https:\/\/www.mojabochnia.pl\/#\/schema\/logo\/image\/"},"sameAs":["https:\/\/www.facebook.com\/mojabochnia"]},{"@type":"Person","@id":"https:\/\/www.mojabochnia.pl\/#\/schema\/person\/ea042e4724a77627963f02166828ead4","name":"Pawe\u0142 Michalczyk","url":"https:\/\/www.mojabochnia.pl\/?author=4"}]}},"_links":{"self":[{"href":"https:\/\/www.mojabochnia.pl\/index.php?rest_route=\/wp\/v2\/posts\/8368","targetHints":{"allow":["GET"]}}],"collection":[{"href":"https:\/\/www.mojabochnia.pl\/index.php?rest_route=\/wp\/v2\/posts"}],"about":[{"href":"https:\/\/www.mojabochnia.pl\/index.php?rest_route=\/wp\/v2\/types\/post"}],"author":[{"embeddable":true,"href":"https:\/\/www.mojabochnia.pl\/index.php?rest_route=\/wp\/v2\/users\/4"}],"replies":[{"embeddable":true,"href":"https:\/\/www.mojabochnia.pl\/index.php?rest_route=%2Fwp%2Fv2%2Fcomments&post=8368"}],"version-history":[{"count":0,"href":"https:\/\/www.mojabochnia.pl\/index.php?rest_route=\/wp\/v2\/posts\/8368\/revisions"}],"wp:attachment":[{"href":"https:\/\/www.mojabochnia.pl\/index.php?rest_route=%2Fwp%2Fv2%2Fmedia&parent=8368"}],"wp:term":[{"taxonomy":"category","embeddable":true,"href":"https:\/\/www.mojabochnia.pl\/index.php?rest_route=%2Fwp%2Fv2%2Fcategories&post=8368"},{"taxonomy":"post_tag","embeddable":true,"href":"https:\/\/www.mojabochnia.pl\/index.php?rest_route=%2Fwp%2Fv2%2Ftags&post=8368"}],"curies":[{"name":"wp","href":"https:\/\/api.w.org\/{rel}","templated":true}]}}