{"id":8359,"date":"2009-04-28T14:21:54","date_gmt":"2009-04-28T12:21:54","guid":{"rendered":"http:\/\/www.mojabochnia.pl\/?p=8359"},"modified":"2009-04-28T15:39:58","modified_gmt":"2009-04-28T13:39:58","slug":"pobiegnij-w-lipnicy","status":"publish","type":"post","link":"https:\/\/www.mojabochnia.pl\/?p=8359","title":{"rendered":"Pobiegnij w Lipnicy"},"content":{"rendered":"<p>W organizowanej w ubieg\u0142ym roku edycji  \u201ePolska biega\u201d wzi\u0119\u0142o udzia\u0142 ponad 31 tysi\u0119cy uczestnik\u00f3w. Pierwszy raz zosta\u0142a ona zorganizowana w 2006 roku. <\/p>\n<p>Trasa biegu b\u0119dzie liczy\u0142a ok. 4,5 km. B\u0119dzie przebiega\u0142a z centrum Rajbrotu, start z placu obok ko\u015bcio\u0142a parafialnego, dalej w kierunku cmentarza wojskowego na Rakowcu i nast\u0119pnie na Kamienie Brodzi\u0144skiego. Cz\u0142onkowie Ochotniczej Stra\u017cy Po\u017carnej zabezpiecz\u0105 tras\u0119. Start jest planowany na godzin\u0119 10.00. Szacuj\u0119 si\u0119, \u017ce w lipnickim biegu we\u017amie udzia\u0142 ok. 200 os\u00f3b.<\/p>\n<p>Uczestnicy wystartuj\u0105 w 4 kategoriach wiekowych: uczniowie szk\u00f3\u0142 podstawowych, gimnazjalnych, ponadgimnazjalnych oraz w kategorii OPEN, w kt\u00f3rej mo\u017ce wystartowa\u0107 ka\u017cdy. &#8211; <em>Na mecie na uczestnik\u00f3w b\u0119dzie czeka\u0142 przygotowany wsp\u00f3lnie z Zespo\u0142ami Szk\u00f3\u0142 oraz sponsorami \u2013 posi\u0142ek regeneracyjny<\/em> \u2013 poinformowa\u0142a nas Katarzyna Korta, Koordynator d\/s Wsp\u00f3\u0142pracy z Mediami i Promocji Gminy Lipnica Murowana.<\/p>\n","protected":false},"excerpt":{"rendered":"<p>W ramach akcji \u201eCa\u0142a Polska biega\u201d organizowany jest bieg na terenie powiatu boche\u0144skiego. Ka\u017cdy mo\u017ce wzi\u0105\u0107 w nim udzia\u0142 i zmierzy\u0107 si\u0119 z 4,5 kilometrowa tras\u0105.<\/p>\n","protected":false},"author":1,"featured_media":0,"comment_status":"open","ping_status":"closed","sticky":false,"template":"","format":"standard","meta":{"_acf_changed":false,"footnotes":""},"categories":[29],"tags":[17210,1767,2992,3285,3701,2143,2935],"class_list":["post-8359","post","type-post","status-publish","format-standard","hentry","category-sport","tag-bieg","tag-kamienie-brodzinskiego","tag-katarzyna-korta","tag-kategorie-wiekowe","tag-lipnica5","tag-ochotnicza-straz-pozarna","tag-trasa"],"acf":[],"yoast_head":"<!-- This site is optimized with the Yoast SEO plugin v26.9 - https:\/\/yoast.com\/product\/yoast-seo-wordpress\/ -->\n<title>Pobiegnij w Lipnicy - mojabochnia.pl - portal informacyjny<\/title>\n<meta name=\"robots\" content=\"index, follow, max-snippet:-1, max-image-preview:large, max-video-preview:-1\" \/>\n<link rel=\"canonical\" href=\"https:\/\/www.mojabochnia.pl\/?p=8359\" \/>\n<meta property=\"og:locale\" content=\"pl_PL\" \/>\n<meta property=\"og:type\" content=\"article\" \/>\n<meta property=\"og:title\" content=\"Pobiegnij w Lipnicy - mojabochnia.pl - portal informacyjny\" \/>\n<meta property=\"og:description\" content=\"W ramach akcji \u201eCa\u0142a Polska biega\u201d organizowany jest bieg na terenie powiatu boche\u0144skiego. Ka\u017cdy mo\u017ce wzi\u0105\u0107 w nim udzia\u0142 i zmierzy\u0107 si\u0119 z 4,5 kilometrowa tras\u0105.\" \/>\n<meta property=\"og:url\" content=\"https:\/\/www.mojabochnia.pl\/?p=8359\" \/>\n<meta property=\"og:site_name\" content=\"mojabochnia.pl - portal informacyjny\" \/>\n<meta property=\"article:publisher\" content=\"https:\/\/www.facebook.com\/mojabochnia\" \/>\n<meta property=\"article:published_time\" content=\"2009-04-28T12:21:54+00:00\" \/>\n<meta property=\"article:modified_time\" content=\"2009-04-28T13:39:58+00:00\" \/>\n<meta name=\"author\" content=\"administrator\" \/>\n<meta name=\"twitter:card\" content=\"summary_large_image\" \/>\n<meta name=\"twitter:label1\" content=\"Written by\" \/>\n\t<meta name=\"twitter:data1\" content=\"administrator\" \/>\n\t<meta name=\"twitter:label2\" content=\"Est. reading time\" \/>\n\t<meta name=\"twitter:data2\" content=\"1 minuta\" \/>\n<script type=\"application\/ld+json\" class=\"yoast-schema-graph\">{\"@context\":\"https:\/\/schema.org\",\"@graph\":[{\"@type\":\"Article\",\"@id\":\"https:\/\/www.mojabochnia.pl\/?p=8359#article\",\"isPartOf\":{\"@id\":\"https:\/\/www.mojabochnia.pl\/?p=8359\"},\"author\":{\"name\":\"administrator\",\"@id\":\"https:\/\/www.mojabochnia.pl\/#\/schema\/person\/c00e1f64e6fa0e6de6d410f2c340017f\"},\"headline\":\"Pobiegnij w Lipnicy\",\"datePublished\":\"2009-04-28T12:21:54+00:00\",\"dateModified\":\"2009-04-28T13:39:58+00:00\",\"mainEntityOfPage\":{\"@id\":\"https:\/\/www.mojabochnia.pl\/?p=8359\"},\"wordCount\":151,\"commentCount\":0,\"publisher\":{\"@id\":\"https:\/\/www.mojabochnia.pl\/#organization\"},\"keywords\":[\"bieg\",\"kamienie brodzi\u0144skiego\",\"katarzyna korta\",\"kategorie wiekowe\",\"lipnica\",\"ochotnicza stra\u017c po\u017carna\",\"trasa\"],\"articleSection\":[\"sport\"],\"inLanguage\":\"pl-PL\",\"potentialAction\":[{\"@type\":\"CommentAction\",\"name\":\"Comment\",\"target\":[\"https:\/\/www.mojabochnia.pl\/?p=8359#respond\"]}]},{\"@type\":\"WebPage\",\"@id\":\"https:\/\/www.mojabochnia.pl\/?p=8359\",\"url\":\"https:\/\/www.mojabochnia.pl\/?p=8359\",\"name\":\"Pobiegnij w Lipnicy - mojabochnia.pl - portal informacyjny\",\"isPartOf\":{\"@id\":\"https:\/\/www.mojabochnia.pl\/#website\"},\"datePublished\":\"2009-04-28T12:21:54+00:00\",\"dateModified\":\"2009-04-28T13:39:58+00:00\",\"breadcrumb\":{\"@id\":\"https:\/\/www.mojabochnia.pl\/?p=8359#breadcrumb\"},\"inLanguage\":\"pl-PL\",\"potentialAction\":[{\"@type\":\"ReadAction\",\"target\":[\"https:\/\/www.mojabochnia.pl\/?p=8359\"]}]},{\"@type\":\"BreadcrumbList\",\"@id\":\"https:\/\/www.mojabochnia.pl\/?p=8359#breadcrumb\",\"itemListElement\":[{\"@type\":\"ListItem\",\"position\":1,\"name\":\"Home\",\"item\":\"https:\/\/www.mojabochnia.pl\/\"},{\"@type\":\"ListItem\",\"position\":2,\"name\":\"Pobiegnij w Lipnicy\"}]},{\"@type\":\"WebSite\",\"@id\":\"https:\/\/www.mojabochnia.pl\/#website\",\"url\":\"https:\/\/www.mojabochnia.pl\/\",\"name\":\"mojabochnia.pl - portal informacyjny\",\"description\":\"mojaBochnia to portal informacyjny o Bochni. Codziennie o Bochni piszemy i pokazujemy najwa\u017cniejsze wydarzenia\",\"publisher\":{\"@id\":\"https:\/\/www.mojabochnia.pl\/#organization\"},\"potentialAction\":[{\"@type\":\"SearchAction\",\"target\":{\"@type\":\"EntryPoint\",\"urlTemplate\":\"https:\/\/www.mojabochnia.pl\/?s={search_term_string}\"},\"query-input\":{\"@type\":\"PropertyValueSpecification\",\"valueRequired\":true,\"valueName\":\"search_term_string\"}}],\"inLanguage\":\"pl-PL\"},{\"@type\":\"Organization\",\"@id\":\"https:\/\/www.mojabochnia.pl\/#organization\",\"name\":\"mojabochnia.pl - portal informacyjny\",\"url\":\"https:\/\/www.mojabochnia.pl\/\",\"logo\":{\"@type\":\"ImageObject\",\"inLanguage\":\"pl-PL\",\"@id\":\"https:\/\/www.mojabochnia.pl\/#\/schema\/logo\/image\/\",\"url\":\"https:\/\/www.mojabochnia.pl\/wp-content\/uploads\/2017\/08\/logo-mb-opt.png\",\"contentUrl\":\"https:\/\/www.mojabochnia.pl\/wp-content\/uploads\/2017\/08\/logo-mb-opt.png\",\"width\":250,\"height\":48,\"caption\":\"mojabochnia.pl - portal informacyjny\"},\"image\":{\"@id\":\"https:\/\/www.mojabochnia.pl\/#\/schema\/logo\/image\/\"},\"sameAs\":[\"https:\/\/www.facebook.com\/mojabochnia\"]},{\"@type\":\"Person\",\"@id\":\"https:\/\/www.mojabochnia.pl\/#\/schema\/person\/c00e1f64e6fa0e6de6d410f2c340017f\",\"name\":\"administrator\",\"url\":\"https:\/\/www.mojabochnia.pl\/?author=1\"}]}<\/script>\n<!-- \/ Yoast SEO plugin. -->","yoast_head_json":{"title":"Pobiegnij w Lipnicy - mojabochnia.pl - portal informacyjny","robots":{"index":"index","follow":"follow","max-snippet":"max-snippet:-1","max-image-preview":"max-image-preview:large","max-video-preview":"max-video-preview:-1"},"canonical":"https:\/\/www.mojabochnia.pl\/?p=8359","og_locale":"pl_PL","og_type":"article","og_title":"Pobiegnij w Lipnicy - mojabochnia.pl - portal informacyjny","og_description":"W ramach akcji \u201eCa\u0142a Polska biega\u201d organizowany jest bieg na terenie powiatu boche\u0144skiego. Ka\u017cdy mo\u017ce wzi\u0105\u0107 w nim udzia\u0142 i zmierzy\u0107 si\u0119 z 4,5 kilometrowa tras\u0105.","og_url":"https:\/\/www.mojabochnia.pl\/?p=8359","og_site_name":"mojabochnia.pl - portal informacyjny","article_publisher":"https:\/\/www.facebook.com\/mojabochnia","article_published_time":"2009-04-28T12:21:54+00:00","article_modified_time":"2009-04-28T13:39:58+00:00","author":"administrator","twitter_card":"summary_large_image","twitter_misc":{"Written by":"administrator","Est. reading time":"1 minuta"},"schema":{"@context":"https:\/\/schema.org","@graph":[{"@type":"Article","@id":"https:\/\/www.mojabochnia.pl\/?p=8359#article","isPartOf":{"@id":"https:\/\/www.mojabochnia.pl\/?p=8359"},"author":{"name":"administrator","@id":"https:\/\/www.mojabochnia.pl\/#\/schema\/person\/c00e1f64e6fa0e6de6d410f2c340017f"},"headline":"Pobiegnij w Lipnicy","datePublished":"2009-04-28T12:21:54+00:00","dateModified":"2009-04-28T13:39:58+00:00","mainEntityOfPage":{"@id":"https:\/\/www.mojabochnia.pl\/?p=8359"},"wordCount":151,"commentCount":0,"publisher":{"@id":"https:\/\/www.mojabochnia.pl\/#organization"},"keywords":["bieg","kamienie brodzi\u0144skiego","katarzyna korta","kategorie wiekowe","lipnica","ochotnicza stra\u017c po\u017carna","trasa"],"articleSection":["sport"],"inLanguage":"pl-PL","potentialAction":[{"@type":"CommentAction","name":"Comment","target":["https:\/\/www.mojabochnia.pl\/?p=8359#respond"]}]},{"@type":"WebPage","@id":"https:\/\/www.mojabochnia.pl\/?p=8359","url":"https:\/\/www.mojabochnia.pl\/?p=8359","name":"Pobiegnij w Lipnicy - mojabochnia.pl - portal informacyjny","isPartOf":{"@id":"https:\/\/www.mojabochnia.pl\/#website"},"datePublished":"2009-04-28T12:21:54+00:00","dateModified":"2009-04-28T13:39:58+00:00","breadcrumb":{"@id":"https:\/\/www.mojabochnia.pl\/?p=8359#breadcrumb"},"inLanguage":"pl-PL","potentialAction":[{"@type":"ReadAction","target":["https:\/\/www.mojabochnia.pl\/?p=8359"]}]},{"@type":"BreadcrumbList","@id":"https:\/\/www.mojabochnia.pl\/?p=8359#breadcrumb","itemListElement":[{"@type":"ListItem","position":1,"name":"Home","item":"https:\/\/www.mojabochnia.pl\/"},{"@type":"ListItem","position":2,"name":"Pobiegnij w Lipnicy"}]},{"@type":"WebSite","@id":"https:\/\/www.mojabochnia.pl\/#website","url":"https:\/\/www.mojabochnia.pl\/","name":"mojabochnia.pl - portal informacyjny","description":"mojaBochnia to portal informacyjny o Bochni. Codziennie o Bochni piszemy i pokazujemy najwa\u017cniejsze wydarzenia","publisher":{"@id":"https:\/\/www.mojabochnia.pl\/#organization"},"potentialAction":[{"@type":"SearchAction","target":{"@type":"EntryPoint","urlTemplate":"https:\/\/www.mojabochnia.pl\/?s={search_term_string}"},"query-input":{"@type":"PropertyValueSpecification","valueRequired":true,"valueName":"search_term_string"}}],"inLanguage":"pl-PL"},{"@type":"Organization","@id":"https:\/\/www.mojabochnia.pl\/#organization","name":"mojabochnia.pl - portal informacyjny","url":"https:\/\/www.mojabochnia.pl\/","logo":{"@type":"ImageObject","inLanguage":"pl-PL","@id":"https:\/\/www.mojabochnia.pl\/#\/schema\/logo\/image\/","url":"https:\/\/www.mojabochnia.pl\/wp-content\/uploads\/2017\/08\/logo-mb-opt.png","contentUrl":"https:\/\/www.mojabochnia.pl\/wp-content\/uploads\/2017\/08\/logo-mb-opt.png","width":250,"height":48,"caption":"mojabochnia.pl - portal informacyjny"},"image":{"@id":"https:\/\/www.mojabochnia.pl\/#\/schema\/logo\/image\/"},"sameAs":["https:\/\/www.facebook.com\/mojabochnia"]},{"@type":"Person","@id":"https:\/\/www.mojabochnia.pl\/#\/schema\/person\/c00e1f64e6fa0e6de6d410f2c340017f","name":"administrator","url":"https:\/\/www.mojabochnia.pl\/?author=1"}]}},"_links":{"self":[{"href":"https:\/\/www.mojabochnia.pl\/index.php?rest_route=\/wp\/v2\/posts\/8359","targetHints":{"allow":["GET"]}}],"collection":[{"href":"https:\/\/www.mojabochnia.pl\/index.php?rest_route=\/wp\/v2\/posts"}],"about":[{"href":"https:\/\/www.mojabochnia.pl\/index.php?rest_route=\/wp\/v2\/types\/post"}],"author":[{"embeddable":true,"href":"https:\/\/www.mojabochnia.pl\/index.php?rest_route=\/wp\/v2\/users\/1"}],"replies":[{"embeddable":true,"href":"https:\/\/www.mojabochnia.pl\/index.php?rest_route=%2Fwp%2Fv2%2Fcomments&post=8359"}],"version-history":[{"count":0,"href":"https:\/\/www.mojabochnia.pl\/index.php?rest_route=\/wp\/v2\/posts\/8359\/revisions"}],"wp:attachment":[{"href":"https:\/\/www.mojabochnia.pl\/index.php?rest_route=%2Fwp%2Fv2%2Fmedia&parent=8359"}],"wp:term":[{"taxonomy":"category","embeddable":true,"href":"https:\/\/www.mojabochnia.pl\/index.php?rest_route=%2Fwp%2Fv2%2Fcategories&post=8359"},{"taxonomy":"post_tag","embeddable":true,"href":"https:\/\/www.mojabochnia.pl\/index.php?rest_route=%2Fwp%2Fv2%2Ftags&post=8359"}],"curies":[{"name":"wp","href":"https:\/\/api.w.org\/{rel}","templated":true}]}}