{"id":8337,"date":"2009-04-27T12:54:03","date_gmt":"2009-04-27T10:54:03","guid":{"rendered":"http:\/\/www.mojabochnia.pl\/?p=8337"},"modified":"2009-04-27T12:55:04","modified_gmt":"2009-04-27T10:55:04","slug":"policja-podsumowuje-weekend","status":"publish","type":"post","link":"https:\/\/www.mojabochnia.pl\/?p=8337","title":{"rendered":"Policja podsumowuje weekend"},"content":{"rendered":"<p>W pi\u0105tek ok. godz. 16.10 w  Leksandrowej 16-latek kieruj\u0105cy motorowerem, nieumiej\u0119tnie skr\u0119caj\u0105c na skrzy\u017cowaniu, przewr\u00f3ci\u0142 pojazd. W wyniku zdarzenia, zar\u00f3wno on jak i przewo\u017cony, o rok m\u0142odszy kolega, trafili do szpitala z pot\u0142uczeniami i urazami ko\u0144czyn. Natomiast w sobot\u0119 o godz. 9.00 w Mikluszowicach 15-letni kieruj\u0105cy motorowerem, nie zachowuj\u0105c nale\u017cytej ostro\u017cno\u015bci i wjecha\u0142 w ty\u0142 jad\u0105cego przed nim r\u00f3wnie\u017c motorowerem 17-latka, oboje s\u0105 mieszka\u0144cami Gaw\u0142\u00f3wka. Nikt nie dozna\u0142 obra\u017ce\u0144 cia\u0142a. Obie sprawy trafi\u0105 przed S\u0105d Rodzinny i Nieletnich.<br \/>\n<em><br \/>\n&#8211; Z uwagi na nasilaj\u0105c\u0105 si\u0119 liczb\u0119 zdarze\u0144 z udzia\u0142em nieletnich kieruj\u0105cych motorowerami warto zwr\u00f3ci\u0107 uwag\u0119 na odpowiedzialno\u015b\u0107, jak\u0105 ponosz\u0105 rodzice ma\u0142oletnich, dopuszczaj\u0105cy do u\u017cytkowania pojazd\u00f3w, przez kieruj\u0105cych nie posiadaj\u0105cych uprawnie\u0144. Tak\u017ce pewne ograniczenia w odpowiedzialno\u015bci za wyrz\u0105dzone szkody wynikaj\u0105 z polisy ubezpieczeniowej Odpowiedzialno\u015bci Cywilnej pojazdu \u2013<\/em> komentuje wydarzenia Leszek Machaj, rzecznik boche\u0144skiej policji.<\/p>\n<p>Pijani kierowcy, kt\u00f3rzy s\u0105 plag\u0105 polskich dr\u00f3g, r\u00f3wnie\u017c byli 'bohaterami&#8217; weekendowych zatrzyma\u0144. Policjanci z drog\u00f3wki wykryli 4 nietrze\u017awych kieruj\u0105cych. W\u015br\u00f3d nich niechlubnym rekordzist\u0105 by\u0142 49-letni mieszkaniec powiatu tarnowskiego, kt\u00f3ry w sobotni\u0105 noc o godz. 3.25 jecha\u0142 Fiatem 126p przez Gorzk\u00f3w, maj\u0105c oko\u0142o 2,6 promila alkoholu w wydychanym powietrzu. Za pope\u0142nione wykroczenie,m\u0119\u017cczy\u017anie grozi kara do 2 lat pozbawienia wolno\u015bci, p\u00f3ki co zatrzymano jego prawo jazdy.<\/p>\n<p>W przypadku pobicia, do jakiego dosz\u0142o w niedziel\u0119 oko\u0142o p\u00f3\u0142nocy w Jod\u0142\u00f3wce, alkohol tak\u017ce nie by\u0142 bez znaczenia. 20-latek napad\u0142 na wracaj\u0105cego z lokalu 43-letniego m\u0119\u017cczyzn\u0119, bij\u0105c go i kopi\u0105c po ca\u0142ym ciele, grozi\u0142 te\u017c pozbawieniem \u017cycia. Poszkodowany pr\u00f3bowa\u0142 wezwa\u0107 policj\u0119 przez telefon kom\u00f3rkowy, lecz oprawca wyrwa\u0142 mu go. W\u00f3wczas ofiara, ratuj\u0105c si\u0119, pobieg\u0142a w kierunku najbli\u017cszych posesji. Ale i to nie pomog\u0142o, agresor nadal zadawa\u0142 mu uderzenia. Kres zaj\u015bcia nast\u0105pi\u0142, gdy do akcji wkroczyli wezwani policjanci i zatrzymali szamotaj\u0105cych si\u0119 m\u0119\u017cczyzn. Obaj byli pod wp\u0142ywem alkoholu. Poszkodowany mia\u0142 oko\u0142o 3 promili, a napastnik o promil mniej. Pobity mieszkaniec Brzeska trafi\u0142 do szpitala z obra\u017ceniami g\u0142owy, sk\u0105d, po ich opatrzeniu, zosta\u0142 zwolniony do domu. Sprawc\u0105 rozboju okaza\u0142 si\u0119 mieszkaniec Jasienia, kt\u00f3rego zatrzymano do dyspozycji Wydzia\u0142u Dochodzeniowo-\u015aledczego. Grozi mu kara pozbawienia wolno\u015bci od 2 lat do 12.<\/p>\n","protected":false},"excerpt":{"rendered":"<p>Miniony weekend trudno uzna\u0107 za spokojny.Na boche\u0144skich drogach dosz\u0142o do dw\u00f3ch kolizji jedno\u015blad\u00f3w kierowanych przez nieletnich, drog\u00f3wka zatrzyma\u0142a kilku nietrze\u017awych kierowc\u00f3w,nie oby\u0142o si\u0119 tak\u017ce bez rozboju.<\/p>\n","protected":false},"author":1,"featured_media":0,"comment_status":"open","ping_status":"closed","sticky":false,"template":"","format":"standard","meta":{"_acf_changed":false,"footnotes":""},"categories":[5],"tags":[17321,17504,581,17238,17492,3169,2896,1504,17155,497,3170,2033,17324,17545,17150,3694],"class_list":["post-8337","post","type-post","status-publish","format-standard","hentry","category-biezace-wydarzenia","tag-alkohol","tag-kara","tag-kolizja","tag-leszek-machaj","tag-napad","tag-nieletni","tag-obrazenia","tag-pobicie","tag-policja","tag-rozboj","tag-sad-rodzinny","tag-sprawca","tag-szpital","tag-wiezienie","tag-wypadek","tag-zdarzenie"],"acf":[],"yoast_head":"<!-- This site is optimized with the Yoast SEO plugin v26.9 - https:\/\/yoast.com\/product\/yoast-seo-wordpress\/ -->\n<title>Policja podsumowuje weekend - mojabochnia.pl - portal informacyjny<\/title>\n<meta name=\"robots\" content=\"index, follow, max-snippet:-1, max-image-preview:large, max-video-preview:-1\" \/>\n<link rel=\"canonical\" href=\"https:\/\/www.mojabochnia.pl\/?p=8337\" \/>\n<meta property=\"og:locale\" content=\"pl_PL\" \/>\n<meta property=\"og:type\" content=\"article\" \/>\n<meta property=\"og:title\" content=\"Policja podsumowuje weekend - mojabochnia.pl - portal informacyjny\" \/>\n<meta property=\"og:description\" content=\"Miniony weekend trudno uzna\u0107 za spokojny.Na boche\u0144skich drogach dosz\u0142o do dw\u00f3ch kolizji jedno\u015blad\u00f3w kierowanych przez nieletnich, drog\u00f3wka zatrzyma\u0142a kilku nietrze\u017awych kierowc\u00f3w,nie oby\u0142o si\u0119 tak\u017ce bez rozboju.\" \/>\n<meta property=\"og:url\" content=\"https:\/\/www.mojabochnia.pl\/?p=8337\" \/>\n<meta property=\"og:site_name\" content=\"mojabochnia.pl - portal informacyjny\" \/>\n<meta property=\"article:publisher\" content=\"https:\/\/www.facebook.com\/mojabochnia\" \/>\n<meta property=\"article:published_time\" content=\"2009-04-27T10:54:03+00:00\" \/>\n<meta property=\"article:modified_time\" content=\"2009-04-27T10:55:04+00:00\" \/>\n<meta name=\"author\" content=\"administrator\" \/>\n<meta name=\"twitter:card\" content=\"summary_large_image\" \/>\n<meta name=\"twitter:label1\" content=\"Written by\" \/>\n\t<meta name=\"twitter:data1\" content=\"administrator\" \/>\n\t<meta name=\"twitter:label2\" content=\"Est. reading time\" \/>\n\t<meta name=\"twitter:data2\" content=\"2 minuty\" \/>\n<script type=\"application\/ld+json\" class=\"yoast-schema-graph\">{\"@context\":\"https:\/\/schema.org\",\"@graph\":[{\"@type\":\"Article\",\"@id\":\"https:\/\/www.mojabochnia.pl\/?p=8337#article\",\"isPartOf\":{\"@id\":\"https:\/\/www.mojabochnia.pl\/?p=8337\"},\"author\":{\"name\":\"administrator\",\"@id\":\"https:\/\/www.mojabochnia.pl\/#\/schema\/person\/c00e1f64e6fa0e6de6d410f2c340017f\"},\"headline\":\"Policja podsumowuje weekend\",\"datePublished\":\"2009-04-27T10:54:03+00:00\",\"dateModified\":\"2009-04-27T10:55:04+00:00\",\"mainEntityOfPage\":{\"@id\":\"https:\/\/www.mojabochnia.pl\/?p=8337\"},\"wordCount\":412,\"commentCount\":0,\"publisher\":{\"@id\":\"https:\/\/www.mojabochnia.pl\/#organization\"},\"keywords\":[\"alkohol\",\"kara\",\"kolizja\",\"leszek machaj\",\"napad\",\"nieletni\",\"obra\u017cenia\",\"pobicie\",\"policja\",\"rozb\u00f3j\",\"s\u0105d rodzinny\",\"sprawca\",\"szpital\",\"wi\u0119zienie\",\"wypadek\",\"zdarzenie\"],\"articleSection\":[\"2_ostatnie\"],\"inLanguage\":\"pl-PL\",\"potentialAction\":[{\"@type\":\"CommentAction\",\"name\":\"Comment\",\"target\":[\"https:\/\/www.mojabochnia.pl\/?p=8337#respond\"]}]},{\"@type\":\"WebPage\",\"@id\":\"https:\/\/www.mojabochnia.pl\/?p=8337\",\"url\":\"https:\/\/www.mojabochnia.pl\/?p=8337\",\"name\":\"Policja podsumowuje weekend - mojabochnia.pl - portal informacyjny\",\"isPartOf\":{\"@id\":\"https:\/\/www.mojabochnia.pl\/#website\"},\"datePublished\":\"2009-04-27T10:54:03+00:00\",\"dateModified\":\"2009-04-27T10:55:04+00:00\",\"breadcrumb\":{\"@id\":\"https:\/\/www.mojabochnia.pl\/?p=8337#breadcrumb\"},\"inLanguage\":\"pl-PL\",\"potentialAction\":[{\"@type\":\"ReadAction\",\"target\":[\"https:\/\/www.mojabochnia.pl\/?p=8337\"]}]},{\"@type\":\"BreadcrumbList\",\"@id\":\"https:\/\/www.mojabochnia.pl\/?p=8337#breadcrumb\",\"itemListElement\":[{\"@type\":\"ListItem\",\"position\":1,\"name\":\"Home\",\"item\":\"https:\/\/www.mojabochnia.pl\/\"},{\"@type\":\"ListItem\",\"position\":2,\"name\":\"Policja podsumowuje weekend\"}]},{\"@type\":\"WebSite\",\"@id\":\"https:\/\/www.mojabochnia.pl\/#website\",\"url\":\"https:\/\/www.mojabochnia.pl\/\",\"name\":\"mojabochnia.pl - portal informacyjny\",\"description\":\"mojaBochnia to portal informacyjny o Bochni. Codziennie o Bochni piszemy i pokazujemy najwa\u017cniejsze wydarzenia\",\"publisher\":{\"@id\":\"https:\/\/www.mojabochnia.pl\/#organization\"},\"potentialAction\":[{\"@type\":\"SearchAction\",\"target\":{\"@type\":\"EntryPoint\",\"urlTemplate\":\"https:\/\/www.mojabochnia.pl\/?s={search_term_string}\"},\"query-input\":{\"@type\":\"PropertyValueSpecification\",\"valueRequired\":true,\"valueName\":\"search_term_string\"}}],\"inLanguage\":\"pl-PL\"},{\"@type\":\"Organization\",\"@id\":\"https:\/\/www.mojabochnia.pl\/#organization\",\"name\":\"mojabochnia.pl - portal informacyjny\",\"url\":\"https:\/\/www.mojabochnia.pl\/\",\"logo\":{\"@type\":\"ImageObject\",\"inLanguage\":\"pl-PL\",\"@id\":\"https:\/\/www.mojabochnia.pl\/#\/schema\/logo\/image\/\",\"url\":\"https:\/\/www.mojabochnia.pl\/wp-content\/uploads\/2017\/08\/logo-mb-opt.png\",\"contentUrl\":\"https:\/\/www.mojabochnia.pl\/wp-content\/uploads\/2017\/08\/logo-mb-opt.png\",\"width\":250,\"height\":48,\"caption\":\"mojabochnia.pl - portal informacyjny\"},\"image\":{\"@id\":\"https:\/\/www.mojabochnia.pl\/#\/schema\/logo\/image\/\"},\"sameAs\":[\"https:\/\/www.facebook.com\/mojabochnia\"]},{\"@type\":\"Person\",\"@id\":\"https:\/\/www.mojabochnia.pl\/#\/schema\/person\/c00e1f64e6fa0e6de6d410f2c340017f\",\"name\":\"administrator\",\"url\":\"https:\/\/www.mojabochnia.pl\/?author=1\"}]}<\/script>\n<!-- \/ Yoast SEO plugin. -->","yoast_head_json":{"title":"Policja podsumowuje weekend - mojabochnia.pl - portal informacyjny","robots":{"index":"index","follow":"follow","max-snippet":"max-snippet:-1","max-image-preview":"max-image-preview:large","max-video-preview":"max-video-preview:-1"},"canonical":"https:\/\/www.mojabochnia.pl\/?p=8337","og_locale":"pl_PL","og_type":"article","og_title":"Policja podsumowuje weekend - mojabochnia.pl - portal informacyjny","og_description":"Miniony weekend trudno uzna\u0107 za spokojny.Na boche\u0144skich drogach dosz\u0142o do dw\u00f3ch kolizji jedno\u015blad\u00f3w kierowanych przez nieletnich, drog\u00f3wka zatrzyma\u0142a kilku nietrze\u017awych kierowc\u00f3w,nie oby\u0142o si\u0119 tak\u017ce bez rozboju.","og_url":"https:\/\/www.mojabochnia.pl\/?p=8337","og_site_name":"mojabochnia.pl - portal informacyjny","article_publisher":"https:\/\/www.facebook.com\/mojabochnia","article_published_time":"2009-04-27T10:54:03+00:00","article_modified_time":"2009-04-27T10:55:04+00:00","author":"administrator","twitter_card":"summary_large_image","twitter_misc":{"Written by":"administrator","Est. reading time":"2 minuty"},"schema":{"@context":"https:\/\/schema.org","@graph":[{"@type":"Article","@id":"https:\/\/www.mojabochnia.pl\/?p=8337#article","isPartOf":{"@id":"https:\/\/www.mojabochnia.pl\/?p=8337"},"author":{"name":"administrator","@id":"https:\/\/www.mojabochnia.pl\/#\/schema\/person\/c00e1f64e6fa0e6de6d410f2c340017f"},"headline":"Policja podsumowuje weekend","datePublished":"2009-04-27T10:54:03+00:00","dateModified":"2009-04-27T10:55:04+00:00","mainEntityOfPage":{"@id":"https:\/\/www.mojabochnia.pl\/?p=8337"},"wordCount":412,"commentCount":0,"publisher":{"@id":"https:\/\/www.mojabochnia.pl\/#organization"},"keywords":["alkohol","kara","kolizja","leszek machaj","napad","nieletni","obra\u017cenia","pobicie","policja","rozb\u00f3j","s\u0105d rodzinny","sprawca","szpital","wi\u0119zienie","wypadek","zdarzenie"],"articleSection":["2_ostatnie"],"inLanguage":"pl-PL","potentialAction":[{"@type":"CommentAction","name":"Comment","target":["https:\/\/www.mojabochnia.pl\/?p=8337#respond"]}]},{"@type":"WebPage","@id":"https:\/\/www.mojabochnia.pl\/?p=8337","url":"https:\/\/www.mojabochnia.pl\/?p=8337","name":"Policja podsumowuje weekend - mojabochnia.pl - portal informacyjny","isPartOf":{"@id":"https:\/\/www.mojabochnia.pl\/#website"},"datePublished":"2009-04-27T10:54:03+00:00","dateModified":"2009-04-27T10:55:04+00:00","breadcrumb":{"@id":"https:\/\/www.mojabochnia.pl\/?p=8337#breadcrumb"},"inLanguage":"pl-PL","potentialAction":[{"@type":"ReadAction","target":["https:\/\/www.mojabochnia.pl\/?p=8337"]}]},{"@type":"BreadcrumbList","@id":"https:\/\/www.mojabochnia.pl\/?p=8337#breadcrumb","itemListElement":[{"@type":"ListItem","position":1,"name":"Home","item":"https:\/\/www.mojabochnia.pl\/"},{"@type":"ListItem","position":2,"name":"Policja podsumowuje weekend"}]},{"@type":"WebSite","@id":"https:\/\/www.mojabochnia.pl\/#website","url":"https:\/\/www.mojabochnia.pl\/","name":"mojabochnia.pl - portal informacyjny","description":"mojaBochnia to portal informacyjny o Bochni. Codziennie o Bochni piszemy i pokazujemy najwa\u017cniejsze wydarzenia","publisher":{"@id":"https:\/\/www.mojabochnia.pl\/#organization"},"potentialAction":[{"@type":"SearchAction","target":{"@type":"EntryPoint","urlTemplate":"https:\/\/www.mojabochnia.pl\/?s={search_term_string}"},"query-input":{"@type":"PropertyValueSpecification","valueRequired":true,"valueName":"search_term_string"}}],"inLanguage":"pl-PL"},{"@type":"Organization","@id":"https:\/\/www.mojabochnia.pl\/#organization","name":"mojabochnia.pl - portal informacyjny","url":"https:\/\/www.mojabochnia.pl\/","logo":{"@type":"ImageObject","inLanguage":"pl-PL","@id":"https:\/\/www.mojabochnia.pl\/#\/schema\/logo\/image\/","url":"https:\/\/www.mojabochnia.pl\/wp-content\/uploads\/2017\/08\/logo-mb-opt.png","contentUrl":"https:\/\/www.mojabochnia.pl\/wp-content\/uploads\/2017\/08\/logo-mb-opt.png","width":250,"height":48,"caption":"mojabochnia.pl - portal informacyjny"},"image":{"@id":"https:\/\/www.mojabochnia.pl\/#\/schema\/logo\/image\/"},"sameAs":["https:\/\/www.facebook.com\/mojabochnia"]},{"@type":"Person","@id":"https:\/\/www.mojabochnia.pl\/#\/schema\/person\/c00e1f64e6fa0e6de6d410f2c340017f","name":"administrator","url":"https:\/\/www.mojabochnia.pl\/?author=1"}]}},"_links":{"self":[{"href":"https:\/\/www.mojabochnia.pl\/index.php?rest_route=\/wp\/v2\/posts\/8337","targetHints":{"allow":["GET"]}}],"collection":[{"href":"https:\/\/www.mojabochnia.pl\/index.php?rest_route=\/wp\/v2\/posts"}],"about":[{"href":"https:\/\/www.mojabochnia.pl\/index.php?rest_route=\/wp\/v2\/types\/post"}],"author":[{"embeddable":true,"href":"https:\/\/www.mojabochnia.pl\/index.php?rest_route=\/wp\/v2\/users\/1"}],"replies":[{"embeddable":true,"href":"https:\/\/www.mojabochnia.pl\/index.php?rest_route=%2Fwp%2Fv2%2Fcomments&post=8337"}],"version-history":[{"count":0,"href":"https:\/\/www.mojabochnia.pl\/index.php?rest_route=\/wp\/v2\/posts\/8337\/revisions"}],"wp:attachment":[{"href":"https:\/\/www.mojabochnia.pl\/index.php?rest_route=%2Fwp%2Fv2%2Fmedia&parent=8337"}],"wp:term":[{"taxonomy":"category","embeddable":true,"href":"https:\/\/www.mojabochnia.pl\/index.php?rest_route=%2Fwp%2Fv2%2Fcategories&post=8337"},{"taxonomy":"post_tag","embeddable":true,"href":"https:\/\/www.mojabochnia.pl\/index.php?rest_route=%2Fwp%2Fv2%2Ftags&post=8337"}],"curies":[{"name":"wp","href":"https:\/\/api.w.org\/{rel}","templated":true}]}}