{"id":8331,"date":"2009-04-27T12:50:02","date_gmt":"2009-04-27T10:50:02","guid":{"rendered":"http:\/\/www.mojabochnia.pl\/?p=8331"},"modified":"2009-04-27T12:38:56","modified_gmt":"2009-04-27T10:38:56","slug":"utrudnienia-na-trasie-szarow-%e2%80%93-targowisko","status":"publish","type":"post","link":"https:\/\/www.mojabochnia.pl\/?p=8331","title":{"rendered":"Utrudnienia na trasie Szar\u00f3w \u2013 Targowisko"},"content":{"rendered":"<p>2-kilometrowy odcinek, na kt\u00f3rym trwaj\u0105 prace jest zwi\u0105zany z budow\u0105 autostrady, w przysz\u0142o\u015bci b\u0119dzie on stanowi\u0142 \u0142\u0105cznik autostrady A4 z krajow\u0105 4. Koszt inwestycji to prawie 8 mln z\u0142otych. Rozpocz\u0119te prace maj\u0105 si\u0119 zako\u0144czy\u0107 do ko\u0144ca czerwca. Na kierowc\u00f3w czekaj\u0105 spore utrudnienia. &#8211; <em>Na dw\u00f3ch odcinkach licz\u0105cych po kilkaset metr\u00f3w zostanie wprowadzony ruch wahad\u0142owy sterowany sygnalizacj\u0105 \u015bwietln\u0105. B\u0119dzie obowi\u0105zywa\u0107 ograniczenie pr\u0119dko\u015bci do 40 km\/h oraz zakaz wyprzedzania<\/em> \u2013 dowiadujemy si\u0119 ze strony Generalnej Dyrekcji Dr\u00f3g Krajowych i Autostrad.<\/p>\n<p>Prace wykonywane s\u0105 przez firm\u0119 Budostal S.A., a zakres zda\u0144 obejmuje m.in: frezowanie warstw asfaltowych jezdni, rozebranie istniej\u0105cej podbudowy istniej\u0105cych kruszywa \u0142amanego, rozbi\u00f3rk\u0119 istniej\u0105cych kraw\u0119\u017cnik\u00f3w oraz u\u0142o\u017cenie nowych, u\u0142o\u017cenie chodnika, regulacj\u0119 row\u00f3w na odcinku remontowanym. Przebudowana zostanie r\u00f3wnie\u017c kanalizacja deszczowa oraz sie\u0107 gazowa. Modernizacja dotyczy r\u00f3wnie\u017c przebudowy geometrii czterech skrzy\u017cowa\u0144, zostan\u0105 wykonane lewoskr\u0119ty, pasy w\u0142\u0105czania i wyspy kanalizuj\u0105ce ruch pojazd\u00f3w. Przebudowana zostanie sygnalizacja \u015bwietlna oraz elementy organizacji ruchu (oznakowanie).<\/p>\n","protected":false},"excerpt":{"rendered":"<p>Trwaj\u0105 prace zwi\u0105zane z przebudow\u0105 drogi krajowej nr 75 na trasie Szar\u00f3w \u2013 Targowisko. Na poruszaj\u0105cych si\u0119 kierowc\u00f3w czekaj\u0105 tam liczne utrudnienia.<\/p>\n","protected":false},"author":1,"featured_media":0,"comment_status":"open","ping_status":"closed","sticky":false,"template":"","format":"standard","meta":{"_acf_changed":false,"footnotes":""},"categories":[5],"tags":[17226,17352,17357,2594,17216,1024,17300,3683,17345],"class_list":["post-8331","post","type-post","status-publish","format-standard","hentry","category-biezace-wydarzenia","tag-autostrada","tag-budowa","tag-droga","tag-generalna-dyrekcja-drog-krajowych-i-autostrad","tag-inwestycja","tag-kierowca","tag-remont","tag-ruch-wahaglowy","tag-sygnalizacja-swietlna"],"acf":[],"yoast_head":"<!-- This site is optimized with the Yoast SEO plugin v26.9 - https:\/\/yoast.com\/product\/yoast-seo-wordpress\/ -->\n<title>Utrudnienia na trasie Szar\u00f3w \u2013 Targowisko - mojabochnia.pl - portal informacyjny<\/title>\n<meta name=\"robots\" content=\"index, follow, max-snippet:-1, max-image-preview:large, max-video-preview:-1\" \/>\n<link rel=\"canonical\" href=\"https:\/\/www.mojabochnia.pl\/?p=8331\" \/>\n<meta property=\"og:locale\" content=\"pl_PL\" \/>\n<meta property=\"og:type\" content=\"article\" \/>\n<meta property=\"og:title\" content=\"Utrudnienia na trasie Szar\u00f3w \u2013 Targowisko - mojabochnia.pl - portal informacyjny\" \/>\n<meta property=\"og:description\" content=\"Trwaj\u0105 prace zwi\u0105zane z przebudow\u0105 drogi krajowej nr 75 na trasie Szar\u00f3w \u2013 Targowisko. Na poruszaj\u0105cych si\u0119 kierowc\u00f3w czekaj\u0105 tam liczne utrudnienia.\" \/>\n<meta property=\"og:url\" content=\"https:\/\/www.mojabochnia.pl\/?p=8331\" \/>\n<meta property=\"og:site_name\" content=\"mojabochnia.pl - portal informacyjny\" \/>\n<meta property=\"article:publisher\" content=\"https:\/\/www.facebook.com\/mojabochnia\" \/>\n<meta property=\"article:published_time\" content=\"2009-04-27T10:50:02+00:00\" \/>\n<meta name=\"author\" content=\"administrator\" \/>\n<meta name=\"twitter:card\" content=\"summary_large_image\" \/>\n<meta name=\"twitter:label1\" content=\"Written by\" \/>\n\t<meta name=\"twitter:data1\" content=\"administrator\" \/>\n\t<meta name=\"twitter:label2\" content=\"Est. reading time\" \/>\n\t<meta name=\"twitter:data2\" content=\"1 minuta\" \/>\n<script type=\"application\/ld+json\" class=\"yoast-schema-graph\">{\"@context\":\"https:\/\/schema.org\",\"@graph\":[{\"@type\":\"Article\",\"@id\":\"https:\/\/www.mojabochnia.pl\/?p=8331#article\",\"isPartOf\":{\"@id\":\"https:\/\/www.mojabochnia.pl\/?p=8331\"},\"author\":{\"name\":\"administrator\",\"@id\":\"https:\/\/www.mojabochnia.pl\/#\/schema\/person\/c00e1f64e6fa0e6de6d410f2c340017f\"},\"headline\":\"Utrudnienia na trasie Szar\u00f3w \u2013 Targowisko\",\"datePublished\":\"2009-04-27T10:50:02+00:00\",\"mainEntityOfPage\":{\"@id\":\"https:\/\/www.mojabochnia.pl\/?p=8331\"},\"wordCount\":189,\"commentCount\":0,\"publisher\":{\"@id\":\"https:\/\/www.mojabochnia.pl\/#organization\"},\"keywords\":[\"autostrada\",\"budowa\",\"droga\",\"generalna dyrekcja dr\u00f3g krajowych i autostrad\",\"inwestycja\",\"kierowca\",\"remont\",\"ruch wahag\u0142owy\",\"sygnalizacja \u015bwietlna\"],\"articleSection\":[\"2_ostatnie\"],\"inLanguage\":\"pl-PL\",\"potentialAction\":[{\"@type\":\"CommentAction\",\"name\":\"Comment\",\"target\":[\"https:\/\/www.mojabochnia.pl\/?p=8331#respond\"]}]},{\"@type\":\"WebPage\",\"@id\":\"https:\/\/www.mojabochnia.pl\/?p=8331\",\"url\":\"https:\/\/www.mojabochnia.pl\/?p=8331\",\"name\":\"Utrudnienia na trasie Szar\u00f3w \u2013 Targowisko - mojabochnia.pl - portal informacyjny\",\"isPartOf\":{\"@id\":\"https:\/\/www.mojabochnia.pl\/#website\"},\"datePublished\":\"2009-04-27T10:50:02+00:00\",\"breadcrumb\":{\"@id\":\"https:\/\/www.mojabochnia.pl\/?p=8331#breadcrumb\"},\"inLanguage\":\"pl-PL\",\"potentialAction\":[{\"@type\":\"ReadAction\",\"target\":[\"https:\/\/www.mojabochnia.pl\/?p=8331\"]}]},{\"@type\":\"BreadcrumbList\",\"@id\":\"https:\/\/www.mojabochnia.pl\/?p=8331#breadcrumb\",\"itemListElement\":[{\"@type\":\"ListItem\",\"position\":1,\"name\":\"Home\",\"item\":\"https:\/\/www.mojabochnia.pl\/\"},{\"@type\":\"ListItem\",\"position\":2,\"name\":\"Utrudnienia na trasie Szar\u00f3w \u2013 Targowisko\"}]},{\"@type\":\"WebSite\",\"@id\":\"https:\/\/www.mojabochnia.pl\/#website\",\"url\":\"https:\/\/www.mojabochnia.pl\/\",\"name\":\"mojabochnia.pl - portal informacyjny\",\"description\":\"mojaBochnia to portal informacyjny o Bochni. Codziennie o Bochni piszemy i pokazujemy najwa\u017cniejsze wydarzenia\",\"publisher\":{\"@id\":\"https:\/\/www.mojabochnia.pl\/#organization\"},\"potentialAction\":[{\"@type\":\"SearchAction\",\"target\":{\"@type\":\"EntryPoint\",\"urlTemplate\":\"https:\/\/www.mojabochnia.pl\/?s={search_term_string}\"},\"query-input\":{\"@type\":\"PropertyValueSpecification\",\"valueRequired\":true,\"valueName\":\"search_term_string\"}}],\"inLanguage\":\"pl-PL\"},{\"@type\":\"Organization\",\"@id\":\"https:\/\/www.mojabochnia.pl\/#organization\",\"name\":\"mojabochnia.pl - portal informacyjny\",\"url\":\"https:\/\/www.mojabochnia.pl\/\",\"logo\":{\"@type\":\"ImageObject\",\"inLanguage\":\"pl-PL\",\"@id\":\"https:\/\/www.mojabochnia.pl\/#\/schema\/logo\/image\/\",\"url\":\"https:\/\/www.mojabochnia.pl\/wp-content\/uploads\/2017\/08\/logo-mb-opt.png\",\"contentUrl\":\"https:\/\/www.mojabochnia.pl\/wp-content\/uploads\/2017\/08\/logo-mb-opt.png\",\"width\":250,\"height\":48,\"caption\":\"mojabochnia.pl - portal informacyjny\"},\"image\":{\"@id\":\"https:\/\/www.mojabochnia.pl\/#\/schema\/logo\/image\/\"},\"sameAs\":[\"https:\/\/www.facebook.com\/mojabochnia\"]},{\"@type\":\"Person\",\"@id\":\"https:\/\/www.mojabochnia.pl\/#\/schema\/person\/c00e1f64e6fa0e6de6d410f2c340017f\",\"name\":\"administrator\",\"url\":\"https:\/\/www.mojabochnia.pl\/?author=1\"}]}<\/script>\n<!-- \/ Yoast SEO plugin. -->","yoast_head_json":{"title":"Utrudnienia na trasie Szar\u00f3w \u2013 Targowisko - mojabochnia.pl - portal informacyjny","robots":{"index":"index","follow":"follow","max-snippet":"max-snippet:-1","max-image-preview":"max-image-preview:large","max-video-preview":"max-video-preview:-1"},"canonical":"https:\/\/www.mojabochnia.pl\/?p=8331","og_locale":"pl_PL","og_type":"article","og_title":"Utrudnienia na trasie Szar\u00f3w \u2013 Targowisko - mojabochnia.pl - portal informacyjny","og_description":"Trwaj\u0105 prace zwi\u0105zane z przebudow\u0105 drogi krajowej nr 75 na trasie Szar\u00f3w \u2013 Targowisko. Na poruszaj\u0105cych si\u0119 kierowc\u00f3w czekaj\u0105 tam liczne utrudnienia.","og_url":"https:\/\/www.mojabochnia.pl\/?p=8331","og_site_name":"mojabochnia.pl - portal informacyjny","article_publisher":"https:\/\/www.facebook.com\/mojabochnia","article_published_time":"2009-04-27T10:50:02+00:00","author":"administrator","twitter_card":"summary_large_image","twitter_misc":{"Written by":"administrator","Est. reading time":"1 minuta"},"schema":{"@context":"https:\/\/schema.org","@graph":[{"@type":"Article","@id":"https:\/\/www.mojabochnia.pl\/?p=8331#article","isPartOf":{"@id":"https:\/\/www.mojabochnia.pl\/?p=8331"},"author":{"name":"administrator","@id":"https:\/\/www.mojabochnia.pl\/#\/schema\/person\/c00e1f64e6fa0e6de6d410f2c340017f"},"headline":"Utrudnienia na trasie Szar\u00f3w \u2013 Targowisko","datePublished":"2009-04-27T10:50:02+00:00","mainEntityOfPage":{"@id":"https:\/\/www.mojabochnia.pl\/?p=8331"},"wordCount":189,"commentCount":0,"publisher":{"@id":"https:\/\/www.mojabochnia.pl\/#organization"},"keywords":["autostrada","budowa","droga","generalna dyrekcja dr\u00f3g krajowych i autostrad","inwestycja","kierowca","remont","ruch wahag\u0142owy","sygnalizacja \u015bwietlna"],"articleSection":["2_ostatnie"],"inLanguage":"pl-PL","potentialAction":[{"@type":"CommentAction","name":"Comment","target":["https:\/\/www.mojabochnia.pl\/?p=8331#respond"]}]},{"@type":"WebPage","@id":"https:\/\/www.mojabochnia.pl\/?p=8331","url":"https:\/\/www.mojabochnia.pl\/?p=8331","name":"Utrudnienia na trasie Szar\u00f3w \u2013 Targowisko - mojabochnia.pl - portal informacyjny","isPartOf":{"@id":"https:\/\/www.mojabochnia.pl\/#website"},"datePublished":"2009-04-27T10:50:02+00:00","breadcrumb":{"@id":"https:\/\/www.mojabochnia.pl\/?p=8331#breadcrumb"},"inLanguage":"pl-PL","potentialAction":[{"@type":"ReadAction","target":["https:\/\/www.mojabochnia.pl\/?p=8331"]}]},{"@type":"BreadcrumbList","@id":"https:\/\/www.mojabochnia.pl\/?p=8331#breadcrumb","itemListElement":[{"@type":"ListItem","position":1,"name":"Home","item":"https:\/\/www.mojabochnia.pl\/"},{"@type":"ListItem","position":2,"name":"Utrudnienia na trasie Szar\u00f3w \u2013 Targowisko"}]},{"@type":"WebSite","@id":"https:\/\/www.mojabochnia.pl\/#website","url":"https:\/\/www.mojabochnia.pl\/","name":"mojabochnia.pl - portal informacyjny","description":"mojaBochnia to portal informacyjny o Bochni. Codziennie o Bochni piszemy i pokazujemy najwa\u017cniejsze wydarzenia","publisher":{"@id":"https:\/\/www.mojabochnia.pl\/#organization"},"potentialAction":[{"@type":"SearchAction","target":{"@type":"EntryPoint","urlTemplate":"https:\/\/www.mojabochnia.pl\/?s={search_term_string}"},"query-input":{"@type":"PropertyValueSpecification","valueRequired":true,"valueName":"search_term_string"}}],"inLanguage":"pl-PL"},{"@type":"Organization","@id":"https:\/\/www.mojabochnia.pl\/#organization","name":"mojabochnia.pl - portal informacyjny","url":"https:\/\/www.mojabochnia.pl\/","logo":{"@type":"ImageObject","inLanguage":"pl-PL","@id":"https:\/\/www.mojabochnia.pl\/#\/schema\/logo\/image\/","url":"https:\/\/www.mojabochnia.pl\/wp-content\/uploads\/2017\/08\/logo-mb-opt.png","contentUrl":"https:\/\/www.mojabochnia.pl\/wp-content\/uploads\/2017\/08\/logo-mb-opt.png","width":250,"height":48,"caption":"mojabochnia.pl - portal informacyjny"},"image":{"@id":"https:\/\/www.mojabochnia.pl\/#\/schema\/logo\/image\/"},"sameAs":["https:\/\/www.facebook.com\/mojabochnia"]},{"@type":"Person","@id":"https:\/\/www.mojabochnia.pl\/#\/schema\/person\/c00e1f64e6fa0e6de6d410f2c340017f","name":"administrator","url":"https:\/\/www.mojabochnia.pl\/?author=1"}]}},"_links":{"self":[{"href":"https:\/\/www.mojabochnia.pl\/index.php?rest_route=\/wp\/v2\/posts\/8331","targetHints":{"allow":["GET"]}}],"collection":[{"href":"https:\/\/www.mojabochnia.pl\/index.php?rest_route=\/wp\/v2\/posts"}],"about":[{"href":"https:\/\/www.mojabochnia.pl\/index.php?rest_route=\/wp\/v2\/types\/post"}],"author":[{"embeddable":true,"href":"https:\/\/www.mojabochnia.pl\/index.php?rest_route=\/wp\/v2\/users\/1"}],"replies":[{"embeddable":true,"href":"https:\/\/www.mojabochnia.pl\/index.php?rest_route=%2Fwp%2Fv2%2Fcomments&post=8331"}],"version-history":[{"count":0,"href":"https:\/\/www.mojabochnia.pl\/index.php?rest_route=\/wp\/v2\/posts\/8331\/revisions"}],"wp:attachment":[{"href":"https:\/\/www.mojabochnia.pl\/index.php?rest_route=%2Fwp%2Fv2%2Fmedia&parent=8331"}],"wp:term":[{"taxonomy":"category","embeddable":true,"href":"https:\/\/www.mojabochnia.pl\/index.php?rest_route=%2Fwp%2Fv2%2Fcategories&post=8331"},{"taxonomy":"post_tag","embeddable":true,"href":"https:\/\/www.mojabochnia.pl\/index.php?rest_route=%2Fwp%2Fv2%2Ftags&post=8331"}],"curies":[{"name":"wp","href":"https:\/\/api.w.org\/{rel}","templated":true}]}}