{"id":8124,"date":"2009-04-24T08:22:11","date_gmt":"2009-04-24T06:22:11","guid":{"rendered":"http:\/\/www.mojabochnia.pl\/?p=8124"},"modified":"2009-04-23T13:25:35","modified_gmt":"2009-04-23T11:25:35","slug":"pielgrzymka-rodzin-do-parafii-sw-pawla","status":"publish","type":"post","link":"https:\/\/www.mojabochnia.pl\/?p=8124","title":{"rendered":"Pielgrzymka rodzin do parafii \u015bw. Paw\u0142a"},"content":{"rendered":"<p>Ma to zwi\u0105zek z trwaj\u0105cym w Ko\u015bciele katolickim Rokiem Jubileuszowym \u015bw. Paw\u0142a Aposto\u0142a. Pielgrzymce b\u0119dzie przewodzi\u0142 biskup tarnowski Wiktor Skworc, kt\u00f3ry wyg\u0142osi homili\u0119. \u2013 <em>Biskupowi bardzo zale\u017cy, aby rodzinom w naszej diecezji pomaga\u0107 na r\u00f3\u017cne sposoby. Jest to priorytet w jego pracy duszpasterskiej. Dlatego jego obecno\u015b\u0107<\/em> \u2013 m\u00f3wi ks. Jan Nowakowski, proboszcz parafii. <\/p>\n<p>Na koniec spotkania w parafii \u015bw. Paw\u0142a zostanie odprawiona nowenna do Aposto\u0142a Narod\u00f3w. Jej uczestnicy mog\u0105 w ko\u015bciele jubileuszowym zyska\u0107 odpust zupe\u0142ny. <\/p>\n<p>Pielgrzymka Stowarzyszenia Rodzin Katolickich do ko\u015bcio\u0142a pw. \u015bw. Paw\u0142a Aposto\u0142a w Bochni rozpocznie si\u0119 w sobot\u0119 o godz. 10.<\/p>\n","protected":false},"excerpt":{"rendered":"<p>Przedstawiciele Stowarzyszenia Rodzin Katolickich przyb\u0119d\u0105 z pielgrzymk\u0105 do ko\u015bcio\u0142a pw. \u015bw. Paw\u0142a Aposto\u0142a w Bochni. <\/p>\n","protected":false},"author":4,"featured_media":0,"comment_status":"open","ping_status":"closed","sticky":false,"template":"","format":"standard","meta":{"_acf_changed":false,"footnotes":""},"categories":[1342],"tags":[286,404,3530,17615,1093,17129,17552,1536,1387,1533],"class_list":["post-8124","post","type-post","status-publish","format-standard","hentry","category-zycie-religijne","tag-bp-wiktor-skworc","tag-ks-jan-nowakowski","tag-ks-michal-bednarz","tag-parafia-sw-pawla","tag-pielgrzymi","tag-pielgrzymka","tag-proboszcz","tag-rok-jubileuszowy","tag-stowarzyszenie-rodzin-katolickich","tag-sw-pawel"],"acf":[],"yoast_head":"<!-- This site is optimized with the Yoast SEO plugin v26.9 - https:\/\/yoast.com\/product\/yoast-seo-wordpress\/ -->\n<title>Pielgrzymka rodzin do parafii \u015bw. Paw\u0142a - mojabochnia.pl - portal informacyjny<\/title>\n<meta name=\"robots\" content=\"index, follow, max-snippet:-1, max-image-preview:large, max-video-preview:-1\" \/>\n<link rel=\"canonical\" href=\"https:\/\/www.mojabochnia.pl\/?p=8124\" \/>\n<meta property=\"og:locale\" content=\"pl_PL\" \/>\n<meta property=\"og:type\" content=\"article\" \/>\n<meta property=\"og:title\" content=\"Pielgrzymka rodzin do parafii \u015bw. Paw\u0142a - mojabochnia.pl - portal informacyjny\" \/>\n<meta property=\"og:description\" content=\"Przedstawiciele Stowarzyszenia Rodzin Katolickich przyb\u0119d\u0105 z pielgrzymk\u0105 do ko\u015bcio\u0142a pw. \u015bw. Paw\u0142a Aposto\u0142a w Bochni.\" \/>\n<meta property=\"og:url\" content=\"https:\/\/www.mojabochnia.pl\/?p=8124\" \/>\n<meta property=\"og:site_name\" content=\"mojabochnia.pl - portal informacyjny\" \/>\n<meta property=\"article:publisher\" content=\"https:\/\/www.facebook.com\/mojabochnia\" \/>\n<meta property=\"article:published_time\" content=\"2009-04-24T06:22:11+00:00\" \/>\n<meta name=\"author\" content=\"Pawe\u0142 Michalczyk\" \/>\n<meta name=\"twitter:card\" content=\"summary_large_image\" \/>\n<meta name=\"twitter:label1\" content=\"Written by\" \/>\n\t<meta name=\"twitter:data1\" content=\"Pawe\u0142 Michalczyk\" \/>\n\t<meta name=\"twitter:label2\" content=\"Est. reading time\" \/>\n\t<meta name=\"twitter:data2\" content=\"1 minuta\" \/>\n<script type=\"application\/ld+json\" class=\"yoast-schema-graph\">{\"@context\":\"https:\/\/schema.org\",\"@graph\":[{\"@type\":\"Article\",\"@id\":\"https:\/\/www.mojabochnia.pl\/?p=8124#article\",\"isPartOf\":{\"@id\":\"https:\/\/www.mojabochnia.pl\/?p=8124\"},\"author\":{\"name\":\"Pawe\u0142 Michalczyk\",\"@id\":\"https:\/\/www.mojabochnia.pl\/#\/schema\/person\/ea042e4724a77627963f02166828ead4\"},\"headline\":\"Pielgrzymka rodzin do parafii \u015bw. Paw\u0142a\",\"datePublished\":\"2009-04-24T06:22:11+00:00\",\"mainEntityOfPage\":{\"@id\":\"https:\/\/www.mojabochnia.pl\/?p=8124\"},\"wordCount\":118,\"commentCount\":2,\"publisher\":{\"@id\":\"https:\/\/www.mojabochnia.pl\/#organization\"},\"keywords\":[\"bp wiktor skworc\",\"ks. jan nowakowski\",\"ks. micha\u0142 bednarz\",\"parafia \u015bw. paw\u0142a\",\"pielgrzymi\",\"pielgrzymka\",\"proboszcz\",\"rok jubileuszowy\",\"stowarzyszenie rodzin katolickich\",\"\u015bw. pawe\u0142\"],\"articleSection\":[\"\u017bycie religijne\"],\"inLanguage\":\"pl-PL\",\"potentialAction\":[{\"@type\":\"CommentAction\",\"name\":\"Comment\",\"target\":[\"https:\/\/www.mojabochnia.pl\/?p=8124#respond\"]}]},{\"@type\":\"WebPage\",\"@id\":\"https:\/\/www.mojabochnia.pl\/?p=8124\",\"url\":\"https:\/\/www.mojabochnia.pl\/?p=8124\",\"name\":\"Pielgrzymka rodzin do parafii \u015bw. Paw\u0142a - mojabochnia.pl - portal informacyjny\",\"isPartOf\":{\"@id\":\"https:\/\/www.mojabochnia.pl\/#website\"},\"datePublished\":\"2009-04-24T06:22:11+00:00\",\"breadcrumb\":{\"@id\":\"https:\/\/www.mojabochnia.pl\/?p=8124#breadcrumb\"},\"inLanguage\":\"pl-PL\",\"potentialAction\":[{\"@type\":\"ReadAction\",\"target\":[\"https:\/\/www.mojabochnia.pl\/?p=8124\"]}]},{\"@type\":\"BreadcrumbList\",\"@id\":\"https:\/\/www.mojabochnia.pl\/?p=8124#breadcrumb\",\"itemListElement\":[{\"@type\":\"ListItem\",\"position\":1,\"name\":\"Home\",\"item\":\"https:\/\/www.mojabochnia.pl\/\"},{\"@type\":\"ListItem\",\"position\":2,\"name\":\"Pielgrzymka rodzin do parafii \u015bw. Paw\u0142a\"}]},{\"@type\":\"WebSite\",\"@id\":\"https:\/\/www.mojabochnia.pl\/#website\",\"url\":\"https:\/\/www.mojabochnia.pl\/\",\"name\":\"mojabochnia.pl - portal informacyjny\",\"description\":\"mojaBochnia to portal informacyjny o Bochni. Codziennie o Bochni piszemy i pokazujemy najwa\u017cniejsze wydarzenia\",\"publisher\":{\"@id\":\"https:\/\/www.mojabochnia.pl\/#organization\"},\"potentialAction\":[{\"@type\":\"SearchAction\",\"target\":{\"@type\":\"EntryPoint\",\"urlTemplate\":\"https:\/\/www.mojabochnia.pl\/?s={search_term_string}\"},\"query-input\":{\"@type\":\"PropertyValueSpecification\",\"valueRequired\":true,\"valueName\":\"search_term_string\"}}],\"inLanguage\":\"pl-PL\"},{\"@type\":\"Organization\",\"@id\":\"https:\/\/www.mojabochnia.pl\/#organization\",\"name\":\"mojabochnia.pl - portal informacyjny\",\"url\":\"https:\/\/www.mojabochnia.pl\/\",\"logo\":{\"@type\":\"ImageObject\",\"inLanguage\":\"pl-PL\",\"@id\":\"https:\/\/www.mojabochnia.pl\/#\/schema\/logo\/image\/\",\"url\":\"https:\/\/www.mojabochnia.pl\/wp-content\/uploads\/2017\/08\/logo-mb-opt.png\",\"contentUrl\":\"https:\/\/www.mojabochnia.pl\/wp-content\/uploads\/2017\/08\/logo-mb-opt.png\",\"width\":250,\"height\":48,\"caption\":\"mojabochnia.pl - portal informacyjny\"},\"image\":{\"@id\":\"https:\/\/www.mojabochnia.pl\/#\/schema\/logo\/image\/\"},\"sameAs\":[\"https:\/\/www.facebook.com\/mojabochnia\"]},{\"@type\":\"Person\",\"@id\":\"https:\/\/www.mojabochnia.pl\/#\/schema\/person\/ea042e4724a77627963f02166828ead4\",\"name\":\"Pawe\u0142 Michalczyk\",\"url\":\"https:\/\/www.mojabochnia.pl\/?author=4\"}]}<\/script>\n<!-- \/ Yoast SEO plugin. -->","yoast_head_json":{"title":"Pielgrzymka rodzin do parafii \u015bw. Paw\u0142a - mojabochnia.pl - portal informacyjny","robots":{"index":"index","follow":"follow","max-snippet":"max-snippet:-1","max-image-preview":"max-image-preview:large","max-video-preview":"max-video-preview:-1"},"canonical":"https:\/\/www.mojabochnia.pl\/?p=8124","og_locale":"pl_PL","og_type":"article","og_title":"Pielgrzymka rodzin do parafii \u015bw. Paw\u0142a - mojabochnia.pl - portal informacyjny","og_description":"Przedstawiciele Stowarzyszenia Rodzin Katolickich przyb\u0119d\u0105 z pielgrzymk\u0105 do ko\u015bcio\u0142a pw. \u015bw. Paw\u0142a Aposto\u0142a w Bochni.","og_url":"https:\/\/www.mojabochnia.pl\/?p=8124","og_site_name":"mojabochnia.pl - portal informacyjny","article_publisher":"https:\/\/www.facebook.com\/mojabochnia","article_published_time":"2009-04-24T06:22:11+00:00","author":"Pawe\u0142 Michalczyk","twitter_card":"summary_large_image","twitter_misc":{"Written by":"Pawe\u0142 Michalczyk","Est. reading time":"1 minuta"},"schema":{"@context":"https:\/\/schema.org","@graph":[{"@type":"Article","@id":"https:\/\/www.mojabochnia.pl\/?p=8124#article","isPartOf":{"@id":"https:\/\/www.mojabochnia.pl\/?p=8124"},"author":{"name":"Pawe\u0142 Michalczyk","@id":"https:\/\/www.mojabochnia.pl\/#\/schema\/person\/ea042e4724a77627963f02166828ead4"},"headline":"Pielgrzymka rodzin do parafii \u015bw. Paw\u0142a","datePublished":"2009-04-24T06:22:11+00:00","mainEntityOfPage":{"@id":"https:\/\/www.mojabochnia.pl\/?p=8124"},"wordCount":118,"commentCount":2,"publisher":{"@id":"https:\/\/www.mojabochnia.pl\/#organization"},"keywords":["bp wiktor skworc","ks. jan nowakowski","ks. micha\u0142 bednarz","parafia \u015bw. paw\u0142a","pielgrzymi","pielgrzymka","proboszcz","rok jubileuszowy","stowarzyszenie rodzin katolickich","\u015bw. pawe\u0142"],"articleSection":["\u017bycie religijne"],"inLanguage":"pl-PL","potentialAction":[{"@type":"CommentAction","name":"Comment","target":["https:\/\/www.mojabochnia.pl\/?p=8124#respond"]}]},{"@type":"WebPage","@id":"https:\/\/www.mojabochnia.pl\/?p=8124","url":"https:\/\/www.mojabochnia.pl\/?p=8124","name":"Pielgrzymka rodzin do parafii \u015bw. Paw\u0142a - mojabochnia.pl - portal informacyjny","isPartOf":{"@id":"https:\/\/www.mojabochnia.pl\/#website"},"datePublished":"2009-04-24T06:22:11+00:00","breadcrumb":{"@id":"https:\/\/www.mojabochnia.pl\/?p=8124#breadcrumb"},"inLanguage":"pl-PL","potentialAction":[{"@type":"ReadAction","target":["https:\/\/www.mojabochnia.pl\/?p=8124"]}]},{"@type":"BreadcrumbList","@id":"https:\/\/www.mojabochnia.pl\/?p=8124#breadcrumb","itemListElement":[{"@type":"ListItem","position":1,"name":"Home","item":"https:\/\/www.mojabochnia.pl\/"},{"@type":"ListItem","position":2,"name":"Pielgrzymka rodzin do parafii \u015bw. Paw\u0142a"}]},{"@type":"WebSite","@id":"https:\/\/www.mojabochnia.pl\/#website","url":"https:\/\/www.mojabochnia.pl\/","name":"mojabochnia.pl - portal informacyjny","description":"mojaBochnia to portal informacyjny o Bochni. Codziennie o Bochni piszemy i pokazujemy najwa\u017cniejsze wydarzenia","publisher":{"@id":"https:\/\/www.mojabochnia.pl\/#organization"},"potentialAction":[{"@type":"SearchAction","target":{"@type":"EntryPoint","urlTemplate":"https:\/\/www.mojabochnia.pl\/?s={search_term_string}"},"query-input":{"@type":"PropertyValueSpecification","valueRequired":true,"valueName":"search_term_string"}}],"inLanguage":"pl-PL"},{"@type":"Organization","@id":"https:\/\/www.mojabochnia.pl\/#organization","name":"mojabochnia.pl - portal informacyjny","url":"https:\/\/www.mojabochnia.pl\/","logo":{"@type":"ImageObject","inLanguage":"pl-PL","@id":"https:\/\/www.mojabochnia.pl\/#\/schema\/logo\/image\/","url":"https:\/\/www.mojabochnia.pl\/wp-content\/uploads\/2017\/08\/logo-mb-opt.png","contentUrl":"https:\/\/www.mojabochnia.pl\/wp-content\/uploads\/2017\/08\/logo-mb-opt.png","width":250,"height":48,"caption":"mojabochnia.pl - portal informacyjny"},"image":{"@id":"https:\/\/www.mojabochnia.pl\/#\/schema\/logo\/image\/"},"sameAs":["https:\/\/www.facebook.com\/mojabochnia"]},{"@type":"Person","@id":"https:\/\/www.mojabochnia.pl\/#\/schema\/person\/ea042e4724a77627963f02166828ead4","name":"Pawe\u0142 Michalczyk","url":"https:\/\/www.mojabochnia.pl\/?author=4"}]}},"_links":{"self":[{"href":"https:\/\/www.mojabochnia.pl\/index.php?rest_route=\/wp\/v2\/posts\/8124","targetHints":{"allow":["GET"]}}],"collection":[{"href":"https:\/\/www.mojabochnia.pl\/index.php?rest_route=\/wp\/v2\/posts"}],"about":[{"href":"https:\/\/www.mojabochnia.pl\/index.php?rest_route=\/wp\/v2\/types\/post"}],"author":[{"embeddable":true,"href":"https:\/\/www.mojabochnia.pl\/index.php?rest_route=\/wp\/v2\/users\/4"}],"replies":[{"embeddable":true,"href":"https:\/\/www.mojabochnia.pl\/index.php?rest_route=%2Fwp%2Fv2%2Fcomments&post=8124"}],"version-history":[{"count":0,"href":"https:\/\/www.mojabochnia.pl\/index.php?rest_route=\/wp\/v2\/posts\/8124\/revisions"}],"wp:attachment":[{"href":"https:\/\/www.mojabochnia.pl\/index.php?rest_route=%2Fwp%2Fv2%2Fmedia&parent=8124"}],"wp:term":[{"taxonomy":"category","embeddable":true,"href":"https:\/\/www.mojabochnia.pl\/index.php?rest_route=%2Fwp%2Fv2%2Fcategories&post=8124"},{"taxonomy":"post_tag","embeddable":true,"href":"https:\/\/www.mojabochnia.pl\/index.php?rest_route=%2Fwp%2Fv2%2Ftags&post=8124"}],"curies":[{"name":"wp","href":"https:\/\/api.w.org\/{rel}","templated":true}]}}