{"id":8068,"date":"2009-04-22T14:02:40","date_gmt":"2009-04-22T12:02:40","guid":{"rendered":"http:\/\/www.mojabochnia.pl\/?p=8068"},"modified":"2009-04-23T08:21:56","modified_gmt":"2009-04-23T06:21:56","slug":"utrudnienia-na-obwodnicy-bochni","status":"publish","type":"post","link":"https:\/\/www.mojabochnia.pl\/?p=8068","title":{"rendered":"Utrudnienia na obwodnicy Bochni"},"content":{"rendered":"<p>Od dzisiaj na obwodnicy tego miasta w ci\u0105gu drogi krajowej nr 4 prowadzone s\u0105 prace zabezpieczaj\u0105ce na skarpie, kt\u00f3ra zacz\u0119\u0142a si\u0119 osuwa\u0107, zagra\u017caj\u0105c budynkowi mieszkalnemu. Remont wymaga wy\u0142\u0105czenia z ruchu jednego pasa drogowego. Na szcz\u0119\u015bcie droga w tym miejscu ma w jednym kierunku dwa pasy. \u2013 <em>Um\u00f3wili\u015bmy si\u0119 z wykonawc\u0105, \u017ce w ka\u017cdym tygodniu od poniedzia\u0142ku do pi\u0105tku ten pas b\u0119dzie wy\u0142\u0105czony z ruchu. Pewne utrudnienia na pewno wyst\u0105pi\u0105, niemniej nie b\u0119dzie tak, \u017ce zostanie wprowadzony ruch wahad\u0142owy<\/em> \u2013 zapewnia asp. sztab. Jacek Sobiecki, naczelnik sekcji ruchu drogowego boche\u0144skiej policji.<\/p>\n<p>Robotnicy maj\u0105 pracowa\u0107 ca\u0142\u0105 dob\u0119 od poniedzia\u0142ku od godz. 8 do pi\u0105tku do godz. 15. Prace i zwi\u0105zane z nimi utrudnienia potrwaj\u0105 do ko\u0144ca czerwca.<\/p>\n","protected":false},"excerpt":{"rendered":"<p>Wa\u017cna wiadomo\u015b\u0107 dla kierowc\u00f3w. W rejonie ul. Kur\u00f3w na boche\u0144skiej obwodnicy mog\u0105 oni napotka\u0107 na utrudnienia w ruchu. <\/p>\n","protected":false},"author":4,"featured_media":0,"comment_status":"open","ping_status":"closed","sticky":false,"template":"","format":"standard","meta":{"_acf_changed":false,"footnotes":""},"categories":[5],"tags":[1439,689,3418,1024,1728,17245,2269,17155,17300,1741,17446,3610],"class_list":["post-8068","post","type-post","status-publish","format-standard","hentry","category-biezace-wydarzenia","tag-asp-sztab-jacek-sobiecki","tag-gddkia","tag-jacek-sobiecki","tag-kierowca","tag-komenda-powiatowa-policji","tag-obwodnica","tag-osuwiska","tag-policja","tag-remont","tag-sekcja-ruchu-drogowego","tag-utrudnienia","tag-zabezpieczanie"],"acf":[],"yoast_head":"<!-- This site is optimized with the Yoast SEO plugin v26.9 - https:\/\/yoast.com\/product\/yoast-seo-wordpress\/ -->\n<title>Utrudnienia na obwodnicy Bochni - mojabochnia.pl - portal informacyjny<\/title>\n<meta name=\"robots\" content=\"index, follow, max-snippet:-1, max-image-preview:large, max-video-preview:-1\" \/>\n<link rel=\"canonical\" href=\"https:\/\/www.mojabochnia.pl\/?p=8068\" \/>\n<meta property=\"og:locale\" content=\"pl_PL\" \/>\n<meta property=\"og:type\" content=\"article\" \/>\n<meta property=\"og:title\" content=\"Utrudnienia na obwodnicy Bochni - mojabochnia.pl - portal informacyjny\" \/>\n<meta property=\"og:description\" content=\"Wa\u017cna wiadomo\u015b\u0107 dla kierowc\u00f3w. W rejonie ul. Kur\u00f3w na boche\u0144skiej obwodnicy mog\u0105 oni napotka\u0107 na utrudnienia w ruchu.\" \/>\n<meta property=\"og:url\" content=\"https:\/\/www.mojabochnia.pl\/?p=8068\" \/>\n<meta property=\"og:site_name\" content=\"mojabochnia.pl - portal informacyjny\" \/>\n<meta property=\"article:publisher\" content=\"https:\/\/www.facebook.com\/mojabochnia\" \/>\n<meta property=\"article:published_time\" content=\"2009-04-22T12:02:40+00:00\" \/>\n<meta property=\"article:modified_time\" content=\"2009-04-23T06:21:56+00:00\" \/>\n<meta name=\"author\" content=\"Pawe\u0142 Michalczyk\" \/>\n<meta name=\"twitter:card\" content=\"summary_large_image\" \/>\n<meta name=\"twitter:label1\" content=\"Written by\" \/>\n\t<meta name=\"twitter:data1\" content=\"Pawe\u0142 Michalczyk\" \/>\n\t<meta name=\"twitter:label2\" content=\"Est. reading time\" \/>\n\t<meta name=\"twitter:data2\" content=\"1 minuta\" \/>\n<script type=\"application\/ld+json\" class=\"yoast-schema-graph\">{\"@context\":\"https:\/\/schema.org\",\"@graph\":[{\"@type\":\"Article\",\"@id\":\"https:\/\/www.mojabochnia.pl\/?p=8068#article\",\"isPartOf\":{\"@id\":\"https:\/\/www.mojabochnia.pl\/?p=8068\"},\"author\":{\"name\":\"Pawe\u0142 Michalczyk\",\"@id\":\"https:\/\/www.mojabochnia.pl\/#\/schema\/person\/ea042e4724a77627963f02166828ead4\"},\"headline\":\"Utrudnienia na obwodnicy Bochni\",\"datePublished\":\"2009-04-22T12:02:40+00:00\",\"dateModified\":\"2009-04-23T06:21:56+00:00\",\"mainEntityOfPage\":{\"@id\":\"https:\/\/www.mojabochnia.pl\/?p=8068\"},\"wordCount\":137,\"commentCount\":2,\"publisher\":{\"@id\":\"https:\/\/www.mojabochnia.pl\/#organization\"},\"keywords\":[\"asp. sztab. jacek sobiecki\",\"GDDKiA\",\"jacek sobiecki\",\"kierowca\",\"komenda powiatowa policji\",\"obwodnica\",\"osuwiska\",\"policja\",\"remont\",\"sekcja ruchu drogowego\",\"utrudnienia\",\"zabezpieczanie\"],\"articleSection\":[\"2_ostatnie\"],\"inLanguage\":\"pl-PL\",\"potentialAction\":[{\"@type\":\"CommentAction\",\"name\":\"Comment\",\"target\":[\"https:\/\/www.mojabochnia.pl\/?p=8068#respond\"]}]},{\"@type\":\"WebPage\",\"@id\":\"https:\/\/www.mojabochnia.pl\/?p=8068\",\"url\":\"https:\/\/www.mojabochnia.pl\/?p=8068\",\"name\":\"Utrudnienia na obwodnicy Bochni - mojabochnia.pl - portal informacyjny\",\"isPartOf\":{\"@id\":\"https:\/\/www.mojabochnia.pl\/#website\"},\"datePublished\":\"2009-04-22T12:02:40+00:00\",\"dateModified\":\"2009-04-23T06:21:56+00:00\",\"breadcrumb\":{\"@id\":\"https:\/\/www.mojabochnia.pl\/?p=8068#breadcrumb\"},\"inLanguage\":\"pl-PL\",\"potentialAction\":[{\"@type\":\"ReadAction\",\"target\":[\"https:\/\/www.mojabochnia.pl\/?p=8068\"]}]},{\"@type\":\"BreadcrumbList\",\"@id\":\"https:\/\/www.mojabochnia.pl\/?p=8068#breadcrumb\",\"itemListElement\":[{\"@type\":\"ListItem\",\"position\":1,\"name\":\"Home\",\"item\":\"https:\/\/www.mojabochnia.pl\/\"},{\"@type\":\"ListItem\",\"position\":2,\"name\":\"Utrudnienia na obwodnicy Bochni\"}]},{\"@type\":\"WebSite\",\"@id\":\"https:\/\/www.mojabochnia.pl\/#website\",\"url\":\"https:\/\/www.mojabochnia.pl\/\",\"name\":\"mojabochnia.pl - portal informacyjny\",\"description\":\"mojaBochnia to portal informacyjny o Bochni. Codziennie o Bochni piszemy i pokazujemy najwa\u017cniejsze wydarzenia\",\"publisher\":{\"@id\":\"https:\/\/www.mojabochnia.pl\/#organization\"},\"potentialAction\":[{\"@type\":\"SearchAction\",\"target\":{\"@type\":\"EntryPoint\",\"urlTemplate\":\"https:\/\/www.mojabochnia.pl\/?s={search_term_string}\"},\"query-input\":{\"@type\":\"PropertyValueSpecification\",\"valueRequired\":true,\"valueName\":\"search_term_string\"}}],\"inLanguage\":\"pl-PL\"},{\"@type\":\"Organization\",\"@id\":\"https:\/\/www.mojabochnia.pl\/#organization\",\"name\":\"mojabochnia.pl - portal informacyjny\",\"url\":\"https:\/\/www.mojabochnia.pl\/\",\"logo\":{\"@type\":\"ImageObject\",\"inLanguage\":\"pl-PL\",\"@id\":\"https:\/\/www.mojabochnia.pl\/#\/schema\/logo\/image\/\",\"url\":\"https:\/\/www.mojabochnia.pl\/wp-content\/uploads\/2017\/08\/logo-mb-opt.png\",\"contentUrl\":\"https:\/\/www.mojabochnia.pl\/wp-content\/uploads\/2017\/08\/logo-mb-opt.png\",\"width\":250,\"height\":48,\"caption\":\"mojabochnia.pl - portal informacyjny\"},\"image\":{\"@id\":\"https:\/\/www.mojabochnia.pl\/#\/schema\/logo\/image\/\"},\"sameAs\":[\"https:\/\/www.facebook.com\/mojabochnia\"]},{\"@type\":\"Person\",\"@id\":\"https:\/\/www.mojabochnia.pl\/#\/schema\/person\/ea042e4724a77627963f02166828ead4\",\"name\":\"Pawe\u0142 Michalczyk\",\"url\":\"https:\/\/www.mojabochnia.pl\/?author=4\"}]}<\/script>\n<!-- \/ Yoast SEO plugin. -->","yoast_head_json":{"title":"Utrudnienia na obwodnicy Bochni - mojabochnia.pl - portal informacyjny","robots":{"index":"index","follow":"follow","max-snippet":"max-snippet:-1","max-image-preview":"max-image-preview:large","max-video-preview":"max-video-preview:-1"},"canonical":"https:\/\/www.mojabochnia.pl\/?p=8068","og_locale":"pl_PL","og_type":"article","og_title":"Utrudnienia na obwodnicy Bochni - mojabochnia.pl - portal informacyjny","og_description":"Wa\u017cna wiadomo\u015b\u0107 dla kierowc\u00f3w. W rejonie ul. Kur\u00f3w na boche\u0144skiej obwodnicy mog\u0105 oni napotka\u0107 na utrudnienia w ruchu.","og_url":"https:\/\/www.mojabochnia.pl\/?p=8068","og_site_name":"mojabochnia.pl - portal informacyjny","article_publisher":"https:\/\/www.facebook.com\/mojabochnia","article_published_time":"2009-04-22T12:02:40+00:00","article_modified_time":"2009-04-23T06:21:56+00:00","author":"Pawe\u0142 Michalczyk","twitter_card":"summary_large_image","twitter_misc":{"Written by":"Pawe\u0142 Michalczyk","Est. reading time":"1 minuta"},"schema":{"@context":"https:\/\/schema.org","@graph":[{"@type":"Article","@id":"https:\/\/www.mojabochnia.pl\/?p=8068#article","isPartOf":{"@id":"https:\/\/www.mojabochnia.pl\/?p=8068"},"author":{"name":"Pawe\u0142 Michalczyk","@id":"https:\/\/www.mojabochnia.pl\/#\/schema\/person\/ea042e4724a77627963f02166828ead4"},"headline":"Utrudnienia na obwodnicy Bochni","datePublished":"2009-04-22T12:02:40+00:00","dateModified":"2009-04-23T06:21:56+00:00","mainEntityOfPage":{"@id":"https:\/\/www.mojabochnia.pl\/?p=8068"},"wordCount":137,"commentCount":2,"publisher":{"@id":"https:\/\/www.mojabochnia.pl\/#organization"},"keywords":["asp. sztab. jacek sobiecki","GDDKiA","jacek sobiecki","kierowca","komenda powiatowa policji","obwodnica","osuwiska","policja","remont","sekcja ruchu drogowego","utrudnienia","zabezpieczanie"],"articleSection":["2_ostatnie"],"inLanguage":"pl-PL","potentialAction":[{"@type":"CommentAction","name":"Comment","target":["https:\/\/www.mojabochnia.pl\/?p=8068#respond"]}]},{"@type":"WebPage","@id":"https:\/\/www.mojabochnia.pl\/?p=8068","url":"https:\/\/www.mojabochnia.pl\/?p=8068","name":"Utrudnienia na obwodnicy Bochni - mojabochnia.pl - portal informacyjny","isPartOf":{"@id":"https:\/\/www.mojabochnia.pl\/#website"},"datePublished":"2009-04-22T12:02:40+00:00","dateModified":"2009-04-23T06:21:56+00:00","breadcrumb":{"@id":"https:\/\/www.mojabochnia.pl\/?p=8068#breadcrumb"},"inLanguage":"pl-PL","potentialAction":[{"@type":"ReadAction","target":["https:\/\/www.mojabochnia.pl\/?p=8068"]}]},{"@type":"BreadcrumbList","@id":"https:\/\/www.mojabochnia.pl\/?p=8068#breadcrumb","itemListElement":[{"@type":"ListItem","position":1,"name":"Home","item":"https:\/\/www.mojabochnia.pl\/"},{"@type":"ListItem","position":2,"name":"Utrudnienia na obwodnicy Bochni"}]},{"@type":"WebSite","@id":"https:\/\/www.mojabochnia.pl\/#website","url":"https:\/\/www.mojabochnia.pl\/","name":"mojabochnia.pl - portal informacyjny","description":"mojaBochnia to portal informacyjny o Bochni. Codziennie o Bochni piszemy i pokazujemy najwa\u017cniejsze wydarzenia","publisher":{"@id":"https:\/\/www.mojabochnia.pl\/#organization"},"potentialAction":[{"@type":"SearchAction","target":{"@type":"EntryPoint","urlTemplate":"https:\/\/www.mojabochnia.pl\/?s={search_term_string}"},"query-input":{"@type":"PropertyValueSpecification","valueRequired":true,"valueName":"search_term_string"}}],"inLanguage":"pl-PL"},{"@type":"Organization","@id":"https:\/\/www.mojabochnia.pl\/#organization","name":"mojabochnia.pl - portal informacyjny","url":"https:\/\/www.mojabochnia.pl\/","logo":{"@type":"ImageObject","inLanguage":"pl-PL","@id":"https:\/\/www.mojabochnia.pl\/#\/schema\/logo\/image\/","url":"https:\/\/www.mojabochnia.pl\/wp-content\/uploads\/2017\/08\/logo-mb-opt.png","contentUrl":"https:\/\/www.mojabochnia.pl\/wp-content\/uploads\/2017\/08\/logo-mb-opt.png","width":250,"height":48,"caption":"mojabochnia.pl - portal informacyjny"},"image":{"@id":"https:\/\/www.mojabochnia.pl\/#\/schema\/logo\/image\/"},"sameAs":["https:\/\/www.facebook.com\/mojabochnia"]},{"@type":"Person","@id":"https:\/\/www.mojabochnia.pl\/#\/schema\/person\/ea042e4724a77627963f02166828ead4","name":"Pawe\u0142 Michalczyk","url":"https:\/\/www.mojabochnia.pl\/?author=4"}]}},"_links":{"self":[{"href":"https:\/\/www.mojabochnia.pl\/index.php?rest_route=\/wp\/v2\/posts\/8068","targetHints":{"allow":["GET"]}}],"collection":[{"href":"https:\/\/www.mojabochnia.pl\/index.php?rest_route=\/wp\/v2\/posts"}],"about":[{"href":"https:\/\/www.mojabochnia.pl\/index.php?rest_route=\/wp\/v2\/types\/post"}],"author":[{"embeddable":true,"href":"https:\/\/www.mojabochnia.pl\/index.php?rest_route=\/wp\/v2\/users\/4"}],"replies":[{"embeddable":true,"href":"https:\/\/www.mojabochnia.pl\/index.php?rest_route=%2Fwp%2Fv2%2Fcomments&post=8068"}],"version-history":[{"count":0,"href":"https:\/\/www.mojabochnia.pl\/index.php?rest_route=\/wp\/v2\/posts\/8068\/revisions"}],"wp:attachment":[{"href":"https:\/\/www.mojabochnia.pl\/index.php?rest_route=%2Fwp%2Fv2%2Fmedia&parent=8068"}],"wp:term":[{"taxonomy":"category","embeddable":true,"href":"https:\/\/www.mojabochnia.pl\/index.php?rest_route=%2Fwp%2Fv2%2Fcategories&post=8068"},{"taxonomy":"post_tag","embeddable":true,"href":"https:\/\/www.mojabochnia.pl\/index.php?rest_route=%2Fwp%2Fv2%2Ftags&post=8068"}],"curies":[{"name":"wp","href":"https:\/\/api.w.org\/{rel}","templated":true}]}}