{"id":8066,"date":"2009-04-22T14:30:29","date_gmt":"2009-04-22T12:30:29","guid":{"rendered":"http:\/\/www.mojabochnia.pl\/?p=8066"},"modified":"2009-04-22T15:19:06","modified_gmt":"2009-04-22T13:19:06","slug":"w-mdk-u-o-albanii","status":"publish","type":"post","link":"https:\/\/www.mojabochnia.pl\/?p=8066","title":{"rendered":"W MDK-u o Albanii"},"content":{"rendered":"<p>W ramach cyklu spotka\u0144 &#8222;Kameralne Popo\u0142udnia z Kultur\u0105&#8221;, w przysz\u0142y czwartek o godz. 18.00 rozpocznie si\u0119 prelekcja pt. &#8222;TRANSALBANIA &#8211; nie taki diabe\u0142 straszny&#8221;. Swoimi do\u015bwiadczeniami i prze\u017cyciami z podr\u00f3\u017cy do Albanii podziel\u0105 si\u0119 Barbara i Andrzej Pas\u0142awscy, kt\u00f3rzy od 5 lat przemierzaj\u0105 ten kraj wzd\u0142u\u017c i wszerz, by pozna\u0107 i zrozumie\u0107 alba\u0144sk\u0105 kultur\u0119 i mentalno\u015b\u0107.<br \/>\n<em><br \/>\n&#8211; Chcemy pokaza\u0107 Albani\u0119 &#8211; kraj owiany z\u0142\u0105 s\u0142aw\u0105, przez kilka dekad odizolowany od reszty \u015bwiata, kraj b\u0119d\u0105cy bodaj ostatni\u0105 tajemnic\u0105 XXI-wiecznej Europy &#8211; jako rejon przepi\u0119knej przyrody, przyjaznych ludzi i miejsce bezpieczne dla chc\u0105cych tam podr\u00f3\u017cowa\u0107.(&#8230;) Podczas wyk\u0142adu skupimy si\u0119 na sztuce, muzyce, tradycjach i zwyczajach Albanii &#8211;<\/em> zapraszaj\u0105 na spotkanie podr\u00f3\u017cnicy. <\/p>\n","protected":false},"excerpt":{"rendered":"<p>Albania to niewielki, g\u00f3rzysty kraj w p\u0142d.-wsch. Europie, przez wielu uwa\u017cana za jedn\u0105 z ostatnich tajemnic naszego kontynentu.<\/p>\n","protected":false},"author":1,"featured_media":0,"comment_status":"open","ping_status":"closed","sticky":false,"template":"","format":"standard","meta":{"_acf_changed":false,"footnotes":""},"categories":[92],"tags":[3611,257,2376,17135,17444,3614,3320,17427],"class_list":["post-8066","post","type-post","status-publish","format-standard","hentry","category-kultura","tag-albania","tag-hobby","tag-kameralne-popoludnia-z-kultura","tag-kultura","tag-mdk","tag-podroz","tag-wolny-czas","tag-wyklad"],"acf":[],"yoast_head":"<!-- This site is optimized with the Yoast SEO plugin v26.9 - https:\/\/yoast.com\/product\/yoast-seo-wordpress\/ -->\n<title>W MDK-u o Albanii - mojabochnia.pl - portal informacyjny<\/title>\n<meta name=\"robots\" content=\"index, follow, max-snippet:-1, max-image-preview:large, max-video-preview:-1\" \/>\n<link rel=\"canonical\" href=\"https:\/\/www.mojabochnia.pl\/?p=8066\" \/>\n<meta property=\"og:locale\" content=\"pl_PL\" \/>\n<meta property=\"og:type\" content=\"article\" \/>\n<meta property=\"og:title\" content=\"W MDK-u o Albanii - mojabochnia.pl - portal informacyjny\" \/>\n<meta property=\"og:description\" content=\"Albania to niewielki, g\u00f3rzysty kraj w p\u0142d.-wsch. Europie, przez wielu uwa\u017cana za jedn\u0105 z ostatnich tajemnic naszego kontynentu.\" \/>\n<meta property=\"og:url\" content=\"https:\/\/www.mojabochnia.pl\/?p=8066\" \/>\n<meta property=\"og:site_name\" content=\"mojabochnia.pl - portal informacyjny\" \/>\n<meta property=\"article:publisher\" content=\"https:\/\/www.facebook.com\/mojabochnia\" \/>\n<meta property=\"article:published_time\" content=\"2009-04-22T12:30:29+00:00\" \/>\n<meta property=\"article:modified_time\" content=\"2009-04-22T13:19:06+00:00\" \/>\n<meta name=\"author\" content=\"administrator\" \/>\n<meta name=\"twitter:card\" content=\"summary_large_image\" \/>\n<meta name=\"twitter:label1\" content=\"Written by\" \/>\n\t<meta name=\"twitter:data1\" content=\"administrator\" \/>\n\t<meta name=\"twitter:label2\" content=\"Est. reading time\" \/>\n\t<meta name=\"twitter:data2\" content=\"1 minuta\" \/>\n<script type=\"application\/ld+json\" class=\"yoast-schema-graph\">{\"@context\":\"https:\/\/schema.org\",\"@graph\":[{\"@type\":\"Article\",\"@id\":\"https:\/\/www.mojabochnia.pl\/?p=8066#article\",\"isPartOf\":{\"@id\":\"https:\/\/www.mojabochnia.pl\/?p=8066\"},\"author\":{\"name\":\"administrator\",\"@id\":\"https:\/\/www.mojabochnia.pl\/#\/schema\/person\/c00e1f64e6fa0e6de6d410f2c340017f\"},\"headline\":\"W MDK-u o Albanii\",\"datePublished\":\"2009-04-22T12:30:29+00:00\",\"dateModified\":\"2009-04-22T13:19:06+00:00\",\"mainEntityOfPage\":{\"@id\":\"https:\/\/www.mojabochnia.pl\/?p=8066\"},\"wordCount\":128,\"commentCount\":0,\"publisher\":{\"@id\":\"https:\/\/www.mojabochnia.pl\/#organization\"},\"keywords\":[\"albania\",\"hobby\",\"kameralne popo\u0142udnia z kultur\u0105\",\"kultura\",\"MDK\",\"podr\u00f3\u017c\",\"wolny czas\",\"wyk\u0142ad\"],\"articleSection\":[\"kultura\"],\"inLanguage\":\"pl-PL\",\"potentialAction\":[{\"@type\":\"CommentAction\",\"name\":\"Comment\",\"target\":[\"https:\/\/www.mojabochnia.pl\/?p=8066#respond\"]}]},{\"@type\":\"WebPage\",\"@id\":\"https:\/\/www.mojabochnia.pl\/?p=8066\",\"url\":\"https:\/\/www.mojabochnia.pl\/?p=8066\",\"name\":\"W MDK-u o Albanii - mojabochnia.pl - portal informacyjny\",\"isPartOf\":{\"@id\":\"https:\/\/www.mojabochnia.pl\/#website\"},\"datePublished\":\"2009-04-22T12:30:29+00:00\",\"dateModified\":\"2009-04-22T13:19:06+00:00\",\"breadcrumb\":{\"@id\":\"https:\/\/www.mojabochnia.pl\/?p=8066#breadcrumb\"},\"inLanguage\":\"pl-PL\",\"potentialAction\":[{\"@type\":\"ReadAction\",\"target\":[\"https:\/\/www.mojabochnia.pl\/?p=8066\"]}]},{\"@type\":\"BreadcrumbList\",\"@id\":\"https:\/\/www.mojabochnia.pl\/?p=8066#breadcrumb\",\"itemListElement\":[{\"@type\":\"ListItem\",\"position\":1,\"name\":\"Home\",\"item\":\"https:\/\/www.mojabochnia.pl\/\"},{\"@type\":\"ListItem\",\"position\":2,\"name\":\"W MDK-u o Albanii\"}]},{\"@type\":\"WebSite\",\"@id\":\"https:\/\/www.mojabochnia.pl\/#website\",\"url\":\"https:\/\/www.mojabochnia.pl\/\",\"name\":\"mojabochnia.pl - portal informacyjny\",\"description\":\"mojaBochnia to portal informacyjny o Bochni. Codziennie o Bochni piszemy i pokazujemy najwa\u017cniejsze wydarzenia\",\"publisher\":{\"@id\":\"https:\/\/www.mojabochnia.pl\/#organization\"},\"potentialAction\":[{\"@type\":\"SearchAction\",\"target\":{\"@type\":\"EntryPoint\",\"urlTemplate\":\"https:\/\/www.mojabochnia.pl\/?s={search_term_string}\"},\"query-input\":{\"@type\":\"PropertyValueSpecification\",\"valueRequired\":true,\"valueName\":\"search_term_string\"}}],\"inLanguage\":\"pl-PL\"},{\"@type\":\"Organization\",\"@id\":\"https:\/\/www.mojabochnia.pl\/#organization\",\"name\":\"mojabochnia.pl - portal informacyjny\",\"url\":\"https:\/\/www.mojabochnia.pl\/\",\"logo\":{\"@type\":\"ImageObject\",\"inLanguage\":\"pl-PL\",\"@id\":\"https:\/\/www.mojabochnia.pl\/#\/schema\/logo\/image\/\",\"url\":\"https:\/\/www.mojabochnia.pl\/wp-content\/uploads\/2017\/08\/logo-mb-opt.png\",\"contentUrl\":\"https:\/\/www.mojabochnia.pl\/wp-content\/uploads\/2017\/08\/logo-mb-opt.png\",\"width\":250,\"height\":48,\"caption\":\"mojabochnia.pl - portal informacyjny\"},\"image\":{\"@id\":\"https:\/\/www.mojabochnia.pl\/#\/schema\/logo\/image\/\"},\"sameAs\":[\"https:\/\/www.facebook.com\/mojabochnia\"]},{\"@type\":\"Person\",\"@id\":\"https:\/\/www.mojabochnia.pl\/#\/schema\/person\/c00e1f64e6fa0e6de6d410f2c340017f\",\"name\":\"administrator\",\"url\":\"https:\/\/www.mojabochnia.pl\/?author=1\"}]}<\/script>\n<!-- \/ Yoast SEO plugin. -->","yoast_head_json":{"title":"W MDK-u o Albanii - mojabochnia.pl - portal informacyjny","robots":{"index":"index","follow":"follow","max-snippet":"max-snippet:-1","max-image-preview":"max-image-preview:large","max-video-preview":"max-video-preview:-1"},"canonical":"https:\/\/www.mojabochnia.pl\/?p=8066","og_locale":"pl_PL","og_type":"article","og_title":"W MDK-u o Albanii - mojabochnia.pl - portal informacyjny","og_description":"Albania to niewielki, g\u00f3rzysty kraj w p\u0142d.-wsch. Europie, przez wielu uwa\u017cana za jedn\u0105 z ostatnich tajemnic naszego kontynentu.","og_url":"https:\/\/www.mojabochnia.pl\/?p=8066","og_site_name":"mojabochnia.pl - portal informacyjny","article_publisher":"https:\/\/www.facebook.com\/mojabochnia","article_published_time":"2009-04-22T12:30:29+00:00","article_modified_time":"2009-04-22T13:19:06+00:00","author":"administrator","twitter_card":"summary_large_image","twitter_misc":{"Written by":"administrator","Est. reading time":"1 minuta"},"schema":{"@context":"https:\/\/schema.org","@graph":[{"@type":"Article","@id":"https:\/\/www.mojabochnia.pl\/?p=8066#article","isPartOf":{"@id":"https:\/\/www.mojabochnia.pl\/?p=8066"},"author":{"name":"administrator","@id":"https:\/\/www.mojabochnia.pl\/#\/schema\/person\/c00e1f64e6fa0e6de6d410f2c340017f"},"headline":"W MDK-u o Albanii","datePublished":"2009-04-22T12:30:29+00:00","dateModified":"2009-04-22T13:19:06+00:00","mainEntityOfPage":{"@id":"https:\/\/www.mojabochnia.pl\/?p=8066"},"wordCount":128,"commentCount":0,"publisher":{"@id":"https:\/\/www.mojabochnia.pl\/#organization"},"keywords":["albania","hobby","kameralne popo\u0142udnia z kultur\u0105","kultura","MDK","podr\u00f3\u017c","wolny czas","wyk\u0142ad"],"articleSection":["kultura"],"inLanguage":"pl-PL","potentialAction":[{"@type":"CommentAction","name":"Comment","target":["https:\/\/www.mojabochnia.pl\/?p=8066#respond"]}]},{"@type":"WebPage","@id":"https:\/\/www.mojabochnia.pl\/?p=8066","url":"https:\/\/www.mojabochnia.pl\/?p=8066","name":"W MDK-u o Albanii - mojabochnia.pl - portal informacyjny","isPartOf":{"@id":"https:\/\/www.mojabochnia.pl\/#website"},"datePublished":"2009-04-22T12:30:29+00:00","dateModified":"2009-04-22T13:19:06+00:00","breadcrumb":{"@id":"https:\/\/www.mojabochnia.pl\/?p=8066#breadcrumb"},"inLanguage":"pl-PL","potentialAction":[{"@type":"ReadAction","target":["https:\/\/www.mojabochnia.pl\/?p=8066"]}]},{"@type":"BreadcrumbList","@id":"https:\/\/www.mojabochnia.pl\/?p=8066#breadcrumb","itemListElement":[{"@type":"ListItem","position":1,"name":"Home","item":"https:\/\/www.mojabochnia.pl\/"},{"@type":"ListItem","position":2,"name":"W MDK-u o Albanii"}]},{"@type":"WebSite","@id":"https:\/\/www.mojabochnia.pl\/#website","url":"https:\/\/www.mojabochnia.pl\/","name":"mojabochnia.pl - portal informacyjny","description":"mojaBochnia to portal informacyjny o Bochni. Codziennie o Bochni piszemy i pokazujemy najwa\u017cniejsze wydarzenia","publisher":{"@id":"https:\/\/www.mojabochnia.pl\/#organization"},"potentialAction":[{"@type":"SearchAction","target":{"@type":"EntryPoint","urlTemplate":"https:\/\/www.mojabochnia.pl\/?s={search_term_string}"},"query-input":{"@type":"PropertyValueSpecification","valueRequired":true,"valueName":"search_term_string"}}],"inLanguage":"pl-PL"},{"@type":"Organization","@id":"https:\/\/www.mojabochnia.pl\/#organization","name":"mojabochnia.pl - portal informacyjny","url":"https:\/\/www.mojabochnia.pl\/","logo":{"@type":"ImageObject","inLanguage":"pl-PL","@id":"https:\/\/www.mojabochnia.pl\/#\/schema\/logo\/image\/","url":"https:\/\/www.mojabochnia.pl\/wp-content\/uploads\/2017\/08\/logo-mb-opt.png","contentUrl":"https:\/\/www.mojabochnia.pl\/wp-content\/uploads\/2017\/08\/logo-mb-opt.png","width":250,"height":48,"caption":"mojabochnia.pl - portal informacyjny"},"image":{"@id":"https:\/\/www.mojabochnia.pl\/#\/schema\/logo\/image\/"},"sameAs":["https:\/\/www.facebook.com\/mojabochnia"]},{"@type":"Person","@id":"https:\/\/www.mojabochnia.pl\/#\/schema\/person\/c00e1f64e6fa0e6de6d410f2c340017f","name":"administrator","url":"https:\/\/www.mojabochnia.pl\/?author=1"}]}},"_links":{"self":[{"href":"https:\/\/www.mojabochnia.pl\/index.php?rest_route=\/wp\/v2\/posts\/8066","targetHints":{"allow":["GET"]}}],"collection":[{"href":"https:\/\/www.mojabochnia.pl\/index.php?rest_route=\/wp\/v2\/posts"}],"about":[{"href":"https:\/\/www.mojabochnia.pl\/index.php?rest_route=\/wp\/v2\/types\/post"}],"author":[{"embeddable":true,"href":"https:\/\/www.mojabochnia.pl\/index.php?rest_route=\/wp\/v2\/users\/1"}],"replies":[{"embeddable":true,"href":"https:\/\/www.mojabochnia.pl\/index.php?rest_route=%2Fwp%2Fv2%2Fcomments&post=8066"}],"version-history":[{"count":0,"href":"https:\/\/www.mojabochnia.pl\/index.php?rest_route=\/wp\/v2\/posts\/8066\/revisions"}],"wp:attachment":[{"href":"https:\/\/www.mojabochnia.pl\/index.php?rest_route=%2Fwp%2Fv2%2Fmedia&parent=8066"}],"wp:term":[{"taxonomy":"category","embeddable":true,"href":"https:\/\/www.mojabochnia.pl\/index.php?rest_route=%2Fwp%2Fv2%2Fcategories&post=8066"},{"taxonomy":"post_tag","embeddable":true,"href":"https:\/\/www.mojabochnia.pl\/index.php?rest_route=%2Fwp%2Fv2%2Ftags&post=8066"}],"curies":[{"name":"wp","href":"https:\/\/api.w.org\/{rel}","templated":true}]}}